{"id":65545,"date":"2025-02-17T11:50:28","date_gmt":"2025-02-17T11:50:28","guid":{"rendered":"https:\/\/www.africa-press.net\/senegal\/politique\/mahamoud-ali-youssouf-elu-president-de-la-commission"},"modified":"2025-05-05T22:02:23","modified_gmt":"2025-05-05T22:02:23","slug":"mahamoud-ali-youssouf-elu-president-de-la-commission","status":"publish","type":"post","link":"https:\/\/www.africa-press.net\/senegal\/dossiers\/mahamoud-ali-youssouf-elu-president-de-la-commission","title":{"rendered":"Mahamoud Ali Youssouf \u00c9lu Pr\u00e9sident de la Commission"},"content":{"rendered":"<p><span style=\"color: #ff6600\"><strong>Africa-Press &#8211; Senegal. <\/strong><\/span><b>Le profil du diplomate trilingue et sa campagne strate\u0301gique lui ont permis de l\u2019emporter face a\u0300 l\u2019ex-Premier ministre ke\u0301nyan, pourtant favori.<\/b><\/p>\n<p>Apre\u0300s sept tours de scrutin, le Djiboutien Mahamoud Ali Youssouf vient d&rsquo;obtenir, ce samedi 15 fe\u0301vrier, les deux-tiers des bulletins ne\u0301cessaires a\u0300 son e\u0301lection a\u0300 la te\u0302te de la Commission de l&rsquo;UA, soit 33 voix sur les 49 votants &#8211; le Gabon, le Mali, la Guine\u0301e, le Soudan, le Burkina Faso et Niger sont suspendus a\u0300 cause des putschs perpe\u0301tre\u0301s sur leurs territoires respectifs.<\/p>\n<p>L&rsquo;ex-premier ministre ke\u0301nyan Raila Odinga e\u0301tait pourtant donne\u0301 favori apre\u0300s sa campagne en grande pompe. Cette strate\u0301gie semble toutefois avoir desservi le candidat malheureux a\u0300 cinq e\u0301lections pre\u0301sidentielles dans son pays. Le premier tour l&rsquo;a d&rsquo;ailleurs place\u0301 en te\u0302te. \u00ab Nous avons assiste\u0301 au me\u0302me sce\u0301nario qu&rsquo;il y a huit ans, lors de l&rsquo;e\u0301lection de Moussa Faki face a\u0300 la ke\u0301nyane Amina Mohamed \u00bb, explique un diplomate qui a assiste\u0301 au vote.<\/p>\n<p><b>Une campagne strate\u0301gique<\/b><\/p>\n<p>L&rsquo;e\u0301cart s&rsquo;est creuse\u0301 en faveur de Youssouf apre\u0300s l&rsquo;e\u0301limination, au troisie\u0300me tour, du dernier concurrent, le Malgache Richard Randriamandrato. Non seulement le ministre des affaires e\u0301trange\u0300res djiboutien, qui occupe ce poste depuis 2005, a 30 ans de moins que son principal rival, octoge\u0301naire. Il parle en outre le franc\u0327ais, l&rsquo;anglais et l&rsquo;arabe, les trois langues officielles de l&rsquo;institution panafricaine. Et puis, il est de confession musulmane, ce qui lui a permis d&rsquo;engranger les soutiens des dix E\u0301tats africains membres de l&rsquo;Organisation de la coope\u0301ration islamique et des 26 de la Ligue arabe.<\/p>\n<p>Mais c&rsquo;est surtout sa campagne, axe\u0301e sur la diplomatie, et sur l&rsquo;adresse a\u0300 des groupes de pays, et non a\u0300 des nations individuelles, qui pourrait avoir fait la diffe\u0301rence. \u00ab Le Ke\u0301nyan Odinga est accuse\u0301 d&rsquo;avoir voulu acheter litte\u0301ralement tous les votes, affirme une source, e\u0301galement pre\u0301sente dans la salle du scrutin. Les chefs d&rsquo;E\u0301tat et diplomates sont pragmatiques et n&rsquo;ont pas envie de voir leur vote comme de la corruption passive. Le continent n&rsquo;a pas besoin de c\u0327a&#8230; \u00bb<\/p>\n<p>Pendant la campagne, Youssouf a mis l&rsquo;accent sur l&rsquo;acce\u0301le\u0301ration des re\u0301formes enclenche\u0301es au sein de l&rsquo;UA depuis 2017 mais aussi sur le retour de la paix sur le continent. La ta\u0302che s&rsquo;annonce ardue au vu des crises qui traversent l&rsquo;Afrique. Dans son discours d&rsquo;ouverture du 38e sommet de l&rsquo;instance, au matin de l&rsquo;e\u0301lection, le pre\u0301sident sortant Moussa Faki Mahamat s&rsquo;en est justement pris au Conseil de paix et de se\u0301curite\u0301 l&rsquo;UA, l&rsquo;organe cense\u0301 faire taire les armes. \u00ab Il est tre\u0300s regrettable que ses de\u0301cisions soient parfois contraires a\u0300 nos principes et, quand elles ne le sont pas, elles restent souvent lettre morte \u00bb, a de\u0301nonce\u0301 le Tchadien qui a passe\u0301 huit anne\u0301es a\u0300 la te\u0302te de la Commission. L&rsquo;an dernier, Faki avait de\u0301ja\u0300 insiste\u0301 sur les 93 % des de\u0301cisions de l&rsquo;UA qui ne sont jamais mises en \u0153uvre.<\/p>\n<p>L&rsquo;arrive\u0301e d&rsquo;un nouveau pre\u0301sident, de\u0301crit comme un fin diplomate, pourrait cependant redynamiser l&rsquo;instance. \u00ab L&rsquo;e\u0301lection de Youssouf indique qu&rsquo;un nouveau leadership inspirant pourrait apporter un nouveau souffle dans sa force de travail, qui est a\u0300 pre\u0301sent fortement de\u0301motive\u0301e par la conduite des re\u0301formes administratives et des ressources humaines \u00bb, estime Ueli Staeger, spe\u0301cialiste de l&rsquo;UA a\u0300 l&rsquo;universite\u0301 d&rsquo;Amsterdam.<\/p>\n<p>Le Djiboutien pourra compter sur sa vice-pre\u0301sidente, l&rsquo;Alge\u0301rienne Selma Malika Haddadi, pour l&rsquo;e\u0301pauler. Elle a e\u0301te\u0301 e\u0301lue un peu plus d&rsquo;une heure apre\u0300s lui, face a\u0300 la Marocaine Latifa Akharbach et a\u0300 l&rsquo;E\u0301gyptienne Hanan Morsy. Selma Malika Haddadi e\u0301tait jusqu&rsquo;a\u0300 pre\u0301sent ambassadrice de l&rsquo;Alge\u0301rie en E\u0301thiopie. Cette diplomate mai\u0302trise, elle aussi, les trois langues de l&rsquo;UA. Elle a axe\u0301 sa campagne sur la consolidation de la gestion administrative et financie\u0300re de la Commission. Et souhaite, e\u0301galement, \u00ab renforcer la confiance et la synergie entre la Commission et les E\u0301tats membres de l&rsquo;UA \u00bb.<\/p>\n<p><strong>Pour plus d&rsquo;informations et d&rsquo;analyses sur la <span style=\"color: #ff6600\">Senegal<\/span>, suivez <span style=\"color: #ff6600\">Africa-Press<\/span><\/strong><\/p>\n","protected":false},"excerpt":{"rendered":"<p>Africa-Press &#8211; Senegal. Le profil du diplomate trilingue et sa campagne strate\u0301gique lui ont permis de l\u2019emporter face a\u0300 l\u2019ex-Premier ministre ke\u0301nyan, pourtant favori. Apre\u0300s sept tours de scrutin, le Djiboutien Mahamoud Ali Youssouf vient d&rsquo;obtenir, ce samedi 15 fe\u0301vrier, les deux-tiers des bulletins ne\u0301cessaires a\u0300 son e\u0301lection a\u0300 la te\u0302te de la Commission de [&hellip;]<\/p>\n","protected":false},"author":82,"featured_media":65544,"comment_status":"open","ping_status":"closed","sticky":false,"template":"","format":"standard","meta":{"footnotes":""},"categories":[7,10],"tags":[44],"class_list":["post-65545","post","type-post","status-publish","format-standard","has-post-thumbnail","hentry","category-dossiers","category-toutes-les-actualites","tag-senegal-2"],"yoast_head":"<!-- This site is optimized with the Yoast SEO Premium plugin v26.1 (Yoast SEO v27.0) - https:\/\/yoast.com\/product\/yoast-seo-premium-wordpress\/ -->\n<title>Mahamoud Ali Youssouf \u00c9lu Pr\u00e9sident de la Commission - Senegal<\/title>\n<meta name=\"description\" content=\"Le profil du diplomate trilingue et sa campagne strate\u0301gique lui ont permis de l\u2019emporter face a\u0300 l\u2019ex-Premier minist ...\" \/>\n<meta name=\"robots\" content=\"index, follow, max-snippet:-1, max-image-preview:large, max-video-preview:-1\" \/>\n<link rel=\"canonical\" href=\"https:\/\/www.africa-press.net\/senegal\/dossiers\/mahamoud-ali-youssouf-elu-president-de-la-commission\" \/>\n<meta property=\"og:locale\" content=\"fr_FR\" \/>\n<meta property=\"og:type\" content=\"article\" \/>\n<meta property=\"og:title\" content=\"Mahamoud Ali Youssouf \u00c9lu Pr\u00e9sident de la Commission\" \/>\n<meta property=\"og:description\" content=\"Le profil du diplomate trilingue et sa campagne strate\u0301gique lui ont permis de l\u2019emporter face a\u0300 l\u2019ex-Premier minist ...\" \/>\n<meta property=\"og:url\" content=\"https:\/\/www.africa-press.net\/senegal\/dossiers\/mahamoud-ali-youssouf-elu-president-de-la-commission\" \/>\n<meta property=\"og:site_name\" content=\"Senegal\" \/>\n<meta property=\"article:published_time\" content=\"2025-02-17T11:50:28+00:00\" \/>\n<meta property=\"article:modified_time\" content=\"2025-05-05T22:02:23+00:00\" \/>\n<meta property=\"og:image\" content=\"https:\/\/static.africa-press.net\/senegal\/sites\/13\/2025\/02\/sm_1739868021.738708.jpg\" \/>\n\t<meta property=\"og:image:width\" content=\"602\" \/>\n\t<meta property=\"og:image:height\" content=\"301\" \/>\n\t<meta property=\"og:image:type\" content=\"image\/jpeg\" \/>\n<meta name=\"author\" content=\"cfeditorfr\" \/>\n<meta name=\"twitter:card\" content=\"summary_large_image\" \/>\n<meta name=\"twitter:label1\" content=\"\u00c9crit par\" \/>\n\t<meta name=\"twitter:data1\" content=\"cfeditorfr\" \/>\n\t<meta name=\"twitter:label2\" content=\"Dur\u00e9e de lecture estim\u00e9e\" \/>\n\t<meta name=\"twitter:data2\" content=\"3 minutes\" \/>\n<script type=\"application\/ld+json\" class=\"yoast-schema-graph\">{\"@context\":\"https:\/\/schema.org\",\"@graph\":[{\"@type\":\"Article\",\"@id\":\"https:\/\/www.africa-press.net\/senegal\/dossiers\/mahamoud-ali-youssouf-elu-president-de-la-commission#article\",\"isPartOf\":{\"@id\":\"https:\/\/www.africa-press.net\/senegal\/dossiers\/mahamoud-ali-youssouf-elu-president-de-la-commission\"},\"author\":{\"name\":\"cfeditorfr\",\"@id\":\"https:\/\/www.africa-press.net\/senegal\/#\/schema\/person\/2b1cf3cd81a31e3cd26889ca66d677f1\"},\"headline\":\"Mahamoud Ali Youssouf \u00c9lu Pr\u00e9sident de la Commission\",\"datePublished\":\"2025-02-17T11:50:28+00:00\",\"dateModified\":\"2025-05-05T22:02:23+00:00\",\"mainEntityOfPage\":{\"@id\":\"https:\/\/www.africa-press.net\/senegal\/dossiers\/mahamoud-ali-youssouf-elu-president-de-la-commission\"},\"wordCount\":759,\"commentCount\":0,\"image\":{\"@id\":\"https:\/\/www.africa-press.net\/senegal\/dossiers\/mahamoud-ali-youssouf-elu-president-de-la-commission#primaryimage\"},\"thumbnailUrl\":\"https:\/\/static.africa-press.net\/senegal\/sites\/13\/2025\/02\/sm_1739868021.738708.jpg\",\"keywords\":[\"Senegal\"],\"articleSection\":[\"Dossiers\",\"Toutes les actualit\u00e9s\"],\"inLanguage\":\"fr-FR\",\"potentialAction\":[{\"@type\":\"CommentAction\",\"name\":\"Comment\",\"target\":[\"https:\/\/www.africa-press.net\/senegal\/dossiers\/mahamoud-ali-youssouf-elu-president-de-la-commission#respond\"]}]},{\"@type\":\"WebPage\",\"@id\":\"https:\/\/www.africa-press.net\/senegal\/dossiers\/mahamoud-ali-youssouf-elu-president-de-la-commission\",\"url\":\"https:\/\/www.africa-press.net\/senegal\/dossiers\/mahamoud-ali-youssouf-elu-president-de-la-commission\",\"name\":\"Mahamoud Ali Youssouf \u00c9lu Pr\u00e9sident de la Commission - Senegal\",\"isPartOf\":{\"@id\":\"https:\/\/www.africa-press.net\/senegal\/#website\"},\"primaryImageOfPage\":{\"@id\":\"https:\/\/www.africa-press.net\/senegal\/dossiers\/mahamoud-ali-youssouf-elu-president-de-la-commission#primaryimage\"},\"image\":{\"@id\":\"https:\/\/www.africa-press.net\/senegal\/dossiers\/mahamoud-ali-youssouf-elu-president-de-la-commission#primaryimage\"},\"thumbnailUrl\":\"https:\/\/static.africa-press.net\/senegal\/sites\/13\/2025\/02\/sm_1739868021.738708.jpg\",\"datePublished\":\"2025-02-17T11:50:28+00:00\",\"dateModified\":\"2025-05-05T22:02:23+00:00\",\"author\":{\"@id\":\"https:\/\/www.africa-press.net\/senegal\/#\/schema\/person\/2b1cf3cd81a31e3cd26889ca66d677f1\"},\"description\":\"Le profil du diplomate trilingue et sa campagne strate\u0301gique lui ont permis de l\u2019emporter face a\u0300 l\u2019ex-Premier minist ...\",\"breadcrumb\":{\"@id\":\"https:\/\/www.africa-press.net\/senegal\/dossiers\/mahamoud-ali-youssouf-elu-president-de-la-commission#breadcrumb\"},\"inLanguage\":\"fr-FR\",\"potentialAction\":[{\"@type\":\"ReadAction\",\"target\":[\"https:\/\/www.africa-press.net\/senegal\/dossiers\/mahamoud-ali-youssouf-elu-president-de-la-commission\"]}]},{\"@type\":\"ImageObject\",\"inLanguage\":\"fr-FR\",\"@id\":\"https:\/\/www.africa-press.net\/senegal\/dossiers\/mahamoud-ali-youssouf-elu-president-de-la-commission#primaryimage\",\"url\":\"https:\/\/static.africa-press.net\/senegal\/sites\/13\/2025\/02\/sm_1739868021.738708.jpg\",\"contentUrl\":\"https:\/\/static.africa-press.net\/senegal\/sites\/13\/2025\/02\/sm_1739868021.738708.jpg\",\"width\":602,\"height\":301,\"caption\":\"Mahamoud Ali Youssouf \u00c9lu Pr\u00e9sident de la Commission\"},{\"@type\":\"BreadcrumbList\",\"@id\":\"https:\/\/www.africa-press.net\/senegal\/dossiers\/mahamoud-ali-youssouf-elu-president-de-la-commission#breadcrumb\",\"itemListElement\":[{\"@type\":\"ListItem\",\"position\":1,\"name\":\"Accueil\",\"item\":\"https:\/\/www.africa-press.net\/senegal\/\"},{\"@type\":\"ListItem\",\"position\":2,\"name\":\"Mahamoud Ali Youssouf \u00c9lu Pr\u00e9sident de la Commission\"}]},{\"@type\":\"WebSite\",\"@id\":\"https:\/\/www.africa-press.net\/senegal\/#website\",\"url\":\"https:\/\/www.africa-press.net\/senegal\/\",\"name\":\"Africa Press | Senegal | Homepage\",\"description\":\"Just another Africa News Agency Sites site\",\"potentialAction\":[{\"@type\":\"SearchAction\",\"target\":{\"@type\":\"EntryPoint\",\"urlTemplate\":\"https:\/\/www.africa-press.net\/senegal\/?s={search_term_string}\"},\"query-input\":{\"@type\":\"PropertyValueSpecification\",\"valueRequired\":true,\"valueName\":\"search_term_string\"}}],\"inLanguage\":\"fr-FR\"},{\"@type\":\"Person\",\"@id\":\"https:\/\/www.africa-press.net\/senegal\/#\/schema\/person\/2b1cf3cd81a31e3cd26889ca66d677f1\",\"name\":\"cfeditorfr\",\"url\":\"https:\/\/www.africa-press.net\/senegal\/author\/cfeditorfr\"}]}<\/script>\n<!-- \/ Yoast SEO Premium plugin. -->","yoast_head_json":{"title":"Mahamoud Ali Youssouf \u00c9lu Pr\u00e9sident de la Commission - Senegal","description":"Le profil du diplomate trilingue et sa campagne strate\u0301gique lui ont permis de l\u2019emporter face a\u0300 l\u2019ex-Premier minist ...","robots":{"index":"index","follow":"follow","max-snippet":"max-snippet:-1","max-image-preview":"max-image-preview:large","max-video-preview":"max-video-preview:-1"},"canonical":"https:\/\/www.africa-press.net\/senegal\/dossiers\/mahamoud-ali-youssouf-elu-president-de-la-commission","og_locale":"fr_FR","og_type":"article","og_title":"Mahamoud Ali Youssouf \u00c9lu Pr\u00e9sident de la Commission","og_description":"Le profil du diplomate trilingue et sa campagne strate\u0301gique lui ont permis de l\u2019emporter face a\u0300 l\u2019ex-Premier minist ...","og_url":"https:\/\/www.africa-press.net\/senegal\/dossiers\/mahamoud-ali-youssouf-elu-president-de-la-commission","og_site_name":"Senegal","article_published_time":"2025-02-17T11:50:28+00:00","article_modified_time":"2025-05-05T22:02:23+00:00","og_image":[{"width":602,"height":301,"url":"https:\/\/static.africa-press.net\/senegal\/sites\/13\/2025\/02\/sm_1739868021.738708.jpg","type":"image\/jpeg"}],"author":"cfeditorfr","twitter_card":"summary_large_image","twitter_misc":{"\u00c9crit par":"cfeditorfr","Dur\u00e9e de lecture estim\u00e9e":"3 minutes"},"schema":{"@context":"https:\/\/schema.org","@graph":[{"@type":"Article","@id":"https:\/\/www.africa-press.net\/senegal\/dossiers\/mahamoud-ali-youssouf-elu-president-de-la-commission#article","isPartOf":{"@id":"https:\/\/www.africa-press.net\/senegal\/dossiers\/mahamoud-ali-youssouf-elu-president-de-la-commission"},"author":{"name":"cfeditorfr","@id":"https:\/\/www.africa-press.net\/senegal\/#\/schema\/person\/2b1cf3cd81a31e3cd26889ca66d677f1"},"headline":"Mahamoud Ali Youssouf \u00c9lu Pr\u00e9sident de la Commission","datePublished":"2025-02-17T11:50:28+00:00","dateModified":"2025-05-05T22:02:23+00:00","mainEntityOfPage":{"@id":"https:\/\/www.africa-press.net\/senegal\/dossiers\/mahamoud-ali-youssouf-elu-president-de-la-commission"},"wordCount":759,"commentCount":0,"image":{"@id":"https:\/\/www.africa-press.net\/senegal\/dossiers\/mahamoud-ali-youssouf-elu-president-de-la-commission#primaryimage"},"thumbnailUrl":"https:\/\/static.africa-press.net\/senegal\/sites\/13\/2025\/02\/sm_1739868021.738708.jpg","keywords":["Senegal"],"articleSection":["Dossiers","Toutes les actualit\u00e9s"],"inLanguage":"fr-FR","potentialAction":[{"@type":"CommentAction","name":"Comment","target":["https:\/\/www.africa-press.net\/senegal\/dossiers\/mahamoud-ali-youssouf-elu-president-de-la-commission#respond"]}]},{"@type":"WebPage","@id":"https:\/\/www.africa-press.net\/senegal\/dossiers\/mahamoud-ali-youssouf-elu-president-de-la-commission","url":"https:\/\/www.africa-press.net\/senegal\/dossiers\/mahamoud-ali-youssouf-elu-president-de-la-commission","name":"Mahamoud Ali Youssouf \u00c9lu Pr\u00e9sident de la Commission - Senegal","isPartOf":{"@id":"https:\/\/www.africa-press.net\/senegal\/#website"},"primaryImageOfPage":{"@id":"https:\/\/www.africa-press.net\/senegal\/dossiers\/mahamoud-ali-youssouf-elu-president-de-la-commission#primaryimage"},"image":{"@id":"https:\/\/www.africa-press.net\/senegal\/dossiers\/mahamoud-ali-youssouf-elu-president-de-la-commission#primaryimage"},"thumbnailUrl":"https:\/\/static.africa-press.net\/senegal\/sites\/13\/2025\/02\/sm_1739868021.738708.jpg","datePublished":"2025-02-17T11:50:28+00:00","dateModified":"2025-05-05T22:02:23+00:00","author":{"@id":"https:\/\/www.africa-press.net\/senegal\/#\/schema\/person\/2b1cf3cd81a31e3cd26889ca66d677f1"},"description":"Le profil du diplomate trilingue et sa campagne strate\u0301gique lui ont permis de l\u2019emporter face a\u0300 l\u2019ex-Premier minist ...","breadcrumb":{"@id":"https:\/\/www.africa-press.net\/senegal\/dossiers\/mahamoud-ali-youssouf-elu-president-de-la-commission#breadcrumb"},"inLanguage":"fr-FR","potentialAction":[{"@type":"ReadAction","target":["https:\/\/www.africa-press.net\/senegal\/dossiers\/mahamoud-ali-youssouf-elu-president-de-la-commission"]}]},{"@type":"ImageObject","inLanguage":"fr-FR","@id":"https:\/\/www.africa-press.net\/senegal\/dossiers\/mahamoud-ali-youssouf-elu-president-de-la-commission#primaryimage","url":"https:\/\/static.africa-press.net\/senegal\/sites\/13\/2025\/02\/sm_1739868021.738708.jpg","contentUrl":"https:\/\/static.africa-press.net\/senegal\/sites\/13\/2025\/02\/sm_1739868021.738708.jpg","width":602,"height":301,"caption":"Mahamoud Ali Youssouf \u00c9lu Pr\u00e9sident de la Commission"},{"@type":"BreadcrumbList","@id":"https:\/\/www.africa-press.net\/senegal\/dossiers\/mahamoud-ali-youssouf-elu-president-de-la-commission#breadcrumb","itemListElement":[{"@type":"ListItem","position":1,"name":"Accueil","item":"https:\/\/www.africa-press.net\/senegal\/"},{"@type":"ListItem","position":2,"name":"Mahamoud Ali Youssouf \u00c9lu Pr\u00e9sident de la Commission"}]},{"@type":"WebSite","@id":"https:\/\/www.africa-press.net\/senegal\/#website","url":"https:\/\/www.africa-press.net\/senegal\/","name":"Africa Press | Senegal | Homepage","description":"Just another Africa News Agency Sites site","potentialAction":[{"@type":"SearchAction","target":{"@type":"EntryPoint","urlTemplate":"https:\/\/www.africa-press.net\/senegal\/?s={search_term_string}"},"query-input":{"@type":"PropertyValueSpecification","valueRequired":true,"valueName":"search_term_string"}}],"inLanguage":"fr-FR"},{"@type":"Person","@id":"https:\/\/www.africa-press.net\/senegal\/#\/schema\/person\/2b1cf3cd81a31e3cd26889ca66d677f1","name":"cfeditorfr","url":"https:\/\/www.africa-press.net\/senegal\/author\/cfeditorfr"}]}},"_links":{"self":[{"href":"https:\/\/www.africa-press.net\/senegal\/wp-json\/wp\/v2\/posts\/65545","targetHints":{"allow":["GET"]}}],"collection":[{"href":"https:\/\/www.africa-press.net\/senegal\/wp-json\/wp\/v2\/posts"}],"about":[{"href":"https:\/\/www.africa-press.net\/senegal\/wp-json\/wp\/v2\/types\/post"}],"author":[{"embeddable":true,"href":"https:\/\/www.africa-press.net\/senegal\/wp-json\/wp\/v2\/users\/82"}],"replies":[{"embeddable":true,"href":"https:\/\/www.africa-press.net\/senegal\/wp-json\/wp\/v2\/comments?post=65545"}],"version-history":[{"count":0,"href":"https:\/\/www.africa-press.net\/senegal\/wp-json\/wp\/v2\/posts\/65545\/revisions"}],"wp:featuredmedia":[{"embeddable":true,"href":"https:\/\/www.africa-press.net\/senegal\/wp-json\/wp\/v2\/media\/65544"}],"wp:attachment":[{"href":"https:\/\/www.africa-press.net\/senegal\/wp-json\/wp\/v2\/media?parent=65545"}],"wp:term":[{"taxonomy":"category","embeddable":true,"href":"https:\/\/www.africa-press.net\/senegal\/wp-json\/wp\/v2\/categories?post=65545"},{"taxonomy":"post_tag","embeddable":true,"href":"https:\/\/www.africa-press.net\/senegal\/wp-json\/wp\/v2\/tags?post=65545"}],"curies":[{"name":"wp","href":"https:\/\/api.w.org\/{rel}","templated":true}]}}