{"id":65549,"date":"2025-02-18T12:30:00","date_gmt":"2025-02-18T12:30:00","guid":{"rendered":"https:\/\/www.africa-press.net\/senegal\/politique\/cyclisme-africain-la-federation-comorienne-au-congres-de-la-cac"},"modified":"2025-02-18T12:30:00","modified_gmt":"2025-02-18T12:30:00","slug":"cyclisme-africain-la-federation-comorienne-au-congres-de-la-cac","status":"publish","type":"post","link":"https:\/\/www.africa-press.net\/senegal\/sports\/cyclisme-africain-la-federation-comorienne-au-congres-de-la-cac","title":{"rendered":"Cyclisme Africain : la F\u00e9d\u00e9ration Comorienne au Congr\u00e8s de la CAC"},"content":{"rendered":"<p><span style=\"color: #ff6600\"><strong>Africa-Press &#8211; Senegal. <\/strong><\/span><b>Le vice-pre\u0301sident de la Fe\u0301de\u0301ration Comorienne de Cyclisme, Halifa Nassor a pris part au Caire au congre\u0300s e\u0301lectif de la Confe\u0301de\u0301ration Africaine de Cyclisme qui s\u2019est tenu dimanche 16 fe\u0301vrier dernier. Quarante-neuf (49) des 52 fe\u0301de\u0301rations du continent ont e\u0301te\u0301 pre\u0301sentes lors de cette grand-messe de la reine des routes. Cette participation au congre\u0300s de la CAC est une occasion re\u0302ve\u0301e pour le cyclisme de nouer des relations avec ses homologues africains et du monde entier.<\/b><\/p>\n<p>\u00ab Le vice-pre\u0301sident de la Fe\u0301de\u0301ration Comorienne de Cyclisme, Halifa Nassor, et le directeur technique national, Walia Abdallah, participent ce matin a\u0300 Mo\u0308venpick au Caire en Egypte au congre\u0300s e\u0301lectif de la Confe\u0301de\u0301ration Africaine du Cyclisme \u00bb, peut-on lire dans une publication du Comite\u0301 Olympique et Sportifs des Iles Comores. La pre\u0301sence du Directeur Technique National du cyclisme comorien, Walia Abdallah est un signe qui montre la volonte\u0301 de l\u2019exe\u0301cutif de la FCC d\u2019associer les techniciens dans l\u2019e\u0301volution du cyclisme comorien. \u00ab Nous avons discute\u0301 avec beaucoup de fe\u0301de\u0301ration et nous avons noue\u0301 des relations que le vice-pre\u0301sident aura le temps de de\u0301velopper une fois au pays \u00bb nous a confie\u0301 le DTN.<\/p>\n<p>Pre\u0301side\u0301e depuis 2005 par Dr Mohamed Wagih Azzam (Egypte), la Confe\u0301de\u0301ration Africaine de Cyclisme a connu des nombreux progre\u0300s tout au long des 19 ans de re\u0300gne de l\u2019e\u0301gyptien, qui e\u0301tait aussi vice-pre\u0301sident de l\u2019Union Cyclisme Internationale (UCI). Pour ce congre\u0300s a domicile, le pre\u0301sident sortant avait remis son sie\u0300ge en jeu. Apre\u0300s le vote qui a eu lieu dimanche 14 fe\u0301vrier, c\u2019est le pre\u0301sident de la Fe\u0301de\u0301ration Ivoirienne de Cyclisme qui a e\u0301te\u0301 e\u0301lu nouveau patron du cyclisme continental. \u00ab La Co\u0302te d&rsquo;Ivoire vient d&rsquo;e\u0302tre honore\u0301e au niveau du cyclisme africain \u00bb, peut-on lire dans un article du site ivoirien, Ivoire Opinion media.<\/p>\n<p>Et l\u2019article de poursuivre: \u00ab Le pre\u0301sident de la Fe\u0301de\u0301ration ivoirienne de cyclisme, Dr. Jean-Marie Allah Kouame\u0301 Yao est le nouveau pre\u0301sident de la Confe\u0301de\u0301ration africaine de Cyclisme. Il est sorti vainqueur de haute lutte, par 25 voix contre 24 pour l&rsquo;E\u0301gyptien Dr. Mohamed Wagih Azzam (l&rsquo;ex-pre\u0301sident). \u00ab L&rsquo;e\u0301lection a\u0300 la pre\u0301sidence de la CAC s&rsquo;est, tenue ce dimanche 16 fe\u0301vrier 2025 au Caire en E\u0301gypte \u00bb. C\u2019est donc une nouvelle e\u0300re qui s\u2019ouvre pour le cyclisme africain avec des de\u0301fis e\u0301normes, notamment essayer de re\u0301duire les e\u0301carts de niveau entre l\u2019Afrique et le reste du monde. Cre\u0301e\u0301 en 1973 la CAC doit de\u0301sormais mettre le cap vers plus de de\u0301veloppement.<\/p>\n<p><strong>Pour plus d&rsquo;informations et d&rsquo;analyses sur la <span style=\"color: #ff6600\">Senegal<\/span>, suivez <span style=\"color: #ff6600\">Africa-Press<span style=\"color: #ff6600\"><\/span><\/strong><\/p>\n","protected":false},"excerpt":{"rendered":"<p>Africa-Press &#8211; Senegal. Le vice-pre\u0301sident de la Fe\u0301de\u0301ration Comorienne de Cyclisme, Halifa Nassor a pris part au Caire au congre\u0300s e\u0301lectif de la Confe\u0301de\u0301ration Africaine de Cyclisme qui s\u2019est tenu dimanche 16 fe\u0301vrier dernier. Quarante-neuf (49) des 52 fe\u0301de\u0301rations du continent ont e\u0301te\u0301 pre\u0301sentes lors de cette grand-messe de la reine des routes. Cette participation [&hellip;]<\/p>\n","protected":false},"author":82,"featured_media":65548,"comment_status":"open","ping_status":"closed","sticky":false,"template":"","format":"standard","meta":{"footnotes":""},"categories":[6,10],"tags":[44],"class_list":["post-65549","post","type-post","status-publish","format-standard","has-post-thumbnail","hentry","category-sports","category-toutes-les-actualites","tag-senegal-2"],"yoast_head":"<!-- This site is optimized with the Yoast SEO Premium plugin v26.1 (Yoast SEO v27.0) - https:\/\/yoast.com\/product\/yoast-seo-premium-wordpress\/ -->\n<title>Cyclisme Africain : la F\u00e9d\u00e9ration Comorienne au Congr\u00e8s de la CAC - Senegal<\/title>\n<meta name=\"robots\" content=\"index, follow, max-snippet:-1, max-image-preview:large, max-video-preview:-1\" \/>\n<link rel=\"canonical\" href=\"https:\/\/www.africa-press.net\/senegal\/politique\/cyclisme-africain-la-federation-comorienne-au-congres-de-la-cac\" \/>\n<meta property=\"og:locale\" content=\"fr_FR\" \/>\n<meta property=\"og:type\" content=\"article\" \/>\n<meta property=\"og:title\" content=\"Cyclisme Africain : la F\u00e9d\u00e9ration Comorienne au Congr\u00e8s de la CAC\" \/>\n<meta property=\"og:description\" content=\"Africa-Press &#8211; Senegal. Le vice-pre\u0301sident de la Fe\u0301de\u0301ration Comorienne de Cyclisme, Halifa Nassor a pris part au Caire au congre\u0300s e\u0301lectif de la Confe\u0301de\u0301ration Africaine de Cyclisme qui s\u2019est tenu dimanche 16 fe\u0301vrier dernier. Quarante-neuf (49) des 52 fe\u0301de\u0301rations du continent ont e\u0301te\u0301 pre\u0301sentes lors de cette grand-messe de la reine des routes. Cette participation [&hellip;]\" \/>\n<meta property=\"og:url\" content=\"https:\/\/www.africa-press.net\/senegal\/politique\/cyclisme-africain-la-federation-comorienne-au-congres-de-la-cac\" \/>\n<meta property=\"og:site_name\" content=\"Senegal\" \/>\n<meta property=\"article:published_time\" content=\"2025-02-18T12:30:00+00:00\" \/>\n<meta name=\"author\" content=\"cfeditorfr\" \/>\n<meta name=\"twitter:card\" content=\"summary_large_image\" \/>\n<meta name=\"twitter:label1\" content=\"\u00c9crit par\" \/>\n\t<meta name=\"twitter:data1\" content=\"cfeditorfr\" \/>\n\t<meta name=\"twitter:label2\" content=\"Dur\u00e9e de lecture estim\u00e9e\" \/>\n\t<meta name=\"twitter:data2\" content=\"2 minutes\" \/>\n<script type=\"application\/ld+json\" class=\"yoast-schema-graph\">{\"@context\":\"https:\/\/schema.org\",\"@graph\":[{\"@type\":\"Article\",\"@id\":\"https:\/\/www.africa-press.net\/senegal\/politique\/cyclisme-africain-la-federation-comorienne-au-congres-de-la-cac#article\",\"isPartOf\":{\"@id\":\"https:\/\/www.africa-press.net\/senegal\/politique\/cyclisme-africain-la-federation-comorienne-au-congres-de-la-cac\"},\"author\":{\"name\":\"cfeditorfr\",\"@id\":\"https:\/\/www.africa-press.net\/senegal\/#\/schema\/person\/2b1cf3cd81a31e3cd26889ca66d677f1\"},\"headline\":\"Cyclisme Africain : la F\u00e9d\u00e9ration Comorienne au Congr\u00e8s de la CAC\",\"datePublished\":\"2025-02-18T12:30:00+00:00\",\"mainEntityOfPage\":{\"@id\":\"https:\/\/www.africa-press.net\/senegal\/politique\/cyclisme-africain-la-federation-comorienne-au-congres-de-la-cac\"},\"wordCount\":501,\"commentCount\":0,\"image\":{\"@id\":\"https:\/\/www.africa-press.net\/senegal\/politique\/cyclisme-africain-la-federation-comorienne-au-congres-de-la-cac#primaryimage\"},\"thumbnailUrl\":\"https:\/\/static.africa-press.net\/senegal\/sites\/13\/2025\/02\/sm_1739962628.332145.jpg\",\"keywords\":[\"Senegal\"],\"articleSection\":[\"Sports\",\"Toutes les actualit\u00e9s\"],\"inLanguage\":\"fr-FR\",\"potentialAction\":[{\"@type\":\"CommentAction\",\"name\":\"Comment\",\"target\":[\"https:\/\/www.africa-press.net\/senegal\/politique\/cyclisme-africain-la-federation-comorienne-au-congres-de-la-cac#respond\"]}]},{\"@type\":\"WebPage\",\"@id\":\"https:\/\/www.africa-press.net\/senegal\/politique\/cyclisme-africain-la-federation-comorienne-au-congres-de-la-cac\",\"url\":\"https:\/\/www.africa-press.net\/senegal\/politique\/cyclisme-africain-la-federation-comorienne-au-congres-de-la-cac\",\"name\":\"Cyclisme Africain : la F\u00e9d\u00e9ration Comorienne au Congr\u00e8s de la CAC - Senegal\",\"isPartOf\":{\"@id\":\"https:\/\/www.africa-press.net\/senegal\/#website\"},\"primaryImageOfPage\":{\"@id\":\"https:\/\/www.africa-press.net\/senegal\/politique\/cyclisme-africain-la-federation-comorienne-au-congres-de-la-cac#primaryimage\"},\"image\":{\"@id\":\"https:\/\/www.africa-press.net\/senegal\/politique\/cyclisme-africain-la-federation-comorienne-au-congres-de-la-cac#primaryimage\"},\"thumbnailUrl\":\"https:\/\/static.africa-press.net\/senegal\/sites\/13\/2025\/02\/sm_1739962628.332145.jpg\",\"datePublished\":\"2025-02-18T12:30:00+00:00\",\"author\":{\"@id\":\"https:\/\/www.africa-press.net\/senegal\/#\/schema\/person\/2b1cf3cd81a31e3cd26889ca66d677f1\"},\"breadcrumb\":{\"@id\":\"https:\/\/www.africa-press.net\/senegal\/politique\/cyclisme-africain-la-federation-comorienne-au-congres-de-la-cac#breadcrumb\"},\"inLanguage\":\"fr-FR\",\"potentialAction\":[{\"@type\":\"ReadAction\",\"target\":[\"https:\/\/www.africa-press.net\/senegal\/politique\/cyclisme-africain-la-federation-comorienne-au-congres-de-la-cac\"]}]},{\"@type\":\"ImageObject\",\"inLanguage\":\"fr-FR\",\"@id\":\"https:\/\/www.africa-press.net\/senegal\/politique\/cyclisme-africain-la-federation-comorienne-au-congres-de-la-cac#primaryimage\",\"url\":\"https:\/\/static.africa-press.net\/senegal\/sites\/13\/2025\/02\/sm_1739962628.332145.jpg\",\"contentUrl\":\"https:\/\/static.africa-press.net\/senegal\/sites\/13\/2025\/02\/sm_1739962628.332145.jpg\",\"width\":1280,\"height\":720,\"caption\":\"Cyclisme Africain : la F\u00e9d\u00e9ration Comorienne au Congr\u00e8s de la CAC\"},{\"@type\":\"BreadcrumbList\",\"@id\":\"https:\/\/www.africa-press.net\/senegal\/politique\/cyclisme-africain-la-federation-comorienne-au-congres-de-la-cac#breadcrumb\",\"itemListElement\":[{\"@type\":\"ListItem\",\"position\":1,\"name\":\"Accueil\",\"item\":\"https:\/\/www.africa-press.net\/senegal\/\"},{\"@type\":\"ListItem\",\"position\":2,\"name\":\"Cyclisme Africain : la F\u00e9d\u00e9ration Comorienne au Congr\u00e8s de la CAC\"}]},{\"@type\":\"WebSite\",\"@id\":\"https:\/\/www.africa-press.net\/senegal\/#website\",\"url\":\"https:\/\/www.africa-press.net\/senegal\/\",\"name\":\"Africa Press | Senegal | Homepage\",\"description\":\"Just another Africa News Agency Sites site\",\"potentialAction\":[{\"@type\":\"SearchAction\",\"target\":{\"@type\":\"EntryPoint\",\"urlTemplate\":\"https:\/\/www.africa-press.net\/senegal\/?s={search_term_string}\"},\"query-input\":{\"@type\":\"PropertyValueSpecification\",\"valueRequired\":true,\"valueName\":\"search_term_string\"}}],\"inLanguage\":\"fr-FR\"},{\"@type\":\"Person\",\"@id\":\"https:\/\/www.africa-press.net\/senegal\/#\/schema\/person\/2b1cf3cd81a31e3cd26889ca66d677f1\",\"name\":\"cfeditorfr\",\"url\":\"https:\/\/www.africa-press.net\/senegal\/author\/cfeditorfr\"}]}<\/script>\n<!-- \/ Yoast SEO Premium plugin. -->","yoast_head_json":{"title":"Cyclisme Africain : la F\u00e9d\u00e9ration Comorienne au Congr\u00e8s de la CAC - Senegal","robots":{"index":"index","follow":"follow","max-snippet":"max-snippet:-1","max-image-preview":"max-image-preview:large","max-video-preview":"max-video-preview:-1"},"canonical":"https:\/\/www.africa-press.net\/senegal\/politique\/cyclisme-africain-la-federation-comorienne-au-congres-de-la-cac","og_locale":"fr_FR","og_type":"article","og_title":"Cyclisme Africain : la F\u00e9d\u00e9ration Comorienne au Congr\u00e8s de la CAC","og_description":"Africa-Press &#8211; Senegal. Le vice-pre\u0301sident de la Fe\u0301de\u0301ration Comorienne de Cyclisme, Halifa Nassor a pris part au Caire au congre\u0300s e\u0301lectif de la Confe\u0301de\u0301ration Africaine de Cyclisme qui s\u2019est tenu dimanche 16 fe\u0301vrier dernier. Quarante-neuf (49) des 52 fe\u0301de\u0301rations du continent ont e\u0301te\u0301 pre\u0301sentes lors de cette grand-messe de la reine des routes. Cette participation [&hellip;]","og_url":"https:\/\/www.africa-press.net\/senegal\/politique\/cyclisme-africain-la-federation-comorienne-au-congres-de-la-cac","og_site_name":"Senegal","article_published_time":"2025-02-18T12:30:00+00:00","author":"cfeditorfr","twitter_card":"summary_large_image","twitter_misc":{"\u00c9crit par":"cfeditorfr","Dur\u00e9e de lecture estim\u00e9e":"2 minutes"},"schema":{"@context":"https:\/\/schema.org","@graph":[{"@type":"Article","@id":"https:\/\/www.africa-press.net\/senegal\/politique\/cyclisme-africain-la-federation-comorienne-au-congres-de-la-cac#article","isPartOf":{"@id":"https:\/\/www.africa-press.net\/senegal\/politique\/cyclisme-africain-la-federation-comorienne-au-congres-de-la-cac"},"author":{"name":"cfeditorfr","@id":"https:\/\/www.africa-press.net\/senegal\/#\/schema\/person\/2b1cf3cd81a31e3cd26889ca66d677f1"},"headline":"Cyclisme Africain : la F\u00e9d\u00e9ration Comorienne au Congr\u00e8s de la CAC","datePublished":"2025-02-18T12:30:00+00:00","mainEntityOfPage":{"@id":"https:\/\/www.africa-press.net\/senegal\/politique\/cyclisme-africain-la-federation-comorienne-au-congres-de-la-cac"},"wordCount":501,"commentCount":0,"image":{"@id":"https:\/\/www.africa-press.net\/senegal\/politique\/cyclisme-africain-la-federation-comorienne-au-congres-de-la-cac#primaryimage"},"thumbnailUrl":"https:\/\/static.africa-press.net\/senegal\/sites\/13\/2025\/02\/sm_1739962628.332145.jpg","keywords":["Senegal"],"articleSection":["Sports","Toutes les actualit\u00e9s"],"inLanguage":"fr-FR","potentialAction":[{"@type":"CommentAction","name":"Comment","target":["https:\/\/www.africa-press.net\/senegal\/politique\/cyclisme-africain-la-federation-comorienne-au-congres-de-la-cac#respond"]}]},{"@type":"WebPage","@id":"https:\/\/www.africa-press.net\/senegal\/politique\/cyclisme-africain-la-federation-comorienne-au-congres-de-la-cac","url":"https:\/\/www.africa-press.net\/senegal\/politique\/cyclisme-africain-la-federation-comorienne-au-congres-de-la-cac","name":"Cyclisme Africain : la F\u00e9d\u00e9ration Comorienne au Congr\u00e8s de la CAC - Senegal","isPartOf":{"@id":"https:\/\/www.africa-press.net\/senegal\/#website"},"primaryImageOfPage":{"@id":"https:\/\/www.africa-press.net\/senegal\/politique\/cyclisme-africain-la-federation-comorienne-au-congres-de-la-cac#primaryimage"},"image":{"@id":"https:\/\/www.africa-press.net\/senegal\/politique\/cyclisme-africain-la-federation-comorienne-au-congres-de-la-cac#primaryimage"},"thumbnailUrl":"https:\/\/static.africa-press.net\/senegal\/sites\/13\/2025\/02\/sm_1739962628.332145.jpg","datePublished":"2025-02-18T12:30:00+00:00","author":{"@id":"https:\/\/www.africa-press.net\/senegal\/#\/schema\/person\/2b1cf3cd81a31e3cd26889ca66d677f1"},"breadcrumb":{"@id":"https:\/\/www.africa-press.net\/senegal\/politique\/cyclisme-africain-la-federation-comorienne-au-congres-de-la-cac#breadcrumb"},"inLanguage":"fr-FR","potentialAction":[{"@type":"ReadAction","target":["https:\/\/www.africa-press.net\/senegal\/politique\/cyclisme-africain-la-federation-comorienne-au-congres-de-la-cac"]}]},{"@type":"ImageObject","inLanguage":"fr-FR","@id":"https:\/\/www.africa-press.net\/senegal\/politique\/cyclisme-africain-la-federation-comorienne-au-congres-de-la-cac#primaryimage","url":"https:\/\/static.africa-press.net\/senegal\/sites\/13\/2025\/02\/sm_1739962628.332145.jpg","contentUrl":"https:\/\/static.africa-press.net\/senegal\/sites\/13\/2025\/02\/sm_1739962628.332145.jpg","width":1280,"height":720,"caption":"Cyclisme Africain : la F\u00e9d\u00e9ration Comorienne au Congr\u00e8s de la CAC"},{"@type":"BreadcrumbList","@id":"https:\/\/www.africa-press.net\/senegal\/politique\/cyclisme-africain-la-federation-comorienne-au-congres-de-la-cac#breadcrumb","itemListElement":[{"@type":"ListItem","position":1,"name":"Accueil","item":"https:\/\/www.africa-press.net\/senegal\/"},{"@type":"ListItem","position":2,"name":"Cyclisme Africain : la F\u00e9d\u00e9ration Comorienne au Congr\u00e8s de la CAC"}]},{"@type":"WebSite","@id":"https:\/\/www.africa-press.net\/senegal\/#website","url":"https:\/\/www.africa-press.net\/senegal\/","name":"Africa Press | Senegal | Homepage","description":"Just another Africa News Agency Sites site","potentialAction":[{"@type":"SearchAction","target":{"@type":"EntryPoint","urlTemplate":"https:\/\/www.africa-press.net\/senegal\/?s={search_term_string}"},"query-input":{"@type":"PropertyValueSpecification","valueRequired":true,"valueName":"search_term_string"}}],"inLanguage":"fr-FR"},{"@type":"Person","@id":"https:\/\/www.africa-press.net\/senegal\/#\/schema\/person\/2b1cf3cd81a31e3cd26889ca66d677f1","name":"cfeditorfr","url":"https:\/\/www.africa-press.net\/senegal\/author\/cfeditorfr"}]}},"_links":{"self":[{"href":"https:\/\/www.africa-press.net\/senegal\/wp-json\/wp\/v2\/posts\/65549","targetHints":{"allow":["GET"]}}],"collection":[{"href":"https:\/\/www.africa-press.net\/senegal\/wp-json\/wp\/v2\/posts"}],"about":[{"href":"https:\/\/www.africa-press.net\/senegal\/wp-json\/wp\/v2\/types\/post"}],"author":[{"embeddable":true,"href":"https:\/\/www.africa-press.net\/senegal\/wp-json\/wp\/v2\/users\/82"}],"replies":[{"embeddable":true,"href":"https:\/\/www.africa-press.net\/senegal\/wp-json\/wp\/v2\/comments?post=65549"}],"version-history":[{"count":0,"href":"https:\/\/www.africa-press.net\/senegal\/wp-json\/wp\/v2\/posts\/65549\/revisions"}],"wp:featuredmedia":[{"embeddable":true,"href":"https:\/\/www.africa-press.net\/senegal\/wp-json\/wp\/v2\/media\/65548"}],"wp:attachment":[{"href":"https:\/\/www.africa-press.net\/senegal\/wp-json\/wp\/v2\/media?parent=65549"}],"wp:term":[{"taxonomy":"category","embeddable":true,"href":"https:\/\/www.africa-press.net\/senegal\/wp-json\/wp\/v2\/categories?post=65549"},{"taxonomy":"post_tag","embeddable":true,"href":"https:\/\/www.africa-press.net\/senegal\/wp-json\/wp\/v2\/tags?post=65549"}],"curies":[{"name":"wp","href":"https:\/\/api.w.org\/{rel}","templated":true}]}}