{"id":65559,"date":"2025-02-18T12:00:00","date_gmt":"2025-02-18T12:00:00","guid":{"rendered":"https:\/\/www.africa-press.net\/senegal\/politique\/le-probleme-nest-pas-le-nombre-de-medecins-mais-leur-repartition"},"modified":"2025-02-18T12:00:00","modified_gmt":"2025-02-18T12:00:00","slug":"le-probleme-nest-pas-le-nombre-de-medecins-mais-leur-repartition","status":"publish","type":"post","link":"https:\/\/www.africa-press.net\/senegal\/toutes-les-actualites\/le-probleme-nest-pas-le-nombre-de-medecins-mais-leur-repartition","title":{"rendered":"\u00ab le Probl\u00e8me N\u2019Est pas le Nombre de M\u00e9decins, mais leur R\u00e9partition \u00bb"},"content":{"rendered":"<p><span style=\"color: #ff6600\"><strong>Africa-Press &#8211; Senegal. <\/strong><\/span>Patrice Diot: Elle laisse a\u0300 penser qu\u2019il n\u2019y aurait personne a\u0300 soigner dans les endroits ou\u0300 l\u2019on manque de me\u0301decins, alors que, malheureusement, ces de\u0301serts repre\u0301sentent 87 % du territoire national.<\/p>\n<p>C\u2019est insupportable ! Cela conduit aussi a\u0300 n\u2019avoir qu\u2019une vision quantitative de la situation actuelle. Or, le nombre de me\u0301decins en cours de formation en France a augmente\u0301 de fac\u0327on tre\u0300s significative depuis le de\u0301but des anne\u0301es 2000, et le proble\u0300me principal est celui de leur re\u0301partition.<\/p>\n<p><b>En quoi cette pe\u0301riode est-elle importante ?<\/b><\/p>\n<p>C\u2019est a\u0300 cette e\u0301poque que l\u2019on a conside\u0301rablement desserre\u0301 le numerus clausus (quota de passages en deuxie\u0300me anne\u0301e de me\u0301decine, ndlr) mis en place en 1972 et qui a officiellement e\u0301te\u0301 supprime\u0301 en 2020. On ne peut pas encore mesurer l\u2019impact des bonnes de\u0301cisions prises depuis vingt-cinq ans \u2013 les me\u0301decins ne s\u2019installant que quinze ans au moins apre\u0300s le de\u0301but de leurs e\u0301tudes -, mais le proble\u0300me qui continuera a\u0300 se poser sera celui de la re\u0301partition. Parce que si l\u2019on n\u2019agit pas, ces installations resteront concentre\u0301es dans des zones qui ne manquent pas vraiment de me\u0301decins.<\/p>\n<p><b>\u00ab Je propose que l\u2019on mette en place une sorte de \u00ab service me\u0301dical a\u0300 la Nation \u00bb \u00bb<\/b><br \/>\n<b>Le \u00ab programme Hippocrate \u00bb de Michel Barnier envisage d\u2019envoyer en stage les e\u0301tudiants en me\u0301decine dans les de\u0301serts me\u0301dicaux. Qu\u2019en pensez-vous ?<\/b><\/p>\n<p>C\u2019est prendre le risque de les mettre en difficulte\u0301, de me\u0302me que les patients. C\u2019est pourquoi je propose que l\u2019on mette en place une sorte de \u00ab service me\u0301dical a\u0300 la Nation \u00bb auquel contribueraient pluto\u0302t des jeunes titulaires de leur the\u0300se et de leur diplo\u0302me de spe\u0301cialite\u0301. Il faut de toute fac\u0327on associer les jeunes aux re\u0301flexions mene\u0301es sur la question de la re\u0301partition, parce que la coercition, c\u2019est-a\u0300-dire imposer l\u2019installation, c\u0327a ne fonctionne pas.<\/p>\n<p>Le programme pre\u0301voit aussi de recourir a\u0300 des assistants me\u0301dicaux, pour se charger de la pre\u0301-consultation et assurer le suivi administratif, ou a\u0300 la te\u0301le\u0301me\u0301decine.<\/p>\n<p>Selon moi, il faut reconside\u0301rer le ro\u0302le du me\u0301decin, et que le corps me\u0301dical accepte de partager davantage ses attributions. La prise en charge de nombreuses maladies chroniques pourrait e\u0302tre plus simple s\u2019il y avait un meilleur partage des ta\u0302ches. Dans ce cas, la te\u0301le\u0301me\u0301decine est une e\u0301vidence, car il est parfois inutile que les patients se de\u0301placent. Je pense aussi aux pharmaciens et aux infirmiers en pratique avance\u0301e. En Allemagne, ou\u0300 exerce le me\u0302me nombre de me\u0301decins qu\u2019en France pour une population plus nombreuse, il y a en moyenne trois assistants me\u0301dicaux par praticien. Cette aide pourrait permettre aux me\u0301decins de prendre en charge plus de patients.<\/p>\n<p><b>Comment animer la re\u0301flexion sur une meilleure re\u0301partition territoriale ?<\/b><\/p>\n<p>En ayant une ve\u0301ritable approche re\u0301gionale, on arrivera probablement a\u0300 la conclusion que le proble\u0300me n\u2019est plus celui du nombre. Ce qui manque, ce sont des objectifs clairs de formation et une re\u0301elle re\u0301flexion politique en matie\u0300re de syste\u0300me de sante\u0301. Une politique qui doit partir des re\u0301gions, parce que les proble\u0300mes varient de fac\u0327on e\u0301tonnante selon les territoires. Par exemple, en Centre-Val de Loire, jusqu\u2019a\u0300 il y a peu, aucune formation en chirurgie dentaire n\u2019e\u0301tait dispense\u0301e.<\/p>\n<p>Or, la\u0300 ou\u0300 il y a un de\u0301ficit de formation, il y a un de\u0301ficit d\u2019installation. Et puis, certains ge\u0301ne\u0301ralistes sont re\u0301ticents a\u0300 s\u2019e\u0301tablir la\u0300 ou\u0300 ils ne disposent pas d\u2019un re\u0301seau de spe\u0301cialistes a\u0300 proximite\u0301. L\u2019he\u0301te\u0301roge\u0301ne\u0301ite\u0301 est telle que l\u2019e\u0301chelle du pays est trop grande: il faut une maille re\u0301gionale. De cette fac\u0327on, la situation devrait pouvoir s\u2019ame\u0301liorer.<\/p>\n<p><strong>Pour plus d&rsquo;informations et d&rsquo;analyses sur la <span style=\"color: #ff6600\">Senegal<\/span>, suivez <span style=\"color: #ff6600\">Africa-Press<span style=\"color: #ff6600\"><\/span><\/strong><\/p>\n","protected":false},"excerpt":{"rendered":"<p>Africa-Press &#8211; Senegal. Patrice Diot: Elle laisse a\u0300 penser qu\u2019il n\u2019y aurait personne a\u0300 soigner dans les endroits ou\u0300 l\u2019on manque de me\u0301decins, alors que, malheureusement, ces de\u0301serts repre\u0301sentent 87 % du territoire national. C\u2019est insupportable ! Cela conduit aussi a\u0300 n\u2019avoir qu\u2019une vision quantitative de la situation actuelle. Or, le nombre de me\u0301decins en [&hellip;]<\/p>\n","protected":false},"author":82,"featured_media":65558,"comment_status":"open","ping_status":"closed","sticky":false,"template":"","format":"standard","meta":{"footnotes":""},"categories":[22,10],"tags":[44],"class_list":["post-65559","post","type-post","status-publish","format-standard","has-post-thumbnail","hentry","category-divers","category-toutes-les-actualites","tag-senegal-2"],"yoast_head":"<!-- This site is optimized with the Yoast SEO Premium plugin v26.1 (Yoast SEO v27.0) - https:\/\/yoast.com\/product\/yoast-seo-premium-wordpress\/ -->\n<title>\u00ab le Probl\u00e8me N\u2019Est pas le Nombre de M\u00e9decins, mais leur R\u00e9partition \u00bb - Senegal<\/title>\n<meta name=\"robots\" content=\"index, follow, max-snippet:-1, max-image-preview:large, max-video-preview:-1\" \/>\n<link rel=\"canonical\" href=\"https:\/\/www.africa-press.net\/senegal\/politique\/le-probleme-nest-pas-le-nombre-de-medecins-mais-leur-repartition\" \/>\n<meta property=\"og:locale\" content=\"fr_FR\" \/>\n<meta property=\"og:type\" content=\"article\" \/>\n<meta property=\"og:title\" content=\"\u00ab le Probl\u00e8me N\u2019Est pas le Nombre de M\u00e9decins, mais leur R\u00e9partition \u00bb\" \/>\n<meta property=\"og:description\" content=\"Africa-Press &#8211; Senegal. Patrice Diot: Elle laisse a\u0300 penser qu\u2019il n\u2019y aurait personne a\u0300 soigner dans les endroits ou\u0300 l\u2019on manque de me\u0301decins, alors que, malheureusement, ces de\u0301serts repre\u0301sentent 87 % du territoire national. C\u2019est insupportable ! Cela conduit aussi a\u0300 n\u2019avoir qu\u2019une vision quantitative de la situation actuelle. Or, le nombre de me\u0301decins en [&hellip;]\" \/>\n<meta property=\"og:url\" content=\"https:\/\/www.africa-press.net\/senegal\/politique\/le-probleme-nest-pas-le-nombre-de-medecins-mais-leur-repartition\" \/>\n<meta property=\"og:site_name\" content=\"Senegal\" \/>\n<meta property=\"article:published_time\" content=\"2025-02-18T12:00:00+00:00\" \/>\n<meta name=\"author\" content=\"cfeditorfr\" \/>\n<meta name=\"twitter:card\" content=\"summary_large_image\" \/>\n<meta name=\"twitter:label1\" content=\"\u00c9crit par\" \/>\n\t<meta name=\"twitter:data1\" content=\"cfeditorfr\" \/>\n\t<meta name=\"twitter:label2\" content=\"Dur\u00e9e de lecture estim\u00e9e\" \/>\n\t<meta name=\"twitter:data2\" content=\"4 minutes\" \/>\n<script type=\"application\/ld+json\" class=\"yoast-schema-graph\">{\"@context\":\"https:\/\/schema.org\",\"@graph\":[{\"@type\":\"Article\",\"@id\":\"https:\/\/www.africa-press.net\/senegal\/politique\/le-probleme-nest-pas-le-nombre-de-medecins-mais-leur-repartition#article\",\"isPartOf\":{\"@id\":\"https:\/\/www.africa-press.net\/senegal\/politique\/le-probleme-nest-pas-le-nombre-de-medecins-mais-leur-repartition\"},\"author\":{\"name\":\"cfeditorfr\",\"@id\":\"https:\/\/www.africa-press.net\/senegal\/#\/schema\/person\/2b1cf3cd81a31e3cd26889ca66d677f1\"},\"headline\":\"\u00ab le Probl\u00e8me N\u2019Est pas le Nombre de M\u00e9decins, mais leur R\u00e9partition \u00bb\",\"datePublished\":\"2025-02-18T12:00:00+00:00\",\"mainEntityOfPage\":{\"@id\":\"https:\/\/www.africa-press.net\/senegal\/politique\/le-probleme-nest-pas-le-nombre-de-medecins-mais-leur-repartition\"},\"wordCount\":719,\"commentCount\":0,\"image\":{\"@id\":\"https:\/\/www.africa-press.net\/senegal\/politique\/le-probleme-nest-pas-le-nombre-de-medecins-mais-leur-repartition#primaryimage\"},\"thumbnailUrl\":\"https:\/\/static.africa-press.net\/senegal\/sites\/13\/2025\/02\/sm_1739964702.252523.jpg\",\"keywords\":[\"Senegal\"],\"articleSection\":[\"Divers\",\"Toutes les actualit\u00e9s\"],\"inLanguage\":\"fr-FR\",\"potentialAction\":[{\"@type\":\"CommentAction\",\"name\":\"Comment\",\"target\":[\"https:\/\/www.africa-press.net\/senegal\/politique\/le-probleme-nest-pas-le-nombre-de-medecins-mais-leur-repartition#respond\"]}]},{\"@type\":\"WebPage\",\"@id\":\"https:\/\/www.africa-press.net\/senegal\/politique\/le-probleme-nest-pas-le-nombre-de-medecins-mais-leur-repartition\",\"url\":\"https:\/\/www.africa-press.net\/senegal\/politique\/le-probleme-nest-pas-le-nombre-de-medecins-mais-leur-repartition\",\"name\":\"\u00ab le Probl\u00e8me N\u2019Est pas le Nombre de M\u00e9decins, mais leur R\u00e9partition \u00bb - Senegal\",\"isPartOf\":{\"@id\":\"https:\/\/www.africa-press.net\/senegal\/#website\"},\"primaryImageOfPage\":{\"@id\":\"https:\/\/www.africa-press.net\/senegal\/politique\/le-probleme-nest-pas-le-nombre-de-medecins-mais-leur-repartition#primaryimage\"},\"image\":{\"@id\":\"https:\/\/www.africa-press.net\/senegal\/politique\/le-probleme-nest-pas-le-nombre-de-medecins-mais-leur-repartition#primaryimage\"},\"thumbnailUrl\":\"https:\/\/static.africa-press.net\/senegal\/sites\/13\/2025\/02\/sm_1739964702.252523.jpg\",\"datePublished\":\"2025-02-18T12:00:00+00:00\",\"author\":{\"@id\":\"https:\/\/www.africa-press.net\/senegal\/#\/schema\/person\/2b1cf3cd81a31e3cd26889ca66d677f1\"},\"breadcrumb\":{\"@id\":\"https:\/\/www.africa-press.net\/senegal\/politique\/le-probleme-nest-pas-le-nombre-de-medecins-mais-leur-repartition#breadcrumb\"},\"inLanguage\":\"fr-FR\",\"potentialAction\":[{\"@type\":\"ReadAction\",\"target\":[\"https:\/\/www.africa-press.net\/senegal\/politique\/le-probleme-nest-pas-le-nombre-de-medecins-mais-leur-repartition\"]}]},{\"@type\":\"ImageObject\",\"inLanguage\":\"fr-FR\",\"@id\":\"https:\/\/www.africa-press.net\/senegal\/politique\/le-probleme-nest-pas-le-nombre-de-medecins-mais-leur-repartition#primaryimage\",\"url\":\"https:\/\/static.africa-press.net\/senegal\/sites\/13\/2025\/02\/sm_1739964702.252523.jpg\",\"contentUrl\":\"https:\/\/static.africa-press.net\/senegal\/sites\/13\/2025\/02\/sm_1739964702.252523.jpg\",\"width\":1280,\"height\":720,\"caption\":\"\u00ab le Probl\u00e8me N\u2019Est pas le Nombre de M\u00e9decins, mais leur R\u00e9partition \u00bb\"},{\"@type\":\"BreadcrumbList\",\"@id\":\"https:\/\/www.africa-press.net\/senegal\/politique\/le-probleme-nest-pas-le-nombre-de-medecins-mais-leur-repartition#breadcrumb\",\"itemListElement\":[{\"@type\":\"ListItem\",\"position\":1,\"name\":\"Accueil\",\"item\":\"https:\/\/www.africa-press.net\/senegal\/\"},{\"@type\":\"ListItem\",\"position\":2,\"name\":\"\u00ab le Probl\u00e8me N\u2019Est pas le Nombre de M\u00e9decins, mais leur R\u00e9partition \u00bb\"}]},{\"@type\":\"WebSite\",\"@id\":\"https:\/\/www.africa-press.net\/senegal\/#website\",\"url\":\"https:\/\/www.africa-press.net\/senegal\/\",\"name\":\"Africa Press | Senegal | Homepage\",\"description\":\"Just another Africa News Agency Sites site\",\"potentialAction\":[{\"@type\":\"SearchAction\",\"target\":{\"@type\":\"EntryPoint\",\"urlTemplate\":\"https:\/\/www.africa-press.net\/senegal\/?s={search_term_string}\"},\"query-input\":{\"@type\":\"PropertyValueSpecification\",\"valueRequired\":true,\"valueName\":\"search_term_string\"}}],\"inLanguage\":\"fr-FR\"},{\"@type\":\"Person\",\"@id\":\"https:\/\/www.africa-press.net\/senegal\/#\/schema\/person\/2b1cf3cd81a31e3cd26889ca66d677f1\",\"name\":\"cfeditorfr\",\"url\":\"https:\/\/www.africa-press.net\/senegal\/author\/cfeditorfr\"}]}<\/script>\n<!-- \/ Yoast SEO Premium plugin. -->","yoast_head_json":{"title":"\u00ab le Probl\u00e8me N\u2019Est pas le Nombre de M\u00e9decins, mais leur R\u00e9partition \u00bb - Senegal","robots":{"index":"index","follow":"follow","max-snippet":"max-snippet:-1","max-image-preview":"max-image-preview:large","max-video-preview":"max-video-preview:-1"},"canonical":"https:\/\/www.africa-press.net\/senegal\/politique\/le-probleme-nest-pas-le-nombre-de-medecins-mais-leur-repartition","og_locale":"fr_FR","og_type":"article","og_title":"\u00ab le Probl\u00e8me N\u2019Est pas le Nombre de M\u00e9decins, mais leur R\u00e9partition \u00bb","og_description":"Africa-Press &#8211; Senegal. Patrice Diot: Elle laisse a\u0300 penser qu\u2019il n\u2019y aurait personne a\u0300 soigner dans les endroits ou\u0300 l\u2019on manque de me\u0301decins, alors que, malheureusement, ces de\u0301serts repre\u0301sentent 87 % du territoire national. C\u2019est insupportable ! Cela conduit aussi a\u0300 n\u2019avoir qu\u2019une vision quantitative de la situation actuelle. Or, le nombre de me\u0301decins en [&hellip;]","og_url":"https:\/\/www.africa-press.net\/senegal\/politique\/le-probleme-nest-pas-le-nombre-de-medecins-mais-leur-repartition","og_site_name":"Senegal","article_published_time":"2025-02-18T12:00:00+00:00","author":"cfeditorfr","twitter_card":"summary_large_image","twitter_misc":{"\u00c9crit par":"cfeditorfr","Dur\u00e9e de lecture estim\u00e9e":"4 minutes"},"schema":{"@context":"https:\/\/schema.org","@graph":[{"@type":"Article","@id":"https:\/\/www.africa-press.net\/senegal\/politique\/le-probleme-nest-pas-le-nombre-de-medecins-mais-leur-repartition#article","isPartOf":{"@id":"https:\/\/www.africa-press.net\/senegal\/politique\/le-probleme-nest-pas-le-nombre-de-medecins-mais-leur-repartition"},"author":{"name":"cfeditorfr","@id":"https:\/\/www.africa-press.net\/senegal\/#\/schema\/person\/2b1cf3cd81a31e3cd26889ca66d677f1"},"headline":"\u00ab le Probl\u00e8me N\u2019Est pas le Nombre de M\u00e9decins, mais leur R\u00e9partition \u00bb","datePublished":"2025-02-18T12:00:00+00:00","mainEntityOfPage":{"@id":"https:\/\/www.africa-press.net\/senegal\/politique\/le-probleme-nest-pas-le-nombre-de-medecins-mais-leur-repartition"},"wordCount":719,"commentCount":0,"image":{"@id":"https:\/\/www.africa-press.net\/senegal\/politique\/le-probleme-nest-pas-le-nombre-de-medecins-mais-leur-repartition#primaryimage"},"thumbnailUrl":"https:\/\/static.africa-press.net\/senegal\/sites\/13\/2025\/02\/sm_1739964702.252523.jpg","keywords":["Senegal"],"articleSection":["Divers","Toutes les actualit\u00e9s"],"inLanguage":"fr-FR","potentialAction":[{"@type":"CommentAction","name":"Comment","target":["https:\/\/www.africa-press.net\/senegal\/politique\/le-probleme-nest-pas-le-nombre-de-medecins-mais-leur-repartition#respond"]}]},{"@type":"WebPage","@id":"https:\/\/www.africa-press.net\/senegal\/politique\/le-probleme-nest-pas-le-nombre-de-medecins-mais-leur-repartition","url":"https:\/\/www.africa-press.net\/senegal\/politique\/le-probleme-nest-pas-le-nombre-de-medecins-mais-leur-repartition","name":"\u00ab le Probl\u00e8me N\u2019Est pas le Nombre de M\u00e9decins, mais leur R\u00e9partition \u00bb - Senegal","isPartOf":{"@id":"https:\/\/www.africa-press.net\/senegal\/#website"},"primaryImageOfPage":{"@id":"https:\/\/www.africa-press.net\/senegal\/politique\/le-probleme-nest-pas-le-nombre-de-medecins-mais-leur-repartition#primaryimage"},"image":{"@id":"https:\/\/www.africa-press.net\/senegal\/politique\/le-probleme-nest-pas-le-nombre-de-medecins-mais-leur-repartition#primaryimage"},"thumbnailUrl":"https:\/\/static.africa-press.net\/senegal\/sites\/13\/2025\/02\/sm_1739964702.252523.jpg","datePublished":"2025-02-18T12:00:00+00:00","author":{"@id":"https:\/\/www.africa-press.net\/senegal\/#\/schema\/person\/2b1cf3cd81a31e3cd26889ca66d677f1"},"breadcrumb":{"@id":"https:\/\/www.africa-press.net\/senegal\/politique\/le-probleme-nest-pas-le-nombre-de-medecins-mais-leur-repartition#breadcrumb"},"inLanguage":"fr-FR","potentialAction":[{"@type":"ReadAction","target":["https:\/\/www.africa-press.net\/senegal\/politique\/le-probleme-nest-pas-le-nombre-de-medecins-mais-leur-repartition"]}]},{"@type":"ImageObject","inLanguage":"fr-FR","@id":"https:\/\/www.africa-press.net\/senegal\/politique\/le-probleme-nest-pas-le-nombre-de-medecins-mais-leur-repartition#primaryimage","url":"https:\/\/static.africa-press.net\/senegal\/sites\/13\/2025\/02\/sm_1739964702.252523.jpg","contentUrl":"https:\/\/static.africa-press.net\/senegal\/sites\/13\/2025\/02\/sm_1739964702.252523.jpg","width":1280,"height":720,"caption":"\u00ab le Probl\u00e8me N\u2019Est pas le Nombre de M\u00e9decins, mais leur R\u00e9partition \u00bb"},{"@type":"BreadcrumbList","@id":"https:\/\/www.africa-press.net\/senegal\/politique\/le-probleme-nest-pas-le-nombre-de-medecins-mais-leur-repartition#breadcrumb","itemListElement":[{"@type":"ListItem","position":1,"name":"Accueil","item":"https:\/\/www.africa-press.net\/senegal\/"},{"@type":"ListItem","position":2,"name":"\u00ab le Probl\u00e8me N\u2019Est pas le Nombre de M\u00e9decins, mais leur R\u00e9partition \u00bb"}]},{"@type":"WebSite","@id":"https:\/\/www.africa-press.net\/senegal\/#website","url":"https:\/\/www.africa-press.net\/senegal\/","name":"Africa Press | Senegal | Homepage","description":"Just another Africa News Agency Sites site","potentialAction":[{"@type":"SearchAction","target":{"@type":"EntryPoint","urlTemplate":"https:\/\/www.africa-press.net\/senegal\/?s={search_term_string}"},"query-input":{"@type":"PropertyValueSpecification","valueRequired":true,"valueName":"search_term_string"}}],"inLanguage":"fr-FR"},{"@type":"Person","@id":"https:\/\/www.africa-press.net\/senegal\/#\/schema\/person\/2b1cf3cd81a31e3cd26889ca66d677f1","name":"cfeditorfr","url":"https:\/\/www.africa-press.net\/senegal\/author\/cfeditorfr"}]}},"_links":{"self":[{"href":"https:\/\/www.africa-press.net\/senegal\/wp-json\/wp\/v2\/posts\/65559","targetHints":{"allow":["GET"]}}],"collection":[{"href":"https:\/\/www.africa-press.net\/senegal\/wp-json\/wp\/v2\/posts"}],"about":[{"href":"https:\/\/www.africa-press.net\/senegal\/wp-json\/wp\/v2\/types\/post"}],"author":[{"embeddable":true,"href":"https:\/\/www.africa-press.net\/senegal\/wp-json\/wp\/v2\/users\/82"}],"replies":[{"embeddable":true,"href":"https:\/\/www.africa-press.net\/senegal\/wp-json\/wp\/v2\/comments?post=65559"}],"version-history":[{"count":0,"href":"https:\/\/www.africa-press.net\/senegal\/wp-json\/wp\/v2\/posts\/65559\/revisions"}],"wp:featuredmedia":[{"embeddable":true,"href":"https:\/\/www.africa-press.net\/senegal\/wp-json\/wp\/v2\/media\/65558"}],"wp:attachment":[{"href":"https:\/\/www.africa-press.net\/senegal\/wp-json\/wp\/v2\/media?parent=65559"}],"wp:term":[{"taxonomy":"category","embeddable":true,"href":"https:\/\/www.africa-press.net\/senegal\/wp-json\/wp\/v2\/categories?post=65559"},{"taxonomy":"post_tag","embeddable":true,"href":"https:\/\/www.africa-press.net\/senegal\/wp-json\/wp\/v2\/tags?post=65559"}],"curies":[{"name":"wp","href":"https:\/\/api.w.org\/{rel}","templated":true}]}}