{"id":65565,"date":"2025-02-18T14:00:00","date_gmt":"2025-02-18T14:00:00","guid":{"rendered":"https:\/\/www.africa-press.net\/senegal\/politique\/financements-de-ladpme-le-pm-deplore-le-faible-niveau-des-remboursements"},"modified":"2025-02-18T14:00:00","modified_gmt":"2025-02-18T14:00:00","slug":"financements-de-ladpme-le-pm-deplore-le-faible-niveau-des-remboursements","status":"publish","type":"post","link":"https:\/\/www.africa-press.net\/senegal\/politique\/financements-de-ladpme-le-pm-deplore-le-faible-niveau-des-remboursements","title":{"rendered":"Financements de L\u2019Adpme : le PM D\u00e9plore le Faible Niveau des Remboursements"},"content":{"rendered":"<p><span style=\"color: #ff6600\"><strong>Africa-Press &#8211; Senegal. <\/strong><\/span>Le Premier ministre, Ousmane Sonko, a de\u0301plore\u0301, mardi, le niveau de remboursement des financements de l\u2019Agence de de\u0301veloppement des petites et moyennes entreprises (ADPME) avec un taux d\u2019impaye\u0301s de 38 %.<\/p>\n<p>\u2018\u2019J\u2019ai interpelle\u0301 la de\u0301le\u0301gue\u0301e ge\u0301ne\u0301rale de l\u2019ADPEME [Marie Rose Faye] pour voir et elle me dit qu\u2019en juin 2024, on e\u0301tait a\u0300 46% de taux d\u2019impaye\u0301s. Aujourd\u2019hui, on est a\u0300 38%\u2019\u2019.<\/p>\n<p>Le Premier ministre s\u2019exprimait a\u0300 la ce\u0301re\u0301monie d\u2019ouverture de la 4e e\u0301dition du Forum de la petite et moyenne entreprise, place\u0301e sous le the\u0300me \u2018\u2019PME et innovation, leviers de souverainete\u0301\u2019\u2019.<\/p>\n<p>\u2018\u2019Comment voulez-vous que le financement perdure et se perpe\u0301tue si les cre\u0301dits ne sont pas rembourse\u0301s ?\u2019\u2019, s\u2019est interroge\u0301 Ousmane Sonko, tout en appelant au patriotisme des Se\u0301ne\u0301galais.<\/p>\n<p>\u2018\u2019Autant au niveau du pouvoir politique il nous faut une gestion se\u0301rieuse, saine, vertueuse et rigoureuse et patriotique, autant dans tous les segments de la socie\u0301te\u0301 et particulie\u0300rement celui [prive\u0301] que vous occupez, nous devrions tous faire notre introspection, et ge\u0301rer les choses avec beaucoup plus de rigueur\u2019\u2019, a-t-il exhorte\u0301.<\/p>\n<p>Le Premier ministre estime qu\u2019\u2018\u2019il nous faut travailler a\u0300 capter tous les investissements venant de partout mais qui impliquent fondamentalement notre secteur prive\u0301 national\u2019\u2019.<\/p>\n<p>\u2018\u2019Le secteur prive\u0301 ne doit pas e\u0302tre un secteur prive\u0301 figurant. C\u2019est pourquoi nous avons parle\u0301 de loi sur le patriotisme e\u0301conomique\u2019\u2019, a-t-il dit.<\/p>\n<p>Selon lui, \u2018\u2019le gouvernement, sous la direction et les orientations du pre\u0301sident de la Re\u0301publique, a de\u0301ja\u0300 travaille\u0301 dans le volet d\u2019un projet de loi sur le patriotisme e\u0301conomique, qui sera incessamment soumis a\u0300 l\u2019Assemble\u0301e nationale pour mieux prote\u0301ger et pour mieux promouvoir notre e\u0301conomie\u2019\u2019.<\/p>\n<p>Il estime que secteur prive\u0301 doit se hisser \u2018\u2019a\u0300 la hauteur des attentes\u2019\u2019, tout en martelant que \u2018\u2019l\u2019affairisme d\u2019Etat c\u2019est termine\u0301 dans ce pays\u2019\u2019.<\/p>\n<p>\u2018\u2019Nous soutiendrons tous les acteurs prive\u0301s qui veulent travailler se\u0301rieusement. Nous combattrons et nous mettrons fin aux pratiques qu\u2019on avait trouve\u0301es ici\u2019\u2019, a-t-il averti.<\/p>\n<p>\u2018\u2019Une bonne partie du secteur prive\u0301 s\u2019enrichissait a\u0300 coup de surfacturations, de marche\u0301s grassement accorde\u0301s [&#8230;]\u2019\u2019, a-t-il accuse\u0301.<\/p>\n<p>Il a promis que \u2018\u2019le vrai secteur prive\u0301, celui qui sait entreprendre, qui veut entreprendre dans la rigueur du patriotisme aura tout le soutien, l\u2019encadrement et la protection de l\u2019Etat (&#8230;)\u2019\u2019.<\/p>\n<p>M. Sonko a fait part de son scepticisme sur l\u2019entreprenariat rapide. \u2018\u2019[&#8230;] J\u2019ai toujours dit que je ne crois pas a\u0300 l\u2019entreprenariat rapide. Un entreprenariat se\u0301rieux ne peut pas e\u0302tre rapide\u2019\u2019, a-t-il soutenu.<\/p>\n<p>Il estime que la situation que traverse actuellement le Se\u0301ne\u0301gal \u2018\u2019est lie\u0301e a\u0300 une volonte\u0301 de vivre au-dessus de nos moyens\u2019\u2019.<\/p>\n<p>\u2018\u2019Et beaucoup sont presse\u0301s de vivre au-dessus de leurs moyens. C\u2019est pourquoi des mauvais choix sont faits et des impacts sont tre\u0300s ne\u0301gatifs sur les finances publiques\u2019\u2019, a indique\u0301 le Premier ministre.<\/p>\n<p>\u2018\u2019On dit que les financements n\u2019existent pas, mais parfois, ils sont compromis par des mauvais comportements\u2019\u2019, a ajoute\u0301 M. Sonko.<\/p>\n<p><strong>Pour plus d&rsquo;informations et d&rsquo;analyses sur la <span style=\"color: #ff6600\">Senegal<\/span>, suivez <span style=\"color: #ff6600\">Africa-Press<span style=\"color: #ff6600\"><\/span><\/strong><\/p>\n","protected":false},"excerpt":{"rendered":"<p>Africa-Press &#8211; Senegal. Le Premier ministre, Ousmane Sonko, a de\u0301plore\u0301, mardi, le niveau de remboursement des financements de l\u2019Agence de de\u0301veloppement des petites et moyennes entreprises (ADPME) avec un taux d\u2019impaye\u0301s de 38 %. \u2018\u2019J\u2019ai interpelle\u0301 la de\u0301le\u0301gue\u0301e ge\u0301ne\u0301rale de l\u2019ADPEME [Marie Rose Faye] pour voir et elle me dit qu\u2019en juin 2024, on e\u0301tait [&hellip;]<\/p>\n","protected":false},"author":82,"featured_media":65564,"comment_status":"open","ping_status":"closed","sticky":false,"template":"","format":"standard","meta":{"footnotes":""},"categories":[3,2,20,10],"tags":[44],"class_list":["post-65565","post","type-post","status-publish","format-standard","has-post-thumbnail","hentry","category-economie","category-politique","category-top-nouvelles","category-toutes-les-actualites","tag-senegal-2"],"yoast_head":"<!-- This site is optimized with the Yoast SEO Premium plugin v26.1 (Yoast SEO v27.0) - https:\/\/yoast.com\/product\/yoast-seo-premium-wordpress\/ -->\n<title>Financements de L\u2019Adpme : le PM D\u00e9plore le Faible Niveau des Remboursements - Senegal<\/title>\n<meta name=\"robots\" content=\"index, follow, max-snippet:-1, max-image-preview:large, max-video-preview:-1\" \/>\n<link rel=\"canonical\" href=\"https:\/\/www.africa-press.net\/senegal\/politique\/financements-de-ladpme-le-pm-deplore-le-faible-niveau-des-remboursements\" \/>\n<meta property=\"og:locale\" content=\"fr_FR\" \/>\n<meta property=\"og:type\" content=\"article\" \/>\n<meta property=\"og:title\" content=\"Financements de L\u2019Adpme : le PM D\u00e9plore le Faible Niveau des Remboursements\" \/>\n<meta property=\"og:description\" content=\"Africa-Press &#8211; Senegal. Le Premier ministre, Ousmane Sonko, a de\u0301plore\u0301, mardi, le niveau de remboursement des financements de l\u2019Agence de de\u0301veloppement des petites et moyennes entreprises (ADPME) avec un taux d\u2019impaye\u0301s de 38 %. \u2018\u2019J\u2019ai interpelle\u0301 la de\u0301le\u0301gue\u0301e ge\u0301ne\u0301rale de l\u2019ADPEME [Marie Rose Faye] pour voir et elle me dit qu\u2019en juin 2024, on e\u0301tait [&hellip;]\" \/>\n<meta property=\"og:url\" content=\"https:\/\/www.africa-press.net\/senegal\/politique\/financements-de-ladpme-le-pm-deplore-le-faible-niveau-des-remboursements\" \/>\n<meta property=\"og:site_name\" content=\"Senegal\" \/>\n<meta property=\"article:published_time\" content=\"2025-02-18T14:00:00+00:00\" \/>\n<meta name=\"author\" content=\"cfeditorfr\" \/>\n<meta name=\"twitter:card\" content=\"summary_large_image\" \/>\n<meta name=\"twitter:label1\" content=\"\u00c9crit par\" \/>\n\t<meta name=\"twitter:data1\" content=\"cfeditorfr\" \/>\n\t<meta name=\"twitter:label2\" content=\"Dur\u00e9e de lecture estim\u00e9e\" \/>\n\t<meta name=\"twitter:data2\" content=\"3 minutes\" \/>\n<script type=\"application\/ld+json\" class=\"yoast-schema-graph\">{\"@context\":\"https:\/\/schema.org\",\"@graph\":[{\"@type\":\"Article\",\"@id\":\"https:\/\/www.africa-press.net\/senegal\/politique\/financements-de-ladpme-le-pm-deplore-le-faible-niveau-des-remboursements#article\",\"isPartOf\":{\"@id\":\"https:\/\/www.africa-press.net\/senegal\/politique\/financements-de-ladpme-le-pm-deplore-le-faible-niveau-des-remboursements\"},\"author\":{\"name\":\"cfeditorfr\",\"@id\":\"https:\/\/www.africa-press.net\/senegal\/#\/schema\/person\/2b1cf3cd81a31e3cd26889ca66d677f1\"},\"headline\":\"Financements de L\u2019Adpme : le PM D\u00e9plore le Faible Niveau des Remboursements\",\"datePublished\":\"2025-02-18T14:00:00+00:00\",\"mainEntityOfPage\":{\"@id\":\"https:\/\/www.africa-press.net\/senegal\/politique\/financements-de-ladpme-le-pm-deplore-le-faible-niveau-des-remboursements\"},\"wordCount\":557,\"commentCount\":0,\"image\":{\"@id\":\"https:\/\/www.africa-press.net\/senegal\/politique\/financements-de-ladpme-le-pm-deplore-le-faible-niveau-des-remboursements#primaryimage\"},\"thumbnailUrl\":\"https:\/\/static.africa-press.net\/senegal\/sites\/13\/2025\/02\/sm_1739965558.379153.jpg\",\"keywords\":[\"Senegal\"],\"articleSection\":[\"\u00c9conomie\",\"Politique\",\"Top Nouvelles\",\"Toutes les actualit\u00e9s\"],\"inLanguage\":\"fr-FR\",\"potentialAction\":[{\"@type\":\"CommentAction\",\"name\":\"Comment\",\"target\":[\"https:\/\/www.africa-press.net\/senegal\/politique\/financements-de-ladpme-le-pm-deplore-le-faible-niveau-des-remboursements#respond\"]}]},{\"@type\":\"WebPage\",\"@id\":\"https:\/\/www.africa-press.net\/senegal\/politique\/financements-de-ladpme-le-pm-deplore-le-faible-niveau-des-remboursements\",\"url\":\"https:\/\/www.africa-press.net\/senegal\/politique\/financements-de-ladpme-le-pm-deplore-le-faible-niveau-des-remboursements\",\"name\":\"Financements de L\u2019Adpme : le PM D\u00e9plore le Faible Niveau des Remboursements - Senegal\",\"isPartOf\":{\"@id\":\"https:\/\/www.africa-press.net\/senegal\/#website\"},\"primaryImageOfPage\":{\"@id\":\"https:\/\/www.africa-press.net\/senegal\/politique\/financements-de-ladpme-le-pm-deplore-le-faible-niveau-des-remboursements#primaryimage\"},\"image\":{\"@id\":\"https:\/\/www.africa-press.net\/senegal\/politique\/financements-de-ladpme-le-pm-deplore-le-faible-niveau-des-remboursements#primaryimage\"},\"thumbnailUrl\":\"https:\/\/static.africa-press.net\/senegal\/sites\/13\/2025\/02\/sm_1739965558.379153.jpg\",\"datePublished\":\"2025-02-18T14:00:00+00:00\",\"author\":{\"@id\":\"https:\/\/www.africa-press.net\/senegal\/#\/schema\/person\/2b1cf3cd81a31e3cd26889ca66d677f1\"},\"breadcrumb\":{\"@id\":\"https:\/\/www.africa-press.net\/senegal\/politique\/financements-de-ladpme-le-pm-deplore-le-faible-niveau-des-remboursements#breadcrumb\"},\"inLanguage\":\"fr-FR\",\"potentialAction\":[{\"@type\":\"ReadAction\",\"target\":[\"https:\/\/www.africa-press.net\/senegal\/politique\/financements-de-ladpme-le-pm-deplore-le-faible-niveau-des-remboursements\"]}]},{\"@type\":\"ImageObject\",\"inLanguage\":\"fr-FR\",\"@id\":\"https:\/\/www.africa-press.net\/senegal\/politique\/financements-de-ladpme-le-pm-deplore-le-faible-niveau-des-remboursements#primaryimage\",\"url\":\"https:\/\/static.africa-press.net\/senegal\/sites\/13\/2025\/02\/sm_1739965558.379153.jpg\",\"contentUrl\":\"https:\/\/static.africa-press.net\/senegal\/sites\/13\/2025\/02\/sm_1739965558.379153.jpg\",\"width\":868,\"height\":516,\"caption\":\"Financements de L\u2019Adpme : le PM D\u00e9plore le Faible Niveau des Remboursements\"},{\"@type\":\"BreadcrumbList\",\"@id\":\"https:\/\/www.africa-press.net\/senegal\/politique\/financements-de-ladpme-le-pm-deplore-le-faible-niveau-des-remboursements#breadcrumb\",\"itemListElement\":[{\"@type\":\"ListItem\",\"position\":1,\"name\":\"Accueil\",\"item\":\"https:\/\/www.africa-press.net\/senegal\/\"},{\"@type\":\"ListItem\",\"position\":2,\"name\":\"Financements de L\u2019Adpme : le PM D\u00e9plore le Faible Niveau des Remboursements\"}]},{\"@type\":\"WebSite\",\"@id\":\"https:\/\/www.africa-press.net\/senegal\/#website\",\"url\":\"https:\/\/www.africa-press.net\/senegal\/\",\"name\":\"Africa Press | Senegal | Homepage\",\"description\":\"Just another Africa News Agency Sites site\",\"potentialAction\":[{\"@type\":\"SearchAction\",\"target\":{\"@type\":\"EntryPoint\",\"urlTemplate\":\"https:\/\/www.africa-press.net\/senegal\/?s={search_term_string}\"},\"query-input\":{\"@type\":\"PropertyValueSpecification\",\"valueRequired\":true,\"valueName\":\"search_term_string\"}}],\"inLanguage\":\"fr-FR\"},{\"@type\":\"Person\",\"@id\":\"https:\/\/www.africa-press.net\/senegal\/#\/schema\/person\/2b1cf3cd81a31e3cd26889ca66d677f1\",\"name\":\"cfeditorfr\",\"url\":\"https:\/\/www.africa-press.net\/senegal\/author\/cfeditorfr\"}]}<\/script>\n<!-- \/ Yoast SEO Premium plugin. -->","yoast_head_json":{"title":"Financements de L\u2019Adpme : le PM D\u00e9plore le Faible Niveau des Remboursements - Senegal","robots":{"index":"index","follow":"follow","max-snippet":"max-snippet:-1","max-image-preview":"max-image-preview:large","max-video-preview":"max-video-preview:-1"},"canonical":"https:\/\/www.africa-press.net\/senegal\/politique\/financements-de-ladpme-le-pm-deplore-le-faible-niveau-des-remboursements","og_locale":"fr_FR","og_type":"article","og_title":"Financements de L\u2019Adpme : le PM D\u00e9plore le Faible Niveau des Remboursements","og_description":"Africa-Press &#8211; Senegal. Le Premier ministre, Ousmane Sonko, a de\u0301plore\u0301, mardi, le niveau de remboursement des financements de l\u2019Agence de de\u0301veloppement des petites et moyennes entreprises (ADPME) avec un taux d\u2019impaye\u0301s de 38 %. \u2018\u2019J\u2019ai interpelle\u0301 la de\u0301le\u0301gue\u0301e ge\u0301ne\u0301rale de l\u2019ADPEME [Marie Rose Faye] pour voir et elle me dit qu\u2019en juin 2024, on e\u0301tait [&hellip;]","og_url":"https:\/\/www.africa-press.net\/senegal\/politique\/financements-de-ladpme-le-pm-deplore-le-faible-niveau-des-remboursements","og_site_name":"Senegal","article_published_time":"2025-02-18T14:00:00+00:00","author":"cfeditorfr","twitter_card":"summary_large_image","twitter_misc":{"\u00c9crit par":"cfeditorfr","Dur\u00e9e de lecture estim\u00e9e":"3 minutes"},"schema":{"@context":"https:\/\/schema.org","@graph":[{"@type":"Article","@id":"https:\/\/www.africa-press.net\/senegal\/politique\/financements-de-ladpme-le-pm-deplore-le-faible-niveau-des-remboursements#article","isPartOf":{"@id":"https:\/\/www.africa-press.net\/senegal\/politique\/financements-de-ladpme-le-pm-deplore-le-faible-niveau-des-remboursements"},"author":{"name":"cfeditorfr","@id":"https:\/\/www.africa-press.net\/senegal\/#\/schema\/person\/2b1cf3cd81a31e3cd26889ca66d677f1"},"headline":"Financements de L\u2019Adpme : le PM D\u00e9plore le Faible Niveau des Remboursements","datePublished":"2025-02-18T14:00:00+00:00","mainEntityOfPage":{"@id":"https:\/\/www.africa-press.net\/senegal\/politique\/financements-de-ladpme-le-pm-deplore-le-faible-niveau-des-remboursements"},"wordCount":557,"commentCount":0,"image":{"@id":"https:\/\/www.africa-press.net\/senegal\/politique\/financements-de-ladpme-le-pm-deplore-le-faible-niveau-des-remboursements#primaryimage"},"thumbnailUrl":"https:\/\/static.africa-press.net\/senegal\/sites\/13\/2025\/02\/sm_1739965558.379153.jpg","keywords":["Senegal"],"articleSection":["\u00c9conomie","Politique","Top Nouvelles","Toutes les actualit\u00e9s"],"inLanguage":"fr-FR","potentialAction":[{"@type":"CommentAction","name":"Comment","target":["https:\/\/www.africa-press.net\/senegal\/politique\/financements-de-ladpme-le-pm-deplore-le-faible-niveau-des-remboursements#respond"]}]},{"@type":"WebPage","@id":"https:\/\/www.africa-press.net\/senegal\/politique\/financements-de-ladpme-le-pm-deplore-le-faible-niveau-des-remboursements","url":"https:\/\/www.africa-press.net\/senegal\/politique\/financements-de-ladpme-le-pm-deplore-le-faible-niveau-des-remboursements","name":"Financements de L\u2019Adpme : le PM D\u00e9plore le Faible Niveau des Remboursements - Senegal","isPartOf":{"@id":"https:\/\/www.africa-press.net\/senegal\/#website"},"primaryImageOfPage":{"@id":"https:\/\/www.africa-press.net\/senegal\/politique\/financements-de-ladpme-le-pm-deplore-le-faible-niveau-des-remboursements#primaryimage"},"image":{"@id":"https:\/\/www.africa-press.net\/senegal\/politique\/financements-de-ladpme-le-pm-deplore-le-faible-niveau-des-remboursements#primaryimage"},"thumbnailUrl":"https:\/\/static.africa-press.net\/senegal\/sites\/13\/2025\/02\/sm_1739965558.379153.jpg","datePublished":"2025-02-18T14:00:00+00:00","author":{"@id":"https:\/\/www.africa-press.net\/senegal\/#\/schema\/person\/2b1cf3cd81a31e3cd26889ca66d677f1"},"breadcrumb":{"@id":"https:\/\/www.africa-press.net\/senegal\/politique\/financements-de-ladpme-le-pm-deplore-le-faible-niveau-des-remboursements#breadcrumb"},"inLanguage":"fr-FR","potentialAction":[{"@type":"ReadAction","target":["https:\/\/www.africa-press.net\/senegal\/politique\/financements-de-ladpme-le-pm-deplore-le-faible-niveau-des-remboursements"]}]},{"@type":"ImageObject","inLanguage":"fr-FR","@id":"https:\/\/www.africa-press.net\/senegal\/politique\/financements-de-ladpme-le-pm-deplore-le-faible-niveau-des-remboursements#primaryimage","url":"https:\/\/static.africa-press.net\/senegal\/sites\/13\/2025\/02\/sm_1739965558.379153.jpg","contentUrl":"https:\/\/static.africa-press.net\/senegal\/sites\/13\/2025\/02\/sm_1739965558.379153.jpg","width":868,"height":516,"caption":"Financements de L\u2019Adpme : le PM D\u00e9plore le Faible Niveau des Remboursements"},{"@type":"BreadcrumbList","@id":"https:\/\/www.africa-press.net\/senegal\/politique\/financements-de-ladpme-le-pm-deplore-le-faible-niveau-des-remboursements#breadcrumb","itemListElement":[{"@type":"ListItem","position":1,"name":"Accueil","item":"https:\/\/www.africa-press.net\/senegal\/"},{"@type":"ListItem","position":2,"name":"Financements de L\u2019Adpme : le PM D\u00e9plore le Faible Niveau des Remboursements"}]},{"@type":"WebSite","@id":"https:\/\/www.africa-press.net\/senegal\/#website","url":"https:\/\/www.africa-press.net\/senegal\/","name":"Africa Press | Senegal | Homepage","description":"Just another Africa News Agency Sites site","potentialAction":[{"@type":"SearchAction","target":{"@type":"EntryPoint","urlTemplate":"https:\/\/www.africa-press.net\/senegal\/?s={search_term_string}"},"query-input":{"@type":"PropertyValueSpecification","valueRequired":true,"valueName":"search_term_string"}}],"inLanguage":"fr-FR"},{"@type":"Person","@id":"https:\/\/www.africa-press.net\/senegal\/#\/schema\/person\/2b1cf3cd81a31e3cd26889ca66d677f1","name":"cfeditorfr","url":"https:\/\/www.africa-press.net\/senegal\/author\/cfeditorfr"}]}},"_links":{"self":[{"href":"https:\/\/www.africa-press.net\/senegal\/wp-json\/wp\/v2\/posts\/65565","targetHints":{"allow":["GET"]}}],"collection":[{"href":"https:\/\/www.africa-press.net\/senegal\/wp-json\/wp\/v2\/posts"}],"about":[{"href":"https:\/\/www.africa-press.net\/senegal\/wp-json\/wp\/v2\/types\/post"}],"author":[{"embeddable":true,"href":"https:\/\/www.africa-press.net\/senegal\/wp-json\/wp\/v2\/users\/82"}],"replies":[{"embeddable":true,"href":"https:\/\/www.africa-press.net\/senegal\/wp-json\/wp\/v2\/comments?post=65565"}],"version-history":[{"count":0,"href":"https:\/\/www.africa-press.net\/senegal\/wp-json\/wp\/v2\/posts\/65565\/revisions"}],"wp:featuredmedia":[{"embeddable":true,"href":"https:\/\/www.africa-press.net\/senegal\/wp-json\/wp\/v2\/media\/65564"}],"wp:attachment":[{"href":"https:\/\/www.africa-press.net\/senegal\/wp-json\/wp\/v2\/media?parent=65565"}],"wp:term":[{"taxonomy":"category","embeddable":true,"href":"https:\/\/www.africa-press.net\/senegal\/wp-json\/wp\/v2\/categories?post=65565"},{"taxonomy":"post_tag","embeddable":true,"href":"https:\/\/www.africa-press.net\/senegal\/wp-json\/wp\/v2\/tags?post=65565"}],"curies":[{"name":"wp","href":"https:\/\/api.w.org\/{rel}","templated":true}]}}