{"id":65573,"date":"2025-02-18T12:13:09","date_gmt":"2025-02-18T12:13:09","guid":{"rendered":"https:\/\/www.africa-press.net\/senegal\/politique\/voiture-electrique-le-cout-des-reparations-senvole"},"modified":"2025-05-05T22:06:41","modified_gmt":"2025-05-05T22:06:41","slug":"voiture-electrique-le-cout-des-reparations-senvole","status":"publish","type":"post","link":"https:\/\/www.africa-press.net\/senegal\/toutes-les-actualites\/voiture-electrique-le-cout-des-reparations-senvole","title":{"rendered":"Voiture E\u0301Lectrique, le Cou\u0302T des Re\u0301parations S\u2019Envole"},"content":{"rendered":"<p><span style=\"color: #ff6600\"><strong>Africa-Press &#8211; Senegal. <\/strong><\/span>Contrairement a\u0300 une ide\u0301e rec\u0327ue, le prix du SAV des mode\u0300les e\u0301lectrifie\u0301s est de 15 % supe\u0301rieur a\u0300 la moyenne du parc roulant ou\u0300 domine encore le thermique.<\/p>\n<p>Les socie\u0301te\u0301s d&rsquo;assurances sont bien place\u0301es pour surveiller le montant des factures a\u0300 la sortie des garages. Une \u00ab douloureuse \u00bb pour les automobilistes qui s&rsquo;attendent a\u0300 des surprises mais toujours dans le mauvais sens. Et me\u0302me ceux qui ont opte\u0301 pour les dernie\u0300res technologies en sont pour leurs frais, la mise au point se poursuivant parfois dans la vie re\u0301elle. L&rsquo;association Se\u0301curite\u0301 et re\u0301parations automobiles (SRA) qui regroupe bon nombre d&rsquo;assureurs dresse chaque anne\u0301e le palmare\u0300s de la re\u0301paration automobile et de ses cou\u0302ts.<\/p>\n<p>Et sans aucune surprise, 2024 ne fait que prolonger l&rsquo;augmentation continue des factures enregistre\u0301es depuis 2020, soit 25,7 % alors que l&rsquo;indice Insee a augmente\u0301 dans le me\u0302me temps de 14,2 %. Cate\u0301gorie championne de la boulimie, le prix des pie\u0300ces de rechange en progression de 29 % devant le poste peinture en hausse de 26,8 % et celui de la main-d&rsquo;\u0153uvre a\u0300 + 20,8 %. Si l&rsquo;on regarde dans le de\u0301tail les facteurs d&rsquo;acce\u0301le\u0301ration des de\u0301penses sur lesquels les assureurs aimeraient peser, les enque\u0302teurs rele\u0300vent sur l&rsquo;anne\u0301e dernie\u0300re des e\u0301carts significatifs entre cate\u0301gories de ve\u0301hicules.<\/p>\n<p>Il apparai\u0302t ainsi que, par rapport au prix moyen de re\u0301paration de l&rsquo;ensemble du parc automobile, un ve\u0301hicule hybride, associant donc traction thermique et e\u0301lectrique, a un cou\u0302t de re\u0301paration supe\u0301rieur de 15,7 %. La faute selon les analystes revient justement a\u0300 ce de\u0301doublement des chai\u0302nes de traction qui additionne le nombre de pie\u0300ces et la complexite\u0301 du ve\u0301hicule. Et donc la difficulte\u0301 et le cou\u0302t de la re\u0301paration. De plus, me\u0302me forme\u0301s aux nouvelles technologies, les me\u0301caniciens n&rsquo;ont pas encore acquis la mai\u0302trise du sujet telle qu&rsquo;ils peuvent l&rsquo;avoir pour le thermique.<\/p>\n<p><b>Le poids des batteries<\/b><\/p>\n<p>Mais la surprise vient du second mauvais e\u0301le\u0300ve, la voiture e\u0301lectrique. Vante\u0301e pour sa simplicite\u0301 technique avec un moteur qui comprend dix fois moins de pie\u0300ces que le thermique, l&rsquo;e\u0301lectrique connai\u0302t un surcou\u0302t de + 14,3 %, toujours par rapport a\u0300 l&rsquo;ensemble du parc. L&rsquo;explication avance\u0301e tient au cou\u0302t tre\u0300s e\u0301leve\u0301 des cellules de batteries qui repre\u0301sentent 40 % ou plus du prix de la voiture. Et a\u0300 leur fragilite\u0301, car, apre\u0300s un sinistre, les experts les estiment, par se\u0301curite\u0301, non re\u0301parables et exigent syste\u0301matiquement le changement du pack complet. Pas tre\u0300s e\u0301conomique.<\/p>\n<p>La part des pie\u0300ces de\u0301tache\u0301es constitue l&rsquo;essentiel des cou\u0302ts de re\u0301paration (52,3 %) en 2024, une charge qui a augmente\u0301 de 29 % en quatre ans. Et malgre\u0301 un le\u0301ger ralentissement en 2024, leur inflation a e\u0301te\u0301 encore de 7,3 % en moyenne. Sur ce seul poste, 14 marques ont augmente\u0301 de plus de 8 %, 11 sont en hausse de 4 % a\u0300 8 % et seulement 5 affichent une inflation infe\u0301rieure a\u0300 4 % d&rsquo;apre\u0300s le SRA. Le proble\u0300me est que peu de pie\u0300ces sont re\u0301parables et qu&rsquo;a\u0300 pre\u0300s de 72 %, les e\u0301le\u0301ments endommage\u0301s sont e\u0301change\u0301s, a\u0300 un tarif e\u0301value\u0301 entre 4 500 et 19 000 euros selon le mode\u0300le.<\/p>\n<p>Dans ce cas de figure, la voiture e\u0301lectrifie\u0301e vit au-dessus des moyens de ses proprie\u0301taires pour lesquels l&rsquo;accident est interdit. Et quand il survient, il faut se pre\u0301parer a\u0300 attendre des mois avant que le ve\u0301hicule de\u0301dommage\u0301 par l&rsquo;assureur soit re\u0301pare\u0301. Comment se situe le bon vieux thermique dans ce classement ? Le diesel se situe dans la moyenne ge\u0301ne\u0301rale du parc qu&rsquo;il a, il faut le rappeler, largement fac\u0327onne\u0301 et l&rsquo;essence qui, elle, joue les e\u0301conomes a\u0300 &#8211; 5 %. On n&rsquo;ache\u0300te pas un thermique pour son cou\u0302t de re\u0301paration infe\u0301rieur suite a\u0300 un accident, mais le montant de la prime d&rsquo;assurance infe\u0301rieur a\u0300 la moyenne peut encore motiver.<\/p>\n<p><strong>Pour plus d&rsquo;informations et d&rsquo;analyses sur la <span style=\"color: #ff6600\">Senegal<\/span>, suivez <span style=\"color: #ff6600\">Africa-Press<\/span><\/strong><\/p>\n","protected":false},"excerpt":{"rendered":"<p>Africa-Press &#8211; Senegal. Contrairement a\u0300 une ide\u0301e rec\u0327ue, le prix du SAV des mode\u0300les e\u0301lectrifie\u0301s est de 15 % supe\u0301rieur a\u0300 la moyenne du parc roulant ou\u0300 domine encore le thermique. Les socie\u0301te\u0301s d&rsquo;assurances sont bien place\u0301es pour surveiller le montant des factures a\u0300 la sortie des garages. Une \u00ab douloureuse \u00bb pour les automobilistes [&hellip;]<\/p>\n","protected":false},"author":82,"featured_media":65572,"comment_status":"open","ping_status":"closed","sticky":false,"template":"","format":"standard","meta":{"footnotes":""},"categories":[22,10],"tags":[44],"class_list":["post-65573","post","type-post","status-publish","format-standard","has-post-thumbnail","hentry","category-divers","category-toutes-les-actualites","tag-senegal-2"],"yoast_head":"<!-- This site is optimized with the Yoast SEO Premium plugin v26.1 (Yoast SEO v27.0) - https:\/\/yoast.com\/product\/yoast-seo-premium-wordpress\/ -->\n<title>Voiture E\u0301Lectrique, le Cou\u0302T des Re\u0301parations S\u2019Envole - Senegal<\/title>\n<meta name=\"description\" content=\"Contrairement a\u0300 une ide\u0301e rec\u0327ue, le prix du SAV des mode\u0300les e\u0301lectrifie\u0301s est de 15 % supe\u0301rieur a\u0300 la moyenne du par ...\" \/>\n<meta name=\"robots\" content=\"index, follow, max-snippet:-1, max-image-preview:large, max-video-preview:-1\" \/>\n<link rel=\"canonical\" href=\"https:\/\/www.africa-press.net\/senegal\/toutes-les-actualites\/voiture-electrique-le-cout-des-reparations-senvole\" \/>\n<meta property=\"og:locale\" content=\"fr_FR\" \/>\n<meta property=\"og:type\" content=\"article\" \/>\n<meta property=\"og:title\" content=\"Voiture E\u0301Lectrique, le Cou\u0302T des Re\u0301parations S\u2019Envole\" \/>\n<meta property=\"og:description\" content=\"Contrairement a\u0300 une ide\u0301e rec\u0327ue, le prix du SAV des mode\u0300les e\u0301lectrifie\u0301s est de 15 % supe\u0301rieur a\u0300 la moyenne du par ...\" \/>\n<meta property=\"og:url\" content=\"https:\/\/www.africa-press.net\/senegal\/toutes-les-actualites\/voiture-electrique-le-cout-des-reparations-senvole\" \/>\n<meta property=\"og:site_name\" content=\"Senegal\" \/>\n<meta property=\"article:published_time\" content=\"2025-02-18T12:13:09+00:00\" \/>\n<meta property=\"article:modified_time\" content=\"2025-05-05T22:06:41+00:00\" \/>\n<meta property=\"og:image\" content=\"https:\/\/static.africa-press.net\/senegal\/sites\/13\/2025\/02\/sm_1739955744.081155.jpg\" \/>\n\t<meta property=\"og:image:width\" content=\"809\" \/>\n\t<meta property=\"og:image:height\" content=\"405\" \/>\n\t<meta property=\"og:image:type\" content=\"image\/jpeg\" \/>\n<meta name=\"author\" content=\"cfeditorfr\" \/>\n<meta name=\"twitter:card\" content=\"summary_large_image\" \/>\n<meta name=\"twitter:label1\" content=\"\u00c9crit par\" \/>\n\t<meta name=\"twitter:data1\" content=\"cfeditorfr\" \/>\n\t<meta name=\"twitter:label2\" content=\"Dur\u00e9e de lecture estim\u00e9e\" \/>\n\t<meta name=\"twitter:data2\" content=\"4 minutes\" \/>\n<script type=\"application\/ld+json\" class=\"yoast-schema-graph\">{\"@context\":\"https:\/\/schema.org\",\"@graph\":[{\"@type\":\"Article\",\"@id\":\"https:\/\/www.africa-press.net\/senegal\/toutes-les-actualites\/voiture-electrique-le-cout-des-reparations-senvole#article\",\"isPartOf\":{\"@id\":\"https:\/\/www.africa-press.net\/senegal\/toutes-les-actualites\/voiture-electrique-le-cout-des-reparations-senvole\"},\"author\":{\"name\":\"cfeditorfr\",\"@id\":\"https:\/\/www.africa-press.net\/senegal\/#\/schema\/person\/2b1cf3cd81a31e3cd26889ca66d677f1\"},\"headline\":\"Voiture E\u0301Lectrique, le Cou\u0302T des Re\u0301parations S\u2019Envole\",\"datePublished\":\"2025-02-18T12:13:09+00:00\",\"dateModified\":\"2025-05-05T22:06:41+00:00\",\"mainEntityOfPage\":{\"@id\":\"https:\/\/www.africa-press.net\/senegal\/toutes-les-actualites\/voiture-electrique-le-cout-des-reparations-senvole\"},\"wordCount\":727,\"commentCount\":0,\"image\":{\"@id\":\"https:\/\/www.africa-press.net\/senegal\/toutes-les-actualites\/voiture-electrique-le-cout-des-reparations-senvole#primaryimage\"},\"thumbnailUrl\":\"https:\/\/static.africa-press.net\/senegal\/sites\/13\/2025\/02\/sm_1739955744.081155.jpg\",\"keywords\":[\"Senegal\"],\"articleSection\":[\"Divers\",\"Toutes les actualit\u00e9s\"],\"inLanguage\":\"fr-FR\",\"potentialAction\":[{\"@type\":\"CommentAction\",\"name\":\"Comment\",\"target\":[\"https:\/\/www.africa-press.net\/senegal\/toutes-les-actualites\/voiture-electrique-le-cout-des-reparations-senvole#respond\"]}]},{\"@type\":\"WebPage\",\"@id\":\"https:\/\/www.africa-press.net\/senegal\/toutes-les-actualites\/voiture-electrique-le-cout-des-reparations-senvole\",\"url\":\"https:\/\/www.africa-press.net\/senegal\/toutes-les-actualites\/voiture-electrique-le-cout-des-reparations-senvole\",\"name\":\"Voiture E\u0301Lectrique, le Cou\u0302T des Re\u0301parations S\u2019Envole - Senegal\",\"isPartOf\":{\"@id\":\"https:\/\/www.africa-press.net\/senegal\/#website\"},\"primaryImageOfPage\":{\"@id\":\"https:\/\/www.africa-press.net\/senegal\/toutes-les-actualites\/voiture-electrique-le-cout-des-reparations-senvole#primaryimage\"},\"image\":{\"@id\":\"https:\/\/www.africa-press.net\/senegal\/toutes-les-actualites\/voiture-electrique-le-cout-des-reparations-senvole#primaryimage\"},\"thumbnailUrl\":\"https:\/\/static.africa-press.net\/senegal\/sites\/13\/2025\/02\/sm_1739955744.081155.jpg\",\"datePublished\":\"2025-02-18T12:13:09+00:00\",\"dateModified\":\"2025-05-05T22:06:41+00:00\",\"author\":{\"@id\":\"https:\/\/www.africa-press.net\/senegal\/#\/schema\/person\/2b1cf3cd81a31e3cd26889ca66d677f1\"},\"description\":\"Contrairement a\u0300 une ide\u0301e rec\u0327ue, le prix du SAV des mode\u0300les e\u0301lectrifie\u0301s est de 15 % supe\u0301rieur a\u0300 la moyenne du par ...\",\"breadcrumb\":{\"@id\":\"https:\/\/www.africa-press.net\/senegal\/toutes-les-actualites\/voiture-electrique-le-cout-des-reparations-senvole#breadcrumb\"},\"inLanguage\":\"fr-FR\",\"potentialAction\":[{\"@type\":\"ReadAction\",\"target\":[\"https:\/\/www.africa-press.net\/senegal\/toutes-les-actualites\/voiture-electrique-le-cout-des-reparations-senvole\"]}]},{\"@type\":\"ImageObject\",\"inLanguage\":\"fr-FR\",\"@id\":\"https:\/\/www.africa-press.net\/senegal\/toutes-les-actualites\/voiture-electrique-le-cout-des-reparations-senvole#primaryimage\",\"url\":\"https:\/\/static.africa-press.net\/senegal\/sites\/13\/2025\/02\/sm_1739955744.081155.jpg\",\"contentUrl\":\"https:\/\/static.africa-press.net\/senegal\/sites\/13\/2025\/02\/sm_1739955744.081155.jpg\",\"width\":809,\"height\":405,\"caption\":\"Voiture E\u0301Lectrique, le Cou\u0302T des Re\u0301parations S\u2019Envole\"},{\"@type\":\"BreadcrumbList\",\"@id\":\"https:\/\/www.africa-press.net\/senegal\/toutes-les-actualites\/voiture-electrique-le-cout-des-reparations-senvole#breadcrumb\",\"itemListElement\":[{\"@type\":\"ListItem\",\"position\":1,\"name\":\"Accueil\",\"item\":\"https:\/\/www.africa-press.net\/senegal\/\"},{\"@type\":\"ListItem\",\"position\":2,\"name\":\"Voiture E\u0301Lectrique, le Cou\u0302T des Re\u0301parations S\u2019Envole\"}]},{\"@type\":\"WebSite\",\"@id\":\"https:\/\/www.africa-press.net\/senegal\/#website\",\"url\":\"https:\/\/www.africa-press.net\/senegal\/\",\"name\":\"Africa Press | Senegal | Homepage\",\"description\":\"Just another Africa News Agency Sites site\",\"potentialAction\":[{\"@type\":\"SearchAction\",\"target\":{\"@type\":\"EntryPoint\",\"urlTemplate\":\"https:\/\/www.africa-press.net\/senegal\/?s={search_term_string}\"},\"query-input\":{\"@type\":\"PropertyValueSpecification\",\"valueRequired\":true,\"valueName\":\"search_term_string\"}}],\"inLanguage\":\"fr-FR\"},{\"@type\":\"Person\",\"@id\":\"https:\/\/www.africa-press.net\/senegal\/#\/schema\/person\/2b1cf3cd81a31e3cd26889ca66d677f1\",\"name\":\"cfeditorfr\",\"url\":\"https:\/\/www.africa-press.net\/senegal\/author\/cfeditorfr\"}]}<\/script>\n<!-- \/ Yoast SEO Premium plugin. -->","yoast_head_json":{"title":"Voiture E\u0301Lectrique, le Cou\u0302T des Re\u0301parations S\u2019Envole - Senegal","description":"Contrairement a\u0300 une ide\u0301e rec\u0327ue, le prix du SAV des mode\u0300les e\u0301lectrifie\u0301s est de 15 % supe\u0301rieur a\u0300 la moyenne du par ...","robots":{"index":"index","follow":"follow","max-snippet":"max-snippet:-1","max-image-preview":"max-image-preview:large","max-video-preview":"max-video-preview:-1"},"canonical":"https:\/\/www.africa-press.net\/senegal\/toutes-les-actualites\/voiture-electrique-le-cout-des-reparations-senvole","og_locale":"fr_FR","og_type":"article","og_title":"Voiture E\u0301Lectrique, le Cou\u0302T des Re\u0301parations S\u2019Envole","og_description":"Contrairement a\u0300 une ide\u0301e rec\u0327ue, le prix du SAV des mode\u0300les e\u0301lectrifie\u0301s est de 15 % supe\u0301rieur a\u0300 la moyenne du par ...","og_url":"https:\/\/www.africa-press.net\/senegal\/toutes-les-actualites\/voiture-electrique-le-cout-des-reparations-senvole","og_site_name":"Senegal","article_published_time":"2025-02-18T12:13:09+00:00","article_modified_time":"2025-05-05T22:06:41+00:00","og_image":[{"width":809,"height":405,"url":"https:\/\/static.africa-press.net\/senegal\/sites\/13\/2025\/02\/sm_1739955744.081155.jpg","type":"image\/jpeg"}],"author":"cfeditorfr","twitter_card":"summary_large_image","twitter_misc":{"\u00c9crit par":"cfeditorfr","Dur\u00e9e de lecture estim\u00e9e":"4 minutes"},"schema":{"@context":"https:\/\/schema.org","@graph":[{"@type":"Article","@id":"https:\/\/www.africa-press.net\/senegal\/toutes-les-actualites\/voiture-electrique-le-cout-des-reparations-senvole#article","isPartOf":{"@id":"https:\/\/www.africa-press.net\/senegal\/toutes-les-actualites\/voiture-electrique-le-cout-des-reparations-senvole"},"author":{"name":"cfeditorfr","@id":"https:\/\/www.africa-press.net\/senegal\/#\/schema\/person\/2b1cf3cd81a31e3cd26889ca66d677f1"},"headline":"Voiture E\u0301Lectrique, le Cou\u0302T des Re\u0301parations S\u2019Envole","datePublished":"2025-02-18T12:13:09+00:00","dateModified":"2025-05-05T22:06:41+00:00","mainEntityOfPage":{"@id":"https:\/\/www.africa-press.net\/senegal\/toutes-les-actualites\/voiture-electrique-le-cout-des-reparations-senvole"},"wordCount":727,"commentCount":0,"image":{"@id":"https:\/\/www.africa-press.net\/senegal\/toutes-les-actualites\/voiture-electrique-le-cout-des-reparations-senvole#primaryimage"},"thumbnailUrl":"https:\/\/static.africa-press.net\/senegal\/sites\/13\/2025\/02\/sm_1739955744.081155.jpg","keywords":["Senegal"],"articleSection":["Divers","Toutes les actualit\u00e9s"],"inLanguage":"fr-FR","potentialAction":[{"@type":"CommentAction","name":"Comment","target":["https:\/\/www.africa-press.net\/senegal\/toutes-les-actualites\/voiture-electrique-le-cout-des-reparations-senvole#respond"]}]},{"@type":"WebPage","@id":"https:\/\/www.africa-press.net\/senegal\/toutes-les-actualites\/voiture-electrique-le-cout-des-reparations-senvole","url":"https:\/\/www.africa-press.net\/senegal\/toutes-les-actualites\/voiture-electrique-le-cout-des-reparations-senvole","name":"Voiture E\u0301Lectrique, le Cou\u0302T des Re\u0301parations S\u2019Envole - Senegal","isPartOf":{"@id":"https:\/\/www.africa-press.net\/senegal\/#website"},"primaryImageOfPage":{"@id":"https:\/\/www.africa-press.net\/senegal\/toutes-les-actualites\/voiture-electrique-le-cout-des-reparations-senvole#primaryimage"},"image":{"@id":"https:\/\/www.africa-press.net\/senegal\/toutes-les-actualites\/voiture-electrique-le-cout-des-reparations-senvole#primaryimage"},"thumbnailUrl":"https:\/\/static.africa-press.net\/senegal\/sites\/13\/2025\/02\/sm_1739955744.081155.jpg","datePublished":"2025-02-18T12:13:09+00:00","dateModified":"2025-05-05T22:06:41+00:00","author":{"@id":"https:\/\/www.africa-press.net\/senegal\/#\/schema\/person\/2b1cf3cd81a31e3cd26889ca66d677f1"},"description":"Contrairement a\u0300 une ide\u0301e rec\u0327ue, le prix du SAV des mode\u0300les e\u0301lectrifie\u0301s est de 15 % supe\u0301rieur a\u0300 la moyenne du par ...","breadcrumb":{"@id":"https:\/\/www.africa-press.net\/senegal\/toutes-les-actualites\/voiture-electrique-le-cout-des-reparations-senvole#breadcrumb"},"inLanguage":"fr-FR","potentialAction":[{"@type":"ReadAction","target":["https:\/\/www.africa-press.net\/senegal\/toutes-les-actualites\/voiture-electrique-le-cout-des-reparations-senvole"]}]},{"@type":"ImageObject","inLanguage":"fr-FR","@id":"https:\/\/www.africa-press.net\/senegal\/toutes-les-actualites\/voiture-electrique-le-cout-des-reparations-senvole#primaryimage","url":"https:\/\/static.africa-press.net\/senegal\/sites\/13\/2025\/02\/sm_1739955744.081155.jpg","contentUrl":"https:\/\/static.africa-press.net\/senegal\/sites\/13\/2025\/02\/sm_1739955744.081155.jpg","width":809,"height":405,"caption":"Voiture E\u0301Lectrique, le Cou\u0302T des Re\u0301parations S\u2019Envole"},{"@type":"BreadcrumbList","@id":"https:\/\/www.africa-press.net\/senegal\/toutes-les-actualites\/voiture-electrique-le-cout-des-reparations-senvole#breadcrumb","itemListElement":[{"@type":"ListItem","position":1,"name":"Accueil","item":"https:\/\/www.africa-press.net\/senegal\/"},{"@type":"ListItem","position":2,"name":"Voiture E\u0301Lectrique, le Cou\u0302T des Re\u0301parations S\u2019Envole"}]},{"@type":"WebSite","@id":"https:\/\/www.africa-press.net\/senegal\/#website","url":"https:\/\/www.africa-press.net\/senegal\/","name":"Africa Press | Senegal | Homepage","description":"Just another Africa News Agency Sites site","potentialAction":[{"@type":"SearchAction","target":{"@type":"EntryPoint","urlTemplate":"https:\/\/www.africa-press.net\/senegal\/?s={search_term_string}"},"query-input":{"@type":"PropertyValueSpecification","valueRequired":true,"valueName":"search_term_string"}}],"inLanguage":"fr-FR"},{"@type":"Person","@id":"https:\/\/www.africa-press.net\/senegal\/#\/schema\/person\/2b1cf3cd81a31e3cd26889ca66d677f1","name":"cfeditorfr","url":"https:\/\/www.africa-press.net\/senegal\/author\/cfeditorfr"}]}},"_links":{"self":[{"href":"https:\/\/www.africa-press.net\/senegal\/wp-json\/wp\/v2\/posts\/65573","targetHints":{"allow":["GET"]}}],"collection":[{"href":"https:\/\/www.africa-press.net\/senegal\/wp-json\/wp\/v2\/posts"}],"about":[{"href":"https:\/\/www.africa-press.net\/senegal\/wp-json\/wp\/v2\/types\/post"}],"author":[{"embeddable":true,"href":"https:\/\/www.africa-press.net\/senegal\/wp-json\/wp\/v2\/users\/82"}],"replies":[{"embeddable":true,"href":"https:\/\/www.africa-press.net\/senegal\/wp-json\/wp\/v2\/comments?post=65573"}],"version-history":[{"count":0,"href":"https:\/\/www.africa-press.net\/senegal\/wp-json\/wp\/v2\/posts\/65573\/revisions"}],"wp:featuredmedia":[{"embeddable":true,"href":"https:\/\/www.africa-press.net\/senegal\/wp-json\/wp\/v2\/media\/65572"}],"wp:attachment":[{"href":"https:\/\/www.africa-press.net\/senegal\/wp-json\/wp\/v2\/media?parent=65573"}],"wp:term":[{"taxonomy":"category","embeddable":true,"href":"https:\/\/www.africa-press.net\/senegal\/wp-json\/wp\/v2\/categories?post=65573"},{"taxonomy":"post_tag","embeddable":true,"href":"https:\/\/www.africa-press.net\/senegal\/wp-json\/wp\/v2\/tags?post=65573"}],"curies":[{"name":"wp","href":"https:\/\/api.w.org\/{rel}","templated":true}]}}