{"id":65583,"date":"2025-02-18T12:34:04","date_gmt":"2025-02-18T12:34:04","guid":{"rendered":"https:\/\/www.africa-press.net\/senegal\/politique\/cpi-menace-le-m23-dans-le-conflit-en-rdc"},"modified":"2025-05-05T22:08:50","modified_gmt":"2025-05-05T22:08:50","slug":"cpi-menace-le-m23-dans-le-conflit-en-rdc","status":"publish","type":"post","link":"https:\/\/www.africa-press.net\/senegal\/dossiers\/cpi-menace-le-m23-dans-le-conflit-en-rdc","title":{"rendered":"CPI Menace le M23 dans le Conflit en RDC."},"content":{"rendered":"<p><span style=\"color: #ff6600\"><strong>Africa-Press &#8211; Senegal. <\/strong><\/span>Bukavu, la capitale du Sud-Kivu est tomb\u00e9e depuis dimanche 16 f\u00e9vrier dernier aux mains du Mouvement du 23 mars qui n&rsquo;ont pratiquement rencontr\u00e9 aucune r\u00e9sistance. C&rsquo;est d&rsquo;ailleurs le cas depuis qu&rsquo;ils ont entam\u00e9 leur marche depuis de longues semaines et de longs mois.<\/p>\n<p>Le M23 avance sans que ni les FARDC, ni les organisations panafricaines internationales ne puissent instaurer un cessez-le-feu pour stopper leur marche. Le sommet de l&rsquo;Union africaine vient de se terminer \u00e0 Addis, min\u00e9e par ses propres dissensions, elle n&rsquo;a pu v\u00e9ritablement imposer quelque d\u00e9cision \u00e0 qui que ce soit, ni m\u00eame oser nommer le fauteur de troubles, Paul Kagam\u00e9.<\/p>\n<p>Les pressions viennent surtout de l&rsquo;ext\u00e9rieur, notamment de l&rsquo;Union europ\u00e9enne qui multiplie les condamnations et appelle le pr\u00e9sident Rwandais \u00e0 cesser son soutien au mouvement rebelle. En attendant cet improbable cessez-le-feu, \u00e0 chaque \u00e9tape son lot de drames humanitaires, voire d&rsquo;exactions.<\/p>\n<p>C&rsquo;est notamment le cas \u00e0 Goma o\u00f9 le procureur de la Cour p\u00e9nale internationale a lanc\u00e9 un appel \u00e0 t\u00e9moins sur les violences commises dans cette ville et dans la r\u00e9gion. En effet, selon le bureau des droits de l&rsquo;homme de l&rsquo;ONU, la situation dans l&rsquo;Est de la R\u00e9publique d\u00e9mocratique du Congo (RDC), a entra\u00een\u00e9 de graves abus tels que des ex\u00e9cutions sommaires, y compris d&rsquo;enfants, et des violences sexuelles li\u00e9es au conflit.<\/p>\n<p>Des exactions de plus donc, comme ces mouvements en ont l&rsquo;habitude, ont emmen\u00e9 la Cour p\u00e9nale internationale \u00e0 s&rsquo;int\u00e9resser aux crimes commis dans le Nord-Kivu depuis le 1er janvier 2022, sur les mois d&rsquo;affrontements entre l&rsquo;arm\u00e9e congolaise et le M23 et l&rsquo;escalade de la violence dans l&rsquo;Est de la RDC plus pr\u00e9cis\u00e9ment \u00e0 Goma.<\/p>\n<p>Sans indiquer nomm\u00e9ment qui sont les cibles des enqu\u00eates en cours, on se doute bien que le M23 soit dans le viseur de la CPI. Ce n&rsquo;est d&rsquo;ailleurs pas la premi\u00e8re fois que la CPI s&rsquo;int\u00e9resse aux exactions du M23. On se rappelle de Laurent Nkunda, g\u00e9n\u00e9ral rebelle dans le viseur de la CPI aux arr\u00eats depuis 2009 et gard\u00e9 sous haute surveillance \u00e0 Kigali, pendant ce temps Bosco Ntaganda, lui, est d\u00e9j\u00e0 en train de m\u00e9diter entre quatre murs \u00e0 la prison de Leuze-en-Hainaut au Royaume de Belgique sur ses faits et m\u00e9faits.<\/p>\n<p>Cette pression judiciaire suppl\u00e9mentaire am\u00e8nera-t-elle les rebelles \u00e0 changer leur fusil d&rsquo;\u00e9paule ? On doute que \u00e7a puisse les dissuader de quelque mani\u00e8re que ce soit \u00e0 moins que la juridiction internationale ne vise plus haut pour toucher les parrains reconnus de cette nouvelle r\u00e9bellion congolaise. C&rsquo;est une autre paire de manche.<\/p>\n<p><strong>Pour plus d&rsquo;informations et d&rsquo;analyses sur la <span style=\"color: #ff6600\">Senegal<\/span>, suivez <span style=\"color: #ff6600\">Africa-Press<\/span><\/strong><\/p>\n","protected":false},"excerpt":{"rendered":"<p>Africa-Press &#8211; Senegal. Bukavu, la capitale du Sud-Kivu est tomb\u00e9e depuis dimanche 16 f\u00e9vrier dernier aux mains du Mouvement du 23 mars qui n&rsquo;ont pratiquement rencontr\u00e9 aucune r\u00e9sistance. C&rsquo;est d&rsquo;ailleurs le cas depuis qu&rsquo;ils ont entam\u00e9 leur marche depuis de longues semaines et de longs mois. Le M23 avance sans que ni les FARDC, ni [&hellip;]<\/p>\n","protected":false},"author":82,"featured_media":65582,"comment_status":"open","ping_status":"closed","sticky":false,"template":"","format":"standard","meta":{"footnotes":""},"categories":[7,10],"tags":[44],"class_list":["post-65583","post","type-post","status-publish","format-standard","has-post-thumbnail","hentry","category-dossiers","category-toutes-les-actualites","tag-senegal-2"],"yoast_head":"<!-- This site is optimized with the Yoast SEO Premium plugin v26.1 (Yoast SEO v27.0) - https:\/\/yoast.com\/product\/yoast-seo-premium-wordpress\/ -->\n<title>CPI Menace le M23 dans le Conflit en RDC. - Senegal<\/title>\n<meta name=\"description\" content=\"Bukavu, la capitale du Sud-Kivu est tombe\u0301e depuis dimanche 16 fe\u0301vrier dernier aux mains du Mouvement du 23 mars qui n&#039;on ...\" \/>\n<meta name=\"robots\" content=\"index, follow, max-snippet:-1, max-image-preview:large, max-video-preview:-1\" \/>\n<link rel=\"canonical\" href=\"https:\/\/www.africa-press.net\/senegal\/dossiers\/cpi-menace-le-m23-dans-le-conflit-en-rdc\" \/>\n<meta property=\"og:locale\" content=\"fr_FR\" \/>\n<meta property=\"og:type\" content=\"article\" \/>\n<meta property=\"og:title\" content=\"CPI Menace le M23 dans le Conflit en RDC.\" \/>\n<meta property=\"og:description\" content=\"Bukavu, la capitale du Sud-Kivu est tombe\u0301e depuis dimanche 16 fe\u0301vrier dernier aux mains du Mouvement du 23 mars qui n&#039;on ...\" \/>\n<meta property=\"og:url\" content=\"https:\/\/www.africa-press.net\/senegal\/dossiers\/cpi-menace-le-m23-dans-le-conflit-en-rdc\" \/>\n<meta property=\"og:site_name\" content=\"Senegal\" \/>\n<meta property=\"article:published_time\" content=\"2025-02-18T12:34:04+00:00\" \/>\n<meta property=\"article:modified_time\" content=\"2025-05-05T22:08:50+00:00\" \/>\n<meta property=\"og:image\" content=\"https:\/\/static.africa-press.net\/senegal\/sites\/13\/2025\/02\/sm_1739957097.282585.jpg\" \/>\n\t<meta property=\"og:image:width\" content=\"1058\" \/>\n\t<meta property=\"og:image:height\" content=\"644\" \/>\n\t<meta property=\"og:image:type\" content=\"image\/jpeg\" \/>\n<meta name=\"author\" content=\"cfeditorfr\" \/>\n<meta name=\"twitter:card\" content=\"summary_large_image\" \/>\n<meta name=\"twitter:label1\" content=\"\u00c9crit par\" \/>\n\t<meta name=\"twitter:data1\" content=\"cfeditorfr\" \/>\n\t<meta name=\"twitter:label2\" content=\"Dur\u00e9e de lecture estim\u00e9e\" \/>\n\t<meta name=\"twitter:data2\" content=\"3 minutes\" \/>\n<script type=\"application\/ld+json\" class=\"yoast-schema-graph\">{\"@context\":\"https:\/\/schema.org\",\"@graph\":[{\"@type\":\"Article\",\"@id\":\"https:\/\/www.africa-press.net\/senegal\/dossiers\/cpi-menace-le-m23-dans-le-conflit-en-rdc#article\",\"isPartOf\":{\"@id\":\"https:\/\/www.africa-press.net\/senegal\/dossiers\/cpi-menace-le-m23-dans-le-conflit-en-rdc\"},\"author\":{\"name\":\"cfeditorfr\",\"@id\":\"https:\/\/www.africa-press.net\/senegal\/#\/schema\/person\/2b1cf3cd81a31e3cd26889ca66d677f1\"},\"headline\":\"CPI Menace le M23 dans le Conflit en RDC.\",\"datePublished\":\"2025-02-18T12:34:04+00:00\",\"dateModified\":\"2025-05-05T22:08:50+00:00\",\"mainEntityOfPage\":{\"@id\":\"https:\/\/www.africa-press.net\/senegal\/dossiers\/cpi-menace-le-m23-dans-le-conflit-en-rdc\"},\"wordCount\":486,\"commentCount\":0,\"image\":{\"@id\":\"https:\/\/www.africa-press.net\/senegal\/dossiers\/cpi-menace-le-m23-dans-le-conflit-en-rdc#primaryimage\"},\"thumbnailUrl\":\"https:\/\/static.africa-press.net\/senegal\/sites\/13\/2025\/02\/sm_1739957097.282585.jpg\",\"keywords\":[\"Senegal\"],\"articleSection\":[\"Dossiers\",\"Toutes les actualit\u00e9s\"],\"inLanguage\":\"fr-FR\",\"potentialAction\":[{\"@type\":\"CommentAction\",\"name\":\"Comment\",\"target\":[\"https:\/\/www.africa-press.net\/senegal\/dossiers\/cpi-menace-le-m23-dans-le-conflit-en-rdc#respond\"]}]},{\"@type\":\"WebPage\",\"@id\":\"https:\/\/www.africa-press.net\/senegal\/dossiers\/cpi-menace-le-m23-dans-le-conflit-en-rdc\",\"url\":\"https:\/\/www.africa-press.net\/senegal\/dossiers\/cpi-menace-le-m23-dans-le-conflit-en-rdc\",\"name\":\"CPI Menace le M23 dans le Conflit en RDC. - Senegal\",\"isPartOf\":{\"@id\":\"https:\/\/www.africa-press.net\/senegal\/#website\"},\"primaryImageOfPage\":{\"@id\":\"https:\/\/www.africa-press.net\/senegal\/dossiers\/cpi-menace-le-m23-dans-le-conflit-en-rdc#primaryimage\"},\"image\":{\"@id\":\"https:\/\/www.africa-press.net\/senegal\/dossiers\/cpi-menace-le-m23-dans-le-conflit-en-rdc#primaryimage\"},\"thumbnailUrl\":\"https:\/\/static.africa-press.net\/senegal\/sites\/13\/2025\/02\/sm_1739957097.282585.jpg\",\"datePublished\":\"2025-02-18T12:34:04+00:00\",\"dateModified\":\"2025-05-05T22:08:50+00:00\",\"author\":{\"@id\":\"https:\/\/www.africa-press.net\/senegal\/#\/schema\/person\/2b1cf3cd81a31e3cd26889ca66d677f1\"},\"description\":\"Bukavu, la capitale du Sud-Kivu est tombe\u0301e depuis dimanche 16 fe\u0301vrier dernier aux mains du Mouvement du 23 mars qui n'on ...\",\"breadcrumb\":{\"@id\":\"https:\/\/www.africa-press.net\/senegal\/dossiers\/cpi-menace-le-m23-dans-le-conflit-en-rdc#breadcrumb\"},\"inLanguage\":\"fr-FR\",\"potentialAction\":[{\"@type\":\"ReadAction\",\"target\":[\"https:\/\/www.africa-press.net\/senegal\/dossiers\/cpi-menace-le-m23-dans-le-conflit-en-rdc\"]}]},{\"@type\":\"ImageObject\",\"inLanguage\":\"fr-FR\",\"@id\":\"https:\/\/www.africa-press.net\/senegal\/dossiers\/cpi-menace-le-m23-dans-le-conflit-en-rdc#primaryimage\",\"url\":\"https:\/\/static.africa-press.net\/senegal\/sites\/13\/2025\/02\/sm_1739957097.282585.jpg\",\"contentUrl\":\"https:\/\/static.africa-press.net\/senegal\/sites\/13\/2025\/02\/sm_1739957097.282585.jpg\",\"width\":1058,\"height\":644,\"caption\":\"CPI Menace le M23 dans le Conflit en RDC.\"},{\"@type\":\"BreadcrumbList\",\"@id\":\"https:\/\/www.africa-press.net\/senegal\/dossiers\/cpi-menace-le-m23-dans-le-conflit-en-rdc#breadcrumb\",\"itemListElement\":[{\"@type\":\"ListItem\",\"position\":1,\"name\":\"Accueil\",\"item\":\"https:\/\/www.africa-press.net\/senegal\/\"},{\"@type\":\"ListItem\",\"position\":2,\"name\":\"CPI Menace le M23 dans le Conflit en RDC.\"}]},{\"@type\":\"WebSite\",\"@id\":\"https:\/\/www.africa-press.net\/senegal\/#website\",\"url\":\"https:\/\/www.africa-press.net\/senegal\/\",\"name\":\"Africa Press | Senegal | Homepage\",\"description\":\"Just another Africa News Agency Sites site\",\"potentialAction\":[{\"@type\":\"SearchAction\",\"target\":{\"@type\":\"EntryPoint\",\"urlTemplate\":\"https:\/\/www.africa-press.net\/senegal\/?s={search_term_string}\"},\"query-input\":{\"@type\":\"PropertyValueSpecification\",\"valueRequired\":true,\"valueName\":\"search_term_string\"}}],\"inLanguage\":\"fr-FR\"},{\"@type\":\"Person\",\"@id\":\"https:\/\/www.africa-press.net\/senegal\/#\/schema\/person\/2b1cf3cd81a31e3cd26889ca66d677f1\",\"name\":\"cfeditorfr\",\"url\":\"https:\/\/www.africa-press.net\/senegal\/author\/cfeditorfr\"}]}<\/script>\n<!-- \/ Yoast SEO Premium plugin. -->","yoast_head_json":{"title":"CPI Menace le M23 dans le Conflit en RDC. - Senegal","description":"Bukavu, la capitale du Sud-Kivu est tombe\u0301e depuis dimanche 16 fe\u0301vrier dernier aux mains du Mouvement du 23 mars qui n'on ...","robots":{"index":"index","follow":"follow","max-snippet":"max-snippet:-1","max-image-preview":"max-image-preview:large","max-video-preview":"max-video-preview:-1"},"canonical":"https:\/\/www.africa-press.net\/senegal\/dossiers\/cpi-menace-le-m23-dans-le-conflit-en-rdc","og_locale":"fr_FR","og_type":"article","og_title":"CPI Menace le M23 dans le Conflit en RDC.","og_description":"Bukavu, la capitale du Sud-Kivu est tombe\u0301e depuis dimanche 16 fe\u0301vrier dernier aux mains du Mouvement du 23 mars qui n'on ...","og_url":"https:\/\/www.africa-press.net\/senegal\/dossiers\/cpi-menace-le-m23-dans-le-conflit-en-rdc","og_site_name":"Senegal","article_published_time":"2025-02-18T12:34:04+00:00","article_modified_time":"2025-05-05T22:08:50+00:00","og_image":[{"width":1058,"height":644,"url":"https:\/\/static.africa-press.net\/senegal\/sites\/13\/2025\/02\/sm_1739957097.282585.jpg","type":"image\/jpeg"}],"author":"cfeditorfr","twitter_card":"summary_large_image","twitter_misc":{"\u00c9crit par":"cfeditorfr","Dur\u00e9e de lecture estim\u00e9e":"3 minutes"},"schema":{"@context":"https:\/\/schema.org","@graph":[{"@type":"Article","@id":"https:\/\/www.africa-press.net\/senegal\/dossiers\/cpi-menace-le-m23-dans-le-conflit-en-rdc#article","isPartOf":{"@id":"https:\/\/www.africa-press.net\/senegal\/dossiers\/cpi-menace-le-m23-dans-le-conflit-en-rdc"},"author":{"name":"cfeditorfr","@id":"https:\/\/www.africa-press.net\/senegal\/#\/schema\/person\/2b1cf3cd81a31e3cd26889ca66d677f1"},"headline":"CPI Menace le M23 dans le Conflit en RDC.","datePublished":"2025-02-18T12:34:04+00:00","dateModified":"2025-05-05T22:08:50+00:00","mainEntityOfPage":{"@id":"https:\/\/www.africa-press.net\/senegal\/dossiers\/cpi-menace-le-m23-dans-le-conflit-en-rdc"},"wordCount":486,"commentCount":0,"image":{"@id":"https:\/\/www.africa-press.net\/senegal\/dossiers\/cpi-menace-le-m23-dans-le-conflit-en-rdc#primaryimage"},"thumbnailUrl":"https:\/\/static.africa-press.net\/senegal\/sites\/13\/2025\/02\/sm_1739957097.282585.jpg","keywords":["Senegal"],"articleSection":["Dossiers","Toutes les actualit\u00e9s"],"inLanguage":"fr-FR","potentialAction":[{"@type":"CommentAction","name":"Comment","target":["https:\/\/www.africa-press.net\/senegal\/dossiers\/cpi-menace-le-m23-dans-le-conflit-en-rdc#respond"]}]},{"@type":"WebPage","@id":"https:\/\/www.africa-press.net\/senegal\/dossiers\/cpi-menace-le-m23-dans-le-conflit-en-rdc","url":"https:\/\/www.africa-press.net\/senegal\/dossiers\/cpi-menace-le-m23-dans-le-conflit-en-rdc","name":"CPI Menace le M23 dans le Conflit en RDC. - Senegal","isPartOf":{"@id":"https:\/\/www.africa-press.net\/senegal\/#website"},"primaryImageOfPage":{"@id":"https:\/\/www.africa-press.net\/senegal\/dossiers\/cpi-menace-le-m23-dans-le-conflit-en-rdc#primaryimage"},"image":{"@id":"https:\/\/www.africa-press.net\/senegal\/dossiers\/cpi-menace-le-m23-dans-le-conflit-en-rdc#primaryimage"},"thumbnailUrl":"https:\/\/static.africa-press.net\/senegal\/sites\/13\/2025\/02\/sm_1739957097.282585.jpg","datePublished":"2025-02-18T12:34:04+00:00","dateModified":"2025-05-05T22:08:50+00:00","author":{"@id":"https:\/\/www.africa-press.net\/senegal\/#\/schema\/person\/2b1cf3cd81a31e3cd26889ca66d677f1"},"description":"Bukavu, la capitale du Sud-Kivu est tombe\u0301e depuis dimanche 16 fe\u0301vrier dernier aux mains du Mouvement du 23 mars qui n'on ...","breadcrumb":{"@id":"https:\/\/www.africa-press.net\/senegal\/dossiers\/cpi-menace-le-m23-dans-le-conflit-en-rdc#breadcrumb"},"inLanguage":"fr-FR","potentialAction":[{"@type":"ReadAction","target":["https:\/\/www.africa-press.net\/senegal\/dossiers\/cpi-menace-le-m23-dans-le-conflit-en-rdc"]}]},{"@type":"ImageObject","inLanguage":"fr-FR","@id":"https:\/\/www.africa-press.net\/senegal\/dossiers\/cpi-menace-le-m23-dans-le-conflit-en-rdc#primaryimage","url":"https:\/\/static.africa-press.net\/senegal\/sites\/13\/2025\/02\/sm_1739957097.282585.jpg","contentUrl":"https:\/\/static.africa-press.net\/senegal\/sites\/13\/2025\/02\/sm_1739957097.282585.jpg","width":1058,"height":644,"caption":"CPI Menace le M23 dans le Conflit en RDC."},{"@type":"BreadcrumbList","@id":"https:\/\/www.africa-press.net\/senegal\/dossiers\/cpi-menace-le-m23-dans-le-conflit-en-rdc#breadcrumb","itemListElement":[{"@type":"ListItem","position":1,"name":"Accueil","item":"https:\/\/www.africa-press.net\/senegal\/"},{"@type":"ListItem","position":2,"name":"CPI Menace le M23 dans le Conflit en RDC."}]},{"@type":"WebSite","@id":"https:\/\/www.africa-press.net\/senegal\/#website","url":"https:\/\/www.africa-press.net\/senegal\/","name":"Africa Press | Senegal | Homepage","description":"Just another Africa News Agency Sites site","potentialAction":[{"@type":"SearchAction","target":{"@type":"EntryPoint","urlTemplate":"https:\/\/www.africa-press.net\/senegal\/?s={search_term_string}"},"query-input":{"@type":"PropertyValueSpecification","valueRequired":true,"valueName":"search_term_string"}}],"inLanguage":"fr-FR"},{"@type":"Person","@id":"https:\/\/www.africa-press.net\/senegal\/#\/schema\/person\/2b1cf3cd81a31e3cd26889ca66d677f1","name":"cfeditorfr","url":"https:\/\/www.africa-press.net\/senegal\/author\/cfeditorfr"}]}},"_links":{"self":[{"href":"https:\/\/www.africa-press.net\/senegal\/wp-json\/wp\/v2\/posts\/65583","targetHints":{"allow":["GET"]}}],"collection":[{"href":"https:\/\/www.africa-press.net\/senegal\/wp-json\/wp\/v2\/posts"}],"about":[{"href":"https:\/\/www.africa-press.net\/senegal\/wp-json\/wp\/v2\/types\/post"}],"author":[{"embeddable":true,"href":"https:\/\/www.africa-press.net\/senegal\/wp-json\/wp\/v2\/users\/82"}],"replies":[{"embeddable":true,"href":"https:\/\/www.africa-press.net\/senegal\/wp-json\/wp\/v2\/comments?post=65583"}],"version-history":[{"count":0,"href":"https:\/\/www.africa-press.net\/senegal\/wp-json\/wp\/v2\/posts\/65583\/revisions"}],"wp:featuredmedia":[{"embeddable":true,"href":"https:\/\/www.africa-press.net\/senegal\/wp-json\/wp\/v2\/media\/65582"}],"wp:attachment":[{"href":"https:\/\/www.africa-press.net\/senegal\/wp-json\/wp\/v2\/media?parent=65583"}],"wp:term":[{"taxonomy":"category","embeddable":true,"href":"https:\/\/www.africa-press.net\/senegal\/wp-json\/wp\/v2\/categories?post=65583"},{"taxonomy":"post_tag","embeddable":true,"href":"https:\/\/www.africa-press.net\/senegal\/wp-json\/wp\/v2\/tags?post=65583"}],"curies":[{"name":"wp","href":"https:\/\/api.w.org\/{rel}","templated":true}]}}