{"id":65585,"date":"2025-02-18T10:48:55","date_gmt":"2025-02-18T10:48:55","guid":{"rendered":"https:\/\/www.africa-press.net\/senegal\/politique\/reunion-oms-sur-la-securite-routiere-a-marrakech"},"modified":"2025-05-05T20:06:12","modified_gmt":"2025-05-05T20:06:12","slug":"reunion-oms-sur-la-securite-routiere-a-marrakech","status":"publish","type":"post","link":"https:\/\/www.africa-press.net\/senegal\/dossiers\/reunion-oms-sur-la-securite-routiere-a-marrakech","title":{"rendered":"R\u00e9union OMS sur la S\u00e9curit\u00e9 Routi\u00e8re \u00e0 Marrakech"},"content":{"rendered":"<p><span style=\"color: #ff6600\"><strong>Africa-Press &#8211; Senegal. <\/strong><\/span>Ce mardi 18 fe\u0301vrier s&rsquo;ouvre a\u0300 Marrakech la 4e confe\u0301rence ministe\u0301rielle sur la se\u0301curite\u0301 routie\u0300re. Pour la premie\u0300re fois, la rencontre internationale, organise\u0301e par l&rsquo;Organisation mondiale de la Sante\u0301 (OMS) et le pays ho\u0302te, a lieu sur le continent africain, particulie\u0300rement touche\u0301 par les accidents de la route.<\/p>\n<p>Selon les derniers chiffres officiels de l&rsquo;OMS publie\u0301s dimanche 16 fe\u0301vrier, le nombre de morts sur la route dans le monde en 2021 s&rsquo;e\u0301le\u0300ve a\u0300 1,19 million, soit plus de deux de\u0301ce\u0300s par minute. Malgre\u0301 une tre\u0300s le\u0301ge\u0300re baisse 5% par rapport a\u0300 2010, c&rsquo;est bien loin de l&rsquo;objectif du plan Vision Ze\u0301ro 2011-2030 qui entendait re\u0301duire de moitie\u0301 le nombre d&rsquo;accidents de la route en 10 ans.<\/p>\n<p>Une situation d&rsquo;autant plus alarmante que les chiffres officiels communique\u0301s par les E\u0301tats sont souvent largement sous-estime\u0301s, selon E\u0301tienne Krug, directeur du De\u0301partement des de\u0301terminants sociaux de la sante\u0301 a\u0300 l&rsquo;OMS, notamment en Afrique ou\u0300 les taux de mortalite\u0301 en raison des accidents de la route sont les plus e\u0301leve\u0301s. \u00ab La se\u0301curite\u0301 ou l&rsquo;inse\u0301curite\u0301 routie\u0300re est la premie\u0300re cause de mortalite\u0301 chez les jeunes, la 12e cause de mortalite\u0301 tout a\u0302ge confondu, et tue 1,2 million de personnes chaque anne\u0301e, explique-t-il. Le but de la confe\u0301rence est vraiment d&rsquo;acce\u0301le\u0301rer le progre\u0300s. \u00bb<\/p>\n<p>Et des solutions, il en existe. Tous les experts insistent sur la mise en place de programmes scolaires de\u0301die\u0301s a\u0300 la se\u0301curite\u0301 routie\u0300re de\u0300s l&rsquo;e\u0301cole primaire. Certains proposent e\u0301galement la mise en place d&rsquo;un permis pie\u0301ton, en plus des permis pour les ve\u0301hicules motorise\u0301s. A\u0300 Bouake\u0301, en Co\u0302te d&rsquo;Ivoire, l&rsquo;ONG Amend oeuvre, elle, a\u0300 re\u0301ame\u0301nager les zones autour des e\u0301coles, des zones particulie\u0300rement accidentoge\u0300nes. Et pour cela, elle s&rsquo;appuie sur une analyse par drone du trafic et l&rsquo;intelligence artificielle.<\/p>\n<p>Utilisation de l&rsquo;intelligence artificielle<\/p>\n<p>Barrie\u0300res de se\u0301curite\u0301, se\u0301parateurs, dos d&rsquo;a\u0302ne: ou\u0300 et comment mettre en place ces ame\u0301nagements ? C&rsquo;est le travail de l&rsquo;ONG Amend qui s&rsquo;appuie sur une analyse de\u0301taille\u0301e du trafic, de la vitesse des ve\u0301hicules, de l&rsquo;e\u0301tat des routes. L&rsquo;ONG oeuvre notamment a\u0300 Bouake\u0301 aux abords des e\u0301coles, ville connue pour son nombre important de deux roues en circulation.<\/p>\n<p>\u00ab A\u0300 ce moment-la\u0300, on est capables de faire une proposition de l&rsquo;ame\u0301lioration de l&rsquo;infrastructure, de sorte qu&rsquo;on puisse, d&rsquo;une part, prote\u0301ger les enfants, se\u0301parer la circulation et ralentir la vitesse des usagers de la route, qui sont les premiers dangers pour ces enfants \u00bb, explique Me\u0301lissande Boyer, responsable des programmes en Co\u0302te d&rsquo;Ivoire et au Se\u0301ne\u0301gal.<\/p>\n<p>Une collecte de donne\u0301es fastidieuse et cou\u0302teuse, aujourd&rsquo;hui facilite\u0301e par l&rsquo;intelligence artificielle. \u00ab Aujourd&rsquo;hui, par exemple, on utilise un drone et on capte l&rsquo;information. On utilise ensuite l&rsquo;intelligence artificielle pour analyser les flux de ve\u0301hicules, les trajectoires et tous ces e\u0301le\u0301ments, ce qui nous permet de gagner autour de trois semaines en efficacite\u0301 \u00bb, pre\u0301cise Jacques Amatcha, le responsable informatique de l&rsquo;ONG Amend.<\/p>\n<p>Les dos d&rsquo;a\u0302ne ou ralentisseurs restent la solution la plus efficace pour faire rapidement baisser le nombre d&rsquo;accidents. Ame\u0301nagements, mais aussi sensibilisation, a\u0300 Bouake\u0301, les recherches du ge\u0301ographe Emmanuel Bonnet montrent que le casque est mal utilise\u0301 ou ne l&rsquo;est pas du tout. \u00ab 39% des usagers de moto portent le casque, 25% d&rsquo;entre eux le portent mal &#8211; ne ferment pas a\u0300 la jugulaire ou le portent de travers sur la te\u0302te &#8211; et, par contre, 100% des passagers ne portent pas le casque \u00bb, note-t-il.<\/p>\n<p>Le chercheur a recense\u0301 120 morts, et plus de 3 500 personnes admises a\u0300 l&rsquo;ho\u0302pital ces trois dernie\u0300res anne\u0301es pour la seule ville de Bouake\u0301.<\/p>\n<p><strong>Pour plus d&rsquo;informations et d&rsquo;analyses sur la <span style=\"color: #ff6600\">Senegal<\/span>, suivez <span style=\"color: #ff6600\">Africa-Press<\/span><\/strong><\/p>\n","protected":false},"excerpt":{"rendered":"<p>Africa-Press &#8211; Senegal. Ce mardi 18 fe\u0301vrier s&rsquo;ouvre a\u0300 Marrakech la 4e confe\u0301rence ministe\u0301rielle sur la se\u0301curite\u0301 routie\u0300re. Pour la premie\u0300re fois, la rencontre internationale, organise\u0301e par l&rsquo;Organisation mondiale de la Sante\u0301 (OMS) et le pays ho\u0302te, a lieu sur le continent africain, particulie\u0300rement touche\u0301 par les accidents de la route. Selon les derniers chiffres [&hellip;]<\/p>\n","protected":false},"author":82,"featured_media":65584,"comment_status":"open","ping_status":"closed","sticky":false,"template":"","format":"standard","meta":{"footnotes":""},"categories":[7,10],"tags":[44],"class_list":["post-65585","post","type-post","status-publish","format-standard","has-post-thumbnail","hentry","category-dossiers","category-toutes-les-actualites","tag-senegal-2"],"yoast_head":"<!-- This site is optimized with the Yoast SEO Premium plugin v26.1 (Yoast SEO v27.0) - https:\/\/yoast.com\/product\/yoast-seo-premium-wordpress\/ -->\n<title>R\u00e9union OMS sur la S\u00e9curit\u00e9 Routi\u00e8re \u00e0 Marrakech - Senegal<\/title>\n<meta name=\"description\" content=\"Ce mardi 18 fe\u0301vrier s&#039;ouvre a\u0300 Marrakech la 4e confe\u0301rence ministe\u0301rielle sur la se\u0301curite\u0301 routie\u0300re. Pour la premie\u0300r ...\" \/>\n<meta name=\"robots\" content=\"index, follow, max-snippet:-1, max-image-preview:large, max-video-preview:-1\" \/>\n<link rel=\"canonical\" href=\"https:\/\/www.africa-press.net\/senegal\/dossiers\/reunion-oms-sur-la-securite-routiere-a-marrakech\" \/>\n<meta property=\"og:locale\" content=\"fr_FR\" \/>\n<meta property=\"og:type\" content=\"article\" \/>\n<meta property=\"og:title\" content=\"R\u00e9union OMS sur la S\u00e9curit\u00e9 Routi\u00e8re \u00e0 Marrakech\" \/>\n<meta property=\"og:description\" content=\"Ce mardi 18 fe\u0301vrier s&#039;ouvre a\u0300 Marrakech la 4e confe\u0301rence ministe\u0301rielle sur la se\u0301curite\u0301 routie\u0300re. Pour la premie\u0300r ...\" \/>\n<meta property=\"og:url\" content=\"https:\/\/www.africa-press.net\/senegal\/dossiers\/reunion-oms-sur-la-securite-routiere-a-marrakech\" \/>\n<meta property=\"og:site_name\" content=\"Senegal\" \/>\n<meta property=\"article:published_time\" content=\"2025-02-18T10:48:55+00:00\" \/>\n<meta property=\"article:modified_time\" content=\"2025-05-05T20:06:12+00:00\" \/>\n<meta property=\"og:image\" content=\"https:\/\/static.africa-press.net\/senegal\/sites\/13\/2025\/02\/sm_1739957220.440694.jpg\" \/>\n\t<meta property=\"og:image:width\" content=\"614\" \/>\n\t<meta property=\"og:image:height\" content=\"376\" \/>\n\t<meta property=\"og:image:type\" content=\"image\/jpeg\" \/>\n<meta name=\"author\" content=\"cfeditorfr\" \/>\n<meta name=\"twitter:card\" content=\"summary_large_image\" \/>\n<meta name=\"twitter:label1\" content=\"\u00c9crit par\" \/>\n\t<meta name=\"twitter:data1\" content=\"cfeditorfr\" \/>\n\t<meta name=\"twitter:label2\" content=\"Dur\u00e9e de lecture estim\u00e9e\" \/>\n\t<meta name=\"twitter:data2\" content=\"4 minutes\" \/>\n<script type=\"application\/ld+json\" class=\"yoast-schema-graph\">{\"@context\":\"https:\/\/schema.org\",\"@graph\":[{\"@type\":\"Article\",\"@id\":\"https:\/\/www.africa-press.net\/senegal\/dossiers\/reunion-oms-sur-la-securite-routiere-a-marrakech#article\",\"isPartOf\":{\"@id\":\"https:\/\/www.africa-press.net\/senegal\/dossiers\/reunion-oms-sur-la-securite-routiere-a-marrakech\"},\"author\":{\"name\":\"cfeditorfr\",\"@id\":\"https:\/\/www.africa-press.net\/senegal\/#\/schema\/person\/2b1cf3cd81a31e3cd26889ca66d677f1\"},\"headline\":\"R\u00e9union OMS sur la S\u00e9curit\u00e9 Routi\u00e8re \u00e0 Marrakech\",\"datePublished\":\"2025-02-18T10:48:55+00:00\",\"dateModified\":\"2025-05-05T20:06:12+00:00\",\"mainEntityOfPage\":{\"@id\":\"https:\/\/www.africa-press.net\/senegal\/dossiers\/reunion-oms-sur-la-securite-routiere-a-marrakech\"},\"wordCount\":709,\"commentCount\":0,\"image\":{\"@id\":\"https:\/\/www.africa-press.net\/senegal\/dossiers\/reunion-oms-sur-la-securite-routiere-a-marrakech#primaryimage\"},\"thumbnailUrl\":\"https:\/\/static.africa-press.net\/senegal\/sites\/13\/2025\/02\/sm_1739957220.440694.jpg\",\"keywords\":[\"Senegal\"],\"articleSection\":[\"Dossiers\",\"Toutes les actualit\u00e9s\"],\"inLanguage\":\"fr-FR\",\"potentialAction\":[{\"@type\":\"CommentAction\",\"name\":\"Comment\",\"target\":[\"https:\/\/www.africa-press.net\/senegal\/dossiers\/reunion-oms-sur-la-securite-routiere-a-marrakech#respond\"]}]},{\"@type\":\"WebPage\",\"@id\":\"https:\/\/www.africa-press.net\/senegal\/dossiers\/reunion-oms-sur-la-securite-routiere-a-marrakech\",\"url\":\"https:\/\/www.africa-press.net\/senegal\/dossiers\/reunion-oms-sur-la-securite-routiere-a-marrakech\",\"name\":\"R\u00e9union OMS sur la S\u00e9curit\u00e9 Routi\u00e8re \u00e0 Marrakech - Senegal\",\"isPartOf\":{\"@id\":\"https:\/\/www.africa-press.net\/senegal\/#website\"},\"primaryImageOfPage\":{\"@id\":\"https:\/\/www.africa-press.net\/senegal\/dossiers\/reunion-oms-sur-la-securite-routiere-a-marrakech#primaryimage\"},\"image\":{\"@id\":\"https:\/\/www.africa-press.net\/senegal\/dossiers\/reunion-oms-sur-la-securite-routiere-a-marrakech#primaryimage\"},\"thumbnailUrl\":\"https:\/\/static.africa-press.net\/senegal\/sites\/13\/2025\/02\/sm_1739957220.440694.jpg\",\"datePublished\":\"2025-02-18T10:48:55+00:00\",\"dateModified\":\"2025-05-05T20:06:12+00:00\",\"author\":{\"@id\":\"https:\/\/www.africa-press.net\/senegal\/#\/schema\/person\/2b1cf3cd81a31e3cd26889ca66d677f1\"},\"description\":\"Ce mardi 18 fe\u0301vrier s'ouvre a\u0300 Marrakech la 4e confe\u0301rence ministe\u0301rielle sur la se\u0301curite\u0301 routie\u0300re. Pour la premie\u0300r ...\",\"breadcrumb\":{\"@id\":\"https:\/\/www.africa-press.net\/senegal\/dossiers\/reunion-oms-sur-la-securite-routiere-a-marrakech#breadcrumb\"},\"inLanguage\":\"fr-FR\",\"potentialAction\":[{\"@type\":\"ReadAction\",\"target\":[\"https:\/\/www.africa-press.net\/senegal\/dossiers\/reunion-oms-sur-la-securite-routiere-a-marrakech\"]}]},{\"@type\":\"ImageObject\",\"inLanguage\":\"fr-FR\",\"@id\":\"https:\/\/www.africa-press.net\/senegal\/dossiers\/reunion-oms-sur-la-securite-routiere-a-marrakech#primaryimage\",\"url\":\"https:\/\/static.africa-press.net\/senegal\/sites\/13\/2025\/02\/sm_1739957220.440694.jpg\",\"contentUrl\":\"https:\/\/static.africa-press.net\/senegal\/sites\/13\/2025\/02\/sm_1739957220.440694.jpg\",\"width\":614,\"height\":376,\"caption\":\"R\u00e9union OMS sur la S\u00e9curit\u00e9 Routi\u00e8re \u00e0 Marrakech\"},{\"@type\":\"BreadcrumbList\",\"@id\":\"https:\/\/www.africa-press.net\/senegal\/dossiers\/reunion-oms-sur-la-securite-routiere-a-marrakech#breadcrumb\",\"itemListElement\":[{\"@type\":\"ListItem\",\"position\":1,\"name\":\"Accueil\",\"item\":\"https:\/\/www.africa-press.net\/senegal\/\"},{\"@type\":\"ListItem\",\"position\":2,\"name\":\"R\u00e9union OMS sur la S\u00e9curit\u00e9 Routi\u00e8re \u00e0 Marrakech\"}]},{\"@type\":\"WebSite\",\"@id\":\"https:\/\/www.africa-press.net\/senegal\/#website\",\"url\":\"https:\/\/www.africa-press.net\/senegal\/\",\"name\":\"Africa Press | Senegal | Homepage\",\"description\":\"Just another Africa News Agency Sites site\",\"potentialAction\":[{\"@type\":\"SearchAction\",\"target\":{\"@type\":\"EntryPoint\",\"urlTemplate\":\"https:\/\/www.africa-press.net\/senegal\/?s={search_term_string}\"},\"query-input\":{\"@type\":\"PropertyValueSpecification\",\"valueRequired\":true,\"valueName\":\"search_term_string\"}}],\"inLanguage\":\"fr-FR\"},{\"@type\":\"Person\",\"@id\":\"https:\/\/www.africa-press.net\/senegal\/#\/schema\/person\/2b1cf3cd81a31e3cd26889ca66d677f1\",\"name\":\"cfeditorfr\",\"url\":\"https:\/\/www.africa-press.net\/senegal\/author\/cfeditorfr\"}]}<\/script>\n<!-- \/ Yoast SEO Premium plugin. -->","yoast_head_json":{"title":"R\u00e9union OMS sur la S\u00e9curit\u00e9 Routi\u00e8re \u00e0 Marrakech - Senegal","description":"Ce mardi 18 fe\u0301vrier s'ouvre a\u0300 Marrakech la 4e confe\u0301rence ministe\u0301rielle sur la se\u0301curite\u0301 routie\u0300re. Pour la premie\u0300r ...","robots":{"index":"index","follow":"follow","max-snippet":"max-snippet:-1","max-image-preview":"max-image-preview:large","max-video-preview":"max-video-preview:-1"},"canonical":"https:\/\/www.africa-press.net\/senegal\/dossiers\/reunion-oms-sur-la-securite-routiere-a-marrakech","og_locale":"fr_FR","og_type":"article","og_title":"R\u00e9union OMS sur la S\u00e9curit\u00e9 Routi\u00e8re \u00e0 Marrakech","og_description":"Ce mardi 18 fe\u0301vrier s'ouvre a\u0300 Marrakech la 4e confe\u0301rence ministe\u0301rielle sur la se\u0301curite\u0301 routie\u0300re. Pour la premie\u0300r ...","og_url":"https:\/\/www.africa-press.net\/senegal\/dossiers\/reunion-oms-sur-la-securite-routiere-a-marrakech","og_site_name":"Senegal","article_published_time":"2025-02-18T10:48:55+00:00","article_modified_time":"2025-05-05T20:06:12+00:00","og_image":[{"width":614,"height":376,"url":"https:\/\/static.africa-press.net\/senegal\/sites\/13\/2025\/02\/sm_1739957220.440694.jpg","type":"image\/jpeg"}],"author":"cfeditorfr","twitter_card":"summary_large_image","twitter_misc":{"\u00c9crit par":"cfeditorfr","Dur\u00e9e de lecture estim\u00e9e":"4 minutes"},"schema":{"@context":"https:\/\/schema.org","@graph":[{"@type":"Article","@id":"https:\/\/www.africa-press.net\/senegal\/dossiers\/reunion-oms-sur-la-securite-routiere-a-marrakech#article","isPartOf":{"@id":"https:\/\/www.africa-press.net\/senegal\/dossiers\/reunion-oms-sur-la-securite-routiere-a-marrakech"},"author":{"name":"cfeditorfr","@id":"https:\/\/www.africa-press.net\/senegal\/#\/schema\/person\/2b1cf3cd81a31e3cd26889ca66d677f1"},"headline":"R\u00e9union OMS sur la S\u00e9curit\u00e9 Routi\u00e8re \u00e0 Marrakech","datePublished":"2025-02-18T10:48:55+00:00","dateModified":"2025-05-05T20:06:12+00:00","mainEntityOfPage":{"@id":"https:\/\/www.africa-press.net\/senegal\/dossiers\/reunion-oms-sur-la-securite-routiere-a-marrakech"},"wordCount":709,"commentCount":0,"image":{"@id":"https:\/\/www.africa-press.net\/senegal\/dossiers\/reunion-oms-sur-la-securite-routiere-a-marrakech#primaryimage"},"thumbnailUrl":"https:\/\/static.africa-press.net\/senegal\/sites\/13\/2025\/02\/sm_1739957220.440694.jpg","keywords":["Senegal"],"articleSection":["Dossiers","Toutes les actualit\u00e9s"],"inLanguage":"fr-FR","potentialAction":[{"@type":"CommentAction","name":"Comment","target":["https:\/\/www.africa-press.net\/senegal\/dossiers\/reunion-oms-sur-la-securite-routiere-a-marrakech#respond"]}]},{"@type":"WebPage","@id":"https:\/\/www.africa-press.net\/senegal\/dossiers\/reunion-oms-sur-la-securite-routiere-a-marrakech","url":"https:\/\/www.africa-press.net\/senegal\/dossiers\/reunion-oms-sur-la-securite-routiere-a-marrakech","name":"R\u00e9union OMS sur la S\u00e9curit\u00e9 Routi\u00e8re \u00e0 Marrakech - Senegal","isPartOf":{"@id":"https:\/\/www.africa-press.net\/senegal\/#website"},"primaryImageOfPage":{"@id":"https:\/\/www.africa-press.net\/senegal\/dossiers\/reunion-oms-sur-la-securite-routiere-a-marrakech#primaryimage"},"image":{"@id":"https:\/\/www.africa-press.net\/senegal\/dossiers\/reunion-oms-sur-la-securite-routiere-a-marrakech#primaryimage"},"thumbnailUrl":"https:\/\/static.africa-press.net\/senegal\/sites\/13\/2025\/02\/sm_1739957220.440694.jpg","datePublished":"2025-02-18T10:48:55+00:00","dateModified":"2025-05-05T20:06:12+00:00","author":{"@id":"https:\/\/www.africa-press.net\/senegal\/#\/schema\/person\/2b1cf3cd81a31e3cd26889ca66d677f1"},"description":"Ce mardi 18 fe\u0301vrier s'ouvre a\u0300 Marrakech la 4e confe\u0301rence ministe\u0301rielle sur la se\u0301curite\u0301 routie\u0300re. Pour la premie\u0300r ...","breadcrumb":{"@id":"https:\/\/www.africa-press.net\/senegal\/dossiers\/reunion-oms-sur-la-securite-routiere-a-marrakech#breadcrumb"},"inLanguage":"fr-FR","potentialAction":[{"@type":"ReadAction","target":["https:\/\/www.africa-press.net\/senegal\/dossiers\/reunion-oms-sur-la-securite-routiere-a-marrakech"]}]},{"@type":"ImageObject","inLanguage":"fr-FR","@id":"https:\/\/www.africa-press.net\/senegal\/dossiers\/reunion-oms-sur-la-securite-routiere-a-marrakech#primaryimage","url":"https:\/\/static.africa-press.net\/senegal\/sites\/13\/2025\/02\/sm_1739957220.440694.jpg","contentUrl":"https:\/\/static.africa-press.net\/senegal\/sites\/13\/2025\/02\/sm_1739957220.440694.jpg","width":614,"height":376,"caption":"R\u00e9union OMS sur la S\u00e9curit\u00e9 Routi\u00e8re \u00e0 Marrakech"},{"@type":"BreadcrumbList","@id":"https:\/\/www.africa-press.net\/senegal\/dossiers\/reunion-oms-sur-la-securite-routiere-a-marrakech#breadcrumb","itemListElement":[{"@type":"ListItem","position":1,"name":"Accueil","item":"https:\/\/www.africa-press.net\/senegal\/"},{"@type":"ListItem","position":2,"name":"R\u00e9union OMS sur la S\u00e9curit\u00e9 Routi\u00e8re \u00e0 Marrakech"}]},{"@type":"WebSite","@id":"https:\/\/www.africa-press.net\/senegal\/#website","url":"https:\/\/www.africa-press.net\/senegal\/","name":"Africa Press | Senegal | Homepage","description":"Just another Africa News Agency Sites site","potentialAction":[{"@type":"SearchAction","target":{"@type":"EntryPoint","urlTemplate":"https:\/\/www.africa-press.net\/senegal\/?s={search_term_string}"},"query-input":{"@type":"PropertyValueSpecification","valueRequired":true,"valueName":"search_term_string"}}],"inLanguage":"fr-FR"},{"@type":"Person","@id":"https:\/\/www.africa-press.net\/senegal\/#\/schema\/person\/2b1cf3cd81a31e3cd26889ca66d677f1","name":"cfeditorfr","url":"https:\/\/www.africa-press.net\/senegal\/author\/cfeditorfr"}]}},"_links":{"self":[{"href":"https:\/\/www.africa-press.net\/senegal\/wp-json\/wp\/v2\/posts\/65585","targetHints":{"allow":["GET"]}}],"collection":[{"href":"https:\/\/www.africa-press.net\/senegal\/wp-json\/wp\/v2\/posts"}],"about":[{"href":"https:\/\/www.africa-press.net\/senegal\/wp-json\/wp\/v2\/types\/post"}],"author":[{"embeddable":true,"href":"https:\/\/www.africa-press.net\/senegal\/wp-json\/wp\/v2\/users\/82"}],"replies":[{"embeddable":true,"href":"https:\/\/www.africa-press.net\/senegal\/wp-json\/wp\/v2\/comments?post=65585"}],"version-history":[{"count":0,"href":"https:\/\/www.africa-press.net\/senegal\/wp-json\/wp\/v2\/posts\/65585\/revisions"}],"wp:featuredmedia":[{"embeddable":true,"href":"https:\/\/www.africa-press.net\/senegal\/wp-json\/wp\/v2\/media\/65584"}],"wp:attachment":[{"href":"https:\/\/www.africa-press.net\/senegal\/wp-json\/wp\/v2\/media?parent=65585"}],"wp:term":[{"taxonomy":"category","embeddable":true,"href":"https:\/\/www.africa-press.net\/senegal\/wp-json\/wp\/v2\/categories?post=65585"},{"taxonomy":"post_tag","embeddable":true,"href":"https:\/\/www.africa-press.net\/senegal\/wp-json\/wp\/v2\/tags?post=65585"}],"curies":[{"name":"wp","href":"https:\/\/api.w.org\/{rel}","templated":true}]}}