{"id":65593,"date":"2025-02-19T12:20:00","date_gmt":"2025-02-19T12:20:00","guid":{"rendered":"https:\/\/www.africa-press.net\/senegal\/politique\/appel-a-linsurrection-le-doyen-des-juges-a-rendu-une-ordonnance-de-non-lieu-pour-sonko-et-diomaye"},"modified":"2025-02-19T12:20:00","modified_gmt":"2025-02-19T12:20:00","slug":"appel-a-linsurrection-le-doyen-des-juges-a-rendu-une-ordonnance-de-non-lieu-pour-sonko-et-diomaye","status":"publish","type":"post","link":"https:\/\/www.africa-press.net\/senegal\/politique\/appel-a-linsurrection-le-doyen-des-juges-a-rendu-une-ordonnance-de-non-lieu-pour-sonko-et-diomaye","title":{"rendered":"Appel A\u0300 L\u2019Insurrection: le Doyen des Juges a Rendu une Ordonnance de Non-Lieu pour Sonko et Diomaye"},"content":{"rendered":"<p><span style=\"color: #ff6600\"><strong>Africa-Press &#8211; Senegal. <\/strong><\/span>Le dossier d\u2019appel a\u0300 l\u2019insurrection concernant l\u2019actuel Premier ministre Ousmane Sonko est officiellement enterre\u0301. Des sources de Seneweb attestent que le juge du 1er cabinet du tribunal Dakar a rendu, le 27 janvier 2025, une ordonnance de non-lieu pour cause d\u2019amnistie en faveur d&rsquo;Ousmane Sonko et du pre\u0301sident Bassirou Diomaye Diakhare Faye, qui e\u0301tait installe\u0301 dans la cause. La de\u0301cision leur a e\u0301te\u0301 notifie\u0301e par le biais de leur avocat.<\/p>\n<p>Suite a\u0300 l\u2019arrestation d&rsquo;Ousmane Sonko, le 28 juillet 2023 a\u0300 son domicile, le procureur Abdou Karim Diop (a\u0300 l\u2019e\u0301poque) avait demande\u0301 l\u2019ouverture d\u2019une enque\u0302te pour \u00ab appel a\u0300 l\u2019insurrection, atteinte a\u0300 la su\u0302rete\u0301 de l\u2019E\u0301tat, association de malfaiteurs en lien avec une entreprise terroriste, complot contre l\u2019autorite\u0301 de l\u2019E\u0301tat, actes visant a\u0300 compromettre la se\u0301curite\u0301 publique et a\u0300 cre\u0301er des troubles politiques graves et autres \u00bb. Le dossier a e\u0301te\u0301 confie\u0301 au doyen des juges Oumar Maham Diallo. Ensuite, le leader du Pastef, Ousmane Sonko, a e\u0301te\u0301 inculpe\u0301 de ce chapelet d&rsquo;infractions.<\/p>\n<p>Par ailleurs, le n\u00b02 du Pastef, Bassirou Diomaye Faye, qui a e\u0301te\u0301 arre\u0302te\u0301 en avril 2023, suite a\u0300 une publication sur Facebook pour de\u0301noncer la condamnation de Sonko dans l\u2019affaire Adji Sarr, a vu son dossier joint dans la proce\u0301dure. In fine, le tandem Sonko-Diomaye a e\u0301te\u0301 libe\u0301re\u0301 apre\u0300s le vote de la loi d&rsquo;amnistie.<\/p>\n<p><strong>Pour plus d&rsquo;informations et d&rsquo;analyses sur la <span style=\"color: #ff6600\">Senegal<\/span>, suivez <span style=\"color: #ff6600\">Africa-Press<span style=\"color: #ff6600\"><\/span><\/strong><\/p>\n","protected":false},"excerpt":{"rendered":"<p>Africa-Press &#8211; Senegal. Le dossier d\u2019appel a\u0300 l\u2019insurrection concernant l\u2019actuel Premier ministre Ousmane Sonko est officiellement enterre\u0301. Des sources de Seneweb attestent que le juge du 1er cabinet du tribunal Dakar a rendu, le 27 janvier 2025, une ordonnance de non-lieu pour cause d\u2019amnistie en faveur d&rsquo;Ousmane Sonko et du pre\u0301sident Bassirou Diomaye Diakhare Faye, [&hellip;]<\/p>\n","protected":false},"author":82,"featured_media":65592,"comment_status":"open","ping_status":"closed","sticky":false,"template":"","format":"standard","meta":{"footnotes":""},"categories":[2,10],"tags":[44],"class_list":["post-65593","post","type-post","status-publish","format-standard","has-post-thumbnail","hentry","category-politique","category-toutes-les-actualites","tag-senegal-2"],"yoast_head":"<!-- This site is optimized with the Yoast SEO Premium plugin v26.1 (Yoast SEO v27.0) - https:\/\/yoast.com\/product\/yoast-seo-premium-wordpress\/ -->\n<title>Appel A\u0300 L\u2019Insurrection: le Doyen des Juges a Rendu une Ordonnance de Non-Lieu pour Sonko et Diomaye - Senegal<\/title>\n<meta name=\"robots\" content=\"index, follow, max-snippet:-1, max-image-preview:large, max-video-preview:-1\" \/>\n<link rel=\"canonical\" href=\"https:\/\/www.africa-press.net\/senegal\/politique\/appel-a-linsurrection-le-doyen-des-juges-a-rendu-une-ordonnance-de-non-lieu-pour-sonko-et-diomaye\" \/>\n<meta property=\"og:locale\" content=\"fr_FR\" \/>\n<meta property=\"og:type\" content=\"article\" \/>\n<meta property=\"og:title\" content=\"Appel A\u0300 L\u2019Insurrection: le Doyen des Juges a Rendu une Ordonnance de Non-Lieu pour Sonko et Diomaye\" \/>\n<meta property=\"og:description\" content=\"Africa-Press &#8211; Senegal. Le dossier d\u2019appel a\u0300 l\u2019insurrection concernant l\u2019actuel Premier ministre Ousmane Sonko est officiellement enterre\u0301. Des sources de Seneweb attestent que le juge du 1er cabinet du tribunal Dakar a rendu, le 27 janvier 2025, une ordonnance de non-lieu pour cause d\u2019amnistie en faveur d&rsquo;Ousmane Sonko et du pre\u0301sident Bassirou Diomaye Diakhare Faye, [&hellip;]\" \/>\n<meta property=\"og:url\" content=\"https:\/\/www.africa-press.net\/senegal\/politique\/appel-a-linsurrection-le-doyen-des-juges-a-rendu-une-ordonnance-de-non-lieu-pour-sonko-et-diomaye\" \/>\n<meta property=\"og:site_name\" content=\"Senegal\" \/>\n<meta property=\"article:published_time\" content=\"2025-02-19T12:20:00+00:00\" \/>\n<meta name=\"author\" content=\"cfeditorfr\" \/>\n<meta name=\"twitter:card\" content=\"summary_large_image\" \/>\n<meta name=\"twitter:label1\" content=\"\u00c9crit par\" \/>\n\t<meta name=\"twitter:data1\" content=\"cfeditorfr\" \/>\n\t<meta name=\"twitter:label2\" content=\"Dur\u00e9e de lecture estim\u00e9e\" \/>\n\t<meta name=\"twitter:data2\" content=\"1 minute\" \/>\n<script type=\"application\/ld+json\" class=\"yoast-schema-graph\">{\"@context\":\"https:\/\/schema.org\",\"@graph\":[{\"@type\":\"Article\",\"@id\":\"https:\/\/www.africa-press.net\/senegal\/politique\/appel-a-linsurrection-le-doyen-des-juges-a-rendu-une-ordonnance-de-non-lieu-pour-sonko-et-diomaye#article\",\"isPartOf\":{\"@id\":\"https:\/\/www.africa-press.net\/senegal\/politique\/appel-a-linsurrection-le-doyen-des-juges-a-rendu-une-ordonnance-de-non-lieu-pour-sonko-et-diomaye\"},\"author\":{\"name\":\"cfeditorfr\",\"@id\":\"https:\/\/www.africa-press.net\/senegal\/#\/schema\/person\/2b1cf3cd81a31e3cd26889ca66d677f1\"},\"headline\":\"Appel A\u0300 L\u2019Insurrection: le Doyen des Juges a Rendu une Ordonnance de Non-Lieu pour Sonko et Diomaye\",\"datePublished\":\"2025-02-19T12:20:00+00:00\",\"mainEntityOfPage\":{\"@id\":\"https:\/\/www.africa-press.net\/senegal\/politique\/appel-a-linsurrection-le-doyen-des-juges-a-rendu-une-ordonnance-de-non-lieu-pour-sonko-et-diomaye\"},\"wordCount\":281,\"commentCount\":0,\"image\":{\"@id\":\"https:\/\/www.africa-press.net\/senegal\/politique\/appel-a-linsurrection-le-doyen-des-juges-a-rendu-une-ordonnance-de-non-lieu-pour-sonko-et-diomaye#primaryimage\"},\"thumbnailUrl\":\"https:\/\/static.africa-press.net\/senegal\/sites\/13\/2025\/02\/sm_1740049864.036848.jpg\",\"keywords\":[\"Senegal\"],\"articleSection\":[\"Politique\",\"Toutes les actualit\u00e9s\"],\"inLanguage\":\"fr-FR\",\"potentialAction\":[{\"@type\":\"CommentAction\",\"name\":\"Comment\",\"target\":[\"https:\/\/www.africa-press.net\/senegal\/politique\/appel-a-linsurrection-le-doyen-des-juges-a-rendu-une-ordonnance-de-non-lieu-pour-sonko-et-diomaye#respond\"]}]},{\"@type\":\"WebPage\",\"@id\":\"https:\/\/www.africa-press.net\/senegal\/politique\/appel-a-linsurrection-le-doyen-des-juges-a-rendu-une-ordonnance-de-non-lieu-pour-sonko-et-diomaye\",\"url\":\"https:\/\/www.africa-press.net\/senegal\/politique\/appel-a-linsurrection-le-doyen-des-juges-a-rendu-une-ordonnance-de-non-lieu-pour-sonko-et-diomaye\",\"name\":\"Appel A\u0300 L\u2019Insurrection: le Doyen des Juges a Rendu une Ordonnance de Non-Lieu pour Sonko et Diomaye - Senegal\",\"isPartOf\":{\"@id\":\"https:\/\/www.africa-press.net\/senegal\/#website\"},\"primaryImageOfPage\":{\"@id\":\"https:\/\/www.africa-press.net\/senegal\/politique\/appel-a-linsurrection-le-doyen-des-juges-a-rendu-une-ordonnance-de-non-lieu-pour-sonko-et-diomaye#primaryimage\"},\"image\":{\"@id\":\"https:\/\/www.africa-press.net\/senegal\/politique\/appel-a-linsurrection-le-doyen-des-juges-a-rendu-une-ordonnance-de-non-lieu-pour-sonko-et-diomaye#primaryimage\"},\"thumbnailUrl\":\"https:\/\/static.africa-press.net\/senegal\/sites\/13\/2025\/02\/sm_1740049864.036848.jpg\",\"datePublished\":\"2025-02-19T12:20:00+00:00\",\"author\":{\"@id\":\"https:\/\/www.africa-press.net\/senegal\/#\/schema\/person\/2b1cf3cd81a31e3cd26889ca66d677f1\"},\"breadcrumb\":{\"@id\":\"https:\/\/www.africa-press.net\/senegal\/politique\/appel-a-linsurrection-le-doyen-des-juges-a-rendu-une-ordonnance-de-non-lieu-pour-sonko-et-diomaye#breadcrumb\"},\"inLanguage\":\"fr-FR\",\"potentialAction\":[{\"@type\":\"ReadAction\",\"target\":[\"https:\/\/www.africa-press.net\/senegal\/politique\/appel-a-linsurrection-le-doyen-des-juges-a-rendu-une-ordonnance-de-non-lieu-pour-sonko-et-diomaye\"]}]},{\"@type\":\"ImageObject\",\"inLanguage\":\"fr-FR\",\"@id\":\"https:\/\/www.africa-press.net\/senegal\/politique\/appel-a-linsurrection-le-doyen-des-juges-a-rendu-une-ordonnance-de-non-lieu-pour-sonko-et-diomaye#primaryimage\",\"url\":\"https:\/\/static.africa-press.net\/senegal\/sites\/13\/2025\/02\/sm_1740049864.036848.jpg\",\"contentUrl\":\"https:\/\/static.africa-press.net\/senegal\/sites\/13\/2025\/02\/sm_1740049864.036848.jpg\",\"width\":1148,\"height\":574,\"caption\":\"Appel A\u0300 L\u2019Insurrection: le Doyen des Juges a Rendu une Ordonnance de Non-Lieu pour Sonko et Diomaye\"},{\"@type\":\"BreadcrumbList\",\"@id\":\"https:\/\/www.africa-press.net\/senegal\/politique\/appel-a-linsurrection-le-doyen-des-juges-a-rendu-une-ordonnance-de-non-lieu-pour-sonko-et-diomaye#breadcrumb\",\"itemListElement\":[{\"@type\":\"ListItem\",\"position\":1,\"name\":\"Accueil\",\"item\":\"https:\/\/www.africa-press.net\/senegal\/\"},{\"@type\":\"ListItem\",\"position\":2,\"name\":\"Appel A\u0300 L\u2019Insurrection: le Doyen des Juges a Rendu une Ordonnance de Non-Lieu pour Sonko et Diomaye\"}]},{\"@type\":\"WebSite\",\"@id\":\"https:\/\/www.africa-press.net\/senegal\/#website\",\"url\":\"https:\/\/www.africa-press.net\/senegal\/\",\"name\":\"Africa Press | Senegal | Homepage\",\"description\":\"Just another Africa News Agency Sites site\",\"potentialAction\":[{\"@type\":\"SearchAction\",\"target\":{\"@type\":\"EntryPoint\",\"urlTemplate\":\"https:\/\/www.africa-press.net\/senegal\/?s={search_term_string}\"},\"query-input\":{\"@type\":\"PropertyValueSpecification\",\"valueRequired\":true,\"valueName\":\"search_term_string\"}}],\"inLanguage\":\"fr-FR\"},{\"@type\":\"Person\",\"@id\":\"https:\/\/www.africa-press.net\/senegal\/#\/schema\/person\/2b1cf3cd81a31e3cd26889ca66d677f1\",\"name\":\"cfeditorfr\",\"url\":\"https:\/\/www.africa-press.net\/senegal\/author\/cfeditorfr\"}]}<\/script>\n<!-- \/ Yoast SEO Premium plugin. -->","yoast_head_json":{"title":"Appel A\u0300 L\u2019Insurrection: le Doyen des Juges a Rendu une Ordonnance de Non-Lieu pour Sonko et Diomaye - Senegal","robots":{"index":"index","follow":"follow","max-snippet":"max-snippet:-1","max-image-preview":"max-image-preview:large","max-video-preview":"max-video-preview:-1"},"canonical":"https:\/\/www.africa-press.net\/senegal\/politique\/appel-a-linsurrection-le-doyen-des-juges-a-rendu-une-ordonnance-de-non-lieu-pour-sonko-et-diomaye","og_locale":"fr_FR","og_type":"article","og_title":"Appel A\u0300 L\u2019Insurrection: le Doyen des Juges a Rendu une Ordonnance de Non-Lieu pour Sonko et Diomaye","og_description":"Africa-Press &#8211; Senegal. Le dossier d\u2019appel a\u0300 l\u2019insurrection concernant l\u2019actuel Premier ministre Ousmane Sonko est officiellement enterre\u0301. Des sources de Seneweb attestent que le juge du 1er cabinet du tribunal Dakar a rendu, le 27 janvier 2025, une ordonnance de non-lieu pour cause d\u2019amnistie en faveur d&rsquo;Ousmane Sonko et du pre\u0301sident Bassirou Diomaye Diakhare Faye, [&hellip;]","og_url":"https:\/\/www.africa-press.net\/senegal\/politique\/appel-a-linsurrection-le-doyen-des-juges-a-rendu-une-ordonnance-de-non-lieu-pour-sonko-et-diomaye","og_site_name":"Senegal","article_published_time":"2025-02-19T12:20:00+00:00","author":"cfeditorfr","twitter_card":"summary_large_image","twitter_misc":{"\u00c9crit par":"cfeditorfr","Dur\u00e9e de lecture estim\u00e9e":"1 minute"},"schema":{"@context":"https:\/\/schema.org","@graph":[{"@type":"Article","@id":"https:\/\/www.africa-press.net\/senegal\/politique\/appel-a-linsurrection-le-doyen-des-juges-a-rendu-une-ordonnance-de-non-lieu-pour-sonko-et-diomaye#article","isPartOf":{"@id":"https:\/\/www.africa-press.net\/senegal\/politique\/appel-a-linsurrection-le-doyen-des-juges-a-rendu-une-ordonnance-de-non-lieu-pour-sonko-et-diomaye"},"author":{"name":"cfeditorfr","@id":"https:\/\/www.africa-press.net\/senegal\/#\/schema\/person\/2b1cf3cd81a31e3cd26889ca66d677f1"},"headline":"Appel A\u0300 L\u2019Insurrection: le Doyen des Juges a Rendu une Ordonnance de Non-Lieu pour Sonko et Diomaye","datePublished":"2025-02-19T12:20:00+00:00","mainEntityOfPage":{"@id":"https:\/\/www.africa-press.net\/senegal\/politique\/appel-a-linsurrection-le-doyen-des-juges-a-rendu-une-ordonnance-de-non-lieu-pour-sonko-et-diomaye"},"wordCount":281,"commentCount":0,"image":{"@id":"https:\/\/www.africa-press.net\/senegal\/politique\/appel-a-linsurrection-le-doyen-des-juges-a-rendu-une-ordonnance-de-non-lieu-pour-sonko-et-diomaye#primaryimage"},"thumbnailUrl":"https:\/\/static.africa-press.net\/senegal\/sites\/13\/2025\/02\/sm_1740049864.036848.jpg","keywords":["Senegal"],"articleSection":["Politique","Toutes les actualit\u00e9s"],"inLanguage":"fr-FR","potentialAction":[{"@type":"CommentAction","name":"Comment","target":["https:\/\/www.africa-press.net\/senegal\/politique\/appel-a-linsurrection-le-doyen-des-juges-a-rendu-une-ordonnance-de-non-lieu-pour-sonko-et-diomaye#respond"]}]},{"@type":"WebPage","@id":"https:\/\/www.africa-press.net\/senegal\/politique\/appel-a-linsurrection-le-doyen-des-juges-a-rendu-une-ordonnance-de-non-lieu-pour-sonko-et-diomaye","url":"https:\/\/www.africa-press.net\/senegal\/politique\/appel-a-linsurrection-le-doyen-des-juges-a-rendu-une-ordonnance-de-non-lieu-pour-sonko-et-diomaye","name":"Appel A\u0300 L\u2019Insurrection: le Doyen des Juges a Rendu une Ordonnance de Non-Lieu pour Sonko et Diomaye - Senegal","isPartOf":{"@id":"https:\/\/www.africa-press.net\/senegal\/#website"},"primaryImageOfPage":{"@id":"https:\/\/www.africa-press.net\/senegal\/politique\/appel-a-linsurrection-le-doyen-des-juges-a-rendu-une-ordonnance-de-non-lieu-pour-sonko-et-diomaye#primaryimage"},"image":{"@id":"https:\/\/www.africa-press.net\/senegal\/politique\/appel-a-linsurrection-le-doyen-des-juges-a-rendu-une-ordonnance-de-non-lieu-pour-sonko-et-diomaye#primaryimage"},"thumbnailUrl":"https:\/\/static.africa-press.net\/senegal\/sites\/13\/2025\/02\/sm_1740049864.036848.jpg","datePublished":"2025-02-19T12:20:00+00:00","author":{"@id":"https:\/\/www.africa-press.net\/senegal\/#\/schema\/person\/2b1cf3cd81a31e3cd26889ca66d677f1"},"breadcrumb":{"@id":"https:\/\/www.africa-press.net\/senegal\/politique\/appel-a-linsurrection-le-doyen-des-juges-a-rendu-une-ordonnance-de-non-lieu-pour-sonko-et-diomaye#breadcrumb"},"inLanguage":"fr-FR","potentialAction":[{"@type":"ReadAction","target":["https:\/\/www.africa-press.net\/senegal\/politique\/appel-a-linsurrection-le-doyen-des-juges-a-rendu-une-ordonnance-de-non-lieu-pour-sonko-et-diomaye"]}]},{"@type":"ImageObject","inLanguage":"fr-FR","@id":"https:\/\/www.africa-press.net\/senegal\/politique\/appel-a-linsurrection-le-doyen-des-juges-a-rendu-une-ordonnance-de-non-lieu-pour-sonko-et-diomaye#primaryimage","url":"https:\/\/static.africa-press.net\/senegal\/sites\/13\/2025\/02\/sm_1740049864.036848.jpg","contentUrl":"https:\/\/static.africa-press.net\/senegal\/sites\/13\/2025\/02\/sm_1740049864.036848.jpg","width":1148,"height":574,"caption":"Appel A\u0300 L\u2019Insurrection: le Doyen des Juges a Rendu une Ordonnance de Non-Lieu pour Sonko et Diomaye"},{"@type":"BreadcrumbList","@id":"https:\/\/www.africa-press.net\/senegal\/politique\/appel-a-linsurrection-le-doyen-des-juges-a-rendu-une-ordonnance-de-non-lieu-pour-sonko-et-diomaye#breadcrumb","itemListElement":[{"@type":"ListItem","position":1,"name":"Accueil","item":"https:\/\/www.africa-press.net\/senegal\/"},{"@type":"ListItem","position":2,"name":"Appel A\u0300 L\u2019Insurrection: le Doyen des Juges a Rendu une Ordonnance de Non-Lieu pour Sonko et Diomaye"}]},{"@type":"WebSite","@id":"https:\/\/www.africa-press.net\/senegal\/#website","url":"https:\/\/www.africa-press.net\/senegal\/","name":"Africa Press | Senegal | Homepage","description":"Just another Africa News Agency Sites site","potentialAction":[{"@type":"SearchAction","target":{"@type":"EntryPoint","urlTemplate":"https:\/\/www.africa-press.net\/senegal\/?s={search_term_string}"},"query-input":{"@type":"PropertyValueSpecification","valueRequired":true,"valueName":"search_term_string"}}],"inLanguage":"fr-FR"},{"@type":"Person","@id":"https:\/\/www.africa-press.net\/senegal\/#\/schema\/person\/2b1cf3cd81a31e3cd26889ca66d677f1","name":"cfeditorfr","url":"https:\/\/www.africa-press.net\/senegal\/author\/cfeditorfr"}]}},"_links":{"self":[{"href":"https:\/\/www.africa-press.net\/senegal\/wp-json\/wp\/v2\/posts\/65593","targetHints":{"allow":["GET"]}}],"collection":[{"href":"https:\/\/www.africa-press.net\/senegal\/wp-json\/wp\/v2\/posts"}],"about":[{"href":"https:\/\/www.africa-press.net\/senegal\/wp-json\/wp\/v2\/types\/post"}],"author":[{"embeddable":true,"href":"https:\/\/www.africa-press.net\/senegal\/wp-json\/wp\/v2\/users\/82"}],"replies":[{"embeddable":true,"href":"https:\/\/www.africa-press.net\/senegal\/wp-json\/wp\/v2\/comments?post=65593"}],"version-history":[{"count":0,"href":"https:\/\/www.africa-press.net\/senegal\/wp-json\/wp\/v2\/posts\/65593\/revisions"}],"wp:featuredmedia":[{"embeddable":true,"href":"https:\/\/www.africa-press.net\/senegal\/wp-json\/wp\/v2\/media\/65592"}],"wp:attachment":[{"href":"https:\/\/www.africa-press.net\/senegal\/wp-json\/wp\/v2\/media?parent=65593"}],"wp:term":[{"taxonomy":"category","embeddable":true,"href":"https:\/\/www.africa-press.net\/senegal\/wp-json\/wp\/v2\/categories?post=65593"},{"taxonomy":"post_tag","embeddable":true,"href":"https:\/\/www.africa-press.net\/senegal\/wp-json\/wp\/v2\/tags?post=65593"}],"curies":[{"name":"wp","href":"https:\/\/api.w.org\/{rel}","templated":true}]}}