{"id":65595,"date":"2025-02-19T14:10:00","date_gmt":"2025-02-19T14:10:00","guid":{"rendered":"https:\/\/www.africa-press.net\/senegal\/politique\/pme-pmi-ousmane-sonko-annonce-un-pacte-de-financement-de-1-000-milliards-f-cfa"},"modified":"2025-02-19T14:10:00","modified_gmt":"2025-02-19T14:10:00","slug":"pme-pmi-ousmane-sonko-annonce-un-pacte-de-financement-de-1-000-milliards-f-cfa","status":"publish","type":"post","link":"https:\/\/www.africa-press.net\/senegal\/politique\/pme-pmi-ousmane-sonko-annonce-un-pacte-de-financement-de-1-000-milliards-f-cfa","title":{"rendered":"PME-PMI: Ousmane Sonko Annonce un Pacte de Financement de 1 000 Milliards F CFA"},"content":{"rendered":"<p><span style=\"color: #ff6600\"><strong>Africa-Press &#8211; Senegal. <\/strong><\/span>Le Premier ministre, Ousmane Sonko, a lance\u0301 la 4e e\u0301dition du Forum de la PME-PMI. Il s\u2019agit, selon le chef du gouvernement du Se\u0301ne\u0301gal, d\u2019un rendez-vous strate\u0301gique pour le secteur prive\u0301 national.<\/p>\n<p><b>Un ambitieux pacte de financement<\/b><\/p>\n<p>Le Premier ministre a annonce\u0301 un programme massif de financement, avec pour objectif de faire passer les cre\u0301dits alloue\u0301s aux PME-PMI de 600 milliards en 2021 a\u0300 3 000 milliards F CFA d\u2019ici 2028. De\u0300s avril 2025, un pacte de financement de 1 000 milliards F CFA sera signe\u0301 avec les partenaires, garantissant un soutien effectif au secteur prive\u0301.<\/p>\n<p>Il faut noter que the\u0300me de cette e\u0301dition, \u00ab PME et innovation, levier de souverainete\u0301 \u00bb, refle\u0300te la volonte\u0301 du gouvernement de miser sur la compe\u0301titivite\u0301 des entreprises locales. Le Premier ministre a insiste\u0301 sur la ne\u0301cessite\u0301 d\u2019investir dans la recherche et le de\u0301veloppement, afin de stimuler l\u2019innovation technologique et valoriser les produits Made in Senegal.<\/p>\n<p>Par ailleurs, il a e\u0301voque\u0301 la tenue prochaine du Forum Invest in Senegal, un e\u0301ve\u0301nement cle\u0301 du Plan quinquennal 2025-2032, qui vise a\u0300 attirer des investisseurs nationaux et internationaux, et a\u0300 positionner le Se\u0301ne\u0301gal comme un hub e\u0301conomique re\u0301gional.<\/p>\n<p>Cet e\u0301ve\u0301nement s\u2019inscrit dans l\u2019Agenda national de transformation a\u0300 l\u2019horizon 2050 et se positionne comme un levier cle\u0301 pour l\u2019inde\u0301pendance e\u0301conomique du pays. Le chef du gouvernement a salue\u0301 la pre\u0301sence de nombreuses de\u0301le\u0301gations e\u0301trange\u0300res, avec la Turquie comme invite\u0301e d\u2019honneur de cette e\u0301dition. Monsieur Sonko a souligne\u0301 l\u2019importance du partenariat entre Dakar et Ankara, \u201cqui s\u2019est renforce\u0301 sous l\u2019impulsion des pre\u0301sidents Bassirou Diomaye Faye et Recep Tayyip Erdogan\u201d. Selon lui, cette coope\u0301ration est un mode\u0300le de collaboration \u00ab gagnant-gagnant \u00bb, favorisant le de\u0301veloppement industriel et l\u2019innovation au Se\u0301ne\u0301gal.<\/p>\n<p>Le Premier ministre a, par ailleurs, explique\u0301 le ro\u0302le fondamental des PME-PMI, \u201cqui constituent plus de 99 % du tissu e\u0301conomique se\u0301ne\u0301galais\u201d. Avant de citer les nombreux de\u0301fis auxquels elles sont confronte\u0301es. Il s\u2019agit, entre autres, de l\u2019acce\u0300s au financement, de la complexite\u0301 administrative et de l\u2019absence d\u2019accompagnement structure\u0301. Non sans proposer le reme\u0300de du gouvernement qui, dit-il \u201dde\u0301ploie une strate\u0301gie nationale de promotion et de de\u0301veloppement des PME-PMI, visant a\u0300 structurer l\u2019encadrement des entreprises, ame\u0301liorer leur acce\u0300s au cre\u0301dit et encourager l\u2019innovation et la compe\u0301titivite\u0301. Dans ce cadre, des re\u0301formes seront engage\u0301es pour assouplir la fiscalite\u0301 des entreprises et simplifier les proce\u0301dures administratives\u201d.<\/p>\n<p><strong>Pour plus d&rsquo;informations et d&rsquo;analyses sur la <span style=\"color: #ff6600\">Senegal<\/span>, suivez <span style=\"color: #ff6600\">Africa-Press<span style=\"color: #ff6600\"><\/span><\/strong><\/p>\n","protected":false},"excerpt":{"rendered":"<p>Africa-Press &#8211; Senegal. Le Premier ministre, Ousmane Sonko, a lance\u0301 la 4e e\u0301dition du Forum de la PME-PMI. Il s\u2019agit, selon le chef du gouvernement du Se\u0301ne\u0301gal, d\u2019un rendez-vous strate\u0301gique pour le secteur prive\u0301 national. Un ambitieux pacte de financement Le Premier ministre a annonce\u0301 un programme massif de financement, avec pour objectif de faire [&hellip;]<\/p>\n","protected":false},"author":82,"featured_media":65594,"comment_status":"open","ping_status":"closed","sticky":false,"template":"","format":"standard","meta":{"footnotes":""},"categories":[3,2,20,10],"tags":[44],"class_list":["post-65595","post","type-post","status-publish","format-standard","has-post-thumbnail","hentry","category-economie","category-politique","category-top-nouvelles","category-toutes-les-actualites","tag-senegal-2"],"yoast_head":"<!-- This site is optimized with the Yoast SEO Premium plugin v26.1 (Yoast SEO v27.0) - https:\/\/yoast.com\/product\/yoast-seo-premium-wordpress\/ -->\n<title>PME-PMI: Ousmane Sonko Annonce un Pacte de Financement de 1 000 Milliards F CFA - Senegal<\/title>\n<meta name=\"robots\" content=\"index, follow, max-snippet:-1, max-image-preview:large, max-video-preview:-1\" \/>\n<link rel=\"canonical\" href=\"https:\/\/www.africa-press.net\/senegal\/politique\/pme-pmi-ousmane-sonko-annonce-un-pacte-de-financement-de-1-000-milliards-f-cfa\" \/>\n<meta property=\"og:locale\" content=\"fr_FR\" \/>\n<meta property=\"og:type\" content=\"article\" \/>\n<meta property=\"og:title\" content=\"PME-PMI: Ousmane Sonko Annonce un Pacte de Financement de 1 000 Milliards F CFA\" \/>\n<meta property=\"og:description\" content=\"Africa-Press &#8211; Senegal. Le Premier ministre, Ousmane Sonko, a lance\u0301 la 4e e\u0301dition du Forum de la PME-PMI. Il s\u2019agit, selon le chef du gouvernement du Se\u0301ne\u0301gal, d\u2019un rendez-vous strate\u0301gique pour le secteur prive\u0301 national. Un ambitieux pacte de financement Le Premier ministre a annonce\u0301 un programme massif de financement, avec pour objectif de faire [&hellip;]\" \/>\n<meta property=\"og:url\" content=\"https:\/\/www.africa-press.net\/senegal\/politique\/pme-pmi-ousmane-sonko-annonce-un-pacte-de-financement-de-1-000-milliards-f-cfa\" \/>\n<meta property=\"og:site_name\" content=\"Senegal\" \/>\n<meta property=\"article:published_time\" content=\"2025-02-19T14:10:00+00:00\" \/>\n<meta name=\"author\" content=\"cfeditorfr\" \/>\n<meta name=\"twitter:card\" content=\"summary_large_image\" \/>\n<meta name=\"twitter:label1\" content=\"\u00c9crit par\" \/>\n\t<meta name=\"twitter:data1\" content=\"cfeditorfr\" \/>\n\t<meta name=\"twitter:label2\" content=\"Dur\u00e9e de lecture estim\u00e9e\" \/>\n\t<meta name=\"twitter:data2\" content=\"2 minutes\" \/>\n<script type=\"application\/ld+json\" class=\"yoast-schema-graph\">{\"@context\":\"https:\/\/schema.org\",\"@graph\":[{\"@type\":\"Article\",\"@id\":\"https:\/\/www.africa-press.net\/senegal\/politique\/pme-pmi-ousmane-sonko-annonce-un-pacte-de-financement-de-1-000-milliards-f-cfa#article\",\"isPartOf\":{\"@id\":\"https:\/\/www.africa-press.net\/senegal\/politique\/pme-pmi-ousmane-sonko-annonce-un-pacte-de-financement-de-1-000-milliards-f-cfa\"},\"author\":{\"name\":\"cfeditorfr\",\"@id\":\"https:\/\/www.africa-press.net\/senegal\/#\/schema\/person\/2b1cf3cd81a31e3cd26889ca66d677f1\"},\"headline\":\"PME-PMI: Ousmane Sonko Annonce un Pacte de Financement de 1 000 Milliards F CFA\",\"datePublished\":\"2025-02-19T14:10:00+00:00\",\"mainEntityOfPage\":{\"@id\":\"https:\/\/www.africa-press.net\/senegal\/politique\/pme-pmi-ousmane-sonko-annonce-un-pacte-de-financement-de-1-000-milliards-f-cfa\"},\"wordCount\":471,\"commentCount\":0,\"image\":{\"@id\":\"https:\/\/www.africa-press.net\/senegal\/politique\/pme-pmi-ousmane-sonko-annonce-un-pacte-de-financement-de-1-000-milliards-f-cfa#primaryimage\"},\"thumbnailUrl\":\"https:\/\/static.africa-press.net\/senegal\/sites\/13\/2025\/02\/sm_1740049875.147665.jpg\",\"keywords\":[\"Senegal\"],\"articleSection\":[\"\u00c9conomie\",\"Politique\",\"Top Nouvelles\",\"Toutes les actualit\u00e9s\"],\"inLanguage\":\"fr-FR\",\"potentialAction\":[{\"@type\":\"CommentAction\",\"name\":\"Comment\",\"target\":[\"https:\/\/www.africa-press.net\/senegal\/politique\/pme-pmi-ousmane-sonko-annonce-un-pacte-de-financement-de-1-000-milliards-f-cfa#respond\"]}]},{\"@type\":\"WebPage\",\"@id\":\"https:\/\/www.africa-press.net\/senegal\/politique\/pme-pmi-ousmane-sonko-annonce-un-pacte-de-financement-de-1-000-milliards-f-cfa\",\"url\":\"https:\/\/www.africa-press.net\/senegal\/politique\/pme-pmi-ousmane-sonko-annonce-un-pacte-de-financement-de-1-000-milliards-f-cfa\",\"name\":\"PME-PMI: Ousmane Sonko Annonce un Pacte de Financement de 1 000 Milliards F CFA - Senegal\",\"isPartOf\":{\"@id\":\"https:\/\/www.africa-press.net\/senegal\/#website\"},\"primaryImageOfPage\":{\"@id\":\"https:\/\/www.africa-press.net\/senegal\/politique\/pme-pmi-ousmane-sonko-annonce-un-pacte-de-financement-de-1-000-milliards-f-cfa#primaryimage\"},\"image\":{\"@id\":\"https:\/\/www.africa-press.net\/senegal\/politique\/pme-pmi-ousmane-sonko-annonce-un-pacte-de-financement-de-1-000-milliards-f-cfa#primaryimage\"},\"thumbnailUrl\":\"https:\/\/static.africa-press.net\/senegal\/sites\/13\/2025\/02\/sm_1740049875.147665.jpg\",\"datePublished\":\"2025-02-19T14:10:00+00:00\",\"author\":{\"@id\":\"https:\/\/www.africa-press.net\/senegal\/#\/schema\/person\/2b1cf3cd81a31e3cd26889ca66d677f1\"},\"breadcrumb\":{\"@id\":\"https:\/\/www.africa-press.net\/senegal\/politique\/pme-pmi-ousmane-sonko-annonce-un-pacte-de-financement-de-1-000-milliards-f-cfa#breadcrumb\"},\"inLanguage\":\"fr-FR\",\"potentialAction\":[{\"@type\":\"ReadAction\",\"target\":[\"https:\/\/www.africa-press.net\/senegal\/politique\/pme-pmi-ousmane-sonko-annonce-un-pacte-de-financement-de-1-000-milliards-f-cfa\"]}]},{\"@type\":\"ImageObject\",\"inLanguage\":\"fr-FR\",\"@id\":\"https:\/\/www.africa-press.net\/senegal\/politique\/pme-pmi-ousmane-sonko-annonce-un-pacte-de-financement-de-1-000-milliards-f-cfa#primaryimage\",\"url\":\"https:\/\/static.africa-press.net\/senegal\/sites\/13\/2025\/02\/sm_1740049875.147665.jpg\",\"contentUrl\":\"https:\/\/static.africa-press.net\/senegal\/sites\/13\/2025\/02\/sm_1740049875.147665.jpg\",\"width\":1201,\"height\":587,\"caption\":\"PME-PMI: Ousmane Sonko Annonce un Pacte de Financement de 1 000 Milliards F CFA\"},{\"@type\":\"BreadcrumbList\",\"@id\":\"https:\/\/www.africa-press.net\/senegal\/politique\/pme-pmi-ousmane-sonko-annonce-un-pacte-de-financement-de-1-000-milliards-f-cfa#breadcrumb\",\"itemListElement\":[{\"@type\":\"ListItem\",\"position\":1,\"name\":\"Accueil\",\"item\":\"https:\/\/www.africa-press.net\/senegal\/\"},{\"@type\":\"ListItem\",\"position\":2,\"name\":\"PME-PMI: Ousmane Sonko Annonce un Pacte de Financement de 1 000 Milliards F CFA\"}]},{\"@type\":\"WebSite\",\"@id\":\"https:\/\/www.africa-press.net\/senegal\/#website\",\"url\":\"https:\/\/www.africa-press.net\/senegal\/\",\"name\":\"Africa Press | Senegal | Homepage\",\"description\":\"Just another Africa News Agency Sites site\",\"potentialAction\":[{\"@type\":\"SearchAction\",\"target\":{\"@type\":\"EntryPoint\",\"urlTemplate\":\"https:\/\/www.africa-press.net\/senegal\/?s={search_term_string}\"},\"query-input\":{\"@type\":\"PropertyValueSpecification\",\"valueRequired\":true,\"valueName\":\"search_term_string\"}}],\"inLanguage\":\"fr-FR\"},{\"@type\":\"Person\",\"@id\":\"https:\/\/www.africa-press.net\/senegal\/#\/schema\/person\/2b1cf3cd81a31e3cd26889ca66d677f1\",\"name\":\"cfeditorfr\",\"url\":\"https:\/\/www.africa-press.net\/senegal\/author\/cfeditorfr\"}]}<\/script>\n<!-- \/ Yoast SEO Premium plugin. -->","yoast_head_json":{"title":"PME-PMI: Ousmane Sonko Annonce un Pacte de Financement de 1 000 Milliards F CFA - Senegal","robots":{"index":"index","follow":"follow","max-snippet":"max-snippet:-1","max-image-preview":"max-image-preview:large","max-video-preview":"max-video-preview:-1"},"canonical":"https:\/\/www.africa-press.net\/senegal\/politique\/pme-pmi-ousmane-sonko-annonce-un-pacte-de-financement-de-1-000-milliards-f-cfa","og_locale":"fr_FR","og_type":"article","og_title":"PME-PMI: Ousmane Sonko Annonce un Pacte de Financement de 1 000 Milliards F CFA","og_description":"Africa-Press &#8211; Senegal. Le Premier ministre, Ousmane Sonko, a lance\u0301 la 4e e\u0301dition du Forum de la PME-PMI. Il s\u2019agit, selon le chef du gouvernement du Se\u0301ne\u0301gal, d\u2019un rendez-vous strate\u0301gique pour le secteur prive\u0301 national. Un ambitieux pacte de financement Le Premier ministre a annonce\u0301 un programme massif de financement, avec pour objectif de faire [&hellip;]","og_url":"https:\/\/www.africa-press.net\/senegal\/politique\/pme-pmi-ousmane-sonko-annonce-un-pacte-de-financement-de-1-000-milliards-f-cfa","og_site_name":"Senegal","article_published_time":"2025-02-19T14:10:00+00:00","author":"cfeditorfr","twitter_card":"summary_large_image","twitter_misc":{"\u00c9crit par":"cfeditorfr","Dur\u00e9e de lecture estim\u00e9e":"2 minutes"},"schema":{"@context":"https:\/\/schema.org","@graph":[{"@type":"Article","@id":"https:\/\/www.africa-press.net\/senegal\/politique\/pme-pmi-ousmane-sonko-annonce-un-pacte-de-financement-de-1-000-milliards-f-cfa#article","isPartOf":{"@id":"https:\/\/www.africa-press.net\/senegal\/politique\/pme-pmi-ousmane-sonko-annonce-un-pacte-de-financement-de-1-000-milliards-f-cfa"},"author":{"name":"cfeditorfr","@id":"https:\/\/www.africa-press.net\/senegal\/#\/schema\/person\/2b1cf3cd81a31e3cd26889ca66d677f1"},"headline":"PME-PMI: Ousmane Sonko Annonce un Pacte de Financement de 1 000 Milliards F CFA","datePublished":"2025-02-19T14:10:00+00:00","mainEntityOfPage":{"@id":"https:\/\/www.africa-press.net\/senegal\/politique\/pme-pmi-ousmane-sonko-annonce-un-pacte-de-financement-de-1-000-milliards-f-cfa"},"wordCount":471,"commentCount":0,"image":{"@id":"https:\/\/www.africa-press.net\/senegal\/politique\/pme-pmi-ousmane-sonko-annonce-un-pacte-de-financement-de-1-000-milliards-f-cfa#primaryimage"},"thumbnailUrl":"https:\/\/static.africa-press.net\/senegal\/sites\/13\/2025\/02\/sm_1740049875.147665.jpg","keywords":["Senegal"],"articleSection":["\u00c9conomie","Politique","Top Nouvelles","Toutes les actualit\u00e9s"],"inLanguage":"fr-FR","potentialAction":[{"@type":"CommentAction","name":"Comment","target":["https:\/\/www.africa-press.net\/senegal\/politique\/pme-pmi-ousmane-sonko-annonce-un-pacte-de-financement-de-1-000-milliards-f-cfa#respond"]}]},{"@type":"WebPage","@id":"https:\/\/www.africa-press.net\/senegal\/politique\/pme-pmi-ousmane-sonko-annonce-un-pacte-de-financement-de-1-000-milliards-f-cfa","url":"https:\/\/www.africa-press.net\/senegal\/politique\/pme-pmi-ousmane-sonko-annonce-un-pacte-de-financement-de-1-000-milliards-f-cfa","name":"PME-PMI: Ousmane Sonko Annonce un Pacte de Financement de 1 000 Milliards F CFA - Senegal","isPartOf":{"@id":"https:\/\/www.africa-press.net\/senegal\/#website"},"primaryImageOfPage":{"@id":"https:\/\/www.africa-press.net\/senegal\/politique\/pme-pmi-ousmane-sonko-annonce-un-pacte-de-financement-de-1-000-milliards-f-cfa#primaryimage"},"image":{"@id":"https:\/\/www.africa-press.net\/senegal\/politique\/pme-pmi-ousmane-sonko-annonce-un-pacte-de-financement-de-1-000-milliards-f-cfa#primaryimage"},"thumbnailUrl":"https:\/\/static.africa-press.net\/senegal\/sites\/13\/2025\/02\/sm_1740049875.147665.jpg","datePublished":"2025-02-19T14:10:00+00:00","author":{"@id":"https:\/\/www.africa-press.net\/senegal\/#\/schema\/person\/2b1cf3cd81a31e3cd26889ca66d677f1"},"breadcrumb":{"@id":"https:\/\/www.africa-press.net\/senegal\/politique\/pme-pmi-ousmane-sonko-annonce-un-pacte-de-financement-de-1-000-milliards-f-cfa#breadcrumb"},"inLanguage":"fr-FR","potentialAction":[{"@type":"ReadAction","target":["https:\/\/www.africa-press.net\/senegal\/politique\/pme-pmi-ousmane-sonko-annonce-un-pacte-de-financement-de-1-000-milliards-f-cfa"]}]},{"@type":"ImageObject","inLanguage":"fr-FR","@id":"https:\/\/www.africa-press.net\/senegal\/politique\/pme-pmi-ousmane-sonko-annonce-un-pacte-de-financement-de-1-000-milliards-f-cfa#primaryimage","url":"https:\/\/static.africa-press.net\/senegal\/sites\/13\/2025\/02\/sm_1740049875.147665.jpg","contentUrl":"https:\/\/static.africa-press.net\/senegal\/sites\/13\/2025\/02\/sm_1740049875.147665.jpg","width":1201,"height":587,"caption":"PME-PMI: Ousmane Sonko Annonce un Pacte de Financement de 1 000 Milliards F CFA"},{"@type":"BreadcrumbList","@id":"https:\/\/www.africa-press.net\/senegal\/politique\/pme-pmi-ousmane-sonko-annonce-un-pacte-de-financement-de-1-000-milliards-f-cfa#breadcrumb","itemListElement":[{"@type":"ListItem","position":1,"name":"Accueil","item":"https:\/\/www.africa-press.net\/senegal\/"},{"@type":"ListItem","position":2,"name":"PME-PMI: Ousmane Sonko Annonce un Pacte de Financement de 1 000 Milliards F CFA"}]},{"@type":"WebSite","@id":"https:\/\/www.africa-press.net\/senegal\/#website","url":"https:\/\/www.africa-press.net\/senegal\/","name":"Africa Press | Senegal | Homepage","description":"Just another Africa News Agency Sites site","potentialAction":[{"@type":"SearchAction","target":{"@type":"EntryPoint","urlTemplate":"https:\/\/www.africa-press.net\/senegal\/?s={search_term_string}"},"query-input":{"@type":"PropertyValueSpecification","valueRequired":true,"valueName":"search_term_string"}}],"inLanguage":"fr-FR"},{"@type":"Person","@id":"https:\/\/www.africa-press.net\/senegal\/#\/schema\/person\/2b1cf3cd81a31e3cd26889ca66d677f1","name":"cfeditorfr","url":"https:\/\/www.africa-press.net\/senegal\/author\/cfeditorfr"}]}},"_links":{"self":[{"href":"https:\/\/www.africa-press.net\/senegal\/wp-json\/wp\/v2\/posts\/65595","targetHints":{"allow":["GET"]}}],"collection":[{"href":"https:\/\/www.africa-press.net\/senegal\/wp-json\/wp\/v2\/posts"}],"about":[{"href":"https:\/\/www.africa-press.net\/senegal\/wp-json\/wp\/v2\/types\/post"}],"author":[{"embeddable":true,"href":"https:\/\/www.africa-press.net\/senegal\/wp-json\/wp\/v2\/users\/82"}],"replies":[{"embeddable":true,"href":"https:\/\/www.africa-press.net\/senegal\/wp-json\/wp\/v2\/comments?post=65595"}],"version-history":[{"count":0,"href":"https:\/\/www.africa-press.net\/senegal\/wp-json\/wp\/v2\/posts\/65595\/revisions"}],"wp:featuredmedia":[{"embeddable":true,"href":"https:\/\/www.africa-press.net\/senegal\/wp-json\/wp\/v2\/media\/65594"}],"wp:attachment":[{"href":"https:\/\/www.africa-press.net\/senegal\/wp-json\/wp\/v2\/media?parent=65595"}],"wp:term":[{"taxonomy":"category","embeddable":true,"href":"https:\/\/www.africa-press.net\/senegal\/wp-json\/wp\/v2\/categories?post=65595"},{"taxonomy":"post_tag","embeddable":true,"href":"https:\/\/www.africa-press.net\/senegal\/wp-json\/wp\/v2\/tags?post=65595"}],"curies":[{"name":"wp","href":"https:\/\/api.w.org\/{rel}","templated":true}]}}