{"id":65597,"date":"2025-02-19T12:20:00","date_gmt":"2025-02-19T12:20:00","guid":{"rendered":"https:\/\/www.africa-press.net\/senegal\/politique\/remboursement-des-prets-de-la-der-fj-le-pm-ousmane-sonko-sermonne-les-mauvais-payeurs"},"modified":"2025-02-19T12:20:00","modified_gmt":"2025-02-19T12:20:00","slug":"remboursement-des-prets-de-la-der-fj-le-pm-ousmane-sonko-sermonne-les-mauvais-payeurs","status":"publish","type":"post","link":"https:\/\/www.africa-press.net\/senegal\/politique\/remboursement-des-prets-de-la-der-fj-le-pm-ousmane-sonko-sermonne-les-mauvais-payeurs","title":{"rendered":"Remboursement des Pre\u0302Ts de la DER-FJ: le PM Ousmane Sonko Sermonne les Mauvais Payeurs"},"content":{"rendered":"<p><span style=\"color: #ff6600\"><strong>Africa-Press &#8211; Senegal. <\/strong><\/span>Pre\u0301sidant la ce\u0301re\u0301monie d\u2019ouverture de la 4e\u0300me e\u0301dition du Forum de la Petite et moyenne entreprise (PME), ce mardi 18 fe\u0301vrier 2025, le Premier ministre (Pm) Ousmane Sonko a saisi l\u2019occasion pour faire le point sur les financements accorde\u0301s par De\u0301le\u0301gation ge\u0301ne\u0301rale a\u0300 l&rsquo;entreprenariat rapide des femmes et des jeunes (Der-fj). Il en ressort que la structure dirige\u0301e par Ai\u0308da Mbodji court derrie\u0300re des impaye\u0301s. Selon le Pm, le taux d\u2019impaye\u0301s est estime\u0301 a\u0300 38%.<\/p>\n<p>\u00ab J\u2019ai interpelle\u0301 madame la De\u0301le\u0301gue\u0301e ge\u0301ne\u0301rale. Elle me dit qu\u2019en juin 2024 on e\u0301tait a\u0300 46% de taux d\u2019impaye\u0301s. Aujourd\u2019hui, on est a\u0300 38%. Comment voulez-vous que le financement perdure et se perpe\u0301tue si les cre\u0301dits ne sont pas rembourse\u0301s ? \u00bb, s\u2019offusque-t-il.<\/p>\n<p>Ousmane Sonko a invite\u0301 les mauvais payeurs a\u0300 faire preuve de patriotisme. \u00ab Nous en appelons au patriotisme de certains. Autant au niveau du pouvoir politique, il nous faut une gestion se\u0301rieuse, rigoureuse, seine et patriotique, autant dans tous les segments de la socie\u0301te\u0301, nous devons tous faire notre introspection \u00bb.<\/p>\n<p><strong>Pour plus d&rsquo;informations et d&rsquo;analyses sur la <span style=\"color: #ff6600\">Senegal<\/span>, suivez <span style=\"color: #ff6600\">Africa-Press<span style=\"color: #ff6600\"><\/span><\/strong><\/p>\n","protected":false},"excerpt":{"rendered":"<p>Africa-Press &#8211; Senegal. Pre\u0301sidant la ce\u0301re\u0301monie d\u2019ouverture de la 4e\u0300me e\u0301dition du Forum de la Petite et moyenne entreprise (PME), ce mardi 18 fe\u0301vrier 2025, le Premier ministre (Pm) Ousmane Sonko a saisi l\u2019occasion pour faire le point sur les financements accorde\u0301s par De\u0301le\u0301gation ge\u0301ne\u0301rale a\u0300 l&rsquo;entreprenariat rapide des femmes et des jeunes (Der-fj). Il [&hellip;]<\/p>\n","protected":false},"author":82,"featured_media":65596,"comment_status":"open","ping_status":"closed","sticky":false,"template":"","format":"standard","meta":{"footnotes":""},"categories":[2,10],"tags":[44],"class_list":["post-65597","post","type-post","status-publish","format-standard","has-post-thumbnail","hentry","category-politique","category-toutes-les-actualites","tag-senegal-2"],"yoast_head":"<!-- This site is optimized with the Yoast SEO Premium plugin v26.1 (Yoast SEO v27.0) - https:\/\/yoast.com\/product\/yoast-seo-premium-wordpress\/ -->\n<title>Remboursement des Pre\u0302Ts de la DER-FJ: le PM Ousmane Sonko Sermonne les Mauvais Payeurs - Senegal<\/title>\n<meta name=\"robots\" content=\"index, follow, max-snippet:-1, max-image-preview:large, max-video-preview:-1\" \/>\n<link rel=\"canonical\" href=\"https:\/\/www.africa-press.net\/senegal\/politique\/remboursement-des-prets-de-la-der-fj-le-pm-ousmane-sonko-sermonne-les-mauvais-payeurs\" \/>\n<meta property=\"og:locale\" content=\"fr_FR\" \/>\n<meta property=\"og:type\" content=\"article\" \/>\n<meta property=\"og:title\" content=\"Remboursement des Pre\u0302Ts de la DER-FJ: le PM Ousmane Sonko Sermonne les Mauvais Payeurs\" \/>\n<meta property=\"og:description\" content=\"Africa-Press &#8211; Senegal. Pre\u0301sidant la ce\u0301re\u0301monie d\u2019ouverture de la 4e\u0300me e\u0301dition du Forum de la Petite et moyenne entreprise (PME), ce mardi 18 fe\u0301vrier 2025, le Premier ministre (Pm) Ousmane Sonko a saisi l\u2019occasion pour faire le point sur les financements accorde\u0301s par De\u0301le\u0301gation ge\u0301ne\u0301rale a\u0300 l&rsquo;entreprenariat rapide des femmes et des jeunes (Der-fj). Il [&hellip;]\" \/>\n<meta property=\"og:url\" content=\"https:\/\/www.africa-press.net\/senegal\/politique\/remboursement-des-prets-de-la-der-fj-le-pm-ousmane-sonko-sermonne-les-mauvais-payeurs\" \/>\n<meta property=\"og:site_name\" content=\"Senegal\" \/>\n<meta property=\"article:published_time\" content=\"2025-02-19T12:20:00+00:00\" \/>\n<meta name=\"author\" content=\"cfeditorfr\" \/>\n<meta name=\"twitter:card\" content=\"summary_large_image\" \/>\n<meta name=\"twitter:label1\" content=\"\u00c9crit par\" \/>\n\t<meta name=\"twitter:data1\" content=\"cfeditorfr\" \/>\n\t<meta name=\"twitter:label2\" content=\"Dur\u00e9e de lecture estim\u00e9e\" \/>\n\t<meta name=\"twitter:data2\" content=\"1 minute\" \/>\n<script type=\"application\/ld+json\" class=\"yoast-schema-graph\">{\"@context\":\"https:\/\/schema.org\",\"@graph\":[{\"@type\":\"Article\",\"@id\":\"https:\/\/www.africa-press.net\/senegal\/politique\/remboursement-des-prets-de-la-der-fj-le-pm-ousmane-sonko-sermonne-les-mauvais-payeurs#article\",\"isPartOf\":{\"@id\":\"https:\/\/www.africa-press.net\/senegal\/politique\/remboursement-des-prets-de-la-der-fj-le-pm-ousmane-sonko-sermonne-les-mauvais-payeurs\"},\"author\":{\"name\":\"cfeditorfr\",\"@id\":\"https:\/\/www.africa-press.net\/senegal\/#\/schema\/person\/2b1cf3cd81a31e3cd26889ca66d677f1\"},\"headline\":\"Remboursement des Pre\u0302Ts de la DER-FJ: le PM Ousmane Sonko Sermonne les Mauvais Payeurs\",\"datePublished\":\"2025-02-19T12:20:00+00:00\",\"mainEntityOfPage\":{\"@id\":\"https:\/\/www.africa-press.net\/senegal\/politique\/remboursement-des-prets-de-la-der-fj-le-pm-ousmane-sonko-sermonne-les-mauvais-payeurs\"},\"wordCount\":226,\"commentCount\":0,\"image\":{\"@id\":\"https:\/\/www.africa-press.net\/senegal\/politique\/remboursement-des-prets-de-la-der-fj-le-pm-ousmane-sonko-sermonne-les-mauvais-payeurs#primaryimage\"},\"thumbnailUrl\":\"https:\/\/static.africa-press.net\/senegal\/sites\/13\/2025\/02\/sm_1740049886.305173.jpg\",\"keywords\":[\"Senegal\"],\"articleSection\":[\"Politique\",\"Toutes les actualit\u00e9s\"],\"inLanguage\":\"fr-FR\",\"potentialAction\":[{\"@type\":\"CommentAction\",\"name\":\"Comment\",\"target\":[\"https:\/\/www.africa-press.net\/senegal\/politique\/remboursement-des-prets-de-la-der-fj-le-pm-ousmane-sonko-sermonne-les-mauvais-payeurs#respond\"]}]},{\"@type\":\"WebPage\",\"@id\":\"https:\/\/www.africa-press.net\/senegal\/politique\/remboursement-des-prets-de-la-der-fj-le-pm-ousmane-sonko-sermonne-les-mauvais-payeurs\",\"url\":\"https:\/\/www.africa-press.net\/senegal\/politique\/remboursement-des-prets-de-la-der-fj-le-pm-ousmane-sonko-sermonne-les-mauvais-payeurs\",\"name\":\"Remboursement des Pre\u0302Ts de la DER-FJ: le PM Ousmane Sonko Sermonne les Mauvais Payeurs - Senegal\",\"isPartOf\":{\"@id\":\"https:\/\/www.africa-press.net\/senegal\/#website\"},\"primaryImageOfPage\":{\"@id\":\"https:\/\/www.africa-press.net\/senegal\/politique\/remboursement-des-prets-de-la-der-fj-le-pm-ousmane-sonko-sermonne-les-mauvais-payeurs#primaryimage\"},\"image\":{\"@id\":\"https:\/\/www.africa-press.net\/senegal\/politique\/remboursement-des-prets-de-la-der-fj-le-pm-ousmane-sonko-sermonne-les-mauvais-payeurs#primaryimage\"},\"thumbnailUrl\":\"https:\/\/static.africa-press.net\/senegal\/sites\/13\/2025\/02\/sm_1740049886.305173.jpg\",\"datePublished\":\"2025-02-19T12:20:00+00:00\",\"author\":{\"@id\":\"https:\/\/www.africa-press.net\/senegal\/#\/schema\/person\/2b1cf3cd81a31e3cd26889ca66d677f1\"},\"breadcrumb\":{\"@id\":\"https:\/\/www.africa-press.net\/senegal\/politique\/remboursement-des-prets-de-la-der-fj-le-pm-ousmane-sonko-sermonne-les-mauvais-payeurs#breadcrumb\"},\"inLanguage\":\"fr-FR\",\"potentialAction\":[{\"@type\":\"ReadAction\",\"target\":[\"https:\/\/www.africa-press.net\/senegal\/politique\/remboursement-des-prets-de-la-der-fj-le-pm-ousmane-sonko-sermonne-les-mauvais-payeurs\"]}]},{\"@type\":\"ImageObject\",\"inLanguage\":\"fr-FR\",\"@id\":\"https:\/\/www.africa-press.net\/senegal\/politique\/remboursement-des-prets-de-la-der-fj-le-pm-ousmane-sonko-sermonne-les-mauvais-payeurs#primaryimage\",\"url\":\"https:\/\/static.africa-press.net\/senegal\/sites\/13\/2025\/02\/sm_1740049886.305173.jpg\",\"contentUrl\":\"https:\/\/static.africa-press.net\/senegal\/sites\/13\/2025\/02\/sm_1740049886.305173.jpg\",\"width\":612,\"height\":298,\"caption\":\"Remboursement des Pre\u0302Ts de la DER-FJ: le PM Ousmane Sonko Sermonne les Mauvais Payeurs\"},{\"@type\":\"BreadcrumbList\",\"@id\":\"https:\/\/www.africa-press.net\/senegal\/politique\/remboursement-des-prets-de-la-der-fj-le-pm-ousmane-sonko-sermonne-les-mauvais-payeurs#breadcrumb\",\"itemListElement\":[{\"@type\":\"ListItem\",\"position\":1,\"name\":\"Accueil\",\"item\":\"https:\/\/www.africa-press.net\/senegal\/\"},{\"@type\":\"ListItem\",\"position\":2,\"name\":\"Remboursement des Pre\u0302Ts de la DER-FJ: le PM Ousmane Sonko Sermonne les Mauvais Payeurs\"}]},{\"@type\":\"WebSite\",\"@id\":\"https:\/\/www.africa-press.net\/senegal\/#website\",\"url\":\"https:\/\/www.africa-press.net\/senegal\/\",\"name\":\"Africa Press | Senegal | Homepage\",\"description\":\"Just another Africa News Agency Sites site\",\"potentialAction\":[{\"@type\":\"SearchAction\",\"target\":{\"@type\":\"EntryPoint\",\"urlTemplate\":\"https:\/\/www.africa-press.net\/senegal\/?s={search_term_string}\"},\"query-input\":{\"@type\":\"PropertyValueSpecification\",\"valueRequired\":true,\"valueName\":\"search_term_string\"}}],\"inLanguage\":\"fr-FR\"},{\"@type\":\"Person\",\"@id\":\"https:\/\/www.africa-press.net\/senegal\/#\/schema\/person\/2b1cf3cd81a31e3cd26889ca66d677f1\",\"name\":\"cfeditorfr\",\"url\":\"https:\/\/www.africa-press.net\/senegal\/author\/cfeditorfr\"}]}<\/script>\n<!-- \/ Yoast SEO Premium plugin. -->","yoast_head_json":{"title":"Remboursement des Pre\u0302Ts de la DER-FJ: le PM Ousmane Sonko Sermonne les Mauvais Payeurs - Senegal","robots":{"index":"index","follow":"follow","max-snippet":"max-snippet:-1","max-image-preview":"max-image-preview:large","max-video-preview":"max-video-preview:-1"},"canonical":"https:\/\/www.africa-press.net\/senegal\/politique\/remboursement-des-prets-de-la-der-fj-le-pm-ousmane-sonko-sermonne-les-mauvais-payeurs","og_locale":"fr_FR","og_type":"article","og_title":"Remboursement des Pre\u0302Ts de la DER-FJ: le PM Ousmane Sonko Sermonne les Mauvais Payeurs","og_description":"Africa-Press &#8211; Senegal. Pre\u0301sidant la ce\u0301re\u0301monie d\u2019ouverture de la 4e\u0300me e\u0301dition du Forum de la Petite et moyenne entreprise (PME), ce mardi 18 fe\u0301vrier 2025, le Premier ministre (Pm) Ousmane Sonko a saisi l\u2019occasion pour faire le point sur les financements accorde\u0301s par De\u0301le\u0301gation ge\u0301ne\u0301rale a\u0300 l&rsquo;entreprenariat rapide des femmes et des jeunes (Der-fj). Il [&hellip;]","og_url":"https:\/\/www.africa-press.net\/senegal\/politique\/remboursement-des-prets-de-la-der-fj-le-pm-ousmane-sonko-sermonne-les-mauvais-payeurs","og_site_name":"Senegal","article_published_time":"2025-02-19T12:20:00+00:00","author":"cfeditorfr","twitter_card":"summary_large_image","twitter_misc":{"\u00c9crit par":"cfeditorfr","Dur\u00e9e de lecture estim\u00e9e":"1 minute"},"schema":{"@context":"https:\/\/schema.org","@graph":[{"@type":"Article","@id":"https:\/\/www.africa-press.net\/senegal\/politique\/remboursement-des-prets-de-la-der-fj-le-pm-ousmane-sonko-sermonne-les-mauvais-payeurs#article","isPartOf":{"@id":"https:\/\/www.africa-press.net\/senegal\/politique\/remboursement-des-prets-de-la-der-fj-le-pm-ousmane-sonko-sermonne-les-mauvais-payeurs"},"author":{"name":"cfeditorfr","@id":"https:\/\/www.africa-press.net\/senegal\/#\/schema\/person\/2b1cf3cd81a31e3cd26889ca66d677f1"},"headline":"Remboursement des Pre\u0302Ts de la DER-FJ: le PM Ousmane Sonko Sermonne les Mauvais Payeurs","datePublished":"2025-02-19T12:20:00+00:00","mainEntityOfPage":{"@id":"https:\/\/www.africa-press.net\/senegal\/politique\/remboursement-des-prets-de-la-der-fj-le-pm-ousmane-sonko-sermonne-les-mauvais-payeurs"},"wordCount":226,"commentCount":0,"image":{"@id":"https:\/\/www.africa-press.net\/senegal\/politique\/remboursement-des-prets-de-la-der-fj-le-pm-ousmane-sonko-sermonne-les-mauvais-payeurs#primaryimage"},"thumbnailUrl":"https:\/\/static.africa-press.net\/senegal\/sites\/13\/2025\/02\/sm_1740049886.305173.jpg","keywords":["Senegal"],"articleSection":["Politique","Toutes les actualit\u00e9s"],"inLanguage":"fr-FR","potentialAction":[{"@type":"CommentAction","name":"Comment","target":["https:\/\/www.africa-press.net\/senegal\/politique\/remboursement-des-prets-de-la-der-fj-le-pm-ousmane-sonko-sermonne-les-mauvais-payeurs#respond"]}]},{"@type":"WebPage","@id":"https:\/\/www.africa-press.net\/senegal\/politique\/remboursement-des-prets-de-la-der-fj-le-pm-ousmane-sonko-sermonne-les-mauvais-payeurs","url":"https:\/\/www.africa-press.net\/senegal\/politique\/remboursement-des-prets-de-la-der-fj-le-pm-ousmane-sonko-sermonne-les-mauvais-payeurs","name":"Remboursement des Pre\u0302Ts de la DER-FJ: le PM Ousmane Sonko Sermonne les Mauvais Payeurs - Senegal","isPartOf":{"@id":"https:\/\/www.africa-press.net\/senegal\/#website"},"primaryImageOfPage":{"@id":"https:\/\/www.africa-press.net\/senegal\/politique\/remboursement-des-prets-de-la-der-fj-le-pm-ousmane-sonko-sermonne-les-mauvais-payeurs#primaryimage"},"image":{"@id":"https:\/\/www.africa-press.net\/senegal\/politique\/remboursement-des-prets-de-la-der-fj-le-pm-ousmane-sonko-sermonne-les-mauvais-payeurs#primaryimage"},"thumbnailUrl":"https:\/\/static.africa-press.net\/senegal\/sites\/13\/2025\/02\/sm_1740049886.305173.jpg","datePublished":"2025-02-19T12:20:00+00:00","author":{"@id":"https:\/\/www.africa-press.net\/senegal\/#\/schema\/person\/2b1cf3cd81a31e3cd26889ca66d677f1"},"breadcrumb":{"@id":"https:\/\/www.africa-press.net\/senegal\/politique\/remboursement-des-prets-de-la-der-fj-le-pm-ousmane-sonko-sermonne-les-mauvais-payeurs#breadcrumb"},"inLanguage":"fr-FR","potentialAction":[{"@type":"ReadAction","target":["https:\/\/www.africa-press.net\/senegal\/politique\/remboursement-des-prets-de-la-der-fj-le-pm-ousmane-sonko-sermonne-les-mauvais-payeurs"]}]},{"@type":"ImageObject","inLanguage":"fr-FR","@id":"https:\/\/www.africa-press.net\/senegal\/politique\/remboursement-des-prets-de-la-der-fj-le-pm-ousmane-sonko-sermonne-les-mauvais-payeurs#primaryimage","url":"https:\/\/static.africa-press.net\/senegal\/sites\/13\/2025\/02\/sm_1740049886.305173.jpg","contentUrl":"https:\/\/static.africa-press.net\/senegal\/sites\/13\/2025\/02\/sm_1740049886.305173.jpg","width":612,"height":298,"caption":"Remboursement des Pre\u0302Ts de la DER-FJ: le PM Ousmane Sonko Sermonne les Mauvais Payeurs"},{"@type":"BreadcrumbList","@id":"https:\/\/www.africa-press.net\/senegal\/politique\/remboursement-des-prets-de-la-der-fj-le-pm-ousmane-sonko-sermonne-les-mauvais-payeurs#breadcrumb","itemListElement":[{"@type":"ListItem","position":1,"name":"Accueil","item":"https:\/\/www.africa-press.net\/senegal\/"},{"@type":"ListItem","position":2,"name":"Remboursement des Pre\u0302Ts de la DER-FJ: le PM Ousmane Sonko Sermonne les Mauvais Payeurs"}]},{"@type":"WebSite","@id":"https:\/\/www.africa-press.net\/senegal\/#website","url":"https:\/\/www.africa-press.net\/senegal\/","name":"Africa Press | Senegal | Homepage","description":"Just another Africa News Agency Sites site","potentialAction":[{"@type":"SearchAction","target":{"@type":"EntryPoint","urlTemplate":"https:\/\/www.africa-press.net\/senegal\/?s={search_term_string}"},"query-input":{"@type":"PropertyValueSpecification","valueRequired":true,"valueName":"search_term_string"}}],"inLanguage":"fr-FR"},{"@type":"Person","@id":"https:\/\/www.africa-press.net\/senegal\/#\/schema\/person\/2b1cf3cd81a31e3cd26889ca66d677f1","name":"cfeditorfr","url":"https:\/\/www.africa-press.net\/senegal\/author\/cfeditorfr"}]}},"_links":{"self":[{"href":"https:\/\/www.africa-press.net\/senegal\/wp-json\/wp\/v2\/posts\/65597","targetHints":{"allow":["GET"]}}],"collection":[{"href":"https:\/\/www.africa-press.net\/senegal\/wp-json\/wp\/v2\/posts"}],"about":[{"href":"https:\/\/www.africa-press.net\/senegal\/wp-json\/wp\/v2\/types\/post"}],"author":[{"embeddable":true,"href":"https:\/\/www.africa-press.net\/senegal\/wp-json\/wp\/v2\/users\/82"}],"replies":[{"embeddable":true,"href":"https:\/\/www.africa-press.net\/senegal\/wp-json\/wp\/v2\/comments?post=65597"}],"version-history":[{"count":0,"href":"https:\/\/www.africa-press.net\/senegal\/wp-json\/wp\/v2\/posts\/65597\/revisions"}],"wp:featuredmedia":[{"embeddable":true,"href":"https:\/\/www.africa-press.net\/senegal\/wp-json\/wp\/v2\/media\/65596"}],"wp:attachment":[{"href":"https:\/\/www.africa-press.net\/senegal\/wp-json\/wp\/v2\/media?parent=65597"}],"wp:term":[{"taxonomy":"category","embeddable":true,"href":"https:\/\/www.africa-press.net\/senegal\/wp-json\/wp\/v2\/categories?post=65597"},{"taxonomy":"post_tag","embeddable":true,"href":"https:\/\/www.africa-press.net\/senegal\/wp-json\/wp\/v2\/tags?post=65597"}],"curies":[{"name":"wp","href":"https:\/\/api.w.org\/{rel}","templated":true}]}}