{"id":65611,"date":"2025-02-20T12:00:00","date_gmt":"2025-02-20T12:00:00","guid":{"rendered":"https:\/\/www.africa-press.net\/senegal\/politique\/lutte-contre-les-gaz-a-effet-de-serre-combien-dannees-de-vie-gagnees-et-de-morts-evitees"},"modified":"2025-02-20T12:00:00","modified_gmt":"2025-02-20T12:00:00","slug":"lutte-contre-les-gaz-a-effet-de-serre-combien-dannees-de-vie-gagnees-et-de-morts-evitees","status":"publish","type":"post","link":"https:\/\/www.africa-press.net\/senegal\/toutes-les-actualites\/lutte-contre-les-gaz-a-effet-de-serre-combien-dannees-de-vie-gagnees-et-de-morts-evitees","title":{"rendered":"Lutte Contre les Gaz \u00e0 Effet de Serre : combien D\u2019ann\u00e9es de Vie Gagn\u00e9es et de Morts \u00c9vit\u00e9es ?"},"content":{"rendered":"<p><span style=\"color: #ff6600\"><strong>Africa-Press &#8211; Senegal. <\/strong><\/span>Dans la lutte contre le changement climatique, 2025 est une anne\u0301e charnie\u0300re. Les 195 E\u0301tats signataires de l\u2019accord de Paris (il faut de\u0301sormais en retirer les E\u0301tats-Unis) doivent en effet remettre leur deuxie\u0300me \u00ab contribution de\u0301termine\u0301e au niveau national \u00bb (NDC selon l\u2019acronyme anglais), c\u2019est-a\u0300-dire leur plan pour re\u0301duire leurs e\u0301missions de gaz a\u0300 effet de serre d\u2019ici a\u0300 la fin de la de\u0301cennie. Ils devaient l\u2019avoir finalise\u0301 avant le 15 fe\u0301vrier. A\u0300 cette date, ils n\u2019e\u0301taient que 13 a\u0300 l\u2019avoir fait dont e\u0301tonnamment&#8230; les E\u0301tats-Unis !<\/p>\n<p>Ce retard ge\u0301ne\u0301ral n\u2019affole pas le secre\u0301taire exe\u0301cutif de la Commission onusienne de lutte contre le changement climatique. Dans un discours donne\u0301 le 6 fe\u0301vrier 2025 a\u0300 Brasilia (Bre\u0301sil), Simon Stiell a affirme\u0301 que la grande majorite\u0301 des pays allaient bien fournir leur NDC avant la COP30, pre\u0301vue pour novembre 2025 a\u0300 Bele\u0301m au Bre\u0301sil, arguant qu\u2019il en allait de leur inte\u0301re\u0302t e\u0301cologique mais aussi e\u0301conomique. Le secre\u0301taire exe\u0301cutif en veut pour preuve les 2000 milliards d\u2019investissements dans les e\u0301nergies renouvelables enregistre\u0301s pour la seule anne\u0301e 2024. \u00ab Un pays peut reculer, mais d\u2019autres prennent alors sa place pour saisir l\u2019opportunite\u0301 et en re\u0301colter les fruits conside\u0301rables: une croissance e\u0301conomique plus forte, plus d\u2019emplois, moins de pollution et des cou\u0302ts de sante\u0301 beaucoup plus bas, une e\u0301nergie plus su\u0302re et plus abordable \u00bb, a de\u0301clare\u0301 Simon Stiell.<\/p>\n<p><b>Les e\u0301nergies fossiles ruinent le climat et de\u0301te\u0301riorent la sante\u0301<\/b><\/p>\n<p>Ce n\u2019est pas la premie\u0300re fois qu\u2019est affirme\u0301 un lien positif entre lutte contre le changement climatique et sante\u0301 publique. Mais qu\u2019en est-il en re\u0301alite\u0301 ? La baisse des e\u0301missions de gaz a\u0300 effet de serre induit en toute logique une ame\u0301lioration de la qualite\u0301 de l\u2019air par la de\u0301carbonation de l\u2019activite\u0301 humaine, la combustion des e\u0301nergies fossiles ge\u0301ne\u0301rant des polluants provoquant des infections pulmonaires et des maladies cardio-vasculaires. Selon l\u2019Organisation mondiale de la Sante\u0301 (OMS), 7 millions de personnes meurent pre\u0301mature\u0301ment de cette cause tous les ans, 48.000 en France selon Sante\u0301 publique France. Pour re\u0301ussir a\u0300 limiter la hausse des tempe\u0301ratures, les politiques climatiques recommandent par ailleurs de re\u0301duire l\u2019usage de la voiture individuelle pour utiliser le ve\u0301lo et la marche et de diminuer la consommation de viande, l\u2019e\u0301levage d\u2019animaux domestiques e\u0301tant l\u2019une des principales sources me\u0301thane et une cause de de\u0301forestation. Des re\u0300gles de vie qui ont fait leurs preuves en matie\u0300re de sante\u0301.<\/p>\n<p>Ces trois \u00ab armes \u00bb climatiques ont donc des co-be\u0301ne\u0301fices sur la sante\u0301 humaine. Le Groupe intergouvernemental des experts pour le climat (Giec) tout comme Simon Stiell parlent de \u00ab cou\u0302ts de sante\u0301 beaucoup plus bas \u00bb. Mais de combien ? \u00ab ll nous manquait jusque-la\u0300 une vision exhaustive des re\u0301sultats sur cette question des co-be\u0301ne\u0301fices: les e\u0301tudes disponibles sont disse\u0301mine\u0301es, conduites dans des pays varie\u0301s, les me\u0301canismes conside\u0301re\u0301s ne sont pas toujours les me\u0302mes&#8230; \u00bb, explique Ke\u0301vin Jean, professeur junior en sante\u0301 et changements globaux a\u0300 l\u2019Institut de biologie de l\u2019ENS-PSL.<\/p>\n<p>D\u2019ou\u0300 l\u2019ide\u0301e d\u2019ope\u0301rer une revue syste\u0301matique des e\u0301tudes portant sur le sujet. Le re\u0301sultat, qui vient d\u2019e\u0302tre publie\u0301 dans la revue Lancet Planetary Health, confirme que lutter contre le changement climatique ame\u0301liore bien la sante\u0301 des individus et donc les comptes sociaux des nations. Si le Giec affirmait jusqu\u2019a\u0300 pre\u0301sent que le cou\u0302t de l\u2019action pour re\u0301duire les e\u0301missions de gaz a\u0300 effet de serre e\u0301tait infe\u0301rieur au cou\u0302t de l\u2019inaction, il peut aujourd\u2019hui aller plus loin: l\u2019action n\u2019est pas un fardeau financier, c\u2019est au contraire un moyen d\u2019engranger des be\u0301ne\u0301fices pour toute l\u2019humanite\u0301.<\/p>\n<p><b>Des millions d\u2019anne\u0301es de vie en bonne sante\u0301 gagne\u0301es<\/b><\/p>\n<p>L\u2019E\u0301cole normale supe\u0301rieure (ENS) s\u2019est associe\u0301e au Conservatoire national des arts et me\u0301tiers (Cnam) et a\u0300 la London School of Hygiene and Tropical Medicine pour explorer les archives scientifiques de PubMed, Web of Science et Scopus. \u00ab Nous avons identifie\u0301 plus de 2500 articles ou\u0300 figuraient a\u0300 la fois les sujets sur la sante\u0301 et la mortalite\u0301 e\u0301vite\u0301e d\u2019un co\u0302te\u0301, l\u2019atteinte de la neutralite\u0301 carbone ou de re\u0301duction des e\u0301missions de gaz a\u0300 effet de serre de l\u2019autre, relate Le\u0301o Moutet, doctorant au Cnam et premier auteur de l\u2019article. Mais 58 d\u2019entre elles exploraient bien les liens entre sante\u0301 et lutte contre le changement climatique en de\u0301veloppant 125 sce\u0301narios de de\u0301carbonation des activite\u0301s humaines. \u00bb<\/p>\n<p>Ces travaux sont lourds et complexes a\u0300 mener. En 2021, l\u2019institut e\u0301nergie du University College London (UCL) a ainsi mode\u0301lise\u0301 les secteurs des transports, de l\u2019e\u0301nergie, de l\u2019alimentation et de l\u2019agriculture de neuf pays ayant construit leur premie\u0300re NDC au de\u0301but des anne\u0301es 2020 (Bre\u0301sil, Chine, Allemagne, Inde, Indone\u0301sie, Nigeria, Afrique du Sud, Royaume-Uni et E\u0301tats-Unis) qui ont e\u0301te\u0301 relie\u0301s aux risques de mortalite\u0301 attribue\u0301s a\u0300 la pollution de l\u2019air, l\u2019alimentation, l\u2019activite\u0301 physique mesure\u0301s dans ces pays. Deux sce\u0301narios ont alors e\u0301te\u0301 compare\u0301s, l\u2019un e\u0301pousant les tendances actuelles, l\u2019autre s\u2019inscrivant dans les objectifs de l\u2019accord de Paris de re\u0301duction des gaz a\u0300 effet de serre.<\/p>\n<p>Les chercheurs ont ainsi pu de\u0301terminer que pour ces 9 pays, les politiques climatiques ne\u0301cessaires pour rester en dessous de 1,5\u00b0C permettraient une diminution de 1,18 million de de\u0301ce\u0300s annuels attribuables a\u0300 l\u2019ame\u0301lioration de la qualite\u0301 de l\u2019air, 5,86 millions dus a\u0300 l\u2019alimentation et 1,15 million imputables a\u0300 l\u2019activite\u0301 physique. La me\u0302me me\u0301thode a e\u0301te\u0301 applique\u0301e en 2023 a\u0300 l\u2019Angleterre et au pays de Galles. Le sce\u0301nario me\u0301dian d\u2019une re\u0301duction de la pollution de l\u2019air associe\u0301e a\u0300 une diminution de 50% de la consommation de viande donne un gain cumulatif de 2,5 millions d\u2019anne\u0301es de vie. C\u2019est-a\u0300-dire que l\u2019ensemble des populations de ces deux pays y gagne un allongement de leur dure\u0301e d\u2019existence parce que vivant dans un environnement plus sain et avec un mode de vie plus e\u0301quilibre\u0301.<\/p>\n<p><b>10.000 de\u0301ce\u0300s e\u0301vite\u0301s par an en France<\/b><\/p>\n<p>Les 58 e\u0301tudes reliant les deux sujets donnent des re\u0301sultats concordants. \u00ab 98% de ces sce\u0301narios projettent des effets sur la sante\u0301 qui sont positifs, affirme Le\u0301o Moutet. La moitie\u0301 de ces e\u0301tudes projetaient que plus de 1,5% de tous les de\u0301ce\u0300s pourraient e\u0302tre e\u0301vite\u0301s par ces be\u0301ne\u0301fices indirects de mesures climatiques. \u00bb 1,5% peut parai\u0302tre un re\u0301sultat faible, mais c\u2019est a\u0300 l\u2019aune des re\u0301sultats obtenus en sante\u0301 publique a\u0300 l\u2019e\u0301chelle du globe. Pour comparaison, les de\u0301ce\u0300s lie\u0301s a\u0300 l\u2019alcool dans le monde repre\u0301sentent 3% de la mortalite\u0301 globale. Ce ratio de 1,5% de mortalite\u0301 e\u0301vite\u0301e est e\u0301quivalent a\u0300 10 000 de\u0301ce\u0300s pour la France, ce qui correspond a\u0300 la part des de\u0301ce\u0300s attribuables au cancer du foie.<\/p>\n<p>Ces travaux ne conside\u0300rent que les be\u0301ne\u0301fices indirects sur la sante\u0301 de la lutte contre le changement climatique. Ils n\u2019examinent pas les effets du changement climatique sur la sante\u0301 humaine. Les impacts des canicules, se\u0301cheresses et tempe\u0302tes sur les personnes doivent donc e\u0302tre ajoute\u0301s au cre\u0301dit des politiques d\u2019atte\u0301nuation de gaz a\u0300 effet de serre afin d\u2019e\u0301viter un climat plus violent. \u00ab Les cou\u0302ts de sante\u0301 plus bas \u00bb, e\u0301voque\u0301s par Simon Stiell sont donc bien re\u0301els et importants. Et le Giec devra revoir sa copie lors de son prochain rapport pre\u0301vu pour 2028. L\u2019action climatique est largement be\u0301ne\u0301fique et ne saurait e\u0302tre seulement compare\u0301e au cou\u0302t de l\u2019inaction.<\/p>\n<p><strong>Pour plus d&rsquo;informations et d&rsquo;analyses sur la <span style=\"color: #ff6600\">Senegal<\/span>, suivez <span style=\"color: #ff6600\">Africa-Press<span style=\"color: #ff6600\"><\/span><\/strong><\/p>\n","protected":false},"excerpt":{"rendered":"<p>Africa-Press &#8211; Senegal. Dans la lutte contre le changement climatique, 2025 est une anne\u0301e charnie\u0300re. Les 195 E\u0301tats signataires de l\u2019accord de Paris (il faut de\u0301sormais en retirer les E\u0301tats-Unis) doivent en effet remettre leur deuxie\u0300me \u00ab contribution de\u0301termine\u0301e au niveau national \u00bb (NDC selon l\u2019acronyme anglais), c\u2019est-a\u0300-dire leur plan pour re\u0301duire leurs e\u0301missions de [&hellip;]<\/p>\n","protected":false},"author":82,"featured_media":65610,"comment_status":"open","ping_status":"closed","sticky":false,"template":"","format":"standard","meta":{"footnotes":""},"categories":[22,10],"tags":[44],"class_list":["post-65611","post","type-post","status-publish","format-standard","has-post-thumbnail","hentry","category-divers","category-toutes-les-actualites","tag-senegal-2"],"yoast_head":"<!-- This site is optimized with the Yoast SEO Premium plugin v26.1 (Yoast SEO v27.0) - https:\/\/yoast.com\/product\/yoast-seo-premium-wordpress\/ -->\n<title>Lutte Contre les Gaz \u00e0 Effet de Serre : combien D\u2019ann\u00e9es de Vie Gagn\u00e9es et de Morts \u00c9vit\u00e9es ? - Senegal<\/title>\n<meta name=\"robots\" content=\"index, follow, max-snippet:-1, max-image-preview:large, max-video-preview:-1\" \/>\n<link rel=\"canonical\" href=\"https:\/\/www.africa-press.net\/senegal\/politique\/lutte-contre-les-gaz-a-effet-de-serre-combien-dannees-de-vie-gagnees-et-de-morts-evitees\" \/>\n<meta property=\"og:locale\" content=\"fr_FR\" \/>\n<meta property=\"og:type\" content=\"article\" \/>\n<meta property=\"og:title\" content=\"Lutte Contre les Gaz \u00e0 Effet de Serre : combien D\u2019ann\u00e9es de Vie Gagn\u00e9es et de Morts \u00c9vit\u00e9es ?\" \/>\n<meta property=\"og:description\" content=\"Africa-Press &#8211; Senegal. Dans la lutte contre le changement climatique, 2025 est une anne\u0301e charnie\u0300re. Les 195 E\u0301tats signataires de l\u2019accord de Paris (il faut de\u0301sormais en retirer les E\u0301tats-Unis) doivent en effet remettre leur deuxie\u0300me \u00ab contribution de\u0301termine\u0301e au niveau national \u00bb (NDC selon l\u2019acronyme anglais), c\u2019est-a\u0300-dire leur plan pour re\u0301duire leurs e\u0301missions de [&hellip;]\" \/>\n<meta property=\"og:url\" content=\"https:\/\/www.africa-press.net\/senegal\/politique\/lutte-contre-les-gaz-a-effet-de-serre-combien-dannees-de-vie-gagnees-et-de-morts-evitees\" \/>\n<meta property=\"og:site_name\" content=\"Senegal\" \/>\n<meta property=\"article:published_time\" content=\"2025-02-20T12:00:00+00:00\" \/>\n<meta name=\"author\" content=\"cfeditorfr\" \/>\n<meta name=\"twitter:card\" content=\"summary_large_image\" \/>\n<meta name=\"twitter:label1\" content=\"\u00c9crit par\" \/>\n\t<meta name=\"twitter:data1\" content=\"cfeditorfr\" \/>\n\t<meta name=\"twitter:label2\" content=\"Dur\u00e9e de lecture estim\u00e9e\" \/>\n\t<meta name=\"twitter:data2\" content=\"7 minutes\" \/>\n<script type=\"application\/ld+json\" class=\"yoast-schema-graph\">{\"@context\":\"https:\/\/schema.org\",\"@graph\":[{\"@type\":\"Article\",\"@id\":\"https:\/\/www.africa-press.net\/senegal\/politique\/lutte-contre-les-gaz-a-effet-de-serre-combien-dannees-de-vie-gagnees-et-de-morts-evitees#article\",\"isPartOf\":{\"@id\":\"https:\/\/www.africa-press.net\/senegal\/politique\/lutte-contre-les-gaz-a-effet-de-serre-combien-dannees-de-vie-gagnees-et-de-morts-evitees\"},\"author\":{\"name\":\"cfeditorfr\",\"@id\":\"https:\/\/www.africa-press.net\/senegal\/#\/schema\/person\/2b1cf3cd81a31e3cd26889ca66d677f1\"},\"headline\":\"Lutte Contre les Gaz \u00e0 Effet de Serre : combien D\u2019ann\u00e9es de Vie Gagn\u00e9es et de Morts \u00c9vit\u00e9es ?\",\"datePublished\":\"2025-02-20T12:00:00+00:00\",\"mainEntityOfPage\":{\"@id\":\"https:\/\/www.africa-press.net\/senegal\/politique\/lutte-contre-les-gaz-a-effet-de-serre-combien-dannees-de-vie-gagnees-et-de-morts-evitees\"},\"wordCount\":1426,\"commentCount\":0,\"image\":{\"@id\":\"https:\/\/www.africa-press.net\/senegal\/politique\/lutte-contre-les-gaz-a-effet-de-serre-combien-dannees-de-vie-gagnees-et-de-morts-evitees#primaryimage\"},\"thumbnailUrl\":\"https:\/\/static.africa-press.net\/senegal\/sites\/13\/2025\/02\/sm_1740137663.848071.jpg\",\"keywords\":[\"Senegal\"],\"articleSection\":[\"Divers\",\"Toutes les actualit\u00e9s\"],\"inLanguage\":\"fr-FR\",\"potentialAction\":[{\"@type\":\"CommentAction\",\"name\":\"Comment\",\"target\":[\"https:\/\/www.africa-press.net\/senegal\/politique\/lutte-contre-les-gaz-a-effet-de-serre-combien-dannees-de-vie-gagnees-et-de-morts-evitees#respond\"]}]},{\"@type\":\"WebPage\",\"@id\":\"https:\/\/www.africa-press.net\/senegal\/politique\/lutte-contre-les-gaz-a-effet-de-serre-combien-dannees-de-vie-gagnees-et-de-morts-evitees\",\"url\":\"https:\/\/www.africa-press.net\/senegal\/politique\/lutte-contre-les-gaz-a-effet-de-serre-combien-dannees-de-vie-gagnees-et-de-morts-evitees\",\"name\":\"Lutte Contre les Gaz \u00e0 Effet de Serre : combien D\u2019ann\u00e9es de Vie Gagn\u00e9es et de Morts \u00c9vit\u00e9es ? - Senegal\",\"isPartOf\":{\"@id\":\"https:\/\/www.africa-press.net\/senegal\/#website\"},\"primaryImageOfPage\":{\"@id\":\"https:\/\/www.africa-press.net\/senegal\/politique\/lutte-contre-les-gaz-a-effet-de-serre-combien-dannees-de-vie-gagnees-et-de-morts-evitees#primaryimage\"},\"image\":{\"@id\":\"https:\/\/www.africa-press.net\/senegal\/politique\/lutte-contre-les-gaz-a-effet-de-serre-combien-dannees-de-vie-gagnees-et-de-morts-evitees#primaryimage\"},\"thumbnailUrl\":\"https:\/\/static.africa-press.net\/senegal\/sites\/13\/2025\/02\/sm_1740137663.848071.jpg\",\"datePublished\":\"2025-02-20T12:00:00+00:00\",\"author\":{\"@id\":\"https:\/\/www.africa-press.net\/senegal\/#\/schema\/person\/2b1cf3cd81a31e3cd26889ca66d677f1\"},\"breadcrumb\":{\"@id\":\"https:\/\/www.africa-press.net\/senegal\/politique\/lutte-contre-les-gaz-a-effet-de-serre-combien-dannees-de-vie-gagnees-et-de-morts-evitees#breadcrumb\"},\"inLanguage\":\"fr-FR\",\"potentialAction\":[{\"@type\":\"ReadAction\",\"target\":[\"https:\/\/www.africa-press.net\/senegal\/politique\/lutte-contre-les-gaz-a-effet-de-serre-combien-dannees-de-vie-gagnees-et-de-morts-evitees\"]}]},{\"@type\":\"ImageObject\",\"inLanguage\":\"fr-FR\",\"@id\":\"https:\/\/www.africa-press.net\/senegal\/politique\/lutte-contre-les-gaz-a-effet-de-serre-combien-dannees-de-vie-gagnees-et-de-morts-evitees#primaryimage\",\"url\":\"https:\/\/static.africa-press.net\/senegal\/sites\/13\/2025\/02\/sm_1740137663.848071.jpg\",\"contentUrl\":\"https:\/\/static.africa-press.net\/senegal\/sites\/13\/2025\/02\/sm_1740137663.848071.jpg\",\"width\":1280,\"height\":720,\"caption\":\"Lutte Contre les Gaz \u00e0 Effet de Serre : combien D\u2019ann\u00e9es de Vie Gagn\u00e9es et de Morts \u00c9vit\u00e9es ?\"},{\"@type\":\"BreadcrumbList\",\"@id\":\"https:\/\/www.africa-press.net\/senegal\/politique\/lutte-contre-les-gaz-a-effet-de-serre-combien-dannees-de-vie-gagnees-et-de-morts-evitees#breadcrumb\",\"itemListElement\":[{\"@type\":\"ListItem\",\"position\":1,\"name\":\"Accueil\",\"item\":\"https:\/\/www.africa-press.net\/senegal\/\"},{\"@type\":\"ListItem\",\"position\":2,\"name\":\"Lutte Contre les Gaz \u00e0 Effet de Serre : combien D\u2019ann\u00e9es de Vie Gagn\u00e9es et de Morts \u00c9vit\u00e9es ?\"}]},{\"@type\":\"WebSite\",\"@id\":\"https:\/\/www.africa-press.net\/senegal\/#website\",\"url\":\"https:\/\/www.africa-press.net\/senegal\/\",\"name\":\"Africa Press | Senegal | Homepage\",\"description\":\"Just another Africa News Agency Sites site\",\"potentialAction\":[{\"@type\":\"SearchAction\",\"target\":{\"@type\":\"EntryPoint\",\"urlTemplate\":\"https:\/\/www.africa-press.net\/senegal\/?s={search_term_string}\"},\"query-input\":{\"@type\":\"PropertyValueSpecification\",\"valueRequired\":true,\"valueName\":\"search_term_string\"}}],\"inLanguage\":\"fr-FR\"},{\"@type\":\"Person\",\"@id\":\"https:\/\/www.africa-press.net\/senegal\/#\/schema\/person\/2b1cf3cd81a31e3cd26889ca66d677f1\",\"name\":\"cfeditorfr\",\"url\":\"https:\/\/www.africa-press.net\/senegal\/author\/cfeditorfr\"}]}<\/script>\n<!-- \/ Yoast SEO Premium plugin. -->","yoast_head_json":{"title":"Lutte Contre les Gaz \u00e0 Effet de Serre : combien D\u2019ann\u00e9es de Vie Gagn\u00e9es et de Morts \u00c9vit\u00e9es ? - Senegal","robots":{"index":"index","follow":"follow","max-snippet":"max-snippet:-1","max-image-preview":"max-image-preview:large","max-video-preview":"max-video-preview:-1"},"canonical":"https:\/\/www.africa-press.net\/senegal\/politique\/lutte-contre-les-gaz-a-effet-de-serre-combien-dannees-de-vie-gagnees-et-de-morts-evitees","og_locale":"fr_FR","og_type":"article","og_title":"Lutte Contre les Gaz \u00e0 Effet de Serre : combien D\u2019ann\u00e9es de Vie Gagn\u00e9es et de Morts \u00c9vit\u00e9es ?","og_description":"Africa-Press &#8211; Senegal. Dans la lutte contre le changement climatique, 2025 est une anne\u0301e charnie\u0300re. Les 195 E\u0301tats signataires de l\u2019accord de Paris (il faut de\u0301sormais en retirer les E\u0301tats-Unis) doivent en effet remettre leur deuxie\u0300me \u00ab contribution de\u0301termine\u0301e au niveau national \u00bb (NDC selon l\u2019acronyme anglais), c\u2019est-a\u0300-dire leur plan pour re\u0301duire leurs e\u0301missions de [&hellip;]","og_url":"https:\/\/www.africa-press.net\/senegal\/politique\/lutte-contre-les-gaz-a-effet-de-serre-combien-dannees-de-vie-gagnees-et-de-morts-evitees","og_site_name":"Senegal","article_published_time":"2025-02-20T12:00:00+00:00","author":"cfeditorfr","twitter_card":"summary_large_image","twitter_misc":{"\u00c9crit par":"cfeditorfr","Dur\u00e9e de lecture estim\u00e9e":"7 minutes"},"schema":{"@context":"https:\/\/schema.org","@graph":[{"@type":"Article","@id":"https:\/\/www.africa-press.net\/senegal\/politique\/lutte-contre-les-gaz-a-effet-de-serre-combien-dannees-de-vie-gagnees-et-de-morts-evitees#article","isPartOf":{"@id":"https:\/\/www.africa-press.net\/senegal\/politique\/lutte-contre-les-gaz-a-effet-de-serre-combien-dannees-de-vie-gagnees-et-de-morts-evitees"},"author":{"name":"cfeditorfr","@id":"https:\/\/www.africa-press.net\/senegal\/#\/schema\/person\/2b1cf3cd81a31e3cd26889ca66d677f1"},"headline":"Lutte Contre les Gaz \u00e0 Effet de Serre : combien D\u2019ann\u00e9es de Vie Gagn\u00e9es et de Morts \u00c9vit\u00e9es ?","datePublished":"2025-02-20T12:00:00+00:00","mainEntityOfPage":{"@id":"https:\/\/www.africa-press.net\/senegal\/politique\/lutte-contre-les-gaz-a-effet-de-serre-combien-dannees-de-vie-gagnees-et-de-morts-evitees"},"wordCount":1426,"commentCount":0,"image":{"@id":"https:\/\/www.africa-press.net\/senegal\/politique\/lutte-contre-les-gaz-a-effet-de-serre-combien-dannees-de-vie-gagnees-et-de-morts-evitees#primaryimage"},"thumbnailUrl":"https:\/\/static.africa-press.net\/senegal\/sites\/13\/2025\/02\/sm_1740137663.848071.jpg","keywords":["Senegal"],"articleSection":["Divers","Toutes les actualit\u00e9s"],"inLanguage":"fr-FR","potentialAction":[{"@type":"CommentAction","name":"Comment","target":["https:\/\/www.africa-press.net\/senegal\/politique\/lutte-contre-les-gaz-a-effet-de-serre-combien-dannees-de-vie-gagnees-et-de-morts-evitees#respond"]}]},{"@type":"WebPage","@id":"https:\/\/www.africa-press.net\/senegal\/politique\/lutte-contre-les-gaz-a-effet-de-serre-combien-dannees-de-vie-gagnees-et-de-morts-evitees","url":"https:\/\/www.africa-press.net\/senegal\/politique\/lutte-contre-les-gaz-a-effet-de-serre-combien-dannees-de-vie-gagnees-et-de-morts-evitees","name":"Lutte Contre les Gaz \u00e0 Effet de Serre : combien D\u2019ann\u00e9es de Vie Gagn\u00e9es et de Morts \u00c9vit\u00e9es ? - Senegal","isPartOf":{"@id":"https:\/\/www.africa-press.net\/senegal\/#website"},"primaryImageOfPage":{"@id":"https:\/\/www.africa-press.net\/senegal\/politique\/lutte-contre-les-gaz-a-effet-de-serre-combien-dannees-de-vie-gagnees-et-de-morts-evitees#primaryimage"},"image":{"@id":"https:\/\/www.africa-press.net\/senegal\/politique\/lutte-contre-les-gaz-a-effet-de-serre-combien-dannees-de-vie-gagnees-et-de-morts-evitees#primaryimage"},"thumbnailUrl":"https:\/\/static.africa-press.net\/senegal\/sites\/13\/2025\/02\/sm_1740137663.848071.jpg","datePublished":"2025-02-20T12:00:00+00:00","author":{"@id":"https:\/\/www.africa-press.net\/senegal\/#\/schema\/person\/2b1cf3cd81a31e3cd26889ca66d677f1"},"breadcrumb":{"@id":"https:\/\/www.africa-press.net\/senegal\/politique\/lutte-contre-les-gaz-a-effet-de-serre-combien-dannees-de-vie-gagnees-et-de-morts-evitees#breadcrumb"},"inLanguage":"fr-FR","potentialAction":[{"@type":"ReadAction","target":["https:\/\/www.africa-press.net\/senegal\/politique\/lutte-contre-les-gaz-a-effet-de-serre-combien-dannees-de-vie-gagnees-et-de-morts-evitees"]}]},{"@type":"ImageObject","inLanguage":"fr-FR","@id":"https:\/\/www.africa-press.net\/senegal\/politique\/lutte-contre-les-gaz-a-effet-de-serre-combien-dannees-de-vie-gagnees-et-de-morts-evitees#primaryimage","url":"https:\/\/static.africa-press.net\/senegal\/sites\/13\/2025\/02\/sm_1740137663.848071.jpg","contentUrl":"https:\/\/static.africa-press.net\/senegal\/sites\/13\/2025\/02\/sm_1740137663.848071.jpg","width":1280,"height":720,"caption":"Lutte Contre les Gaz \u00e0 Effet de Serre : combien D\u2019ann\u00e9es de Vie Gagn\u00e9es et de Morts \u00c9vit\u00e9es ?"},{"@type":"BreadcrumbList","@id":"https:\/\/www.africa-press.net\/senegal\/politique\/lutte-contre-les-gaz-a-effet-de-serre-combien-dannees-de-vie-gagnees-et-de-morts-evitees#breadcrumb","itemListElement":[{"@type":"ListItem","position":1,"name":"Accueil","item":"https:\/\/www.africa-press.net\/senegal\/"},{"@type":"ListItem","position":2,"name":"Lutte Contre les Gaz \u00e0 Effet de Serre : combien D\u2019ann\u00e9es de Vie Gagn\u00e9es et de Morts \u00c9vit\u00e9es ?"}]},{"@type":"WebSite","@id":"https:\/\/www.africa-press.net\/senegal\/#website","url":"https:\/\/www.africa-press.net\/senegal\/","name":"Africa Press | Senegal | Homepage","description":"Just another Africa News Agency Sites site","potentialAction":[{"@type":"SearchAction","target":{"@type":"EntryPoint","urlTemplate":"https:\/\/www.africa-press.net\/senegal\/?s={search_term_string}"},"query-input":{"@type":"PropertyValueSpecification","valueRequired":true,"valueName":"search_term_string"}}],"inLanguage":"fr-FR"},{"@type":"Person","@id":"https:\/\/www.africa-press.net\/senegal\/#\/schema\/person\/2b1cf3cd81a31e3cd26889ca66d677f1","name":"cfeditorfr","url":"https:\/\/www.africa-press.net\/senegal\/author\/cfeditorfr"}]}},"_links":{"self":[{"href":"https:\/\/www.africa-press.net\/senegal\/wp-json\/wp\/v2\/posts\/65611","targetHints":{"allow":["GET"]}}],"collection":[{"href":"https:\/\/www.africa-press.net\/senegal\/wp-json\/wp\/v2\/posts"}],"about":[{"href":"https:\/\/www.africa-press.net\/senegal\/wp-json\/wp\/v2\/types\/post"}],"author":[{"embeddable":true,"href":"https:\/\/www.africa-press.net\/senegal\/wp-json\/wp\/v2\/users\/82"}],"replies":[{"embeddable":true,"href":"https:\/\/www.africa-press.net\/senegal\/wp-json\/wp\/v2\/comments?post=65611"}],"version-history":[{"count":0,"href":"https:\/\/www.africa-press.net\/senegal\/wp-json\/wp\/v2\/posts\/65611\/revisions"}],"wp:featuredmedia":[{"embeddable":true,"href":"https:\/\/www.africa-press.net\/senegal\/wp-json\/wp\/v2\/media\/65610"}],"wp:attachment":[{"href":"https:\/\/www.africa-press.net\/senegal\/wp-json\/wp\/v2\/media?parent=65611"}],"wp:term":[{"taxonomy":"category","embeddable":true,"href":"https:\/\/www.africa-press.net\/senegal\/wp-json\/wp\/v2\/categories?post=65611"},{"taxonomy":"post_tag","embeddable":true,"href":"https:\/\/www.africa-press.net\/senegal\/wp-json\/wp\/v2\/tags?post=65611"}],"curies":[{"name":"wp","href":"https:\/\/api.w.org\/{rel}","templated":true}]}}