{"id":65619,"date":"2025-02-20T12:00:00","date_gmt":"2025-02-20T12:00:00","guid":{"rendered":"https:\/\/www.africa-press.net\/senegal\/politique\/lapparition-de-la-vie-intelligente-serait-attendue-et-previsible-sur-terre-comme-ailleurs"},"modified":"2025-02-20T12:00:00","modified_gmt":"2025-02-20T12:00:00","slug":"lapparition-de-la-vie-intelligente-serait-attendue-et-previsible-sur-terre-comme-ailleurs","status":"publish","type":"post","link":"https:\/\/www.africa-press.net\/senegal\/toutes-les-actualites\/lapparition-de-la-vie-intelligente-serait-attendue-et-previsible-sur-terre-comme-ailleurs","title":{"rendered":"L\u2019Apparition de la Vie Intelligente Serait \u00ab Attendue et Pr\u00e9visible \u00bb, sur Terre comme Ailleurs"},"content":{"rendered":"<p><span style=\"color: #ff6600\"><strong>Africa-Press &#8211; Senegal. <\/strong><\/span>Nous pensons que notre existence n\u2019est pas un hasard, mais un re\u0301sultat attendu ou pre\u0301visible de l\u2019e\u0301volution de notre plane\u0300te \u00bb, explique Daniel Mills, chercheur en ge\u0301obiologie. Dans la revue Science Advances, il remet en question avec trois autres chercheurs une populaire the\u0301orie selon laquelle notre apparition sur Terre de\u0301pend de la survenue d\u2019une succession d\u2019e\u0301tapes cle\u0301s improbables.<\/p>\n<p>\u00ab S\u2019il y avait des civilisations extraterrestres, leurs repre\u0301sentants devraient de\u0301ja\u0300 e\u0302tre chez nous. Ou\u0300 sont-ils donc ? \u00bb, demandait le physicien Enrico Fermi en 1950. De cette question nait le paradoxe de Fermi, qui pointe l\u2019absence apparente de toute civilisation extraterrestre malgre\u0301 l\u2019existence de syste\u0300mes bien plus anciens que notre syste\u0300me solaire. Pour le physicien Brendan Carter en 1983, cela s\u2019explique si l\u2019apparition de la vie intelligente est rare et notre e\u0301volution sur Terre est improbable. Sinon, raisonne-t-il, comment expliquer que notre apparition tre\u0300s tardive au regard de l\u2019a\u0302ge de la Terre (5 milliards d\u2019anne\u0301es) soit d\u2019un ordre de grandeur comparable a\u0300 l\u2019espe\u0301rance de vie du Soleil (10 milliards d\u2019anne\u0301es) ? Autrement dit, il conside\u0300re que l\u2019humanite\u0301 est apparue trop tardivement sans la fene\u0302tre d\u2019habitabilite\u0301 terrestre (la pe\u0301riode pendant laquelle la plane\u0300te est habitable) pour que notre apparition soit un processus probable.<\/p>\n<p><b>Les \u00ab hard steps \u00bb qui rendraient l\u2019e\u0301mergence de la vie intelligente improbable<\/b><\/p>\n<p>Par extension, Brandon Carter suppose l\u2019existence d\u2019e\u0301tapes difficiles (\u00ab hard steps \u00bb) au travers desquelles il faut passer pour de\u0301velopper toute vie intelligente. Il s\u2019agirait donc seulement d\u2019un jeu de probabilite\u0301: notre plane\u0300te serait l\u2019exemple improbable ou\u0300 toutes les e\u0301tapes qui ont empe\u0302che\u0301 le de\u0301veloppement de la vie intelligente ailleurs dans l\u2019Univers se sont par hasard re\u0301alise\u0301es dans le bon ordre.<\/p>\n<p>Apparition de la photosynthe\u0300se, de la premie\u0300re cellule eucaryote ou encore de l\u2019endosquelette (avoir un squelette a\u0300 l\u2019inte\u0301rieur de l\u2019organisme), plus d\u2019une dizaine d\u2019e\u0301tapes ont e\u0301te\u0301 propose\u0301es par diffe\u0301rents scientifiques comme des \u00ab hard steps \u00bb potentielles. \u00ab La litte\u0301rature a\u0300 ce jour est de\u0301cousue et impre\u0301cise \u00bb, pointe Daniel Mills, dont la publication tente de clarifier le sujet. L\u2019e\u0301quipe identifie les cinq e\u0301tapes difficiles les plus populaires: la photosynthe\u0300se, l\u2019apparition des eucaryotes selon les hypothe\u0300ses de la date la plus ancienne ou la plus re\u0301cente, des animaux et d\u2019Homo sapiens.<\/p>\n<p>Mais d\u2019apre\u0300s leur mode\u0300le the\u0301orique reposant sur des donne\u0301es d\u2019astronomie, des sciences de la Terre et de la vie, il n\u2019y a nul besoin de \u00ab hard steps \u00bb pour expliquer l\u2019apparition de la vie&#8230; Qui ne serait d\u2019ailleurs pas si improbable. \u00ab Curieusement, alors que ces questions concernent l\u2019histoire de l\u2019e\u0301volution de la biosphe\u0300re terrestre, relativement peu d\u2019historiens de la Terre, et encore moins de biologistes e\u0301volutionnistes ont re\u0301pondu aux arguments de Carter dans la litte\u0301rature, laissant principalement les astrophysiciens, les e\u0301conomistes et les futurologues de\u0301fendre sans opposition le mode\u0300le des \u2018hard steps&rsquo; \u00bb, pointent les chercheurs. Or, d\u2019apre\u0300s eux, le mode\u0300le des e\u0301tapes difficiles ignore justement le principal de\u0301terminant des e\u0301chelles de temps de l\u2019e\u0301volution sur Terre, a\u0300 savoir le syste\u0300me terrestre lui-me\u0302me.<\/p>\n<p><b>Chaque e\u0301tape d\u2019e\u0301volution de la vie serait en re\u0301alite\u0301 pre\u0301visible<\/b><\/p>\n<p>\u00ab Le syste\u0300me terrestre est l\u2019environnement de surface de la Terre \u2013 l\u2019atmosphe\u0300re, les oce\u0301ans, les continents, tous les e\u0302tres vivants \u2013 et la manie\u0300re dont ils interagissent et se comportent comme un syste\u0300me inte\u0301gre\u0301 unique qui e\u0301volue au fil du temps \u00bb, re\u0301sume Daniel Mills. Ainsi, la plupart des e\u0301ve\u0301nements ayant mene\u0301 a\u0300 l\u2019e\u0301volution de la vie et leur dure\u0301e d\u2019apparition peuvent e\u0302tre explique\u0301s de fac\u0327on logique.<\/p>\n<p>D\u2019abord, il se pourrait que ces e\u0301ve\u0301nements ne soient pas singuliers et se soient produits plusieurs fois, mais que l\u2019on n\u2019en trouve pas trace en raison de la perte d\u2019informations au cours des temps ge\u0301ologiques \u2013 qui se comptent en millions et milliards d\u2019anne\u0301es. Une possibilite\u0301 vertigineuse, car d\u2019apre\u0300s elle rien ne s\u2019oppose a\u0300 ce que d\u2019autres civilisations intelligentes soient ne\u0301es et aient disparu dans un lointain passe\u0301, sans laisser de trace.<\/p>\n<p>En outre, certains e\u0301ve\u0301nements en apparence improbables e\u0301taient tout simplement la conse\u0301quence logique des e\u0301tapes qui les ont pre\u0301ce\u0301de\u0301es. L\u2019oxyge\u0301nation de l\u2019atmosphe\u0300re n\u2019e\u0301tait par exemple \u00ab qu\u2019une question de temps \u00bb une fois que la photosynthe\u0300se (rela\u0302chant de l\u2019oxyge\u0300ne dans l\u2019air en consommant du CO2) e\u0301tait apparue, illustrent les chercheurs.<\/p>\n<p>Autrement dit, chacune des e\u0301tapes ayant conduit a\u0300 l\u2019apparition des humains disposait de sa propre \u00ab fene\u0302tre d\u2019habitabilite\u0301 \u00bb, c\u2019est-a\u0300-dire d\u2019une pe\u0301riode au cours de laquelle les conditions ade\u0301quates e\u0301taient re\u0301unies. \u00ab Au lieu d\u2019une se\u0301rie d\u2019e\u0301ve\u0301nements improbables, l\u2019e\u0301volution pourrait e\u0302tre un processus pre\u0301visible, se de\u0301roulant lorsque les conditions globales le permettent \u00bb, raisonne Jason Wright, qui a supervise\u0301 ces travaux. \u00ab Notre cadre s\u2019applique non seulement a\u0300 la Terre, mais aussi a\u0300 d\u2019autres plane\u0300tes, ce qui accroi\u0302t la possibilite\u0301 qu\u2019une vie similaire a\u0300 la no\u0302tre puisse exister ailleurs \u00bb.<\/p>\n<p><b>L\u2019hypothe\u0300se du Grand Filtre (Great Filter)<\/b><\/p>\n<p>Et si l\u2019apparition d\u2019une civilisation capable de conque\u0301rir l\u2019espace e\u0301tait fortement limite\u0301e par un obstacle cle\u0301 que toute vie intelligente devrait surmonter ? C\u2019est la the\u0301orie du Grand Filtre propose\u0301e par l\u2019e\u0301conomiste Robin Hanson, et qui expliquerait que nous soyons (pour l\u2019instant ?) seuls dans l\u2019Univers. La question serait alors: avons-nous de\u0301ja\u0300 surmonte\u0301 l\u2019e\u0301preuve, ou reste-t-elle a\u0300 venir (une guerre nucle\u0301aire par exemple) ?<\/p>\n<p>Une coi\u0308ncidence qui n\u2019en est peut-e\u0302tre pas une<\/p>\n<p>\u00ab Le mode\u0300le des \u2018hard steps\u2019 a e\u0301te\u0301 justifie\u0301 a\u0300 l\u2019origine par une apparente coi\u0308ncidence, a\u0300 savoir des e\u0301chelles de temps similaires pour l\u2019e\u0301volution de la vie intelligente et la dure\u0301e de vie du Soleil. \u00bb Or, l\u2019e\u0301quipe montre que la vie peut e\u0301voluer en me\u0302me temps que la plane\u0300te, a\u0300 l\u2019e\u0301chelle ge\u0301ologique, elle-me\u0302me coi\u0308ncidant avec les e\u0301chelles de temps solaires. D\u2019ailleurs, cette coi\u0308ncidence n\u2019en est pas force\u0301ment une, argumente Daniel Mills, faisant re\u0301fe\u0301rence a\u0300 un mode\u0300le ge\u0301ochimique e\u0301tablit dans les anne\u0301es 1980. \u00ab Le climat de la Terre est contro\u0302le\u0301 par ce que l\u2019on appelle le \u2018cycle des carbonates et des silicates\u2019, qui re\u0301gule la quantite\u0301 de CO2 dans l\u2019atmosphe\u0300re a\u0300 l\u2019e\u0301chelle des temps ge\u0301ologiques \u00bb, explique-t-il. Or, ce cycle est influence\u0301 par l\u2019e\u0301volution du Soleil, qui devient notamment plus brillant a\u0300 mesure qu\u2019il vieillit, augmentant les pluies et diminuant le taux de CO2 de l\u2019atmosphe\u0300re qui est alors stocke\u0301 dans des roches. \u00ab Ce cycle illustre donc bien la fac\u0327on dont le vieillissement du Soleil est directement lie\u0301 a\u0300 l\u2019e\u0301volution de l\u2019environnement a\u0300 la surface de la Terre. \u00bb<\/p>\n<p><b>L\u2019hypothe\u0300se des Aliens Avides (Grabby aliens)<\/b><\/p>\n<p>D\u2019apre\u0300s l\u2019e\u0301conomiste Robin Hanson, le propre de toute civilisation est l\u2019expansion. Si l\u2019une d\u2019entre elle e\u0301tait capable de conque\u0301rir l\u2019espace, elle devrait donc produire des signes de conque\u0302te visibles et sur des distances de plus en plus grandes, jusqu\u2019a\u0300 entrer en compe\u0301tition. Si nous n\u2019en voyons aucun, ce serait donc parce que nous vivons au stade pre\u0301coce ou\u0300 aucune n\u2019a encore e\u0301merge\u0301 ou bien ne nous a encore atteints.<\/p>\n<p><b>Controverse<\/b><\/p>\n<p>Mais la controverse est de\u0301ja\u0300 pre\u0301sente parmi les experts du mode\u0300le des \u00ab hard steps \u00bb. \u00ab Sans les e\u0301tapes difficiles, comment expliquer que la dure\u0301e se\u0301parant ces e\u0301tapes cle\u0301s (les cinq hard steps les plus communes se\u0301lectionne\u0301es, ndlr) soit syste\u0301matiquement similaire a\u0300 celle qui nous se\u0301pare de la fin de la fene\u0302tre d\u2019habitabilite\u0301 terrestre ? C\u2019est une remarquable coi\u0308ncidence \u00bb, argumente Robin Hanson, e\u0301conomiste de formation et co-auteur de la the\u0301orie du Grand Filtre (\u00ab Great Filter \u00bb) et celle des Aliens Avides (\u00ab grabby aliens \u00bb).<\/p>\n<p>En effet, environ un milliard d\u2019anne\u0301es se\u0301pare l\u2019apparition de la vie, celle de la photosynthe\u0300se, celle des premiers eucaryotes, etc. Pour Daniel Mills, c\u2019est tout simplement l\u2019e\u0301chelle de temps ge\u0301ologique qui veut que ces de\u0301lais soient similaires, sachant qu\u2019aucune de ces e\u0301tapes ne peut commencer a\u0300 s\u2019installer sans que la pre\u0301ce\u0301dente ne soit mise en place. De plus, pre\u0301cise-t-il, le choix de ces cinq \u00ab hard steps \u00bb peut facilement e\u0302tre conteste\u0301 pour ajouter d\u2019autres re\u0301volutions importantes (quid de l\u2019arrive\u0301e du premier organisme pluricellulaire, ou du premier globe oculaire ?) qui feraient varier ces intervalles. Enfin, conclut-il, il n\u2019est pas exclu que les conditions d\u2019e\u0301volution sur Terre soient plus lentes que sur d\u2019autres plane\u0300tes au regard de sa propre longe\u0301vite\u0301&#8230; Ce qui signifierait que la probabilite\u0301 qu\u2019il existe d\u2019autres vies intelligentes dans l\u2019Univers seraient en re\u0301alite\u0301 plus probable qu\u2019on ne l\u2019imagine.<\/p>\n<p><strong>Pour plus d&rsquo;informations et d&rsquo;analyses sur la <span style=\"color: #ff6600\">Senegal<\/span>, suivez <span style=\"color: #ff6600\">Africa-Press<span style=\"color: #ff6600\"><\/span><\/strong><\/p>\n","protected":false},"excerpt":{"rendered":"<p>Africa-Press &#8211; Senegal. Nous pensons que notre existence n\u2019est pas un hasard, mais un re\u0301sultat attendu ou pre\u0301visible de l\u2019e\u0301volution de notre plane\u0300te \u00bb, explique Daniel Mills, chercheur en ge\u0301obiologie. Dans la revue Science Advances, il remet en question avec trois autres chercheurs une populaire the\u0301orie selon laquelle notre apparition sur Terre de\u0301pend de la [&hellip;]<\/p>\n","protected":false},"author":82,"featured_media":65618,"comment_status":"open","ping_status":"closed","sticky":false,"template":"","format":"standard","meta":{"footnotes":""},"categories":[22,10],"tags":[44],"class_list":["post-65619","post","type-post","status-publish","format-standard","has-post-thumbnail","hentry","category-divers","category-toutes-les-actualites","tag-senegal-2"],"yoast_head":"<!-- This site is optimized with the Yoast SEO Premium plugin v26.1 (Yoast SEO v27.0) - https:\/\/yoast.com\/product\/yoast-seo-premium-wordpress\/ -->\n<title>L\u2019Apparition de la Vie Intelligente Serait \u00ab Attendue et Pr\u00e9visible \u00bb, sur Terre comme Ailleurs - Senegal<\/title>\n<meta name=\"robots\" content=\"index, follow, max-snippet:-1, max-image-preview:large, max-video-preview:-1\" \/>\n<link rel=\"canonical\" href=\"https:\/\/www.africa-press.net\/senegal\/politique\/lapparition-de-la-vie-intelligente-serait-attendue-et-previsible-sur-terre-comme-ailleurs\" \/>\n<meta property=\"og:locale\" content=\"fr_FR\" \/>\n<meta property=\"og:type\" content=\"article\" \/>\n<meta property=\"og:title\" content=\"L\u2019Apparition de la Vie Intelligente Serait \u00ab Attendue et Pr\u00e9visible \u00bb, sur Terre comme Ailleurs\" \/>\n<meta property=\"og:description\" content=\"Africa-Press &#8211; Senegal. Nous pensons que notre existence n\u2019est pas un hasard, mais un re\u0301sultat attendu ou pre\u0301visible de l\u2019e\u0301volution de notre plane\u0300te \u00bb, explique Daniel Mills, chercheur en ge\u0301obiologie. Dans la revue Science Advances, il remet en question avec trois autres chercheurs une populaire the\u0301orie selon laquelle notre apparition sur Terre de\u0301pend de la [&hellip;]\" \/>\n<meta property=\"og:url\" content=\"https:\/\/www.africa-press.net\/senegal\/politique\/lapparition-de-la-vie-intelligente-serait-attendue-et-previsible-sur-terre-comme-ailleurs\" \/>\n<meta property=\"og:site_name\" content=\"Senegal\" \/>\n<meta property=\"article:published_time\" content=\"2025-02-20T12:00:00+00:00\" \/>\n<meta name=\"author\" content=\"cfeditorfr\" \/>\n<meta name=\"twitter:card\" content=\"summary_large_image\" \/>\n<meta name=\"twitter:label1\" content=\"\u00c9crit par\" \/>\n\t<meta name=\"twitter:data1\" content=\"cfeditorfr\" \/>\n\t<meta name=\"twitter:label2\" content=\"Dur\u00e9e de lecture estim\u00e9e\" \/>\n\t<meta name=\"twitter:data2\" content=\"8 minutes\" \/>\n<script type=\"application\/ld+json\" class=\"yoast-schema-graph\">{\"@context\":\"https:\/\/schema.org\",\"@graph\":[{\"@type\":\"Article\",\"@id\":\"https:\/\/www.africa-press.net\/senegal\/politique\/lapparition-de-la-vie-intelligente-serait-attendue-et-previsible-sur-terre-comme-ailleurs#article\",\"isPartOf\":{\"@id\":\"https:\/\/www.africa-press.net\/senegal\/politique\/lapparition-de-la-vie-intelligente-serait-attendue-et-previsible-sur-terre-comme-ailleurs\"},\"author\":{\"name\":\"cfeditorfr\",\"@id\":\"https:\/\/www.africa-press.net\/senegal\/#\/schema\/person\/2b1cf3cd81a31e3cd26889ca66d677f1\"},\"headline\":\"L\u2019Apparition de la Vie Intelligente Serait \u00ab Attendue et Pr\u00e9visible \u00bb, sur Terre comme Ailleurs\",\"datePublished\":\"2025-02-20T12:00:00+00:00\",\"mainEntityOfPage\":{\"@id\":\"https:\/\/www.africa-press.net\/senegal\/politique\/lapparition-de-la-vie-intelligente-serait-attendue-et-previsible-sur-terre-comme-ailleurs\"},\"wordCount\":1653,\"commentCount\":0,\"image\":{\"@id\":\"https:\/\/www.africa-press.net\/senegal\/politique\/lapparition-de-la-vie-intelligente-serait-attendue-et-previsible-sur-terre-comme-ailleurs#primaryimage\"},\"thumbnailUrl\":\"https:\/\/static.africa-press.net\/senegal\/sites\/13\/2025\/02\/sm_1740138047.571573.jpg\",\"keywords\":[\"Senegal\"],\"articleSection\":[\"Divers\",\"Toutes les actualit\u00e9s\"],\"inLanguage\":\"fr-FR\",\"potentialAction\":[{\"@type\":\"CommentAction\",\"name\":\"Comment\",\"target\":[\"https:\/\/www.africa-press.net\/senegal\/politique\/lapparition-de-la-vie-intelligente-serait-attendue-et-previsible-sur-terre-comme-ailleurs#respond\"]}]},{\"@type\":\"WebPage\",\"@id\":\"https:\/\/www.africa-press.net\/senegal\/politique\/lapparition-de-la-vie-intelligente-serait-attendue-et-previsible-sur-terre-comme-ailleurs\",\"url\":\"https:\/\/www.africa-press.net\/senegal\/politique\/lapparition-de-la-vie-intelligente-serait-attendue-et-previsible-sur-terre-comme-ailleurs\",\"name\":\"L\u2019Apparition de la Vie Intelligente Serait \u00ab Attendue et Pr\u00e9visible \u00bb, sur Terre comme Ailleurs - Senegal\",\"isPartOf\":{\"@id\":\"https:\/\/www.africa-press.net\/senegal\/#website\"},\"primaryImageOfPage\":{\"@id\":\"https:\/\/www.africa-press.net\/senegal\/politique\/lapparition-de-la-vie-intelligente-serait-attendue-et-previsible-sur-terre-comme-ailleurs#primaryimage\"},\"image\":{\"@id\":\"https:\/\/www.africa-press.net\/senegal\/politique\/lapparition-de-la-vie-intelligente-serait-attendue-et-previsible-sur-terre-comme-ailleurs#primaryimage\"},\"thumbnailUrl\":\"https:\/\/static.africa-press.net\/senegal\/sites\/13\/2025\/02\/sm_1740138047.571573.jpg\",\"datePublished\":\"2025-02-20T12:00:00+00:00\",\"author\":{\"@id\":\"https:\/\/www.africa-press.net\/senegal\/#\/schema\/person\/2b1cf3cd81a31e3cd26889ca66d677f1\"},\"breadcrumb\":{\"@id\":\"https:\/\/www.africa-press.net\/senegal\/politique\/lapparition-de-la-vie-intelligente-serait-attendue-et-previsible-sur-terre-comme-ailleurs#breadcrumb\"},\"inLanguage\":\"fr-FR\",\"potentialAction\":[{\"@type\":\"ReadAction\",\"target\":[\"https:\/\/www.africa-press.net\/senegal\/politique\/lapparition-de-la-vie-intelligente-serait-attendue-et-previsible-sur-terre-comme-ailleurs\"]}]},{\"@type\":\"ImageObject\",\"inLanguage\":\"fr-FR\",\"@id\":\"https:\/\/www.africa-press.net\/senegal\/politique\/lapparition-de-la-vie-intelligente-serait-attendue-et-previsible-sur-terre-comme-ailleurs#primaryimage\",\"url\":\"https:\/\/static.africa-press.net\/senegal\/sites\/13\/2025\/02\/sm_1740138047.571573.jpg\",\"contentUrl\":\"https:\/\/static.africa-press.net\/senegal\/sites\/13\/2025\/02\/sm_1740138047.571573.jpg\",\"width\":1200,\"height\":900,\"caption\":\"L\u2019Apparition de la Vie Intelligente Serait \u00ab Attendue et Pr\u00e9visible \u00bb, sur Terre comme Ailleurs\"},{\"@type\":\"BreadcrumbList\",\"@id\":\"https:\/\/www.africa-press.net\/senegal\/politique\/lapparition-de-la-vie-intelligente-serait-attendue-et-previsible-sur-terre-comme-ailleurs#breadcrumb\",\"itemListElement\":[{\"@type\":\"ListItem\",\"position\":1,\"name\":\"Accueil\",\"item\":\"https:\/\/www.africa-press.net\/senegal\/\"},{\"@type\":\"ListItem\",\"position\":2,\"name\":\"L\u2019Apparition de la Vie Intelligente Serait \u00ab Attendue et Pr\u00e9visible \u00bb, sur Terre comme Ailleurs\"}]},{\"@type\":\"WebSite\",\"@id\":\"https:\/\/www.africa-press.net\/senegal\/#website\",\"url\":\"https:\/\/www.africa-press.net\/senegal\/\",\"name\":\"Africa Press | Senegal | Homepage\",\"description\":\"Just another Africa News Agency Sites site\",\"potentialAction\":[{\"@type\":\"SearchAction\",\"target\":{\"@type\":\"EntryPoint\",\"urlTemplate\":\"https:\/\/www.africa-press.net\/senegal\/?s={search_term_string}\"},\"query-input\":{\"@type\":\"PropertyValueSpecification\",\"valueRequired\":true,\"valueName\":\"search_term_string\"}}],\"inLanguage\":\"fr-FR\"},{\"@type\":\"Person\",\"@id\":\"https:\/\/www.africa-press.net\/senegal\/#\/schema\/person\/2b1cf3cd81a31e3cd26889ca66d677f1\",\"name\":\"cfeditorfr\",\"url\":\"https:\/\/www.africa-press.net\/senegal\/author\/cfeditorfr\"}]}<\/script>\n<!-- \/ Yoast SEO Premium plugin. -->","yoast_head_json":{"title":"L\u2019Apparition de la Vie Intelligente Serait \u00ab Attendue et Pr\u00e9visible \u00bb, sur Terre comme Ailleurs - Senegal","robots":{"index":"index","follow":"follow","max-snippet":"max-snippet:-1","max-image-preview":"max-image-preview:large","max-video-preview":"max-video-preview:-1"},"canonical":"https:\/\/www.africa-press.net\/senegal\/politique\/lapparition-de-la-vie-intelligente-serait-attendue-et-previsible-sur-terre-comme-ailleurs","og_locale":"fr_FR","og_type":"article","og_title":"L\u2019Apparition de la Vie Intelligente Serait \u00ab Attendue et Pr\u00e9visible \u00bb, sur Terre comme Ailleurs","og_description":"Africa-Press &#8211; Senegal. Nous pensons que notre existence n\u2019est pas un hasard, mais un re\u0301sultat attendu ou pre\u0301visible de l\u2019e\u0301volution de notre plane\u0300te \u00bb, explique Daniel Mills, chercheur en ge\u0301obiologie. Dans la revue Science Advances, il remet en question avec trois autres chercheurs une populaire the\u0301orie selon laquelle notre apparition sur Terre de\u0301pend de la [&hellip;]","og_url":"https:\/\/www.africa-press.net\/senegal\/politique\/lapparition-de-la-vie-intelligente-serait-attendue-et-previsible-sur-terre-comme-ailleurs","og_site_name":"Senegal","article_published_time":"2025-02-20T12:00:00+00:00","author":"cfeditorfr","twitter_card":"summary_large_image","twitter_misc":{"\u00c9crit par":"cfeditorfr","Dur\u00e9e de lecture estim\u00e9e":"8 minutes"},"schema":{"@context":"https:\/\/schema.org","@graph":[{"@type":"Article","@id":"https:\/\/www.africa-press.net\/senegal\/politique\/lapparition-de-la-vie-intelligente-serait-attendue-et-previsible-sur-terre-comme-ailleurs#article","isPartOf":{"@id":"https:\/\/www.africa-press.net\/senegal\/politique\/lapparition-de-la-vie-intelligente-serait-attendue-et-previsible-sur-terre-comme-ailleurs"},"author":{"name":"cfeditorfr","@id":"https:\/\/www.africa-press.net\/senegal\/#\/schema\/person\/2b1cf3cd81a31e3cd26889ca66d677f1"},"headline":"L\u2019Apparition de la Vie Intelligente Serait \u00ab Attendue et Pr\u00e9visible \u00bb, sur Terre comme Ailleurs","datePublished":"2025-02-20T12:00:00+00:00","mainEntityOfPage":{"@id":"https:\/\/www.africa-press.net\/senegal\/politique\/lapparition-de-la-vie-intelligente-serait-attendue-et-previsible-sur-terre-comme-ailleurs"},"wordCount":1653,"commentCount":0,"image":{"@id":"https:\/\/www.africa-press.net\/senegal\/politique\/lapparition-de-la-vie-intelligente-serait-attendue-et-previsible-sur-terre-comme-ailleurs#primaryimage"},"thumbnailUrl":"https:\/\/static.africa-press.net\/senegal\/sites\/13\/2025\/02\/sm_1740138047.571573.jpg","keywords":["Senegal"],"articleSection":["Divers","Toutes les actualit\u00e9s"],"inLanguage":"fr-FR","potentialAction":[{"@type":"CommentAction","name":"Comment","target":["https:\/\/www.africa-press.net\/senegal\/politique\/lapparition-de-la-vie-intelligente-serait-attendue-et-previsible-sur-terre-comme-ailleurs#respond"]}]},{"@type":"WebPage","@id":"https:\/\/www.africa-press.net\/senegal\/politique\/lapparition-de-la-vie-intelligente-serait-attendue-et-previsible-sur-terre-comme-ailleurs","url":"https:\/\/www.africa-press.net\/senegal\/politique\/lapparition-de-la-vie-intelligente-serait-attendue-et-previsible-sur-terre-comme-ailleurs","name":"L\u2019Apparition de la Vie Intelligente Serait \u00ab Attendue et Pr\u00e9visible \u00bb, sur Terre comme Ailleurs - Senegal","isPartOf":{"@id":"https:\/\/www.africa-press.net\/senegal\/#website"},"primaryImageOfPage":{"@id":"https:\/\/www.africa-press.net\/senegal\/politique\/lapparition-de-la-vie-intelligente-serait-attendue-et-previsible-sur-terre-comme-ailleurs#primaryimage"},"image":{"@id":"https:\/\/www.africa-press.net\/senegal\/politique\/lapparition-de-la-vie-intelligente-serait-attendue-et-previsible-sur-terre-comme-ailleurs#primaryimage"},"thumbnailUrl":"https:\/\/static.africa-press.net\/senegal\/sites\/13\/2025\/02\/sm_1740138047.571573.jpg","datePublished":"2025-02-20T12:00:00+00:00","author":{"@id":"https:\/\/www.africa-press.net\/senegal\/#\/schema\/person\/2b1cf3cd81a31e3cd26889ca66d677f1"},"breadcrumb":{"@id":"https:\/\/www.africa-press.net\/senegal\/politique\/lapparition-de-la-vie-intelligente-serait-attendue-et-previsible-sur-terre-comme-ailleurs#breadcrumb"},"inLanguage":"fr-FR","potentialAction":[{"@type":"ReadAction","target":["https:\/\/www.africa-press.net\/senegal\/politique\/lapparition-de-la-vie-intelligente-serait-attendue-et-previsible-sur-terre-comme-ailleurs"]}]},{"@type":"ImageObject","inLanguage":"fr-FR","@id":"https:\/\/www.africa-press.net\/senegal\/politique\/lapparition-de-la-vie-intelligente-serait-attendue-et-previsible-sur-terre-comme-ailleurs#primaryimage","url":"https:\/\/static.africa-press.net\/senegal\/sites\/13\/2025\/02\/sm_1740138047.571573.jpg","contentUrl":"https:\/\/static.africa-press.net\/senegal\/sites\/13\/2025\/02\/sm_1740138047.571573.jpg","width":1200,"height":900,"caption":"L\u2019Apparition de la Vie Intelligente Serait \u00ab Attendue et Pr\u00e9visible \u00bb, sur Terre comme Ailleurs"},{"@type":"BreadcrumbList","@id":"https:\/\/www.africa-press.net\/senegal\/politique\/lapparition-de-la-vie-intelligente-serait-attendue-et-previsible-sur-terre-comme-ailleurs#breadcrumb","itemListElement":[{"@type":"ListItem","position":1,"name":"Accueil","item":"https:\/\/www.africa-press.net\/senegal\/"},{"@type":"ListItem","position":2,"name":"L\u2019Apparition de la Vie Intelligente Serait \u00ab Attendue et Pr\u00e9visible \u00bb, sur Terre comme Ailleurs"}]},{"@type":"WebSite","@id":"https:\/\/www.africa-press.net\/senegal\/#website","url":"https:\/\/www.africa-press.net\/senegal\/","name":"Africa Press | Senegal | Homepage","description":"Just another Africa News Agency Sites site","potentialAction":[{"@type":"SearchAction","target":{"@type":"EntryPoint","urlTemplate":"https:\/\/www.africa-press.net\/senegal\/?s={search_term_string}"},"query-input":{"@type":"PropertyValueSpecification","valueRequired":true,"valueName":"search_term_string"}}],"inLanguage":"fr-FR"},{"@type":"Person","@id":"https:\/\/www.africa-press.net\/senegal\/#\/schema\/person\/2b1cf3cd81a31e3cd26889ca66d677f1","name":"cfeditorfr","url":"https:\/\/www.africa-press.net\/senegal\/author\/cfeditorfr"}]}},"_links":{"self":[{"href":"https:\/\/www.africa-press.net\/senegal\/wp-json\/wp\/v2\/posts\/65619","targetHints":{"allow":["GET"]}}],"collection":[{"href":"https:\/\/www.africa-press.net\/senegal\/wp-json\/wp\/v2\/posts"}],"about":[{"href":"https:\/\/www.africa-press.net\/senegal\/wp-json\/wp\/v2\/types\/post"}],"author":[{"embeddable":true,"href":"https:\/\/www.africa-press.net\/senegal\/wp-json\/wp\/v2\/users\/82"}],"replies":[{"embeddable":true,"href":"https:\/\/www.africa-press.net\/senegal\/wp-json\/wp\/v2\/comments?post=65619"}],"version-history":[{"count":0,"href":"https:\/\/www.africa-press.net\/senegal\/wp-json\/wp\/v2\/posts\/65619\/revisions"}],"wp:featuredmedia":[{"embeddable":true,"href":"https:\/\/www.africa-press.net\/senegal\/wp-json\/wp\/v2\/media\/65618"}],"wp:attachment":[{"href":"https:\/\/www.africa-press.net\/senegal\/wp-json\/wp\/v2\/media?parent=65619"}],"wp:term":[{"taxonomy":"category","embeddable":true,"href":"https:\/\/www.africa-press.net\/senegal\/wp-json\/wp\/v2\/categories?post=65619"},{"taxonomy":"post_tag","embeddable":true,"href":"https:\/\/www.africa-press.net\/senegal\/wp-json\/wp\/v2\/tags?post=65619"}],"curies":[{"name":"wp","href":"https:\/\/api.w.org\/{rel}","templated":true}]}}