{"id":65629,"date":"2025-02-21T12:30:47","date_gmt":"2025-02-21T12:30:47","guid":{"rendered":"https:\/\/www.africa-press.net\/senegal\/politique\/sanctions-americaines-contre-ministre-rwandais-lie-a-conflit-rdc"},"modified":"2025-05-05T22:22:11","modified_gmt":"2025-05-05T22:22:11","slug":"sanctions-americaines-contre-ministre-rwandais-lie-a-conflit-rdc","status":"publish","type":"post","link":"https:\/\/www.africa-press.net\/senegal\/politique\/sanctions-americaines-contre-ministre-rwandais-lie-a-conflit-rdc","title":{"rendered":"Sanctions Am\u00e9ricaines Contre Ministre Rwandais Li\u00e9 \u00e0 Conflit RDC"},"content":{"rendered":"<p><span style=\"color: #ff6600\"><strong>Africa-Press &#8211; Senegal. <\/strong><\/span>L&rsquo;actuel ministre pour l&rsquo;Inte\u0301gration re\u0301gionale, qui a aussi dirige\u0301 le ministe\u0300re de la de\u0301fense, est une \u00ab\u00a0personnalite\u0301 politique et militaire de premier plan qui a joue\u0301 un ro\u0302le essentiel dans les conflits en RDC ces trois dernie\u0300res de\u0301cennies\u00a0\u00bb, souligne le ministe\u0300re ame\u0301ricain des Finances dans un communique\u0301.<\/p>\n<p>Washington reproche a\u0300 celui qui a e\u0301te\u0301 conseiller a\u0300 la se\u0301curite\u0301 du pre\u0301sident Paul Kagame, d'\u00a0\u00bborchestrer le soutien de l&rsquo;arme\u0301e rwandaise (RDF) au groupe arme\u0301\u00a0\u00bb M23.<\/p>\n<p>\u00ab\u00a0Les Etats-Unis appellent les responsables rwandais a\u0300 mettre fin a\u0300 leur soutien au M23\u00a0\u00bb et a\u0300 \u00ab\u00a0respecter la souverainete\u0301 et l&rsquo;inte\u0301grite\u0301 territoriale de la RDC\u00a0\u00bb, e\u0301crit le ministe\u0300re ame\u0301ricain des Affaires e\u0301trange\u0300res dans un communique\u0301 se\u0301pare\u0301.<\/p>\n<p>\u00ab\u00a0Les sanctions sont injustifie\u0301es et infonde\u0301es\u00a0\u00bb, a re\u0301agi aupre\u0300s de l&rsquo;AFP la porte-parole du gouvernement rwandais, Yolande Makolo.<\/p>\n<p>Selon elle, \u00ab\u00a0La communaute\u0301 internationale devrait soutenir et non saper les efforts en cours dans la re\u0301gion pour trouver une solution politique\u00a0\u00bb.<\/p>\n<p>Washington a sanctionne\u0301 e\u0301galement le porte-parole politique du M23, Lawrence Kanyuka, qui de\u0301tient une socie\u0301te\u0301 enregistre\u0301e au Royaume-Uni et une autre en France, selon le communique\u0301.<\/p>\n<p>Les sanctions entrai\u0302nent le gel des avoirs de\u0301tenus directement ou indirectement par les entreprises vise\u0301es aux Etats-Unis ainsi que l&rsquo;interdiction pour des entreprises base\u0301es aux Etats-Unis, ou des citoyens ame\u0301ricains, de commercer avec ces cibles des sanctions, au risque d&rsquo;e\u0302tre sanctionne\u0301s a\u0300 leur tour.<\/p>\n<p>Fin janvier, le M23 a pris lors d&rsquo;une offensive e\u0301clair le contro\u0302le de Goma, capitale du Nord-Kivu, avant de poursuivre son avance\u0301e vers Bukavu, capitale du Sud-Kivu tombe\u0301e dimanche.<\/p>\n<p><strong>Pour plus d&rsquo;informations et d&rsquo;analyses sur la <span style=\"color: #ff6600\">Senegal<\/span>, suivez <span style=\"color: #ff6600\">Africa-Press<\/span><\/strong><\/p>\n","protected":false},"excerpt":{"rendered":"<p>Africa-Press &#8211; Senegal. L&rsquo;actuel ministre pour l&rsquo;Inte\u0301gration re\u0301gionale, qui a aussi dirige\u0301 le ministe\u0300re de la de\u0301fense, est une \u00ab\u00a0personnalite\u0301 politique et militaire de premier plan qui a joue\u0301 un ro\u0302le essentiel dans les conflits en RDC ces trois dernie\u0300res de\u0301cennies\u00a0\u00bb, souligne le ministe\u0300re ame\u0301ricain des Finances dans un communique\u0301. Washington reproche a\u0300 celui qui [&hellip;]<\/p>\n","protected":false},"author":82,"featured_media":65628,"comment_status":"open","ping_status":"closed","sticky":false,"template":"","format":"standard","meta":{"footnotes":""},"categories":[2,10],"tags":[44],"class_list":["post-65629","post","type-post","status-publish","format-standard","has-post-thumbnail","hentry","category-politique","category-toutes-les-actualites","tag-senegal-2"],"yoast_head":"<!-- This site is optimized with the Yoast SEO Premium plugin v26.1 (Yoast SEO v27.0) - https:\/\/yoast.com\/product\/yoast-seo-premium-wordpress\/ -->\n<title>Sanctions Am\u00e9ricaines Contre Ministre Rwandais Li\u00e9 \u00e0 Conflit RDC - Senegal<\/title>\n<meta name=\"description\" content=\"L&#039;actuel ministre pour l&#039;Inte\u0301gration re\u0301gionale, qui a aussi dirige\u0301 le ministe\u0300re de la de\u0301fense, est une &quot;personnalit ...\" \/>\n<meta name=\"robots\" content=\"index, follow, max-snippet:-1, max-image-preview:large, max-video-preview:-1\" \/>\n<link rel=\"canonical\" href=\"https:\/\/www.africa-press.net\/senegal\/politique\/sanctions-americaines-contre-ministre-rwandais-lie-a-conflit-rdc\" \/>\n<meta property=\"og:locale\" content=\"fr_FR\" \/>\n<meta property=\"og:type\" content=\"article\" \/>\n<meta property=\"og:title\" content=\"Sanctions Am\u00e9ricaines Contre Ministre Rwandais Li\u00e9 \u00e0 Conflit RDC\" \/>\n<meta property=\"og:description\" content=\"L&#039;actuel ministre pour l&#039;Inte\u0301gration re\u0301gionale, qui a aussi dirige\u0301 le ministe\u0300re de la de\u0301fense, est une &quot;personnalit ...\" \/>\n<meta property=\"og:url\" content=\"https:\/\/www.africa-press.net\/senegal\/politique\/sanctions-americaines-contre-ministre-rwandais-lie-a-conflit-rdc\" \/>\n<meta property=\"og:site_name\" content=\"Senegal\" \/>\n<meta property=\"article:published_time\" content=\"2025-02-21T12:30:47+00:00\" \/>\n<meta property=\"article:modified_time\" content=\"2025-05-05T22:22:11+00:00\" \/>\n<meta property=\"og:image\" content=\"https:\/\/static.africa-press.net\/senegal\/sites\/13\/2025\/02\/sm_1740215855.827167.jpg\" \/>\n\t<meta property=\"og:image:width\" content=\"1449\" \/>\n\t<meta property=\"og:image:height\" content=\"814\" \/>\n\t<meta property=\"og:image:type\" content=\"image\/jpeg\" \/>\n<meta name=\"author\" content=\"cfeditorfr\" \/>\n<meta name=\"twitter:card\" content=\"summary_large_image\" \/>\n<meta name=\"twitter:label1\" content=\"\u00c9crit par\" \/>\n\t<meta name=\"twitter:data1\" content=\"cfeditorfr\" \/>\n\t<meta name=\"twitter:label2\" content=\"Dur\u00e9e de lecture estim\u00e9e\" \/>\n\t<meta name=\"twitter:data2\" content=\"2 minutes\" \/>\n<script type=\"application\/ld+json\" class=\"yoast-schema-graph\">{\"@context\":\"https:\/\/schema.org\",\"@graph\":[{\"@type\":\"Article\",\"@id\":\"https:\/\/www.africa-press.net\/senegal\/politique\/sanctions-americaines-contre-ministre-rwandais-lie-a-conflit-rdc#article\",\"isPartOf\":{\"@id\":\"https:\/\/www.africa-press.net\/senegal\/politique\/sanctions-americaines-contre-ministre-rwandais-lie-a-conflit-rdc\"},\"author\":{\"name\":\"cfeditorfr\",\"@id\":\"https:\/\/www.africa-press.net\/senegal\/#\/schema\/person\/2b1cf3cd81a31e3cd26889ca66d677f1\"},\"headline\":\"Sanctions Am\u00e9ricaines Contre Ministre Rwandais Li\u00e9 \u00e0 Conflit RDC\",\"datePublished\":\"2025-02-21T12:30:47+00:00\",\"dateModified\":\"2025-05-05T22:22:11+00:00\",\"mainEntityOfPage\":{\"@id\":\"https:\/\/www.africa-press.net\/senegal\/politique\/sanctions-americaines-contre-ministre-rwandais-lie-a-conflit-rdc\"},\"wordCount\":321,\"commentCount\":0,\"image\":{\"@id\":\"https:\/\/www.africa-press.net\/senegal\/politique\/sanctions-americaines-contre-ministre-rwandais-lie-a-conflit-rdc#primaryimage\"},\"thumbnailUrl\":\"https:\/\/static.africa-press.net\/senegal\/sites\/13\/2025\/02\/sm_1740215855.827167.jpg\",\"keywords\":[\"Senegal\"],\"articleSection\":[\"Politique\",\"Toutes les actualit\u00e9s\"],\"inLanguage\":\"fr-FR\",\"potentialAction\":[{\"@type\":\"CommentAction\",\"name\":\"Comment\",\"target\":[\"https:\/\/www.africa-press.net\/senegal\/politique\/sanctions-americaines-contre-ministre-rwandais-lie-a-conflit-rdc#respond\"]}]},{\"@type\":\"WebPage\",\"@id\":\"https:\/\/www.africa-press.net\/senegal\/politique\/sanctions-americaines-contre-ministre-rwandais-lie-a-conflit-rdc\",\"url\":\"https:\/\/www.africa-press.net\/senegal\/politique\/sanctions-americaines-contre-ministre-rwandais-lie-a-conflit-rdc\",\"name\":\"Sanctions Am\u00e9ricaines Contre Ministre Rwandais Li\u00e9 \u00e0 Conflit RDC - Senegal\",\"isPartOf\":{\"@id\":\"https:\/\/www.africa-press.net\/senegal\/#website\"},\"primaryImageOfPage\":{\"@id\":\"https:\/\/www.africa-press.net\/senegal\/politique\/sanctions-americaines-contre-ministre-rwandais-lie-a-conflit-rdc#primaryimage\"},\"image\":{\"@id\":\"https:\/\/www.africa-press.net\/senegal\/politique\/sanctions-americaines-contre-ministre-rwandais-lie-a-conflit-rdc#primaryimage\"},\"thumbnailUrl\":\"https:\/\/static.africa-press.net\/senegal\/sites\/13\/2025\/02\/sm_1740215855.827167.jpg\",\"datePublished\":\"2025-02-21T12:30:47+00:00\",\"dateModified\":\"2025-05-05T22:22:11+00:00\",\"author\":{\"@id\":\"https:\/\/www.africa-press.net\/senegal\/#\/schema\/person\/2b1cf3cd81a31e3cd26889ca66d677f1\"},\"description\":\"L'actuel ministre pour l'Inte\u0301gration re\u0301gionale, qui a aussi dirige\u0301 le ministe\u0300re de la de\u0301fense, est une \\\"personnalit ...\",\"breadcrumb\":{\"@id\":\"https:\/\/www.africa-press.net\/senegal\/politique\/sanctions-americaines-contre-ministre-rwandais-lie-a-conflit-rdc#breadcrumb\"},\"inLanguage\":\"fr-FR\",\"potentialAction\":[{\"@type\":\"ReadAction\",\"target\":[\"https:\/\/www.africa-press.net\/senegal\/politique\/sanctions-americaines-contre-ministre-rwandais-lie-a-conflit-rdc\"]}]},{\"@type\":\"ImageObject\",\"inLanguage\":\"fr-FR\",\"@id\":\"https:\/\/www.africa-press.net\/senegal\/politique\/sanctions-americaines-contre-ministre-rwandais-lie-a-conflit-rdc#primaryimage\",\"url\":\"https:\/\/static.africa-press.net\/senegal\/sites\/13\/2025\/02\/sm_1740215855.827167.jpg\",\"contentUrl\":\"https:\/\/static.africa-press.net\/senegal\/sites\/13\/2025\/02\/sm_1740215855.827167.jpg\",\"width\":1449,\"height\":814,\"caption\":\"Sanctions Am\u00e9ricaines Contre Ministre Rwandais Li\u00e9 \u00e0 Conflit RDC\"},{\"@type\":\"BreadcrumbList\",\"@id\":\"https:\/\/www.africa-press.net\/senegal\/politique\/sanctions-americaines-contre-ministre-rwandais-lie-a-conflit-rdc#breadcrumb\",\"itemListElement\":[{\"@type\":\"ListItem\",\"position\":1,\"name\":\"Accueil\",\"item\":\"https:\/\/www.africa-press.net\/senegal\/\"},{\"@type\":\"ListItem\",\"position\":2,\"name\":\"Sanctions Am\u00e9ricaines Contre Ministre Rwandais Li\u00e9 \u00e0 Conflit RDC\"}]},{\"@type\":\"WebSite\",\"@id\":\"https:\/\/www.africa-press.net\/senegal\/#website\",\"url\":\"https:\/\/www.africa-press.net\/senegal\/\",\"name\":\"Africa Press | Senegal | Homepage\",\"description\":\"Just another Africa News Agency Sites site\",\"potentialAction\":[{\"@type\":\"SearchAction\",\"target\":{\"@type\":\"EntryPoint\",\"urlTemplate\":\"https:\/\/www.africa-press.net\/senegal\/?s={search_term_string}\"},\"query-input\":{\"@type\":\"PropertyValueSpecification\",\"valueRequired\":true,\"valueName\":\"search_term_string\"}}],\"inLanguage\":\"fr-FR\"},{\"@type\":\"Person\",\"@id\":\"https:\/\/www.africa-press.net\/senegal\/#\/schema\/person\/2b1cf3cd81a31e3cd26889ca66d677f1\",\"name\":\"cfeditorfr\",\"url\":\"https:\/\/www.africa-press.net\/senegal\/author\/cfeditorfr\"}]}<\/script>\n<!-- \/ Yoast SEO Premium plugin. -->","yoast_head_json":{"title":"Sanctions Am\u00e9ricaines Contre Ministre Rwandais Li\u00e9 \u00e0 Conflit RDC - Senegal","description":"L'actuel ministre pour l'Inte\u0301gration re\u0301gionale, qui a aussi dirige\u0301 le ministe\u0300re de la de\u0301fense, est une \"personnalit ...","robots":{"index":"index","follow":"follow","max-snippet":"max-snippet:-1","max-image-preview":"max-image-preview:large","max-video-preview":"max-video-preview:-1"},"canonical":"https:\/\/www.africa-press.net\/senegal\/politique\/sanctions-americaines-contre-ministre-rwandais-lie-a-conflit-rdc","og_locale":"fr_FR","og_type":"article","og_title":"Sanctions Am\u00e9ricaines Contre Ministre Rwandais Li\u00e9 \u00e0 Conflit RDC","og_description":"L'actuel ministre pour l'Inte\u0301gration re\u0301gionale, qui a aussi dirige\u0301 le ministe\u0300re de la de\u0301fense, est une \"personnalit ...","og_url":"https:\/\/www.africa-press.net\/senegal\/politique\/sanctions-americaines-contre-ministre-rwandais-lie-a-conflit-rdc","og_site_name":"Senegal","article_published_time":"2025-02-21T12:30:47+00:00","article_modified_time":"2025-05-05T22:22:11+00:00","og_image":[{"width":1449,"height":814,"url":"https:\/\/static.africa-press.net\/senegal\/sites\/13\/2025\/02\/sm_1740215855.827167.jpg","type":"image\/jpeg"}],"author":"cfeditorfr","twitter_card":"summary_large_image","twitter_misc":{"\u00c9crit par":"cfeditorfr","Dur\u00e9e de lecture estim\u00e9e":"2 minutes"},"schema":{"@context":"https:\/\/schema.org","@graph":[{"@type":"Article","@id":"https:\/\/www.africa-press.net\/senegal\/politique\/sanctions-americaines-contre-ministre-rwandais-lie-a-conflit-rdc#article","isPartOf":{"@id":"https:\/\/www.africa-press.net\/senegal\/politique\/sanctions-americaines-contre-ministre-rwandais-lie-a-conflit-rdc"},"author":{"name":"cfeditorfr","@id":"https:\/\/www.africa-press.net\/senegal\/#\/schema\/person\/2b1cf3cd81a31e3cd26889ca66d677f1"},"headline":"Sanctions Am\u00e9ricaines Contre Ministre Rwandais Li\u00e9 \u00e0 Conflit RDC","datePublished":"2025-02-21T12:30:47+00:00","dateModified":"2025-05-05T22:22:11+00:00","mainEntityOfPage":{"@id":"https:\/\/www.africa-press.net\/senegal\/politique\/sanctions-americaines-contre-ministre-rwandais-lie-a-conflit-rdc"},"wordCount":321,"commentCount":0,"image":{"@id":"https:\/\/www.africa-press.net\/senegal\/politique\/sanctions-americaines-contre-ministre-rwandais-lie-a-conflit-rdc#primaryimage"},"thumbnailUrl":"https:\/\/static.africa-press.net\/senegal\/sites\/13\/2025\/02\/sm_1740215855.827167.jpg","keywords":["Senegal"],"articleSection":["Politique","Toutes les actualit\u00e9s"],"inLanguage":"fr-FR","potentialAction":[{"@type":"CommentAction","name":"Comment","target":["https:\/\/www.africa-press.net\/senegal\/politique\/sanctions-americaines-contre-ministre-rwandais-lie-a-conflit-rdc#respond"]}]},{"@type":"WebPage","@id":"https:\/\/www.africa-press.net\/senegal\/politique\/sanctions-americaines-contre-ministre-rwandais-lie-a-conflit-rdc","url":"https:\/\/www.africa-press.net\/senegal\/politique\/sanctions-americaines-contre-ministre-rwandais-lie-a-conflit-rdc","name":"Sanctions Am\u00e9ricaines Contre Ministre Rwandais Li\u00e9 \u00e0 Conflit RDC - Senegal","isPartOf":{"@id":"https:\/\/www.africa-press.net\/senegal\/#website"},"primaryImageOfPage":{"@id":"https:\/\/www.africa-press.net\/senegal\/politique\/sanctions-americaines-contre-ministre-rwandais-lie-a-conflit-rdc#primaryimage"},"image":{"@id":"https:\/\/www.africa-press.net\/senegal\/politique\/sanctions-americaines-contre-ministre-rwandais-lie-a-conflit-rdc#primaryimage"},"thumbnailUrl":"https:\/\/static.africa-press.net\/senegal\/sites\/13\/2025\/02\/sm_1740215855.827167.jpg","datePublished":"2025-02-21T12:30:47+00:00","dateModified":"2025-05-05T22:22:11+00:00","author":{"@id":"https:\/\/www.africa-press.net\/senegal\/#\/schema\/person\/2b1cf3cd81a31e3cd26889ca66d677f1"},"description":"L'actuel ministre pour l'Inte\u0301gration re\u0301gionale, qui a aussi dirige\u0301 le ministe\u0300re de la de\u0301fense, est une \"personnalit ...","breadcrumb":{"@id":"https:\/\/www.africa-press.net\/senegal\/politique\/sanctions-americaines-contre-ministre-rwandais-lie-a-conflit-rdc#breadcrumb"},"inLanguage":"fr-FR","potentialAction":[{"@type":"ReadAction","target":["https:\/\/www.africa-press.net\/senegal\/politique\/sanctions-americaines-contre-ministre-rwandais-lie-a-conflit-rdc"]}]},{"@type":"ImageObject","inLanguage":"fr-FR","@id":"https:\/\/www.africa-press.net\/senegal\/politique\/sanctions-americaines-contre-ministre-rwandais-lie-a-conflit-rdc#primaryimage","url":"https:\/\/static.africa-press.net\/senegal\/sites\/13\/2025\/02\/sm_1740215855.827167.jpg","contentUrl":"https:\/\/static.africa-press.net\/senegal\/sites\/13\/2025\/02\/sm_1740215855.827167.jpg","width":1449,"height":814,"caption":"Sanctions Am\u00e9ricaines Contre Ministre Rwandais Li\u00e9 \u00e0 Conflit RDC"},{"@type":"BreadcrumbList","@id":"https:\/\/www.africa-press.net\/senegal\/politique\/sanctions-americaines-contre-ministre-rwandais-lie-a-conflit-rdc#breadcrumb","itemListElement":[{"@type":"ListItem","position":1,"name":"Accueil","item":"https:\/\/www.africa-press.net\/senegal\/"},{"@type":"ListItem","position":2,"name":"Sanctions Am\u00e9ricaines Contre Ministre Rwandais Li\u00e9 \u00e0 Conflit RDC"}]},{"@type":"WebSite","@id":"https:\/\/www.africa-press.net\/senegal\/#website","url":"https:\/\/www.africa-press.net\/senegal\/","name":"Africa Press | Senegal | Homepage","description":"Just another Africa News Agency Sites site","potentialAction":[{"@type":"SearchAction","target":{"@type":"EntryPoint","urlTemplate":"https:\/\/www.africa-press.net\/senegal\/?s={search_term_string}"},"query-input":{"@type":"PropertyValueSpecification","valueRequired":true,"valueName":"search_term_string"}}],"inLanguage":"fr-FR"},{"@type":"Person","@id":"https:\/\/www.africa-press.net\/senegal\/#\/schema\/person\/2b1cf3cd81a31e3cd26889ca66d677f1","name":"cfeditorfr","url":"https:\/\/www.africa-press.net\/senegal\/author\/cfeditorfr"}]}},"_links":{"self":[{"href":"https:\/\/www.africa-press.net\/senegal\/wp-json\/wp\/v2\/posts\/65629","targetHints":{"allow":["GET"]}}],"collection":[{"href":"https:\/\/www.africa-press.net\/senegal\/wp-json\/wp\/v2\/posts"}],"about":[{"href":"https:\/\/www.africa-press.net\/senegal\/wp-json\/wp\/v2\/types\/post"}],"author":[{"embeddable":true,"href":"https:\/\/www.africa-press.net\/senegal\/wp-json\/wp\/v2\/users\/82"}],"replies":[{"embeddable":true,"href":"https:\/\/www.africa-press.net\/senegal\/wp-json\/wp\/v2\/comments?post=65629"}],"version-history":[{"count":0,"href":"https:\/\/www.africa-press.net\/senegal\/wp-json\/wp\/v2\/posts\/65629\/revisions"}],"wp:featuredmedia":[{"embeddable":true,"href":"https:\/\/www.africa-press.net\/senegal\/wp-json\/wp\/v2\/media\/65628"}],"wp:attachment":[{"href":"https:\/\/www.africa-press.net\/senegal\/wp-json\/wp\/v2\/media?parent=65629"}],"wp:term":[{"taxonomy":"category","embeddable":true,"href":"https:\/\/www.africa-press.net\/senegal\/wp-json\/wp\/v2\/categories?post=65629"},{"taxonomy":"post_tag","embeddable":true,"href":"https:\/\/www.africa-press.net\/senegal\/wp-json\/wp\/v2\/tags?post=65629"}],"curies":[{"name":"wp","href":"https:\/\/api.w.org\/{rel}","templated":true}]}}