{"id":65631,"date":"2025-02-21T12:36:36","date_gmt":"2025-02-21T12:36:36","guid":{"rendered":"https:\/\/www.africa-press.net\/senegal\/politique\/situation-des-subsahariens-en-tunisie-deux-ans-apres"},"modified":"2025-05-05T22:24:21","modified_gmt":"2025-05-05T22:24:21","slug":"situation-des-subsahariens-en-tunisie-deux-ans-apres","status":"publish","type":"post","link":"https:\/\/www.africa-press.net\/senegal\/dossiers\/situation-des-subsahariens-en-tunisie-deux-ans-apres","title":{"rendered":"Situation des Subsahariens en Tunisie Deux Ans Apr\u00e8s"},"content":{"rendered":"<p><span style=\"color: #ff6600\"><strong>Africa-Press &#8211; Senegal. <\/strong><\/span>En Tunisie, il y a deux ans un communique\u0301 pole\u0301mique de la pre\u0301sidence tunisienne qui affirmait que l&rsquo;immigration des Subsahariens relevait d&rsquo;un plan criminel pour changer la composition du paysage de\u0301mographique du pays avait provoque\u0301 un tolle\u0301 sur le plan international et entrai\u0302ne\u0301 un resserrement se\u0301curitaire sur les migrants subsahariens dans le pays.<\/p>\n<p>Deux ans plus tard, les conditions de vie des migrants subsahariens en situation irre\u0301gulie\u0300re en Tunisie se sont conside\u0301rablement de\u0301te\u0301riore\u0301es alors que les autorite\u0301s continuent les interceptions en mer et les de\u0301portations pour empe\u0302cher leurs de\u0301parts vers l&rsquo;Europe.<\/p>\n<p>Apre\u0300s deux ans de campagnes se\u0301curitaires contre les migrants subsahariens, de rapatriements vers les pays d&rsquo;origine, de campagnes haineuses et racistes sur les re\u0301seaux sociaux a\u0300 leur encontre, et des refoulements de plusieurs milliers d&rsquo;entre eux aux frontie\u0300res alge\u0301riennes et libyennes, le bilan de la politique migratoire en Tunisie pose question.<\/p>\n<p>En Tunisie, les autorite\u0301s nient tout traitement inhumain des migrants et mettent en avant les chiffres de contro\u0302le des flux migratoires. Le pays a assure\u0301 le retour volontaire de 7 250 migrants irre\u0301guliers subsahariens dans leur pays d&rsquo;origine en 2024, en collaboration avec l&rsquo;Organisation internationale de la migration. Soit le triple des chiffres de 2023.<\/p>\n<p>Pre\u0300s de 80 000 migrants intercepte\u0301s en mer et sur terre<\/p>\n<p>Cependant, plus de 20 000 migrants seraient toujours pre\u0301sents dans la re\u0301gion d&rsquo;El Hamra a\u0300 l&rsquo;est du pays, ou\u0300 la majorite\u0301 vit dans des champs d&rsquo;oliviers, attendant l&rsquo;opportunite\u0301 d&rsquo;un de\u0301part en mer. En 2024, les autorite\u0301s tunisiennes disent avoir intercepte\u0301 en mer et sur terre 80 000 Subsahariens et de\u0301mantele\u0301 96 camps de fortune.<\/p>\n<p>Les de\u0301rapages de politiques sur la question migratoire sont encore fre\u0301quents, comme re\u0301cemment, une de\u0301pute\u0301e qui a sugge\u0301re\u0301 le contro\u0302le des naissances des femmes migrantes apre\u0300s une recrudescence de celles-ci observe\u0301 a\u0300 l&rsquo;ho\u0302pital de Sfax. Plusieurs associations ont de\u0301nonce\u0301 ces propos et appellent l&rsquo;E\u0301tat a\u0300 ne pas rester passif face aux discours racistes.<\/p>\n<p><strong>Pour plus d&rsquo;informations et d&rsquo;analyses sur la <span style=\"color: #ff6600\">Senegal<\/span>, suivez <span style=\"color: #ff6600\">Africa-Press<\/span><\/strong><\/p>\n","protected":false},"excerpt":{"rendered":"<p>Africa-Press &#8211; Senegal. En Tunisie, il y a deux ans un communique\u0301 pole\u0301mique de la pre\u0301sidence tunisienne qui affirmait que l&rsquo;immigration des Subsahariens relevait d&rsquo;un plan criminel pour changer la composition du paysage de\u0301mographique du pays avait provoque\u0301 un tolle\u0301 sur le plan international et entrai\u0302ne\u0301 un resserrement se\u0301curitaire sur les migrants subsahariens dans le [&hellip;]<\/p>\n","protected":false},"author":82,"featured_media":65630,"comment_status":"open","ping_status":"closed","sticky":false,"template":"","format":"standard","meta":{"footnotes":""},"categories":[7,10],"tags":[44],"class_list":["post-65631","post","type-post","status-publish","format-standard","has-post-thumbnail","hentry","category-dossiers","category-toutes-les-actualites","tag-senegal-2"],"yoast_head":"<!-- This site is optimized with the Yoast SEO Premium plugin v26.1 (Yoast SEO v27.0) - https:\/\/yoast.com\/product\/yoast-seo-premium-wordpress\/ -->\n<title>Situation des Subsahariens en Tunisie Deux Ans Apr\u00e8s - Senegal<\/title>\n<meta name=\"description\" content=\"En Tunisie, il y a deux ans un communique\u0301 pole\u0301mique de la pre\u0301sidence tunisienne qui affirmait que l&#039;immigration des S ...\" \/>\n<meta name=\"robots\" content=\"index, follow, max-snippet:-1, max-image-preview:large, max-video-preview:-1\" \/>\n<link rel=\"canonical\" href=\"https:\/\/www.africa-press.net\/senegal\/dossiers\/situation-des-subsahariens-en-tunisie-deux-ans-apres\" \/>\n<meta property=\"og:locale\" content=\"fr_FR\" \/>\n<meta property=\"og:type\" content=\"article\" \/>\n<meta property=\"og:title\" content=\"Situation des Subsahariens en Tunisie Deux Ans Apr\u00e8s\" \/>\n<meta property=\"og:description\" content=\"En Tunisie, il y a deux ans un communique\u0301 pole\u0301mique de la pre\u0301sidence tunisienne qui affirmait que l&#039;immigration des S ...\" \/>\n<meta property=\"og:url\" content=\"https:\/\/www.africa-press.net\/senegal\/dossiers\/situation-des-subsahariens-en-tunisie-deux-ans-apres\" \/>\n<meta property=\"og:site_name\" content=\"Senegal\" \/>\n<meta property=\"article:published_time\" content=\"2025-02-21T12:36:36+00:00\" \/>\n<meta property=\"article:modified_time\" content=\"2025-05-05T22:24:21+00:00\" \/>\n<meta property=\"og:image\" content=\"https:\/\/static.africa-press.net\/senegal\/sites\/13\/2025\/02\/sm_1740215951.542494.jpg\" \/>\n\t<meta property=\"og:image:width\" content=\"907\" \/>\n\t<meta property=\"og:image:height\" content=\"555\" \/>\n\t<meta property=\"og:image:type\" content=\"image\/jpeg\" \/>\n<meta name=\"author\" content=\"cfeditorfr\" \/>\n<meta name=\"twitter:card\" content=\"summary_large_image\" \/>\n<meta name=\"twitter:label1\" content=\"\u00c9crit par\" \/>\n\t<meta name=\"twitter:data1\" content=\"cfeditorfr\" \/>\n\t<meta name=\"twitter:label2\" content=\"Dur\u00e9e de lecture estim\u00e9e\" \/>\n\t<meta name=\"twitter:data2\" content=\"2 minutes\" \/>\n<script type=\"application\/ld+json\" class=\"yoast-schema-graph\">{\"@context\":\"https:\/\/schema.org\",\"@graph\":[{\"@type\":\"Article\",\"@id\":\"https:\/\/www.africa-press.net\/senegal\/dossiers\/situation-des-subsahariens-en-tunisie-deux-ans-apres#article\",\"isPartOf\":{\"@id\":\"https:\/\/www.africa-press.net\/senegal\/dossiers\/situation-des-subsahariens-en-tunisie-deux-ans-apres\"},\"author\":{\"name\":\"cfeditorfr\",\"@id\":\"https:\/\/www.africa-press.net\/senegal\/#\/schema\/person\/2b1cf3cd81a31e3cd26889ca66d677f1\"},\"headline\":\"Situation des Subsahariens en Tunisie Deux Ans Apr\u00e8s\",\"datePublished\":\"2025-02-21T12:36:36+00:00\",\"dateModified\":\"2025-05-05T22:24:21+00:00\",\"mainEntityOfPage\":{\"@id\":\"https:\/\/www.africa-press.net\/senegal\/dossiers\/situation-des-subsahariens-en-tunisie-deux-ans-apres\"},\"wordCount\":382,\"commentCount\":0,\"image\":{\"@id\":\"https:\/\/www.africa-press.net\/senegal\/dossiers\/situation-des-subsahariens-en-tunisie-deux-ans-apres#primaryimage\"},\"thumbnailUrl\":\"https:\/\/static.africa-press.net\/senegal\/sites\/13\/2025\/02\/sm_1740215951.542494.jpg\",\"keywords\":[\"Senegal\"],\"articleSection\":[\"Dossiers\",\"Toutes les actualit\u00e9s\"],\"inLanguage\":\"fr-FR\",\"potentialAction\":[{\"@type\":\"CommentAction\",\"name\":\"Comment\",\"target\":[\"https:\/\/www.africa-press.net\/senegal\/dossiers\/situation-des-subsahariens-en-tunisie-deux-ans-apres#respond\"]}]},{\"@type\":\"WebPage\",\"@id\":\"https:\/\/www.africa-press.net\/senegal\/dossiers\/situation-des-subsahariens-en-tunisie-deux-ans-apres\",\"url\":\"https:\/\/www.africa-press.net\/senegal\/dossiers\/situation-des-subsahariens-en-tunisie-deux-ans-apres\",\"name\":\"Situation des Subsahariens en Tunisie Deux Ans Apr\u00e8s - Senegal\",\"isPartOf\":{\"@id\":\"https:\/\/www.africa-press.net\/senegal\/#website\"},\"primaryImageOfPage\":{\"@id\":\"https:\/\/www.africa-press.net\/senegal\/dossiers\/situation-des-subsahariens-en-tunisie-deux-ans-apres#primaryimage\"},\"image\":{\"@id\":\"https:\/\/www.africa-press.net\/senegal\/dossiers\/situation-des-subsahariens-en-tunisie-deux-ans-apres#primaryimage\"},\"thumbnailUrl\":\"https:\/\/static.africa-press.net\/senegal\/sites\/13\/2025\/02\/sm_1740215951.542494.jpg\",\"datePublished\":\"2025-02-21T12:36:36+00:00\",\"dateModified\":\"2025-05-05T22:24:21+00:00\",\"author\":{\"@id\":\"https:\/\/www.africa-press.net\/senegal\/#\/schema\/person\/2b1cf3cd81a31e3cd26889ca66d677f1\"},\"description\":\"En Tunisie, il y a deux ans un communique\u0301 pole\u0301mique de la pre\u0301sidence tunisienne qui affirmait que l'immigration des S ...\",\"breadcrumb\":{\"@id\":\"https:\/\/www.africa-press.net\/senegal\/dossiers\/situation-des-subsahariens-en-tunisie-deux-ans-apres#breadcrumb\"},\"inLanguage\":\"fr-FR\",\"potentialAction\":[{\"@type\":\"ReadAction\",\"target\":[\"https:\/\/www.africa-press.net\/senegal\/dossiers\/situation-des-subsahariens-en-tunisie-deux-ans-apres\"]}]},{\"@type\":\"ImageObject\",\"inLanguage\":\"fr-FR\",\"@id\":\"https:\/\/www.africa-press.net\/senegal\/dossiers\/situation-des-subsahariens-en-tunisie-deux-ans-apres#primaryimage\",\"url\":\"https:\/\/static.africa-press.net\/senegal\/sites\/13\/2025\/02\/sm_1740215951.542494.jpg\",\"contentUrl\":\"https:\/\/static.africa-press.net\/senegal\/sites\/13\/2025\/02\/sm_1740215951.542494.jpg\",\"width\":907,\"height\":555,\"caption\":\"Situation des Subsahariens en Tunisie Deux Ans Apr\u00e8s\"},{\"@type\":\"BreadcrumbList\",\"@id\":\"https:\/\/www.africa-press.net\/senegal\/dossiers\/situation-des-subsahariens-en-tunisie-deux-ans-apres#breadcrumb\",\"itemListElement\":[{\"@type\":\"ListItem\",\"position\":1,\"name\":\"Accueil\",\"item\":\"https:\/\/www.africa-press.net\/senegal\/\"},{\"@type\":\"ListItem\",\"position\":2,\"name\":\"Situation des Subsahariens en Tunisie Deux Ans Apr\u00e8s\"}]},{\"@type\":\"WebSite\",\"@id\":\"https:\/\/www.africa-press.net\/senegal\/#website\",\"url\":\"https:\/\/www.africa-press.net\/senegal\/\",\"name\":\"Africa Press | Senegal | Homepage\",\"description\":\"Just another Africa News Agency Sites site\",\"potentialAction\":[{\"@type\":\"SearchAction\",\"target\":{\"@type\":\"EntryPoint\",\"urlTemplate\":\"https:\/\/www.africa-press.net\/senegal\/?s={search_term_string}\"},\"query-input\":{\"@type\":\"PropertyValueSpecification\",\"valueRequired\":true,\"valueName\":\"search_term_string\"}}],\"inLanguage\":\"fr-FR\"},{\"@type\":\"Person\",\"@id\":\"https:\/\/www.africa-press.net\/senegal\/#\/schema\/person\/2b1cf3cd81a31e3cd26889ca66d677f1\",\"name\":\"cfeditorfr\",\"url\":\"https:\/\/www.africa-press.net\/senegal\/author\/cfeditorfr\"}]}<\/script>\n<!-- \/ Yoast SEO Premium plugin. -->","yoast_head_json":{"title":"Situation des Subsahariens en Tunisie Deux Ans Apr\u00e8s - Senegal","description":"En Tunisie, il y a deux ans un communique\u0301 pole\u0301mique de la pre\u0301sidence tunisienne qui affirmait que l'immigration des S ...","robots":{"index":"index","follow":"follow","max-snippet":"max-snippet:-1","max-image-preview":"max-image-preview:large","max-video-preview":"max-video-preview:-1"},"canonical":"https:\/\/www.africa-press.net\/senegal\/dossiers\/situation-des-subsahariens-en-tunisie-deux-ans-apres","og_locale":"fr_FR","og_type":"article","og_title":"Situation des Subsahariens en Tunisie Deux Ans Apr\u00e8s","og_description":"En Tunisie, il y a deux ans un communique\u0301 pole\u0301mique de la pre\u0301sidence tunisienne qui affirmait que l'immigration des S ...","og_url":"https:\/\/www.africa-press.net\/senegal\/dossiers\/situation-des-subsahariens-en-tunisie-deux-ans-apres","og_site_name":"Senegal","article_published_time":"2025-02-21T12:36:36+00:00","article_modified_time":"2025-05-05T22:24:21+00:00","og_image":[{"width":907,"height":555,"url":"https:\/\/static.africa-press.net\/senegal\/sites\/13\/2025\/02\/sm_1740215951.542494.jpg","type":"image\/jpeg"}],"author":"cfeditorfr","twitter_card":"summary_large_image","twitter_misc":{"\u00c9crit par":"cfeditorfr","Dur\u00e9e de lecture estim\u00e9e":"2 minutes"},"schema":{"@context":"https:\/\/schema.org","@graph":[{"@type":"Article","@id":"https:\/\/www.africa-press.net\/senegal\/dossiers\/situation-des-subsahariens-en-tunisie-deux-ans-apres#article","isPartOf":{"@id":"https:\/\/www.africa-press.net\/senegal\/dossiers\/situation-des-subsahariens-en-tunisie-deux-ans-apres"},"author":{"name":"cfeditorfr","@id":"https:\/\/www.africa-press.net\/senegal\/#\/schema\/person\/2b1cf3cd81a31e3cd26889ca66d677f1"},"headline":"Situation des Subsahariens en Tunisie Deux Ans Apr\u00e8s","datePublished":"2025-02-21T12:36:36+00:00","dateModified":"2025-05-05T22:24:21+00:00","mainEntityOfPage":{"@id":"https:\/\/www.africa-press.net\/senegal\/dossiers\/situation-des-subsahariens-en-tunisie-deux-ans-apres"},"wordCount":382,"commentCount":0,"image":{"@id":"https:\/\/www.africa-press.net\/senegal\/dossiers\/situation-des-subsahariens-en-tunisie-deux-ans-apres#primaryimage"},"thumbnailUrl":"https:\/\/static.africa-press.net\/senegal\/sites\/13\/2025\/02\/sm_1740215951.542494.jpg","keywords":["Senegal"],"articleSection":["Dossiers","Toutes les actualit\u00e9s"],"inLanguage":"fr-FR","potentialAction":[{"@type":"CommentAction","name":"Comment","target":["https:\/\/www.africa-press.net\/senegal\/dossiers\/situation-des-subsahariens-en-tunisie-deux-ans-apres#respond"]}]},{"@type":"WebPage","@id":"https:\/\/www.africa-press.net\/senegal\/dossiers\/situation-des-subsahariens-en-tunisie-deux-ans-apres","url":"https:\/\/www.africa-press.net\/senegal\/dossiers\/situation-des-subsahariens-en-tunisie-deux-ans-apres","name":"Situation des Subsahariens en Tunisie Deux Ans Apr\u00e8s - Senegal","isPartOf":{"@id":"https:\/\/www.africa-press.net\/senegal\/#website"},"primaryImageOfPage":{"@id":"https:\/\/www.africa-press.net\/senegal\/dossiers\/situation-des-subsahariens-en-tunisie-deux-ans-apres#primaryimage"},"image":{"@id":"https:\/\/www.africa-press.net\/senegal\/dossiers\/situation-des-subsahariens-en-tunisie-deux-ans-apres#primaryimage"},"thumbnailUrl":"https:\/\/static.africa-press.net\/senegal\/sites\/13\/2025\/02\/sm_1740215951.542494.jpg","datePublished":"2025-02-21T12:36:36+00:00","dateModified":"2025-05-05T22:24:21+00:00","author":{"@id":"https:\/\/www.africa-press.net\/senegal\/#\/schema\/person\/2b1cf3cd81a31e3cd26889ca66d677f1"},"description":"En Tunisie, il y a deux ans un communique\u0301 pole\u0301mique de la pre\u0301sidence tunisienne qui affirmait que l'immigration des S ...","breadcrumb":{"@id":"https:\/\/www.africa-press.net\/senegal\/dossiers\/situation-des-subsahariens-en-tunisie-deux-ans-apres#breadcrumb"},"inLanguage":"fr-FR","potentialAction":[{"@type":"ReadAction","target":["https:\/\/www.africa-press.net\/senegal\/dossiers\/situation-des-subsahariens-en-tunisie-deux-ans-apres"]}]},{"@type":"ImageObject","inLanguage":"fr-FR","@id":"https:\/\/www.africa-press.net\/senegal\/dossiers\/situation-des-subsahariens-en-tunisie-deux-ans-apres#primaryimage","url":"https:\/\/static.africa-press.net\/senegal\/sites\/13\/2025\/02\/sm_1740215951.542494.jpg","contentUrl":"https:\/\/static.africa-press.net\/senegal\/sites\/13\/2025\/02\/sm_1740215951.542494.jpg","width":907,"height":555,"caption":"Situation des Subsahariens en Tunisie Deux Ans Apr\u00e8s"},{"@type":"BreadcrumbList","@id":"https:\/\/www.africa-press.net\/senegal\/dossiers\/situation-des-subsahariens-en-tunisie-deux-ans-apres#breadcrumb","itemListElement":[{"@type":"ListItem","position":1,"name":"Accueil","item":"https:\/\/www.africa-press.net\/senegal\/"},{"@type":"ListItem","position":2,"name":"Situation des Subsahariens en Tunisie Deux Ans Apr\u00e8s"}]},{"@type":"WebSite","@id":"https:\/\/www.africa-press.net\/senegal\/#website","url":"https:\/\/www.africa-press.net\/senegal\/","name":"Africa Press | Senegal | Homepage","description":"Just another Africa News Agency Sites site","potentialAction":[{"@type":"SearchAction","target":{"@type":"EntryPoint","urlTemplate":"https:\/\/www.africa-press.net\/senegal\/?s={search_term_string}"},"query-input":{"@type":"PropertyValueSpecification","valueRequired":true,"valueName":"search_term_string"}}],"inLanguage":"fr-FR"},{"@type":"Person","@id":"https:\/\/www.africa-press.net\/senegal\/#\/schema\/person\/2b1cf3cd81a31e3cd26889ca66d677f1","name":"cfeditorfr","url":"https:\/\/www.africa-press.net\/senegal\/author\/cfeditorfr"}]}},"_links":{"self":[{"href":"https:\/\/www.africa-press.net\/senegal\/wp-json\/wp\/v2\/posts\/65631","targetHints":{"allow":["GET"]}}],"collection":[{"href":"https:\/\/www.africa-press.net\/senegal\/wp-json\/wp\/v2\/posts"}],"about":[{"href":"https:\/\/www.africa-press.net\/senegal\/wp-json\/wp\/v2\/types\/post"}],"author":[{"embeddable":true,"href":"https:\/\/www.africa-press.net\/senegal\/wp-json\/wp\/v2\/users\/82"}],"replies":[{"embeddable":true,"href":"https:\/\/www.africa-press.net\/senegal\/wp-json\/wp\/v2\/comments?post=65631"}],"version-history":[{"count":0,"href":"https:\/\/www.africa-press.net\/senegal\/wp-json\/wp\/v2\/posts\/65631\/revisions"}],"wp:featuredmedia":[{"embeddable":true,"href":"https:\/\/www.africa-press.net\/senegal\/wp-json\/wp\/v2\/media\/65630"}],"wp:attachment":[{"href":"https:\/\/www.africa-press.net\/senegal\/wp-json\/wp\/v2\/media?parent=65631"}],"wp:term":[{"taxonomy":"category","embeddable":true,"href":"https:\/\/www.africa-press.net\/senegal\/wp-json\/wp\/v2\/categories?post=65631"},{"taxonomy":"post_tag","embeddable":true,"href":"https:\/\/www.africa-press.net\/senegal\/wp-json\/wp\/v2\/tags?post=65631"}],"curies":[{"name":"wp","href":"https:\/\/api.w.org\/{rel}","templated":true}]}}