{"id":65633,"date":"2025-02-22T12:38:44","date_gmt":"2025-02-22T12:38:44","guid":{"rendered":"https:\/\/www.africa-press.net\/senegal\/politique\/cinq-candidats-pour-la-presidence-de-la-bad"},"modified":"2025-05-05T22:26:25","modified_gmt":"2025-05-05T22:26:25","slug":"cinq-candidats-pour-la-presidence-de-la-bad","status":"publish","type":"post","link":"https:\/\/www.africa-press.net\/senegal\/economie\/cinq-candidats-pour-la-presidence-de-la-bad","title":{"rendered":"Cinq Candidats pour la Pr\u00e9sidence de la BAD"},"content":{"rendered":"<p><span style=\"color: #ff6600\"><strong>Africa-Press &#8211; Senegal. <\/strong><\/span>Ils seront finalement cinq: une femme et quatre hommes a\u0300 se disputer le poste de pre\u0301sident ou pre\u0301sidente de la Banque africaine de de\u0301veloppement, l&rsquo;un des piliers du financement des infrastructures en Afrique, des autoroutes aux parcs solaires, a\u0300 l&rsquo;issue du deuxie\u0300me mandat du Nige\u0301rian Akinwumi Adesina. Profil rapide des candidats retenus ce vendredi par la BAD, et que les E\u0301tats africains et non africains actionnaires de la banque, devront de\u0301partager en mai prochain.<\/p>\n<p>Seule femme de cette liste de\u0301finitive, la Sud-Africaine Bajabulile Swazi Tshabalala fait partie du se\u0301rail de la BAD. Premie\u0300re vice-pre\u0301sidente, elle a face aux besoins immenses cre\u0301e\u0301s par le changement climatique, e\u0301tendu les capacite\u0301s financie\u0300res de la banque de de\u0301veloppement par une innovation: le capital hybride, me\u0301lange de dette et de fonds propres.<\/p>\n<p>Autre candidat de la continuite\u0301, le Se\u0301ne\u0301galais Amadou Hott est l&rsquo;envoye\u0301 spe\u0301cial du pre\u0301sident de la BAD pour l&rsquo;Alliance verte en Afrique. Mais cet ancien ministre de l&rsquo;E\u0301conomie a un handicap: ce n&rsquo;est pas au tour de l&rsquo;Afrique de l&rsquo;Ouest de fournir un pre\u0301sident a\u0300 la banque.<\/p>\n<p>Les trois autres candidats incarnent la rupture. Le Tchadien Mahamat Abbas Tolli, premier a\u0300 se de\u0301clarer, est soutenu par la CEMAC, la Communaute\u0301 e\u0301conomique et mone\u0301taire d&rsquo;Afrique centrale, malgre\u0301 une fin de mandat de gouverneur de la banque re\u0301gionale, la BEAC, ternie par des proble\u0300mes de gouvernance.<\/p>\n<p>Le Mauritanien Sidi Ould Tah pre\u0301side de la BADEA, la Banque arabe pour le de\u0301veloppement e\u0301conomique en Afrique, dont il a double\u0301 le capital et qui sie\u0300ge provisoirement a\u0300 Riyad au lieu de Khartoum, faciliterait les financements du Golfe a\u0300 la BAD. De bonne source, il a le soutien de la Co\u0302te d&rsquo;Ivoire.<\/p>\n<p>Enfin l&rsquo;e\u0301conomiste zambien Samuel Munzele Maimbo a fait sa carrie\u0300re a\u0300 la Banque mondiale. Plaidant l&rsquo;efficacite\u0301 et l&rsquo;impact, il est malheureusement tre\u0300s peu francophone alors que la majorite\u0301 des employe\u0301s de la BAD, qui sie\u0300ge a\u0300 Abidjan, parlent franc\u0327ais.<\/p>\n<p><strong>Pour plus d&rsquo;informations et d&rsquo;analyses sur la <span style=\"color: #ff6600\">Senegal<\/span>, suivez <span style=\"color: #ff6600\">Africa-Press<\/span><\/strong><\/p>\n","protected":false},"excerpt":{"rendered":"<p>Africa-Press &#8211; Senegal. Ils seront finalement cinq: une femme et quatre hommes a\u0300 se disputer le poste de pre\u0301sident ou pre\u0301sidente de la Banque africaine de de\u0301veloppement, l&rsquo;un des piliers du financement des infrastructures en Afrique, des autoroutes aux parcs solaires, a\u0300 l&rsquo;issue du deuxie\u0300me mandat du Nige\u0301rian Akinwumi Adesina. Profil rapide des candidats retenus [&hellip;]<\/p>\n","protected":false},"author":82,"featured_media":65632,"comment_status":"open","ping_status":"closed","sticky":false,"template":"","format":"standard","meta":{"footnotes":""},"categories":[3,10],"tags":[44],"class_list":["post-65633","post","type-post","status-publish","format-standard","has-post-thumbnail","hentry","category-economie","category-toutes-les-actualites","tag-senegal-2"],"yoast_head":"<!-- This site is optimized with the Yoast SEO Premium plugin v26.1 (Yoast SEO v27.0) - https:\/\/yoast.com\/product\/yoast-seo-premium-wordpress\/ -->\n<title>Cinq Candidats pour la Pr\u00e9sidence de la BAD - Senegal<\/title>\n<meta name=\"description\" content=\"Ils seront finalement cinq: une femme et quatre hommes a\u0300 se disputer le poste de pre\u0301sident ou pre\u0301sidente de la Banque ...\" \/>\n<meta name=\"robots\" content=\"index, follow, max-snippet:-1, max-image-preview:large, max-video-preview:-1\" \/>\n<link rel=\"canonical\" href=\"https:\/\/www.africa-press.net\/senegal\/economie\/cinq-candidats-pour-la-presidence-de-la-bad\" \/>\n<meta property=\"og:locale\" content=\"fr_FR\" \/>\n<meta property=\"og:type\" content=\"article\" \/>\n<meta property=\"og:title\" content=\"Cinq Candidats pour la Pr\u00e9sidence de la BAD\" \/>\n<meta property=\"og:description\" content=\"Ils seront finalement cinq: une femme et quatre hommes a\u0300 se disputer le poste de pre\u0301sident ou pre\u0301sidente de la Banque ...\" \/>\n<meta property=\"og:url\" content=\"https:\/\/www.africa-press.net\/senegal\/economie\/cinq-candidats-pour-la-presidence-de-la-bad\" \/>\n<meta property=\"og:site_name\" content=\"Senegal\" \/>\n<meta property=\"article:published_time\" content=\"2025-02-22T12:38:44+00:00\" \/>\n<meta property=\"article:modified_time\" content=\"2025-05-05T22:26:25+00:00\" \/>\n<meta property=\"og:image\" content=\"https:\/\/static.africa-press.net\/senegal\/sites\/13\/2025\/02\/sm_1740216041.486759.jpg\" \/>\n\t<meta property=\"og:image:width\" content=\"1316\" \/>\n\t<meta property=\"og:image:height\" content=\"742\" \/>\n\t<meta property=\"og:image:type\" content=\"image\/jpeg\" \/>\n<meta name=\"author\" content=\"cfeditorfr\" \/>\n<meta name=\"twitter:card\" content=\"summary_large_image\" \/>\n<meta name=\"twitter:label1\" content=\"\u00c9crit par\" \/>\n\t<meta name=\"twitter:data1\" content=\"cfeditorfr\" \/>\n\t<meta name=\"twitter:label2\" content=\"Dur\u00e9e de lecture estim\u00e9e\" \/>\n\t<meta name=\"twitter:data2\" content=\"2 minutes\" \/>\n<script type=\"application\/ld+json\" class=\"yoast-schema-graph\">{\"@context\":\"https:\/\/schema.org\",\"@graph\":[{\"@type\":\"Article\",\"@id\":\"https:\/\/www.africa-press.net\/senegal\/economie\/cinq-candidats-pour-la-presidence-de-la-bad#article\",\"isPartOf\":{\"@id\":\"https:\/\/www.africa-press.net\/senegal\/economie\/cinq-candidats-pour-la-presidence-de-la-bad\"},\"author\":{\"name\":\"cfeditorfr\",\"@id\":\"https:\/\/www.africa-press.net\/senegal\/#\/schema\/person\/2b1cf3cd81a31e3cd26889ca66d677f1\"},\"headline\":\"Cinq Candidats pour la Pr\u00e9sidence de la BAD\",\"datePublished\":\"2025-02-22T12:38:44+00:00\",\"dateModified\":\"2025-05-05T22:26:25+00:00\",\"mainEntityOfPage\":{\"@id\":\"https:\/\/www.africa-press.net\/senegal\/economie\/cinq-candidats-pour-la-presidence-de-la-bad\"},\"wordCount\":390,\"commentCount\":0,\"image\":{\"@id\":\"https:\/\/www.africa-press.net\/senegal\/economie\/cinq-candidats-pour-la-presidence-de-la-bad#primaryimage\"},\"thumbnailUrl\":\"https:\/\/static.africa-press.net\/senegal\/sites\/13\/2025\/02\/sm_1740216041.486759.jpg\",\"keywords\":[\"Senegal\"],\"articleSection\":[\"\u00c9conomie\",\"Toutes les actualit\u00e9s\"],\"inLanguage\":\"fr-FR\",\"potentialAction\":[{\"@type\":\"CommentAction\",\"name\":\"Comment\",\"target\":[\"https:\/\/www.africa-press.net\/senegal\/economie\/cinq-candidats-pour-la-presidence-de-la-bad#respond\"]}]},{\"@type\":\"WebPage\",\"@id\":\"https:\/\/www.africa-press.net\/senegal\/economie\/cinq-candidats-pour-la-presidence-de-la-bad\",\"url\":\"https:\/\/www.africa-press.net\/senegal\/economie\/cinq-candidats-pour-la-presidence-de-la-bad\",\"name\":\"Cinq Candidats pour la Pr\u00e9sidence de la BAD - Senegal\",\"isPartOf\":{\"@id\":\"https:\/\/www.africa-press.net\/senegal\/#website\"},\"primaryImageOfPage\":{\"@id\":\"https:\/\/www.africa-press.net\/senegal\/economie\/cinq-candidats-pour-la-presidence-de-la-bad#primaryimage\"},\"image\":{\"@id\":\"https:\/\/www.africa-press.net\/senegal\/economie\/cinq-candidats-pour-la-presidence-de-la-bad#primaryimage\"},\"thumbnailUrl\":\"https:\/\/static.africa-press.net\/senegal\/sites\/13\/2025\/02\/sm_1740216041.486759.jpg\",\"datePublished\":\"2025-02-22T12:38:44+00:00\",\"dateModified\":\"2025-05-05T22:26:25+00:00\",\"author\":{\"@id\":\"https:\/\/www.africa-press.net\/senegal\/#\/schema\/person\/2b1cf3cd81a31e3cd26889ca66d677f1\"},\"description\":\"Ils seront finalement cinq: une femme et quatre hommes a\u0300 se disputer le poste de pre\u0301sident ou pre\u0301sidente de la Banque ...\",\"breadcrumb\":{\"@id\":\"https:\/\/www.africa-press.net\/senegal\/economie\/cinq-candidats-pour-la-presidence-de-la-bad#breadcrumb\"},\"inLanguage\":\"fr-FR\",\"potentialAction\":[{\"@type\":\"ReadAction\",\"target\":[\"https:\/\/www.africa-press.net\/senegal\/economie\/cinq-candidats-pour-la-presidence-de-la-bad\"]}]},{\"@type\":\"ImageObject\",\"inLanguage\":\"fr-FR\",\"@id\":\"https:\/\/www.africa-press.net\/senegal\/economie\/cinq-candidats-pour-la-presidence-de-la-bad#primaryimage\",\"url\":\"https:\/\/static.africa-press.net\/senegal\/sites\/13\/2025\/02\/sm_1740216041.486759.jpg\",\"contentUrl\":\"https:\/\/static.africa-press.net\/senegal\/sites\/13\/2025\/02\/sm_1740216041.486759.jpg\",\"width\":1316,\"height\":742,\"caption\":\"Cinq Candidats pour la Pr\u00e9sidence de la BAD\"},{\"@type\":\"BreadcrumbList\",\"@id\":\"https:\/\/www.africa-press.net\/senegal\/economie\/cinq-candidats-pour-la-presidence-de-la-bad#breadcrumb\",\"itemListElement\":[{\"@type\":\"ListItem\",\"position\":1,\"name\":\"Accueil\",\"item\":\"https:\/\/www.africa-press.net\/senegal\/\"},{\"@type\":\"ListItem\",\"position\":2,\"name\":\"Cinq Candidats pour la Pr\u00e9sidence de la BAD\"}]},{\"@type\":\"WebSite\",\"@id\":\"https:\/\/www.africa-press.net\/senegal\/#website\",\"url\":\"https:\/\/www.africa-press.net\/senegal\/\",\"name\":\"Africa Press | Senegal | Homepage\",\"description\":\"Just another Africa News Agency Sites site\",\"potentialAction\":[{\"@type\":\"SearchAction\",\"target\":{\"@type\":\"EntryPoint\",\"urlTemplate\":\"https:\/\/www.africa-press.net\/senegal\/?s={search_term_string}\"},\"query-input\":{\"@type\":\"PropertyValueSpecification\",\"valueRequired\":true,\"valueName\":\"search_term_string\"}}],\"inLanguage\":\"fr-FR\"},{\"@type\":\"Person\",\"@id\":\"https:\/\/www.africa-press.net\/senegal\/#\/schema\/person\/2b1cf3cd81a31e3cd26889ca66d677f1\",\"name\":\"cfeditorfr\",\"url\":\"https:\/\/www.africa-press.net\/senegal\/author\/cfeditorfr\"}]}<\/script>\n<!-- \/ Yoast SEO Premium plugin. -->","yoast_head_json":{"title":"Cinq Candidats pour la Pr\u00e9sidence de la BAD - Senegal","description":"Ils seront finalement cinq: une femme et quatre hommes a\u0300 se disputer le poste de pre\u0301sident ou pre\u0301sidente de la Banque ...","robots":{"index":"index","follow":"follow","max-snippet":"max-snippet:-1","max-image-preview":"max-image-preview:large","max-video-preview":"max-video-preview:-1"},"canonical":"https:\/\/www.africa-press.net\/senegal\/economie\/cinq-candidats-pour-la-presidence-de-la-bad","og_locale":"fr_FR","og_type":"article","og_title":"Cinq Candidats pour la Pr\u00e9sidence de la BAD","og_description":"Ils seront finalement cinq: une femme et quatre hommes a\u0300 se disputer le poste de pre\u0301sident ou pre\u0301sidente de la Banque ...","og_url":"https:\/\/www.africa-press.net\/senegal\/economie\/cinq-candidats-pour-la-presidence-de-la-bad","og_site_name":"Senegal","article_published_time":"2025-02-22T12:38:44+00:00","article_modified_time":"2025-05-05T22:26:25+00:00","og_image":[{"width":1316,"height":742,"url":"https:\/\/static.africa-press.net\/senegal\/sites\/13\/2025\/02\/sm_1740216041.486759.jpg","type":"image\/jpeg"}],"author":"cfeditorfr","twitter_card":"summary_large_image","twitter_misc":{"\u00c9crit par":"cfeditorfr","Dur\u00e9e de lecture estim\u00e9e":"2 minutes"},"schema":{"@context":"https:\/\/schema.org","@graph":[{"@type":"Article","@id":"https:\/\/www.africa-press.net\/senegal\/economie\/cinq-candidats-pour-la-presidence-de-la-bad#article","isPartOf":{"@id":"https:\/\/www.africa-press.net\/senegal\/economie\/cinq-candidats-pour-la-presidence-de-la-bad"},"author":{"name":"cfeditorfr","@id":"https:\/\/www.africa-press.net\/senegal\/#\/schema\/person\/2b1cf3cd81a31e3cd26889ca66d677f1"},"headline":"Cinq Candidats pour la Pr\u00e9sidence de la BAD","datePublished":"2025-02-22T12:38:44+00:00","dateModified":"2025-05-05T22:26:25+00:00","mainEntityOfPage":{"@id":"https:\/\/www.africa-press.net\/senegal\/economie\/cinq-candidats-pour-la-presidence-de-la-bad"},"wordCount":390,"commentCount":0,"image":{"@id":"https:\/\/www.africa-press.net\/senegal\/economie\/cinq-candidats-pour-la-presidence-de-la-bad#primaryimage"},"thumbnailUrl":"https:\/\/static.africa-press.net\/senegal\/sites\/13\/2025\/02\/sm_1740216041.486759.jpg","keywords":["Senegal"],"articleSection":["\u00c9conomie","Toutes les actualit\u00e9s"],"inLanguage":"fr-FR","potentialAction":[{"@type":"CommentAction","name":"Comment","target":["https:\/\/www.africa-press.net\/senegal\/economie\/cinq-candidats-pour-la-presidence-de-la-bad#respond"]}]},{"@type":"WebPage","@id":"https:\/\/www.africa-press.net\/senegal\/economie\/cinq-candidats-pour-la-presidence-de-la-bad","url":"https:\/\/www.africa-press.net\/senegal\/economie\/cinq-candidats-pour-la-presidence-de-la-bad","name":"Cinq Candidats pour la Pr\u00e9sidence de la BAD - Senegal","isPartOf":{"@id":"https:\/\/www.africa-press.net\/senegal\/#website"},"primaryImageOfPage":{"@id":"https:\/\/www.africa-press.net\/senegal\/economie\/cinq-candidats-pour-la-presidence-de-la-bad#primaryimage"},"image":{"@id":"https:\/\/www.africa-press.net\/senegal\/economie\/cinq-candidats-pour-la-presidence-de-la-bad#primaryimage"},"thumbnailUrl":"https:\/\/static.africa-press.net\/senegal\/sites\/13\/2025\/02\/sm_1740216041.486759.jpg","datePublished":"2025-02-22T12:38:44+00:00","dateModified":"2025-05-05T22:26:25+00:00","author":{"@id":"https:\/\/www.africa-press.net\/senegal\/#\/schema\/person\/2b1cf3cd81a31e3cd26889ca66d677f1"},"description":"Ils seront finalement cinq: une femme et quatre hommes a\u0300 se disputer le poste de pre\u0301sident ou pre\u0301sidente de la Banque ...","breadcrumb":{"@id":"https:\/\/www.africa-press.net\/senegal\/economie\/cinq-candidats-pour-la-presidence-de-la-bad#breadcrumb"},"inLanguage":"fr-FR","potentialAction":[{"@type":"ReadAction","target":["https:\/\/www.africa-press.net\/senegal\/economie\/cinq-candidats-pour-la-presidence-de-la-bad"]}]},{"@type":"ImageObject","inLanguage":"fr-FR","@id":"https:\/\/www.africa-press.net\/senegal\/economie\/cinq-candidats-pour-la-presidence-de-la-bad#primaryimage","url":"https:\/\/static.africa-press.net\/senegal\/sites\/13\/2025\/02\/sm_1740216041.486759.jpg","contentUrl":"https:\/\/static.africa-press.net\/senegal\/sites\/13\/2025\/02\/sm_1740216041.486759.jpg","width":1316,"height":742,"caption":"Cinq Candidats pour la Pr\u00e9sidence de la BAD"},{"@type":"BreadcrumbList","@id":"https:\/\/www.africa-press.net\/senegal\/economie\/cinq-candidats-pour-la-presidence-de-la-bad#breadcrumb","itemListElement":[{"@type":"ListItem","position":1,"name":"Accueil","item":"https:\/\/www.africa-press.net\/senegal\/"},{"@type":"ListItem","position":2,"name":"Cinq Candidats pour la Pr\u00e9sidence de la BAD"}]},{"@type":"WebSite","@id":"https:\/\/www.africa-press.net\/senegal\/#website","url":"https:\/\/www.africa-press.net\/senegal\/","name":"Africa Press | Senegal | Homepage","description":"Just another Africa News Agency Sites site","potentialAction":[{"@type":"SearchAction","target":{"@type":"EntryPoint","urlTemplate":"https:\/\/www.africa-press.net\/senegal\/?s={search_term_string}"},"query-input":{"@type":"PropertyValueSpecification","valueRequired":true,"valueName":"search_term_string"}}],"inLanguage":"fr-FR"},{"@type":"Person","@id":"https:\/\/www.africa-press.net\/senegal\/#\/schema\/person\/2b1cf3cd81a31e3cd26889ca66d677f1","name":"cfeditorfr","url":"https:\/\/www.africa-press.net\/senegal\/author\/cfeditorfr"}]}},"_links":{"self":[{"href":"https:\/\/www.africa-press.net\/senegal\/wp-json\/wp\/v2\/posts\/65633","targetHints":{"allow":["GET"]}}],"collection":[{"href":"https:\/\/www.africa-press.net\/senegal\/wp-json\/wp\/v2\/posts"}],"about":[{"href":"https:\/\/www.africa-press.net\/senegal\/wp-json\/wp\/v2\/types\/post"}],"author":[{"embeddable":true,"href":"https:\/\/www.africa-press.net\/senegal\/wp-json\/wp\/v2\/users\/82"}],"replies":[{"embeddable":true,"href":"https:\/\/www.africa-press.net\/senegal\/wp-json\/wp\/v2\/comments?post=65633"}],"version-history":[{"count":0,"href":"https:\/\/www.africa-press.net\/senegal\/wp-json\/wp\/v2\/posts\/65633\/revisions"}],"wp:featuredmedia":[{"embeddable":true,"href":"https:\/\/www.africa-press.net\/senegal\/wp-json\/wp\/v2\/media\/65632"}],"wp:attachment":[{"href":"https:\/\/www.africa-press.net\/senegal\/wp-json\/wp\/v2\/media?parent=65633"}],"wp:term":[{"taxonomy":"category","embeddable":true,"href":"https:\/\/www.africa-press.net\/senegal\/wp-json\/wp\/v2\/categories?post=65633"},{"taxonomy":"post_tag","embeddable":true,"href":"https:\/\/www.africa-press.net\/senegal\/wp-json\/wp\/v2\/tags?post=65633"}],"curies":[{"name":"wp","href":"https:\/\/api.w.org\/{rel}","templated":true}]}}