{"id":65635,"date":"2025-02-22T12:40:35","date_gmt":"2025-02-22T12:40:35","guid":{"rendered":"https:\/\/www.africa-press.net\/senegal\/politique\/diversite-linguistique-et-multilinguisme-pour-le-developpement-durable"},"modified":"2025-05-05T22:28:28","modified_gmt":"2025-05-05T22:28:28","slug":"diversite-linguistique-et-multilinguisme-pour-le-developpement-durable","status":"publish","type":"post","link":"https:\/\/www.africa-press.net\/senegal\/culture-et-art\/diversite-linguistique-et-multilinguisme-pour-le-developpement-durable","title":{"rendered":"Diversit\u00e9 Linguistique et Multilinguisme pour le D\u00e9veloppement Durable"},"content":{"rendered":"<p><span style=\"color: #ff6600\"><strong>Africa-Press &#8211; Senegal. <\/strong><\/span>Ce 21 fe\u0301vrier, le monde ce\u0301le\u0300bre la Journe\u0301e internationale de la langue maternelle. L\u2019e\u0301dition de cette anne\u0301e coi\u0308ncide avec le 25e\u0300meanniversaire qui marque un quart de sie\u0300cle d\u2019efforts pour pre\u0301server la diversite\u0301 linguistique, indique l\u2019UNESCO.<\/p>\n<p>En effet, cette journe\u0301e permet de promouvoir l\u2019utilisation des langues maternelles surtout au niveau de l\u2019e\u0301ducation, afin de faciliter la compre\u0301hension des e\u0301coliers de\u0300s le bas a\u0302ge. C\u2019est dans cette perspective que l\u2019UNESCO assure qu\u2019elle constitue une occasion importante de re\u0301fle\u0301chir aux re\u0301alisations, de renouveler les engagements et de souligner le ro\u0302le essentiel de la pre\u0301servation des langues dans la sauvegarde du patrimoine culturel. A cela s\u2019ajoute l&rsquo;ame\u0301lioration des re\u0301sultats de l&rsquo;e\u0301ducation et la cre\u0301ation de socie\u0301te\u0301s plus pacifiques et plus durables.<\/p>\n<p>De\u0300s lors, cette journe\u0301e est l\u2019occasion pour l\u2019organisme international de re\u0301affirmer son engagement en faveur de la diversite\u0301 linguistique et invite les E\u0301tats membres a\u0300 ce\u0301le\u0301brer la journe\u0301e dans autant de langues que possible afin de rappeler que la diversite\u0301 linguistique et le multilinguisme sont essentiels pour le de\u0301veloppement durable.<\/p>\n<p>Il faut noter que les langues sont essentielles a\u0300 l&rsquo;e\u0301ducation et au de\u0301veloppement durable, car, selon l\u2019Organisation des Nations Unies, elles constituent le principal moyen de transmission des connaissances et de pre\u0301servation des cultures.<\/p>\n<p>A l\u2019en croire, il existe aujourd&rsquo;hui environ 8 324 langues dans le monde, mais nombre d&rsquo;entre elles risquent de disparai\u0302tre en raison de la mondialisation et des changements socie\u0301taux.<\/p>\n<p>Par conse\u0301quent, les priorite\u0301s de l\u2019ONU re\u0301sident dans le fait de \u00ab veiller a\u0300 ce que les syste\u0300mes e\u0301ducatifs soutiennent le droit d&rsquo;apprendre dans sa langue maternelle, ce qui est essentiel pour ame\u0301liorer les re\u0301sultats de l&rsquo;apprentissage, car les e\u0301le\u0300ves qui rec\u0327oivent un enseignement dans une langue qu&rsquo;ils comprennent parfaitement font preuve d&rsquo;une meilleure compre\u0301hension, d&rsquo;un plus grand engagement et d&rsquo;une meilleure capacite\u0301 de re\u0301flexion critique \u00bb.<\/p>\n<p>D\u2019apre\u0300s la me\u0302me source, l&rsquo;e\u0301ducation multilingue, en particulier pour les langues minoritaires et autochtones, aide non seulement les apprenants, mais favorise e\u0301galement un lien plus profond entre l&rsquo;e\u0301ducation et la culture, contribuant ainsi a\u0300 des socie\u0301te\u0301s plus inclusives et plus e\u0301quitables.<\/p>\n<p>Toutefois, il faut ainsi noter qu\u2019il est crucial de mettre en \u0153uvre des actions concre\u0300tes afin d&rsquo;acce\u0301le\u0301rer les progre\u0300s en matie\u0300re de diversite\u0301 linguistique, dans le but de construire un monde plus inclusif et durable d&rsquo;ici 2030.<\/p>\n<p><strong>Pour plus d&rsquo;informations et d&rsquo;analyses sur la <span style=\"color: #ff6600\">Senegal<\/span>, suivez <span style=\"color: #ff6600\">Africa-Press<\/span><\/strong><\/p>\n","protected":false},"excerpt":{"rendered":"<p>Africa-Press &#8211; Senegal. Ce 21 fe\u0301vrier, le monde ce\u0301le\u0300bre la Journe\u0301e internationale de la langue maternelle. L\u2019e\u0301dition de cette anne\u0301e coi\u0308ncide avec le 25e\u0300meanniversaire qui marque un quart de sie\u0300cle d\u2019efforts pour pre\u0301server la diversite\u0301 linguistique, indique l\u2019UNESCO. En effet, cette journe\u0301e permet de promouvoir l\u2019utilisation des langues maternelles surtout au niveau de l\u2019e\u0301ducation, afin [&hellip;]<\/p>\n","protected":false},"author":82,"featured_media":65634,"comment_status":"open","ping_status":"closed","sticky":false,"template":"","format":"standard","meta":{"footnotes":""},"categories":[5,10],"tags":[44],"class_list":["post-65635","post","type-post","status-publish","format-standard","has-post-thumbnail","hentry","category-culture-et-art","category-toutes-les-actualites","tag-senegal-2"],"yoast_head":"<!-- This site is optimized with the Yoast SEO Premium plugin v26.1 (Yoast SEO v27.0) - https:\/\/yoast.com\/product\/yoast-seo-premium-wordpress\/ -->\n<title>Diversit\u00e9 Linguistique et Multilinguisme pour le D\u00e9veloppement Durable - Senegal<\/title>\n<meta name=\"description\" content=\"Ce 21 fe\u0301vrier, le monde ce\u0301le\u0300bre la Journe\u0301e internationale de la langue maternelle. L\u2019e\u0301dition de cette anne\u0301e coi\u0308nc ...\" \/>\n<meta name=\"robots\" content=\"index, follow, max-snippet:-1, max-image-preview:large, max-video-preview:-1\" \/>\n<link rel=\"canonical\" href=\"https:\/\/www.africa-press.net\/senegal\/culture-et-art\/diversite-linguistique-et-multilinguisme-pour-le-developpement-durable\" \/>\n<meta property=\"og:locale\" content=\"fr_FR\" \/>\n<meta property=\"og:type\" content=\"article\" \/>\n<meta property=\"og:title\" content=\"Diversit\u00e9 Linguistique et Multilinguisme pour le D\u00e9veloppement Durable\" \/>\n<meta property=\"og:description\" content=\"Ce 21 fe\u0301vrier, le monde ce\u0301le\u0300bre la Journe\u0301e internationale de la langue maternelle. L\u2019e\u0301dition de cette anne\u0301e coi\u0308nc ...\" \/>\n<meta property=\"og:url\" content=\"https:\/\/www.africa-press.net\/senegal\/culture-et-art\/diversite-linguistique-et-multilinguisme-pour-le-developpement-durable\" \/>\n<meta property=\"og:site_name\" content=\"Senegal\" \/>\n<meta property=\"article:published_time\" content=\"2025-02-22T12:40:35+00:00\" \/>\n<meta property=\"article:modified_time\" content=\"2025-05-05T22:28:28+00:00\" \/>\n<meta property=\"og:image\" content=\"https:\/\/static.africa-press.net\/senegal\/sites\/13\/2025\/02\/sm_1740216135.812434.jpg\" \/>\n\t<meta property=\"og:image:width\" content=\"1090\" \/>\n\t<meta property=\"og:image:height\" content=\"668\" \/>\n\t<meta property=\"og:image:type\" content=\"image\/jpeg\" \/>\n<meta name=\"author\" content=\"cfeditorfr\" \/>\n<meta name=\"twitter:card\" content=\"summary_large_image\" \/>\n<meta name=\"twitter:label1\" content=\"\u00c9crit par\" \/>\n\t<meta name=\"twitter:data1\" content=\"cfeditorfr\" \/>\n\t<meta name=\"twitter:label2\" content=\"Dur\u00e9e de lecture estim\u00e9e\" \/>\n\t<meta name=\"twitter:data2\" content=\"2 minutes\" \/>\n<script type=\"application\/ld+json\" class=\"yoast-schema-graph\">{\"@context\":\"https:\/\/schema.org\",\"@graph\":[{\"@type\":\"Article\",\"@id\":\"https:\/\/www.africa-press.net\/senegal\/culture-et-art\/diversite-linguistique-et-multilinguisme-pour-le-developpement-durable#article\",\"isPartOf\":{\"@id\":\"https:\/\/www.africa-press.net\/senegal\/culture-et-art\/diversite-linguistique-et-multilinguisme-pour-le-developpement-durable\"},\"author\":{\"name\":\"cfeditorfr\",\"@id\":\"https:\/\/www.africa-press.net\/senegal\/#\/schema\/person\/2b1cf3cd81a31e3cd26889ca66d677f1\"},\"headline\":\"Diversit\u00e9 Linguistique et Multilinguisme pour le D\u00e9veloppement Durable\",\"datePublished\":\"2025-02-22T12:40:35+00:00\",\"dateModified\":\"2025-05-05T22:28:28+00:00\",\"mainEntityOfPage\":{\"@id\":\"https:\/\/www.africa-press.net\/senegal\/culture-et-art\/diversite-linguistique-et-multilinguisme-pour-le-developpement-durable\"},\"wordCount\":489,\"commentCount\":0,\"image\":{\"@id\":\"https:\/\/www.africa-press.net\/senegal\/culture-et-art\/diversite-linguistique-et-multilinguisme-pour-le-developpement-durable#primaryimage\"},\"thumbnailUrl\":\"https:\/\/static.africa-press.net\/senegal\/sites\/13\/2025\/02\/sm_1740216135.812434.jpg\",\"keywords\":[\"Senegal\"],\"articleSection\":[\"Culture et Art\",\"Toutes les actualit\u00e9s\"],\"inLanguage\":\"fr-FR\",\"potentialAction\":[{\"@type\":\"CommentAction\",\"name\":\"Comment\",\"target\":[\"https:\/\/www.africa-press.net\/senegal\/culture-et-art\/diversite-linguistique-et-multilinguisme-pour-le-developpement-durable#respond\"]}]},{\"@type\":\"WebPage\",\"@id\":\"https:\/\/www.africa-press.net\/senegal\/culture-et-art\/diversite-linguistique-et-multilinguisme-pour-le-developpement-durable\",\"url\":\"https:\/\/www.africa-press.net\/senegal\/culture-et-art\/diversite-linguistique-et-multilinguisme-pour-le-developpement-durable\",\"name\":\"Diversit\u00e9 Linguistique et Multilinguisme pour le D\u00e9veloppement Durable - Senegal\",\"isPartOf\":{\"@id\":\"https:\/\/www.africa-press.net\/senegal\/#website\"},\"primaryImageOfPage\":{\"@id\":\"https:\/\/www.africa-press.net\/senegal\/culture-et-art\/diversite-linguistique-et-multilinguisme-pour-le-developpement-durable#primaryimage\"},\"image\":{\"@id\":\"https:\/\/www.africa-press.net\/senegal\/culture-et-art\/diversite-linguistique-et-multilinguisme-pour-le-developpement-durable#primaryimage\"},\"thumbnailUrl\":\"https:\/\/static.africa-press.net\/senegal\/sites\/13\/2025\/02\/sm_1740216135.812434.jpg\",\"datePublished\":\"2025-02-22T12:40:35+00:00\",\"dateModified\":\"2025-05-05T22:28:28+00:00\",\"author\":{\"@id\":\"https:\/\/www.africa-press.net\/senegal\/#\/schema\/person\/2b1cf3cd81a31e3cd26889ca66d677f1\"},\"description\":\"Ce 21 fe\u0301vrier, le monde ce\u0301le\u0300bre la Journe\u0301e internationale de la langue maternelle. L\u2019e\u0301dition de cette anne\u0301e coi\u0308nc ...\",\"breadcrumb\":{\"@id\":\"https:\/\/www.africa-press.net\/senegal\/culture-et-art\/diversite-linguistique-et-multilinguisme-pour-le-developpement-durable#breadcrumb\"},\"inLanguage\":\"fr-FR\",\"potentialAction\":[{\"@type\":\"ReadAction\",\"target\":[\"https:\/\/www.africa-press.net\/senegal\/culture-et-art\/diversite-linguistique-et-multilinguisme-pour-le-developpement-durable\"]}]},{\"@type\":\"ImageObject\",\"inLanguage\":\"fr-FR\",\"@id\":\"https:\/\/www.africa-press.net\/senegal\/culture-et-art\/diversite-linguistique-et-multilinguisme-pour-le-developpement-durable#primaryimage\",\"url\":\"https:\/\/static.africa-press.net\/senegal\/sites\/13\/2025\/02\/sm_1740216135.812434.jpg\",\"contentUrl\":\"https:\/\/static.africa-press.net\/senegal\/sites\/13\/2025\/02\/sm_1740216135.812434.jpg\",\"width\":1090,\"height\":668,\"caption\":\"Diversit\u00e9 Linguistique et Multilinguisme pour le D\u00e9veloppement Durable\"},{\"@type\":\"BreadcrumbList\",\"@id\":\"https:\/\/www.africa-press.net\/senegal\/culture-et-art\/diversite-linguistique-et-multilinguisme-pour-le-developpement-durable#breadcrumb\",\"itemListElement\":[{\"@type\":\"ListItem\",\"position\":1,\"name\":\"Accueil\",\"item\":\"https:\/\/www.africa-press.net\/senegal\/\"},{\"@type\":\"ListItem\",\"position\":2,\"name\":\"Diversit\u00e9 Linguistique et Multilinguisme pour le D\u00e9veloppement Durable\"}]},{\"@type\":\"WebSite\",\"@id\":\"https:\/\/www.africa-press.net\/senegal\/#website\",\"url\":\"https:\/\/www.africa-press.net\/senegal\/\",\"name\":\"Africa Press | Senegal | Homepage\",\"description\":\"Just another Africa News Agency Sites site\",\"potentialAction\":[{\"@type\":\"SearchAction\",\"target\":{\"@type\":\"EntryPoint\",\"urlTemplate\":\"https:\/\/www.africa-press.net\/senegal\/?s={search_term_string}\"},\"query-input\":{\"@type\":\"PropertyValueSpecification\",\"valueRequired\":true,\"valueName\":\"search_term_string\"}}],\"inLanguage\":\"fr-FR\"},{\"@type\":\"Person\",\"@id\":\"https:\/\/www.africa-press.net\/senegal\/#\/schema\/person\/2b1cf3cd81a31e3cd26889ca66d677f1\",\"name\":\"cfeditorfr\",\"url\":\"https:\/\/www.africa-press.net\/senegal\/author\/cfeditorfr\"}]}<\/script>\n<!-- \/ Yoast SEO Premium plugin. -->","yoast_head_json":{"title":"Diversit\u00e9 Linguistique et Multilinguisme pour le D\u00e9veloppement Durable - Senegal","description":"Ce 21 fe\u0301vrier, le monde ce\u0301le\u0300bre la Journe\u0301e internationale de la langue maternelle. L\u2019e\u0301dition de cette anne\u0301e coi\u0308nc ...","robots":{"index":"index","follow":"follow","max-snippet":"max-snippet:-1","max-image-preview":"max-image-preview:large","max-video-preview":"max-video-preview:-1"},"canonical":"https:\/\/www.africa-press.net\/senegal\/culture-et-art\/diversite-linguistique-et-multilinguisme-pour-le-developpement-durable","og_locale":"fr_FR","og_type":"article","og_title":"Diversit\u00e9 Linguistique et Multilinguisme pour le D\u00e9veloppement Durable","og_description":"Ce 21 fe\u0301vrier, le monde ce\u0301le\u0300bre la Journe\u0301e internationale de la langue maternelle. L\u2019e\u0301dition de cette anne\u0301e coi\u0308nc ...","og_url":"https:\/\/www.africa-press.net\/senegal\/culture-et-art\/diversite-linguistique-et-multilinguisme-pour-le-developpement-durable","og_site_name":"Senegal","article_published_time":"2025-02-22T12:40:35+00:00","article_modified_time":"2025-05-05T22:28:28+00:00","og_image":[{"width":1090,"height":668,"url":"https:\/\/static.africa-press.net\/senegal\/sites\/13\/2025\/02\/sm_1740216135.812434.jpg","type":"image\/jpeg"}],"author":"cfeditorfr","twitter_card":"summary_large_image","twitter_misc":{"\u00c9crit par":"cfeditorfr","Dur\u00e9e de lecture estim\u00e9e":"2 minutes"},"schema":{"@context":"https:\/\/schema.org","@graph":[{"@type":"Article","@id":"https:\/\/www.africa-press.net\/senegal\/culture-et-art\/diversite-linguistique-et-multilinguisme-pour-le-developpement-durable#article","isPartOf":{"@id":"https:\/\/www.africa-press.net\/senegal\/culture-et-art\/diversite-linguistique-et-multilinguisme-pour-le-developpement-durable"},"author":{"name":"cfeditorfr","@id":"https:\/\/www.africa-press.net\/senegal\/#\/schema\/person\/2b1cf3cd81a31e3cd26889ca66d677f1"},"headline":"Diversit\u00e9 Linguistique et Multilinguisme pour le D\u00e9veloppement Durable","datePublished":"2025-02-22T12:40:35+00:00","dateModified":"2025-05-05T22:28:28+00:00","mainEntityOfPage":{"@id":"https:\/\/www.africa-press.net\/senegal\/culture-et-art\/diversite-linguistique-et-multilinguisme-pour-le-developpement-durable"},"wordCount":489,"commentCount":0,"image":{"@id":"https:\/\/www.africa-press.net\/senegal\/culture-et-art\/diversite-linguistique-et-multilinguisme-pour-le-developpement-durable#primaryimage"},"thumbnailUrl":"https:\/\/static.africa-press.net\/senegal\/sites\/13\/2025\/02\/sm_1740216135.812434.jpg","keywords":["Senegal"],"articleSection":["Culture et Art","Toutes les actualit\u00e9s"],"inLanguage":"fr-FR","potentialAction":[{"@type":"CommentAction","name":"Comment","target":["https:\/\/www.africa-press.net\/senegal\/culture-et-art\/diversite-linguistique-et-multilinguisme-pour-le-developpement-durable#respond"]}]},{"@type":"WebPage","@id":"https:\/\/www.africa-press.net\/senegal\/culture-et-art\/diversite-linguistique-et-multilinguisme-pour-le-developpement-durable","url":"https:\/\/www.africa-press.net\/senegal\/culture-et-art\/diversite-linguistique-et-multilinguisme-pour-le-developpement-durable","name":"Diversit\u00e9 Linguistique et Multilinguisme pour le D\u00e9veloppement Durable - Senegal","isPartOf":{"@id":"https:\/\/www.africa-press.net\/senegal\/#website"},"primaryImageOfPage":{"@id":"https:\/\/www.africa-press.net\/senegal\/culture-et-art\/diversite-linguistique-et-multilinguisme-pour-le-developpement-durable#primaryimage"},"image":{"@id":"https:\/\/www.africa-press.net\/senegal\/culture-et-art\/diversite-linguistique-et-multilinguisme-pour-le-developpement-durable#primaryimage"},"thumbnailUrl":"https:\/\/static.africa-press.net\/senegal\/sites\/13\/2025\/02\/sm_1740216135.812434.jpg","datePublished":"2025-02-22T12:40:35+00:00","dateModified":"2025-05-05T22:28:28+00:00","author":{"@id":"https:\/\/www.africa-press.net\/senegal\/#\/schema\/person\/2b1cf3cd81a31e3cd26889ca66d677f1"},"description":"Ce 21 fe\u0301vrier, le monde ce\u0301le\u0300bre la Journe\u0301e internationale de la langue maternelle. L\u2019e\u0301dition de cette anne\u0301e coi\u0308nc ...","breadcrumb":{"@id":"https:\/\/www.africa-press.net\/senegal\/culture-et-art\/diversite-linguistique-et-multilinguisme-pour-le-developpement-durable#breadcrumb"},"inLanguage":"fr-FR","potentialAction":[{"@type":"ReadAction","target":["https:\/\/www.africa-press.net\/senegal\/culture-et-art\/diversite-linguistique-et-multilinguisme-pour-le-developpement-durable"]}]},{"@type":"ImageObject","inLanguage":"fr-FR","@id":"https:\/\/www.africa-press.net\/senegal\/culture-et-art\/diversite-linguistique-et-multilinguisme-pour-le-developpement-durable#primaryimage","url":"https:\/\/static.africa-press.net\/senegal\/sites\/13\/2025\/02\/sm_1740216135.812434.jpg","contentUrl":"https:\/\/static.africa-press.net\/senegal\/sites\/13\/2025\/02\/sm_1740216135.812434.jpg","width":1090,"height":668,"caption":"Diversit\u00e9 Linguistique et Multilinguisme pour le D\u00e9veloppement Durable"},{"@type":"BreadcrumbList","@id":"https:\/\/www.africa-press.net\/senegal\/culture-et-art\/diversite-linguistique-et-multilinguisme-pour-le-developpement-durable#breadcrumb","itemListElement":[{"@type":"ListItem","position":1,"name":"Accueil","item":"https:\/\/www.africa-press.net\/senegal\/"},{"@type":"ListItem","position":2,"name":"Diversit\u00e9 Linguistique et Multilinguisme pour le D\u00e9veloppement Durable"}]},{"@type":"WebSite","@id":"https:\/\/www.africa-press.net\/senegal\/#website","url":"https:\/\/www.africa-press.net\/senegal\/","name":"Africa Press | Senegal | Homepage","description":"Just another Africa News Agency Sites site","potentialAction":[{"@type":"SearchAction","target":{"@type":"EntryPoint","urlTemplate":"https:\/\/www.africa-press.net\/senegal\/?s={search_term_string}"},"query-input":{"@type":"PropertyValueSpecification","valueRequired":true,"valueName":"search_term_string"}}],"inLanguage":"fr-FR"},{"@type":"Person","@id":"https:\/\/www.africa-press.net\/senegal\/#\/schema\/person\/2b1cf3cd81a31e3cd26889ca66d677f1","name":"cfeditorfr","url":"https:\/\/www.africa-press.net\/senegal\/author\/cfeditorfr"}]}},"_links":{"self":[{"href":"https:\/\/www.africa-press.net\/senegal\/wp-json\/wp\/v2\/posts\/65635","targetHints":{"allow":["GET"]}}],"collection":[{"href":"https:\/\/www.africa-press.net\/senegal\/wp-json\/wp\/v2\/posts"}],"about":[{"href":"https:\/\/www.africa-press.net\/senegal\/wp-json\/wp\/v2\/types\/post"}],"author":[{"embeddable":true,"href":"https:\/\/www.africa-press.net\/senegal\/wp-json\/wp\/v2\/users\/82"}],"replies":[{"embeddable":true,"href":"https:\/\/www.africa-press.net\/senegal\/wp-json\/wp\/v2\/comments?post=65635"}],"version-history":[{"count":0,"href":"https:\/\/www.africa-press.net\/senegal\/wp-json\/wp\/v2\/posts\/65635\/revisions"}],"wp:featuredmedia":[{"embeddable":true,"href":"https:\/\/www.africa-press.net\/senegal\/wp-json\/wp\/v2\/media\/65634"}],"wp:attachment":[{"href":"https:\/\/www.africa-press.net\/senegal\/wp-json\/wp\/v2\/media?parent=65635"}],"wp:term":[{"taxonomy":"category","embeddable":true,"href":"https:\/\/www.africa-press.net\/senegal\/wp-json\/wp\/v2\/categories?post=65635"},{"taxonomy":"post_tag","embeddable":true,"href":"https:\/\/www.africa-press.net\/senegal\/wp-json\/wp\/v2\/tags?post=65635"}],"curies":[{"name":"wp","href":"https:\/\/api.w.org\/{rel}","templated":true}]}}