{"id":65637,"date":"2025-02-21T12:42:55","date_gmt":"2025-02-21T12:42:55","guid":{"rendered":"https:\/\/www.africa-press.net\/senegal\/politique\/ibrahim-traore-capitaine-influent-du-burkina-faso"},"modified":"2025-05-05T22:30:36","modified_gmt":"2025-05-05T22:30:36","slug":"ibrahim-traore-capitaine-influent-du-burkina-faso","status":"publish","type":"post","link":"https:\/\/www.africa-press.net\/senegal\/dossiers\/ibrahim-traore-capitaine-influent-du-burkina-faso","title":{"rendered":"Ibrahim Traor\u00e9 : Capitaine Influent du Burkina Faso"},"content":{"rendered":"<p><b>Daniel Eizenga<\/b><\/p>\n<p><span style=\"color: #ff6600\"><strong>Africa-Press &#8211; Senegal. <\/strong><\/span>Le capitaine Ibrahim Traore\u0301 est l&rsquo;actuel dirigeant de la transition du Burkina Faso. Il a pris le pouvoir apre\u0300s avoir renverse\u0301 par un coup d&rsquo;E\u0301tat le lieutenant-colonel Paul Henri Damiba en septembre 2022. Le capitaine, a\u0302ge\u0301 de 37 ans, avait soutenu Damiba, son commandant, lors d\u2019un putsch contre l\u2019ex-pre\u0301sident Roch Marc Christian Kabore\u0301.<\/p>\n<p>Depuis que Traore\u0301 est au pouvoir, le Burkina Faso a joue\u0301 un ro\u0302le cle\u0301 dans le retrait de trois E\u0301tats d&rsquo;Afrique de l&rsquo;Ouest de l&rsquo;organisme re\u0301gional, la Cedeao. Le Burkina Faso, le Niger et le Mali ont cre\u0301e\u0301 une organisation alternative, l&rsquo;Alliance des E\u0301tats du Sahel. The Conversation Africa s&rsquo;est entretenu avec le chercheur Daniel Eizenga pour analyser la direction que prend le pays sous la gouvernance de Traore\u0301.<\/p>\n<p><b>Qui est Ibrahim Traore\u0301 ?<\/b><\/p>\n<p>Traore\u0301 est ne\u0301 en 1988 a\u0300 Bondokuy, une petite ville situe\u0301e sur la route reliant la deuxie\u0300me ville du Burkina Faso, Bobo Dioulasso, a\u0300 la quatrie\u0300me, Ouahigouya. Il a termine\u0301 ses e\u0301tudes secondaires a\u0300 Bobo Dioulasso, puis s&rsquo;est installe\u0301 dans la capitale du pays, ou\u0300 il a e\u0301tudie\u0301 a\u0300 l&rsquo;universite\u0301 de Ouagadougou.<\/p>\n<p>Apre\u0300s avoir termine\u0301 ses e\u0301tudes de premier cycle, Traore\u0301 s&rsquo;est engage\u0301 dans l&rsquo;arme\u0301e en 2010 a\u0300 l&rsquo;a\u0302ge de 22 ans. Il a suivi sa formation d&rsquo;officier a\u0300 Po\u0302, a\u0300 l&rsquo;Acade\u0301mie militaire Georges Namoano, une e\u0301cole d&rsquo;officiers des forces arme\u0301es burkinabe\u0300. Il a obtenu son diplo\u0302me de sous-lieutenant en 2012 et a servi comme soldat de la paix dans la Mission multidimensionnelle inte\u0301gre\u0301e des Nations unies pour la stabilisation au Mali (Minusma) apre\u0300s avoir e\u0301te\u0301 promu lieutenant en 2014.<\/p>\n<p>Apre\u0300s son passage a\u0300 la Minusma, Traore\u0301 a participe\u0301 a\u0300 des missions dans le nord du Burkina Faso au sein d&rsquo;une unite\u0301 spe\u0301ciale de lutte contre le terrorisme. Il a e\u0301te\u0301 promu capitaine en 2020 a\u0300 l&rsquo;a\u0302ge de 32 ans.<\/p>\n<p>Damiba a mene\u0301 un coup d&rsquo;E\u0301tat contre Kabore\u0301 en janvier 2022. Il a ensuite nomme\u0301 Traore\u0301 chef d&rsquo;un re\u0301giment d&rsquo;artillerie dans la re\u0301gion Centre-Nord du Burkina Faso.<\/p>\n<p>Alors qu&rsquo;il devenait manifeste que Damiba perdait en popularite\u0301 au sein de la junte, Traore\u0301 et un groupe d&rsquo;officiers subalternes ont organise\u0301 un coup d&rsquo;E\u0301tat. Ils ont profite\u0301 d&rsquo;une indignation ge\u0301ne\u0301rale suscite\u0301e par une embuscade qui a cou\u0302te\u0301 la vie a\u0300 11 soldats et plusieurs dizaines de civils.<\/p>\n<p><b>Comment re\u0301agit-on a\u0300 son re\u0301gime au Burkina Faso ?<\/b><\/p>\n<p>Selon certains me\u0301dias, le jeune capitaine et sa junte be\u0301ne\u0301ficieraient d&rsquo;un large soutien populaire dans tout le pays. Certains ont me\u0302me e\u0301tabli des comparaisons entre Traore\u0301 et le pre\u0301ce\u0301dent chef militaire re\u0301volutionnaire de gauche du Burkina Faso, le capitaine Thomas Sankara. Il est vrai que les deux capitaines ont pris le pouvoir a\u0300 l&rsquo;a\u0302ge de 34 ans. Mais les comparaisons s&rsquo;arre\u0302tent a\u0300 leur grade et a\u0300 leur a\u0302ge.<\/p>\n<p>Sankara est arrive\u0301 au pouvoir dans les anne\u0301es 1980, dans un contexte de fin de la guerre froide et de divisions ide\u0301ologiques au sein de l&rsquo;arme\u0301e. Les officiers favorables a\u0300 Sankara ont mene\u0301 un coup d&rsquo;E\u0301tat en 1983. Conside\u0301re\u0301 comme un re\u0301volutionnaire marxiste, Sankara a tente\u0301 de mettre en \u0153uvre des re\u0301formes politiques: participation politique accrue, autonomisation des femmes, lutte contre la de\u0301forestation et re\u0301duction des ine\u0301galite\u0301s.<\/p>\n<p>Traore\u0301, lui, gouverne dans une situation beaucoup plus pre\u0301caire. Son coup d\u2019E\u0301tat, comme celui de Damiba, a re\u0301ve\u0301le\u0301 une arme\u0301e fragmente\u0301e: la plupart des officiers militaires n&rsquo;ont participe\u0301 ni a\u0300 son coup d&rsquo;E\u0301tat ni a\u0300 celui mene\u0301 par Damiba. De l&rsquo;aveu du re\u0301gime en place, la junte a fait face a\u0300 de multiples tentatives de de\u0301stabilisation. Cela met en e\u0301vidence les moyens arbitraires par lesquels le pouvoir a change\u0301 de mains et l&rsquo;instabilite\u0301 inhe\u0301rente au re\u0301gime de la junte.<\/p>\n<p>Pour consolider sa position, Traore\u0301 a lance\u0301 une campagne de restructuration. Celle-ci a notamment consiste\u0301 a\u0300 re\u0301affecter les recettes fiscales, minie\u0300res et autres sources de revenus publics aux caisses de la de\u0301fense. Il a e\u0301galement mobilise\u0301 des volontaires pour combattre les extre\u0301mistes violents dans le cadre des Volontaires pour la de\u0301fense de la patrie, une milice civile parraine\u0301e par la junte. Des rapports font e\u0301tat de conscription force\u0301e pour envoyer des \u00ab volontaires \u00bb sur les lignes de front. Les donne\u0301es sur le conflit indiquent que cette strate\u0301gie ne fonctionne pas.<\/p>\n<p>Traore\u0301 n&rsquo;est peut-e\u0302tre pas aussi populaire aupre\u0300s des gens ordinaires comme on le pre\u0301tend souvent. C&rsquo;est ce que l&rsquo;on peut de\u0301duire de la re\u0301pression violente des critiques, des multiples tentatives pre\u0301sume\u0301es de coup d&rsquo;E\u0301tat ainsi que de la violence et de la crise humanitaire persistantes. Il a se\u0301ve\u0300rement se\u0301vi contre les voix inde\u0301pendantes. Journalistes, dirigeants de la socie\u0301te\u0301 civile, chefs de partis politiques et me\u0302me juges ont e\u0301te\u0301 pris pour cible par la junte avec ses tactiques de conscription force\u0301e et d&rsquo;autres formes de re\u0301pression violente.<\/p>\n<p><b>Qu&rsquo;en est-il des acteurs exte\u0301rieurs ?<\/b><\/p>\n<p>Le coup d&rsquo;E\u0301tat de septembre 2022 a suscite\u0301 l&rsquo;inte\u0301re\u0302t de la Russie, a\u0300 travers des campagnes de de\u0301sinformation et d&rsquo;inge\u0301rence e\u0301trange\u0300res mene\u0301es par les groupes lie\u0301s a\u0300 la ne\u0301buleuse organisation Wagner. D&rsquo;autres campagnes d&rsquo;information russes ont utilise\u0301 de faux comptes de re\u0301seaux sociaux qui se font passer pour des Africains ayant un re\u0301el inte\u0301re\u0302t pour le Burkina Faso. Sur les re\u0301seaux sociaux, de faux comptes africains promeuvent un discours hostile a\u0300 la France et aux pays occidentaux et leur font porter la responsabilite\u0301 de l&rsquo;inse\u0301curite\u0301 persistante.<\/p>\n<p>Jouant sur ce sentiment anti-franc\u0327ais pour renforcer son assise populaire, Traore\u0301 a rapidement exige\u0301 le de\u0301part des troupes franc\u0327aises du Burkina Faso. Il a accuse\u0301 les Franc\u0327ais d&rsquo;e\u0302tre responsables de l&rsquo;essentiel des malheurs du pays et a pre\u0301sente\u0301 Damiba comme un proche allie\u0301 de la France. En quelques mois, Traore\u0301 a exige\u0301 que la France retire comple\u0300tement sa pre\u0301sence se\u0301curitaire du Burkina Faso. Depuis, des mercenaires russes ont e\u0301te\u0301 aperc\u0327us assurant la protection de Traore\u0301 et aux co\u0302te\u0301s du re\u0301gime appuyant ses ope\u0301rations a\u0300 la frontie\u0300re avec le Mali. Mais leur pre\u0301sence, estime\u0301e entre 100 et 300 hommes, semble avant tout destine\u0301e a\u0300 se\u0301curiser Traore\u0301 et son re\u0301gime.<\/p>\n<p><b>Que nous re\u0301serve l&rsquo;avenir ?<\/b><\/p>\n<p>Les actions de Traore\u0301 n&rsquo;ont pas ame\u0301liore\u0301 la situation se\u0301curitaire dans le pays. Il y a eu au moins 3 059 e\u0301ve\u0301nements violents lie\u0301s a\u0300 des groupes islamistes militants depuis son arrive\u0301e au pouvoir en octobre 2022. Il s&rsquo;agit d&rsquo;une augmentation de 20 % par rapport aux deux anne\u0301es pre\u0301ce\u0301dant le coup d&rsquo;E\u0301tat. Le nombre de de\u0301ce\u0300s lie\u0301s a\u0300 la violence islamiste militante a presque double\u0301, passant de 3 621 en 2022 a\u0300 6 389 en 2024.<\/p>\n<p>La violence s&rsquo;est e\u0301galement e\u0301tendue a\u0300 l&rsquo;ensemble du pays, touchant presque toutes les re\u0301gions, et s&rsquo;est intensifie\u0301e le long de la frontie\u0300re sud du Burkina Faso. Il est probable que les donne\u0301es soient sous-estime\u0301es.<\/p>\n<p>La junte affirme avoir de\u0301joue\u0301 plusieurs tentatives de coup d\u2019E\u0301tat depuis l\u2019accession au pouvoir de Traore\u0301. L\u2019une d\u2019entre elles aurait e\u0301te\u0301 mise en e\u0301chec en septembre 2024, quelques semaines apre\u0300s l&rsquo;attaque la plus meurtrie\u0300re de l\u2019histoire du pays, lorsque des extre\u0301mistes ont tue\u0301 des centaines de civils pre\u0300s de Barsalogho. Des extre\u0301mistes violents ont tue\u0301 des Le nombre de victimes civiles lie\u0301es aux groupes islamistes militants est passe\u0301 de 721 en 2022 a\u0300 1 151 en 2024.<\/p>\n<p>Plus pre\u0301occupant encore, les violences impliquant l\u2019arme\u0301e ou des milices qu\u2019elle soutient ont e\u0301galement fait de nombreuses victimes civiles.<\/p>\n<p>La violence au Burkina Faso dessine un tableau alarmant ou\u0300 l&rsquo;effondrement du pays ne peut e\u0302tre exclu. L&rsquo;arme\u0301e s&rsquo;est a\u0300 nouveau impose\u0301e comme l&rsquo;acteur politique dominant. D&rsquo;apre\u0300s certaines estimations, l&rsquo;arme\u0301e aurait directement ou indirectement exerce\u0301 le pouvoir pendant 45 des 65 anne\u0301es e\u0301coule\u0301es depuis l&rsquo;inde\u0301pendance du Burkina Faso.<\/p>\n<p>Pendant ce temps, l&rsquo;insurrection islamiste radicale continue de s&rsquo;e\u0301tendre de plus en plus dans les campagnes, avec un cou\u0302t humain e\u0301leve\u0301. On estime le nombre de personnes de\u0301place\u0301es par la violence a\u0300 3 millions, bien que la junte refuse de fournir un chiffre officiel. Cela repre\u0301sente plus de 10 % de la population d&rsquo;environ 24 millions de personnes. Un autre million d&rsquo;e\u0301tudiants, voire plus, pourraient ne pas e\u0302tre scolarise\u0301s en raison du conflit et de l&rsquo;inse\u0301curite\u0301 persistante.<\/p>\n<p>Malgre\u0301 les tentatives pour pre\u0301senter Traore\u0301 comme un re\u0301formateur audacieux et un sauveur, les ramifications politiques, se\u0301curitaires et e\u0301conomiques de son re\u0301gime de junte se feront sentir au Burkina Faso pendant des de\u0301cennies.<\/p>\n<p><b>Source: theconversation<\/b><\/p>\n<p><strong>Pour plus d&rsquo;informations et d&rsquo;analyses sur la <span style=\"color: #ff6600\">Senegal<\/span>, suivez <span style=\"color: #ff6600\">Africa-Press<\/span><\/strong><\/p>\n","protected":false},"excerpt":{"rendered":"<p>Daniel Eizenga Africa-Press &#8211; Senegal. Le capitaine Ibrahim Traore\u0301 est l&rsquo;actuel dirigeant de la transition du Burkina Faso. Il a pris le pouvoir apre\u0300s avoir renverse\u0301 par un coup d&rsquo;E\u0301tat le lieutenant-colonel Paul Henri Damiba en septembre 2022. Le capitaine, a\u0302ge\u0301 de 37 ans, avait soutenu Damiba, son commandant, lors d\u2019un putsch contre l\u2019ex-pre\u0301sident Roch [&hellip;]<\/p>\n","protected":false},"author":82,"featured_media":65636,"comment_status":"open","ping_status":"closed","sticky":false,"template":"","format":"standard","meta":{"footnotes":""},"categories":[7,10],"tags":[44],"class_list":["post-65637","post","type-post","status-publish","format-standard","has-post-thumbnail","hentry","category-dossiers","category-toutes-les-actualites","tag-senegal-2"],"yoast_head":"<!-- This site is optimized with the Yoast SEO Premium plugin v26.1 (Yoast SEO v27.0) - https:\/\/yoast.com\/product\/yoast-seo-premium-wordpress\/ -->\n<title>Ibrahim Traor\u00e9 : Capitaine Influent du Burkina Faso - Senegal<\/title>\n<meta name=\"description\" content=\"Le capitaine Ibrahim Traore\u0301 est l&#039;actuel dirigeant de la transition du Burkina Faso. Il a pris le pouvoir apre\u0300s avoir ...\" \/>\n<meta name=\"robots\" content=\"index, follow, max-snippet:-1, max-image-preview:large, max-video-preview:-1\" \/>\n<link rel=\"canonical\" href=\"https:\/\/www.africa-press.net\/senegal\/dossiers\/ibrahim-traore-capitaine-influent-du-burkina-faso\" \/>\n<meta property=\"og:locale\" content=\"fr_FR\" \/>\n<meta property=\"og:type\" content=\"article\" \/>\n<meta property=\"og:title\" content=\"Ibrahim Traor\u00e9 : Capitaine Influent du Burkina Faso\" \/>\n<meta property=\"og:description\" content=\"Le capitaine Ibrahim Traore\u0301 est l&#039;actuel dirigeant de la transition du Burkina Faso. Il a pris le pouvoir apre\u0300s avoir ...\" \/>\n<meta property=\"og:url\" content=\"https:\/\/www.africa-press.net\/senegal\/dossiers\/ibrahim-traore-capitaine-influent-du-burkina-faso\" \/>\n<meta property=\"og:site_name\" content=\"Senegal\" \/>\n<meta property=\"article:published_time\" content=\"2025-02-21T12:42:55+00:00\" \/>\n<meta property=\"article:modified_time\" content=\"2025-05-05T22:30:36+00:00\" \/>\n<meta property=\"og:image\" content=\"https:\/\/static.africa-press.net\/senegal\/sites\/13\/2025\/02\/sm_1740216233.828613.jpg\" \/>\n\t<meta property=\"og:image:width\" content=\"1728\" \/>\n\t<meta property=\"og:image:height\" content=\"1128\" \/>\n\t<meta property=\"og:image:type\" content=\"image\/jpeg\" \/>\n<meta name=\"author\" content=\"cfeditorfr\" \/>\n<meta name=\"twitter:card\" content=\"summary_large_image\" \/>\n<meta name=\"twitter:label1\" content=\"\u00c9crit par\" \/>\n\t<meta name=\"twitter:data1\" content=\"cfeditorfr\" \/>\n\t<meta name=\"twitter:label2\" content=\"Dur\u00e9e de lecture estim\u00e9e\" \/>\n\t<meta name=\"twitter:data2\" content=\"8 minutes\" \/>\n<script type=\"application\/ld+json\" class=\"yoast-schema-graph\">{\"@context\":\"https:\/\/schema.org\",\"@graph\":[{\"@type\":\"Article\",\"@id\":\"https:\/\/www.africa-press.net\/senegal\/dossiers\/ibrahim-traore-capitaine-influent-du-burkina-faso#article\",\"isPartOf\":{\"@id\":\"https:\/\/www.africa-press.net\/senegal\/dossiers\/ibrahim-traore-capitaine-influent-du-burkina-faso\"},\"author\":{\"name\":\"cfeditorfr\",\"@id\":\"https:\/\/www.africa-press.net\/senegal\/#\/schema\/person\/2b1cf3cd81a31e3cd26889ca66d677f1\"},\"headline\":\"Ibrahim Traor\u00e9 : Capitaine Influent du Burkina Faso\",\"datePublished\":\"2025-02-21T12:42:55+00:00\",\"dateModified\":\"2025-05-05T22:30:36+00:00\",\"mainEntityOfPage\":{\"@id\":\"https:\/\/www.africa-press.net\/senegal\/dossiers\/ibrahim-traore-capitaine-influent-du-burkina-faso\"},\"wordCount\":1599,\"commentCount\":0,\"image\":{\"@id\":\"https:\/\/www.africa-press.net\/senegal\/dossiers\/ibrahim-traore-capitaine-influent-du-burkina-faso#primaryimage\"},\"thumbnailUrl\":\"https:\/\/static.africa-press.net\/senegal\/sites\/13\/2025\/02\/sm_1740216233.828613.jpg\",\"keywords\":[\"Senegal\"],\"articleSection\":[\"Dossiers\",\"Toutes les actualit\u00e9s\"],\"inLanguage\":\"fr-FR\",\"potentialAction\":[{\"@type\":\"CommentAction\",\"name\":\"Comment\",\"target\":[\"https:\/\/www.africa-press.net\/senegal\/dossiers\/ibrahim-traore-capitaine-influent-du-burkina-faso#respond\"]}]},{\"@type\":\"WebPage\",\"@id\":\"https:\/\/www.africa-press.net\/senegal\/dossiers\/ibrahim-traore-capitaine-influent-du-burkina-faso\",\"url\":\"https:\/\/www.africa-press.net\/senegal\/dossiers\/ibrahim-traore-capitaine-influent-du-burkina-faso\",\"name\":\"Ibrahim Traor\u00e9 : Capitaine Influent du Burkina Faso - Senegal\",\"isPartOf\":{\"@id\":\"https:\/\/www.africa-press.net\/senegal\/#website\"},\"primaryImageOfPage\":{\"@id\":\"https:\/\/www.africa-press.net\/senegal\/dossiers\/ibrahim-traore-capitaine-influent-du-burkina-faso#primaryimage\"},\"image\":{\"@id\":\"https:\/\/www.africa-press.net\/senegal\/dossiers\/ibrahim-traore-capitaine-influent-du-burkina-faso#primaryimage\"},\"thumbnailUrl\":\"https:\/\/static.africa-press.net\/senegal\/sites\/13\/2025\/02\/sm_1740216233.828613.jpg\",\"datePublished\":\"2025-02-21T12:42:55+00:00\",\"dateModified\":\"2025-05-05T22:30:36+00:00\",\"author\":{\"@id\":\"https:\/\/www.africa-press.net\/senegal\/#\/schema\/person\/2b1cf3cd81a31e3cd26889ca66d677f1\"},\"description\":\"Le capitaine Ibrahim Traore\u0301 est l'actuel dirigeant de la transition du Burkina Faso. Il a pris le pouvoir apre\u0300s avoir ...\",\"breadcrumb\":{\"@id\":\"https:\/\/www.africa-press.net\/senegal\/dossiers\/ibrahim-traore-capitaine-influent-du-burkina-faso#breadcrumb\"},\"inLanguage\":\"fr-FR\",\"potentialAction\":[{\"@type\":\"ReadAction\",\"target\":[\"https:\/\/www.africa-press.net\/senegal\/dossiers\/ibrahim-traore-capitaine-influent-du-burkina-faso\"]}]},{\"@type\":\"ImageObject\",\"inLanguage\":\"fr-FR\",\"@id\":\"https:\/\/www.africa-press.net\/senegal\/dossiers\/ibrahim-traore-capitaine-influent-du-burkina-faso#primaryimage\",\"url\":\"https:\/\/static.africa-press.net\/senegal\/sites\/13\/2025\/02\/sm_1740216233.828613.jpg\",\"contentUrl\":\"https:\/\/static.africa-press.net\/senegal\/sites\/13\/2025\/02\/sm_1740216233.828613.jpg\",\"width\":1728,\"height\":1128,\"caption\":\"Ibrahim Traor\u00e9 : Capitaine Influent du Burkina Faso\"},{\"@type\":\"BreadcrumbList\",\"@id\":\"https:\/\/www.africa-press.net\/senegal\/dossiers\/ibrahim-traore-capitaine-influent-du-burkina-faso#breadcrumb\",\"itemListElement\":[{\"@type\":\"ListItem\",\"position\":1,\"name\":\"Accueil\",\"item\":\"https:\/\/www.africa-press.net\/senegal\/\"},{\"@type\":\"ListItem\",\"position\":2,\"name\":\"Ibrahim Traor\u00e9 : Capitaine Influent du Burkina Faso\"}]},{\"@type\":\"WebSite\",\"@id\":\"https:\/\/www.africa-press.net\/senegal\/#website\",\"url\":\"https:\/\/www.africa-press.net\/senegal\/\",\"name\":\"Africa Press | Senegal | Homepage\",\"description\":\"Just another Africa News Agency Sites site\",\"potentialAction\":[{\"@type\":\"SearchAction\",\"target\":{\"@type\":\"EntryPoint\",\"urlTemplate\":\"https:\/\/www.africa-press.net\/senegal\/?s={search_term_string}\"},\"query-input\":{\"@type\":\"PropertyValueSpecification\",\"valueRequired\":true,\"valueName\":\"search_term_string\"}}],\"inLanguage\":\"fr-FR\"},{\"@type\":\"Person\",\"@id\":\"https:\/\/www.africa-press.net\/senegal\/#\/schema\/person\/2b1cf3cd81a31e3cd26889ca66d677f1\",\"name\":\"cfeditorfr\",\"url\":\"https:\/\/www.africa-press.net\/senegal\/author\/cfeditorfr\"}]}<\/script>\n<!-- \/ Yoast SEO Premium plugin. -->","yoast_head_json":{"title":"Ibrahim Traor\u00e9 : Capitaine Influent du Burkina Faso - Senegal","description":"Le capitaine Ibrahim Traore\u0301 est l'actuel dirigeant de la transition du Burkina Faso. Il a pris le pouvoir apre\u0300s avoir ...","robots":{"index":"index","follow":"follow","max-snippet":"max-snippet:-1","max-image-preview":"max-image-preview:large","max-video-preview":"max-video-preview:-1"},"canonical":"https:\/\/www.africa-press.net\/senegal\/dossiers\/ibrahim-traore-capitaine-influent-du-burkina-faso","og_locale":"fr_FR","og_type":"article","og_title":"Ibrahim Traor\u00e9 : Capitaine Influent du Burkina Faso","og_description":"Le capitaine Ibrahim Traore\u0301 est l'actuel dirigeant de la transition du Burkina Faso. Il a pris le pouvoir apre\u0300s avoir ...","og_url":"https:\/\/www.africa-press.net\/senegal\/dossiers\/ibrahim-traore-capitaine-influent-du-burkina-faso","og_site_name":"Senegal","article_published_time":"2025-02-21T12:42:55+00:00","article_modified_time":"2025-05-05T22:30:36+00:00","og_image":[{"width":1728,"height":1128,"url":"https:\/\/static.africa-press.net\/senegal\/sites\/13\/2025\/02\/sm_1740216233.828613.jpg","type":"image\/jpeg"}],"author":"cfeditorfr","twitter_card":"summary_large_image","twitter_misc":{"\u00c9crit par":"cfeditorfr","Dur\u00e9e de lecture estim\u00e9e":"8 minutes"},"schema":{"@context":"https:\/\/schema.org","@graph":[{"@type":"Article","@id":"https:\/\/www.africa-press.net\/senegal\/dossiers\/ibrahim-traore-capitaine-influent-du-burkina-faso#article","isPartOf":{"@id":"https:\/\/www.africa-press.net\/senegal\/dossiers\/ibrahim-traore-capitaine-influent-du-burkina-faso"},"author":{"name":"cfeditorfr","@id":"https:\/\/www.africa-press.net\/senegal\/#\/schema\/person\/2b1cf3cd81a31e3cd26889ca66d677f1"},"headline":"Ibrahim Traor\u00e9 : Capitaine Influent du Burkina Faso","datePublished":"2025-02-21T12:42:55+00:00","dateModified":"2025-05-05T22:30:36+00:00","mainEntityOfPage":{"@id":"https:\/\/www.africa-press.net\/senegal\/dossiers\/ibrahim-traore-capitaine-influent-du-burkina-faso"},"wordCount":1599,"commentCount":0,"image":{"@id":"https:\/\/www.africa-press.net\/senegal\/dossiers\/ibrahim-traore-capitaine-influent-du-burkina-faso#primaryimage"},"thumbnailUrl":"https:\/\/static.africa-press.net\/senegal\/sites\/13\/2025\/02\/sm_1740216233.828613.jpg","keywords":["Senegal"],"articleSection":["Dossiers","Toutes les actualit\u00e9s"],"inLanguage":"fr-FR","potentialAction":[{"@type":"CommentAction","name":"Comment","target":["https:\/\/www.africa-press.net\/senegal\/dossiers\/ibrahim-traore-capitaine-influent-du-burkina-faso#respond"]}]},{"@type":"WebPage","@id":"https:\/\/www.africa-press.net\/senegal\/dossiers\/ibrahim-traore-capitaine-influent-du-burkina-faso","url":"https:\/\/www.africa-press.net\/senegal\/dossiers\/ibrahim-traore-capitaine-influent-du-burkina-faso","name":"Ibrahim Traor\u00e9 : Capitaine Influent du Burkina Faso - Senegal","isPartOf":{"@id":"https:\/\/www.africa-press.net\/senegal\/#website"},"primaryImageOfPage":{"@id":"https:\/\/www.africa-press.net\/senegal\/dossiers\/ibrahim-traore-capitaine-influent-du-burkina-faso#primaryimage"},"image":{"@id":"https:\/\/www.africa-press.net\/senegal\/dossiers\/ibrahim-traore-capitaine-influent-du-burkina-faso#primaryimage"},"thumbnailUrl":"https:\/\/static.africa-press.net\/senegal\/sites\/13\/2025\/02\/sm_1740216233.828613.jpg","datePublished":"2025-02-21T12:42:55+00:00","dateModified":"2025-05-05T22:30:36+00:00","author":{"@id":"https:\/\/www.africa-press.net\/senegal\/#\/schema\/person\/2b1cf3cd81a31e3cd26889ca66d677f1"},"description":"Le capitaine Ibrahim Traore\u0301 est l'actuel dirigeant de la transition du Burkina Faso. Il a pris le pouvoir apre\u0300s avoir ...","breadcrumb":{"@id":"https:\/\/www.africa-press.net\/senegal\/dossiers\/ibrahim-traore-capitaine-influent-du-burkina-faso#breadcrumb"},"inLanguage":"fr-FR","potentialAction":[{"@type":"ReadAction","target":["https:\/\/www.africa-press.net\/senegal\/dossiers\/ibrahim-traore-capitaine-influent-du-burkina-faso"]}]},{"@type":"ImageObject","inLanguage":"fr-FR","@id":"https:\/\/www.africa-press.net\/senegal\/dossiers\/ibrahim-traore-capitaine-influent-du-burkina-faso#primaryimage","url":"https:\/\/static.africa-press.net\/senegal\/sites\/13\/2025\/02\/sm_1740216233.828613.jpg","contentUrl":"https:\/\/static.africa-press.net\/senegal\/sites\/13\/2025\/02\/sm_1740216233.828613.jpg","width":1728,"height":1128,"caption":"Ibrahim Traor\u00e9 : Capitaine Influent du Burkina Faso"},{"@type":"BreadcrumbList","@id":"https:\/\/www.africa-press.net\/senegal\/dossiers\/ibrahim-traore-capitaine-influent-du-burkina-faso#breadcrumb","itemListElement":[{"@type":"ListItem","position":1,"name":"Accueil","item":"https:\/\/www.africa-press.net\/senegal\/"},{"@type":"ListItem","position":2,"name":"Ibrahim Traor\u00e9 : Capitaine Influent du Burkina Faso"}]},{"@type":"WebSite","@id":"https:\/\/www.africa-press.net\/senegal\/#website","url":"https:\/\/www.africa-press.net\/senegal\/","name":"Africa Press | Senegal | Homepage","description":"Just another Africa News Agency Sites site","potentialAction":[{"@type":"SearchAction","target":{"@type":"EntryPoint","urlTemplate":"https:\/\/www.africa-press.net\/senegal\/?s={search_term_string}"},"query-input":{"@type":"PropertyValueSpecification","valueRequired":true,"valueName":"search_term_string"}}],"inLanguage":"fr-FR"},{"@type":"Person","@id":"https:\/\/www.africa-press.net\/senegal\/#\/schema\/person\/2b1cf3cd81a31e3cd26889ca66d677f1","name":"cfeditorfr","url":"https:\/\/www.africa-press.net\/senegal\/author\/cfeditorfr"}]}},"_links":{"self":[{"href":"https:\/\/www.africa-press.net\/senegal\/wp-json\/wp\/v2\/posts\/65637","targetHints":{"allow":["GET"]}}],"collection":[{"href":"https:\/\/www.africa-press.net\/senegal\/wp-json\/wp\/v2\/posts"}],"about":[{"href":"https:\/\/www.africa-press.net\/senegal\/wp-json\/wp\/v2\/types\/post"}],"author":[{"embeddable":true,"href":"https:\/\/www.africa-press.net\/senegal\/wp-json\/wp\/v2\/users\/82"}],"replies":[{"embeddable":true,"href":"https:\/\/www.africa-press.net\/senegal\/wp-json\/wp\/v2\/comments?post=65637"}],"version-history":[{"count":0,"href":"https:\/\/www.africa-press.net\/senegal\/wp-json\/wp\/v2\/posts\/65637\/revisions"}],"wp:featuredmedia":[{"embeddable":true,"href":"https:\/\/www.africa-press.net\/senegal\/wp-json\/wp\/v2\/media\/65636"}],"wp:attachment":[{"href":"https:\/\/www.africa-press.net\/senegal\/wp-json\/wp\/v2\/media?parent=65637"}],"wp:term":[{"taxonomy":"category","embeddable":true,"href":"https:\/\/www.africa-press.net\/senegal\/wp-json\/wp\/v2\/categories?post=65637"},{"taxonomy":"post_tag","embeddable":true,"href":"https:\/\/www.africa-press.net\/senegal\/wp-json\/wp\/v2\/tags?post=65637"}],"curies":[{"name":"wp","href":"https:\/\/api.w.org\/{rel}","templated":true}]}}