{"id":65639,"date":"2025-02-23T14:00:00","date_gmt":"2025-02-23T14:00:00","guid":{"rendered":"https:\/\/www.africa-press.net\/senegal\/politique\/le-gouvernement-et-le-mfdc-signent-un-protocole-daccord-a-bissau-pm"},"modified":"2025-02-23T14:00:00","modified_gmt":"2025-02-23T14:00:00","slug":"le-gouvernement-et-le-mfdc-signent-un-protocole-daccord-a-bissau-pm","status":"publish","type":"post","link":"https:\/\/www.africa-press.net\/senegal\/politique\/le-gouvernement-et-le-mfdc-signent-un-protocole-daccord-a-bissau-pm","title":{"rendered":"le Gouvernement et le MFDC Signent un Protocole D\u2019Accord \u00e0 Bissau (PM)"},"content":{"rendered":"<p><span style=\"color: #ff6600\"><strong>Africa-Press &#8211; Senegal. <\/strong><\/span>Le gouvernement se\u0301ne\u0301galais et le Mouvement des forces de\u0301mocratiques de Casamance (MFDC) ont conclu, dimanche, un protocole d\u2019accord, a\u0300 Bissau, sous l\u2019e\u0301gide du pre\u0301sident bissau guine\u0301en Umaro Sissoco Embalo\u0301, a-t-on appris du Premier ministre Ousmane Sonko, en visite dans ce pays.<\/p>\n<p>\u2018\u2019Nous avons pu participer a\u0300 la conclusion de cet accord important qui constitue un tre\u0300s grand pas vers la paix de\u0301finitive en Casamance\u2019\u2019, a de\u0301clare\u0301 Ousmane Sonko, lors d\u2019un point de presse au palais de la Re\u0301publique de Guine\u0301e-Bissau, en compagnie du chef de l\u2019Etat bissau guine\u0301en et de son Premier ministre Rui Duarte Barros.<\/p>\n<p>Le Premier ministre, qui e\u0301tait porteur d\u2019un message du pre\u0301sident Bassirou Diomaye aupre\u0300s de son homologue, a indique\u0301 avoir participe\u0301 a\u0300 la clo\u0302ture des ne\u0301gociations entame\u0301es il y a trois jours par un comite\u0301 qui e\u0301tait mis en place en ce sens.<\/p>\n<p>\u2018\u2019Nous e\u0301tions porteur d\u2019un message de son excellence le pre\u0301sident Bassirou Diomaye Diakhar Faye. En marge de cela, nous avons eu a\u0300 clo\u0302turer les travaux portant sur les ne\u0301gociations entre le MFDC et l\u2019E\u0301tat du Se\u0301ne\u0301gal\u2019\u2019, a souligne\u0301 Ousmane Sonko.<\/p>\n<p>Umaro Sissoco Embalo\u0301 a magnifie\u0301 les relations entre la Guine\u0301e-Bissau et le Se\u0301ne\u0301gal, deux pays qui partagent une frontie\u0300re commune.<\/p>\n<p>a-t-il dit, ajoutant avoir eu \u2018\u2019une prise de contact avec le MFDC\u2019\u2019.<\/p>\n<p>La Casamance, se\u0301pare\u0301e du nord du Se\u0301ne\u0301gal par la Gambie, est le the\u0301a\u0302tre d\u2019un des plus vieux conflits d\u2019Afrique, qui a de\u0301bute\u0301 en 1982.<\/p>\n<p>Il a continuellement baisse\u0301 en intensite\u0301, mais a cause\u0301 des milliers de victimes et entame\u0301 l\u2019e\u0301conomie de cette re\u0301gion, depuis son e\u0301clatement en 1982.<\/p>\n<p>Au moins 250 combattants du MFDC ont de\u0301pose\u0301 les armes, le 13 mai 2023, lors d\u2019une ce\u0301re\u0301monie organise\u0301e a\u0300 Mongone, une localite\u0301 du de\u0301partement de Bignona, qui abritait par le passe\u0301 une importante base du mouvement irre\u0301dentiste.<\/p>\n<p><strong>Pour plus d&rsquo;informations et d&rsquo;analyses sur la <span style=\"color: #ff6600\">Senegal<\/span>, suivez <span style=\"color: #ff6600\">Africa-Press<span style=\"color: #ff6600\"><\/span><\/strong><\/p>\n","protected":false},"excerpt":{"rendered":"<p>Africa-Press &#8211; Senegal. Le gouvernement se\u0301ne\u0301galais et le Mouvement des forces de\u0301mocratiques de Casamance (MFDC) ont conclu, dimanche, un protocole d\u2019accord, a\u0300 Bissau, sous l\u2019e\u0301gide du pre\u0301sident bissau guine\u0301en Umaro Sissoco Embalo\u0301, a-t-on appris du Premier ministre Ousmane Sonko, en visite dans ce pays. \u2018\u2019Nous avons pu participer a\u0300 la conclusion de cet accord important [&hellip;]<\/p>\n","protected":false},"author":82,"featured_media":65638,"comment_status":"open","ping_status":"closed","sticky":false,"template":"","format":"standard","meta":{"footnotes":""},"categories":[2,20,10],"tags":[44],"class_list":["post-65639","post","type-post","status-publish","format-standard","has-post-thumbnail","hentry","category-politique","category-top-nouvelles","category-toutes-les-actualites","tag-senegal-2"],"yoast_head":"<!-- This site is optimized with the Yoast SEO Premium plugin v26.1 (Yoast SEO v27.0) - https:\/\/yoast.com\/product\/yoast-seo-premium-wordpress\/ -->\n<title>le Gouvernement et le MFDC Signent un Protocole D\u2019Accord \u00e0 Bissau (PM) - Senegal<\/title>\n<meta name=\"robots\" content=\"index, follow, max-snippet:-1, max-image-preview:large, max-video-preview:-1\" \/>\n<link rel=\"canonical\" href=\"https:\/\/www.africa-press.net\/senegal\/politique\/le-gouvernement-et-le-mfdc-signent-un-protocole-daccord-a-bissau-pm\" \/>\n<meta property=\"og:locale\" content=\"fr_FR\" \/>\n<meta property=\"og:type\" content=\"article\" \/>\n<meta property=\"og:title\" content=\"le Gouvernement et le MFDC Signent un Protocole D\u2019Accord \u00e0 Bissau (PM)\" \/>\n<meta property=\"og:description\" content=\"Africa-Press &#8211; Senegal. Le gouvernement se\u0301ne\u0301galais et le Mouvement des forces de\u0301mocratiques de Casamance (MFDC) ont conclu, dimanche, un protocole d\u2019accord, a\u0300 Bissau, sous l\u2019e\u0301gide du pre\u0301sident bissau guine\u0301en Umaro Sissoco Embalo\u0301, a-t-on appris du Premier ministre Ousmane Sonko, en visite dans ce pays. \u2018\u2019Nous avons pu participer a\u0300 la conclusion de cet accord important [&hellip;]\" \/>\n<meta property=\"og:url\" content=\"https:\/\/www.africa-press.net\/senegal\/politique\/le-gouvernement-et-le-mfdc-signent-un-protocole-daccord-a-bissau-pm\" \/>\n<meta property=\"og:site_name\" content=\"Senegal\" \/>\n<meta property=\"article:published_time\" content=\"2025-02-23T14:00:00+00:00\" \/>\n<meta name=\"author\" content=\"cfeditorfr\" \/>\n<meta name=\"twitter:card\" content=\"summary_large_image\" \/>\n<meta name=\"twitter:label1\" content=\"\u00c9crit par\" \/>\n\t<meta name=\"twitter:data1\" content=\"cfeditorfr\" \/>\n\t<meta name=\"twitter:label2\" content=\"Dur\u00e9e de lecture estim\u00e9e\" \/>\n\t<meta name=\"twitter:data2\" content=\"2 minutes\" \/>\n<script type=\"application\/ld+json\" class=\"yoast-schema-graph\">{\"@context\":\"https:\/\/schema.org\",\"@graph\":[{\"@type\":\"Article\",\"@id\":\"https:\/\/www.africa-press.net\/senegal\/politique\/le-gouvernement-et-le-mfdc-signent-un-protocole-daccord-a-bissau-pm#article\",\"isPartOf\":{\"@id\":\"https:\/\/www.africa-press.net\/senegal\/politique\/le-gouvernement-et-le-mfdc-signent-un-protocole-daccord-a-bissau-pm\"},\"author\":{\"name\":\"cfeditorfr\",\"@id\":\"https:\/\/www.africa-press.net\/senegal\/#\/schema\/person\/2b1cf3cd81a31e3cd26889ca66d677f1\"},\"headline\":\"le Gouvernement et le MFDC Signent un Protocole D\u2019Accord \u00e0 Bissau (PM)\",\"datePublished\":\"2025-02-23T14:00:00+00:00\",\"mainEntityOfPage\":{\"@id\":\"https:\/\/www.africa-press.net\/senegal\/politique\/le-gouvernement-et-le-mfdc-signent-un-protocole-daccord-a-bissau-pm\"},\"wordCount\":374,\"commentCount\":0,\"image\":{\"@id\":\"https:\/\/www.africa-press.net\/senegal\/politique\/le-gouvernement-et-le-mfdc-signent-un-protocole-daccord-a-bissau-pm#primaryimage\"},\"thumbnailUrl\":\"https:\/\/static.africa-press.net\/senegal\/sites\/13\/2025\/02\/sm_1740394790.673714.jpg\",\"keywords\":[\"Senegal\"],\"articleSection\":[\"Politique\",\"Top Nouvelles\",\"Toutes les actualit\u00e9s\"],\"inLanguage\":\"fr-FR\",\"potentialAction\":[{\"@type\":\"CommentAction\",\"name\":\"Comment\",\"target\":[\"https:\/\/www.africa-press.net\/senegal\/politique\/le-gouvernement-et-le-mfdc-signent-un-protocole-daccord-a-bissau-pm#respond\"]}]},{\"@type\":\"WebPage\",\"@id\":\"https:\/\/www.africa-press.net\/senegal\/politique\/le-gouvernement-et-le-mfdc-signent-un-protocole-daccord-a-bissau-pm\",\"url\":\"https:\/\/www.africa-press.net\/senegal\/politique\/le-gouvernement-et-le-mfdc-signent-un-protocole-daccord-a-bissau-pm\",\"name\":\"le Gouvernement et le MFDC Signent un Protocole D\u2019Accord \u00e0 Bissau (PM) - Senegal\",\"isPartOf\":{\"@id\":\"https:\/\/www.africa-press.net\/senegal\/#website\"},\"primaryImageOfPage\":{\"@id\":\"https:\/\/www.africa-press.net\/senegal\/politique\/le-gouvernement-et-le-mfdc-signent-un-protocole-daccord-a-bissau-pm#primaryimage\"},\"image\":{\"@id\":\"https:\/\/www.africa-press.net\/senegal\/politique\/le-gouvernement-et-le-mfdc-signent-un-protocole-daccord-a-bissau-pm#primaryimage\"},\"thumbnailUrl\":\"https:\/\/static.africa-press.net\/senegal\/sites\/13\/2025\/02\/sm_1740394790.673714.jpg\",\"datePublished\":\"2025-02-23T14:00:00+00:00\",\"author\":{\"@id\":\"https:\/\/www.africa-press.net\/senegal\/#\/schema\/person\/2b1cf3cd81a31e3cd26889ca66d677f1\"},\"breadcrumb\":{\"@id\":\"https:\/\/www.africa-press.net\/senegal\/politique\/le-gouvernement-et-le-mfdc-signent-un-protocole-daccord-a-bissau-pm#breadcrumb\"},\"inLanguage\":\"fr-FR\",\"potentialAction\":[{\"@type\":\"ReadAction\",\"target\":[\"https:\/\/www.africa-press.net\/senegal\/politique\/le-gouvernement-et-le-mfdc-signent-un-protocole-daccord-a-bissau-pm\"]}]},{\"@type\":\"ImageObject\",\"inLanguage\":\"fr-FR\",\"@id\":\"https:\/\/www.africa-press.net\/senegal\/politique\/le-gouvernement-et-le-mfdc-signent-un-protocole-daccord-a-bissau-pm#primaryimage\",\"url\":\"https:\/\/static.africa-press.net\/senegal\/sites\/13\/2025\/02\/sm_1740394790.673714.jpg\",\"contentUrl\":\"https:\/\/static.africa-press.net\/senegal\/sites\/13\/2025\/02\/sm_1740394790.673714.jpg\",\"width\":1026,\"height\":555,\"caption\":\"le Gouvernement et le MFDC Signent un Protocole D\u2019Accord \u00e0 Bissau (PM)\"},{\"@type\":\"BreadcrumbList\",\"@id\":\"https:\/\/www.africa-press.net\/senegal\/politique\/le-gouvernement-et-le-mfdc-signent-un-protocole-daccord-a-bissau-pm#breadcrumb\",\"itemListElement\":[{\"@type\":\"ListItem\",\"position\":1,\"name\":\"Accueil\",\"item\":\"https:\/\/www.africa-press.net\/senegal\/\"},{\"@type\":\"ListItem\",\"position\":2,\"name\":\"le Gouvernement et le MFDC Signent un Protocole D\u2019Accord \u00e0 Bissau (PM)\"}]},{\"@type\":\"WebSite\",\"@id\":\"https:\/\/www.africa-press.net\/senegal\/#website\",\"url\":\"https:\/\/www.africa-press.net\/senegal\/\",\"name\":\"Africa Press | Senegal | Homepage\",\"description\":\"Just another Africa News Agency Sites site\",\"potentialAction\":[{\"@type\":\"SearchAction\",\"target\":{\"@type\":\"EntryPoint\",\"urlTemplate\":\"https:\/\/www.africa-press.net\/senegal\/?s={search_term_string}\"},\"query-input\":{\"@type\":\"PropertyValueSpecification\",\"valueRequired\":true,\"valueName\":\"search_term_string\"}}],\"inLanguage\":\"fr-FR\"},{\"@type\":\"Person\",\"@id\":\"https:\/\/www.africa-press.net\/senegal\/#\/schema\/person\/2b1cf3cd81a31e3cd26889ca66d677f1\",\"name\":\"cfeditorfr\",\"url\":\"https:\/\/www.africa-press.net\/senegal\/author\/cfeditorfr\"}]}<\/script>\n<!-- \/ Yoast SEO Premium plugin. -->","yoast_head_json":{"title":"le Gouvernement et le MFDC Signent un Protocole D\u2019Accord \u00e0 Bissau (PM) - Senegal","robots":{"index":"index","follow":"follow","max-snippet":"max-snippet:-1","max-image-preview":"max-image-preview:large","max-video-preview":"max-video-preview:-1"},"canonical":"https:\/\/www.africa-press.net\/senegal\/politique\/le-gouvernement-et-le-mfdc-signent-un-protocole-daccord-a-bissau-pm","og_locale":"fr_FR","og_type":"article","og_title":"le Gouvernement et le MFDC Signent un Protocole D\u2019Accord \u00e0 Bissau (PM)","og_description":"Africa-Press &#8211; Senegal. Le gouvernement se\u0301ne\u0301galais et le Mouvement des forces de\u0301mocratiques de Casamance (MFDC) ont conclu, dimanche, un protocole d\u2019accord, a\u0300 Bissau, sous l\u2019e\u0301gide du pre\u0301sident bissau guine\u0301en Umaro Sissoco Embalo\u0301, a-t-on appris du Premier ministre Ousmane Sonko, en visite dans ce pays. \u2018\u2019Nous avons pu participer a\u0300 la conclusion de cet accord important [&hellip;]","og_url":"https:\/\/www.africa-press.net\/senegal\/politique\/le-gouvernement-et-le-mfdc-signent-un-protocole-daccord-a-bissau-pm","og_site_name":"Senegal","article_published_time":"2025-02-23T14:00:00+00:00","author":"cfeditorfr","twitter_card":"summary_large_image","twitter_misc":{"\u00c9crit par":"cfeditorfr","Dur\u00e9e de lecture estim\u00e9e":"2 minutes"},"schema":{"@context":"https:\/\/schema.org","@graph":[{"@type":"Article","@id":"https:\/\/www.africa-press.net\/senegal\/politique\/le-gouvernement-et-le-mfdc-signent-un-protocole-daccord-a-bissau-pm#article","isPartOf":{"@id":"https:\/\/www.africa-press.net\/senegal\/politique\/le-gouvernement-et-le-mfdc-signent-un-protocole-daccord-a-bissau-pm"},"author":{"name":"cfeditorfr","@id":"https:\/\/www.africa-press.net\/senegal\/#\/schema\/person\/2b1cf3cd81a31e3cd26889ca66d677f1"},"headline":"le Gouvernement et le MFDC Signent un Protocole D\u2019Accord \u00e0 Bissau (PM)","datePublished":"2025-02-23T14:00:00+00:00","mainEntityOfPage":{"@id":"https:\/\/www.africa-press.net\/senegal\/politique\/le-gouvernement-et-le-mfdc-signent-un-protocole-daccord-a-bissau-pm"},"wordCount":374,"commentCount":0,"image":{"@id":"https:\/\/www.africa-press.net\/senegal\/politique\/le-gouvernement-et-le-mfdc-signent-un-protocole-daccord-a-bissau-pm#primaryimage"},"thumbnailUrl":"https:\/\/static.africa-press.net\/senegal\/sites\/13\/2025\/02\/sm_1740394790.673714.jpg","keywords":["Senegal"],"articleSection":["Politique","Top Nouvelles","Toutes les actualit\u00e9s"],"inLanguage":"fr-FR","potentialAction":[{"@type":"CommentAction","name":"Comment","target":["https:\/\/www.africa-press.net\/senegal\/politique\/le-gouvernement-et-le-mfdc-signent-un-protocole-daccord-a-bissau-pm#respond"]}]},{"@type":"WebPage","@id":"https:\/\/www.africa-press.net\/senegal\/politique\/le-gouvernement-et-le-mfdc-signent-un-protocole-daccord-a-bissau-pm","url":"https:\/\/www.africa-press.net\/senegal\/politique\/le-gouvernement-et-le-mfdc-signent-un-protocole-daccord-a-bissau-pm","name":"le Gouvernement et le MFDC Signent un Protocole D\u2019Accord \u00e0 Bissau (PM) - Senegal","isPartOf":{"@id":"https:\/\/www.africa-press.net\/senegal\/#website"},"primaryImageOfPage":{"@id":"https:\/\/www.africa-press.net\/senegal\/politique\/le-gouvernement-et-le-mfdc-signent-un-protocole-daccord-a-bissau-pm#primaryimage"},"image":{"@id":"https:\/\/www.africa-press.net\/senegal\/politique\/le-gouvernement-et-le-mfdc-signent-un-protocole-daccord-a-bissau-pm#primaryimage"},"thumbnailUrl":"https:\/\/static.africa-press.net\/senegal\/sites\/13\/2025\/02\/sm_1740394790.673714.jpg","datePublished":"2025-02-23T14:00:00+00:00","author":{"@id":"https:\/\/www.africa-press.net\/senegal\/#\/schema\/person\/2b1cf3cd81a31e3cd26889ca66d677f1"},"breadcrumb":{"@id":"https:\/\/www.africa-press.net\/senegal\/politique\/le-gouvernement-et-le-mfdc-signent-un-protocole-daccord-a-bissau-pm#breadcrumb"},"inLanguage":"fr-FR","potentialAction":[{"@type":"ReadAction","target":["https:\/\/www.africa-press.net\/senegal\/politique\/le-gouvernement-et-le-mfdc-signent-un-protocole-daccord-a-bissau-pm"]}]},{"@type":"ImageObject","inLanguage":"fr-FR","@id":"https:\/\/www.africa-press.net\/senegal\/politique\/le-gouvernement-et-le-mfdc-signent-un-protocole-daccord-a-bissau-pm#primaryimage","url":"https:\/\/static.africa-press.net\/senegal\/sites\/13\/2025\/02\/sm_1740394790.673714.jpg","contentUrl":"https:\/\/static.africa-press.net\/senegal\/sites\/13\/2025\/02\/sm_1740394790.673714.jpg","width":1026,"height":555,"caption":"le Gouvernement et le MFDC Signent un Protocole D\u2019Accord \u00e0 Bissau (PM)"},{"@type":"BreadcrumbList","@id":"https:\/\/www.africa-press.net\/senegal\/politique\/le-gouvernement-et-le-mfdc-signent-un-protocole-daccord-a-bissau-pm#breadcrumb","itemListElement":[{"@type":"ListItem","position":1,"name":"Accueil","item":"https:\/\/www.africa-press.net\/senegal\/"},{"@type":"ListItem","position":2,"name":"le Gouvernement et le MFDC Signent un Protocole D\u2019Accord \u00e0 Bissau (PM)"}]},{"@type":"WebSite","@id":"https:\/\/www.africa-press.net\/senegal\/#website","url":"https:\/\/www.africa-press.net\/senegal\/","name":"Africa Press | Senegal | Homepage","description":"Just another Africa News Agency Sites site","potentialAction":[{"@type":"SearchAction","target":{"@type":"EntryPoint","urlTemplate":"https:\/\/www.africa-press.net\/senegal\/?s={search_term_string}"},"query-input":{"@type":"PropertyValueSpecification","valueRequired":true,"valueName":"search_term_string"}}],"inLanguage":"fr-FR"},{"@type":"Person","@id":"https:\/\/www.africa-press.net\/senegal\/#\/schema\/person\/2b1cf3cd81a31e3cd26889ca66d677f1","name":"cfeditorfr","url":"https:\/\/www.africa-press.net\/senegal\/author\/cfeditorfr"}]}},"_links":{"self":[{"href":"https:\/\/www.africa-press.net\/senegal\/wp-json\/wp\/v2\/posts\/65639","targetHints":{"allow":["GET"]}}],"collection":[{"href":"https:\/\/www.africa-press.net\/senegal\/wp-json\/wp\/v2\/posts"}],"about":[{"href":"https:\/\/www.africa-press.net\/senegal\/wp-json\/wp\/v2\/types\/post"}],"author":[{"embeddable":true,"href":"https:\/\/www.africa-press.net\/senegal\/wp-json\/wp\/v2\/users\/82"}],"replies":[{"embeddable":true,"href":"https:\/\/www.africa-press.net\/senegal\/wp-json\/wp\/v2\/comments?post=65639"}],"version-history":[{"count":0,"href":"https:\/\/www.africa-press.net\/senegal\/wp-json\/wp\/v2\/posts\/65639\/revisions"}],"wp:featuredmedia":[{"embeddable":true,"href":"https:\/\/www.africa-press.net\/senegal\/wp-json\/wp\/v2\/media\/65638"}],"wp:attachment":[{"href":"https:\/\/www.africa-press.net\/senegal\/wp-json\/wp\/v2\/media?parent=65639"}],"wp:term":[{"taxonomy":"category","embeddable":true,"href":"https:\/\/www.africa-press.net\/senegal\/wp-json\/wp\/v2\/categories?post=65639"},{"taxonomy":"post_tag","embeddable":true,"href":"https:\/\/www.africa-press.net\/senegal\/wp-json\/wp\/v2\/tags?post=65639"}],"curies":[{"name":"wp","href":"https:\/\/api.w.org\/{rel}","templated":true}]}}