{"id":65925,"date":"2025-03-05T12:20:00","date_gmt":"2025-03-05T12:20:00","guid":{"rendered":"https:\/\/www.africa-press.net\/senegal\/politique\/me-ngagne-demba-toure-le-senegal-exporte-ses-emplois-avec-ses-minerais"},"modified":"2025-03-05T12:20:00","modified_gmt":"2025-03-05T12:20:00","slug":"me-ngagne-demba-toure-le-senegal-exporte-ses-emplois-avec-ses-minerais","status":"publish","type":"post","link":"https:\/\/www.africa-press.net\/senegal\/politique\/me-ngagne-demba-toure-le-senegal-exporte-ses-emplois-avec-ses-minerais","title":{"rendered":"Me Ngagne Demba Toure\u0301: \u201cLe Se\u0301ne\u0301gal Exporte Ses Emplois avec Ses Minerais\u201d"},"content":{"rendered":"<p><span style=\"color: #ff6600\"><strong>Africa-Press &#8211; Senegal. <\/strong><\/span>Invite\u0301 de l\u2019e\u0301mission Quartier Ge\u0301ne\u0301ral sur TFM ce mardi 4 mars 2025, Me Ngagne Demba Toure\u0301, directeur ge\u0301ne\u0301ral de la Socie\u0301te\u0301 des mines du Se\u0301ne\u0301gal (SOMISEN), a dresse\u0301 un constat sans de\u0301tour sur la gestion des ressources minie\u0300res du pays. Face a\u0300 Pape Cheikh Diallo, il a plaide\u0301 pour une strate\u0301gie plus proactive, annonc\u0327ant un renforcement du ro\u0302le de l\u2019E\u0301tat dans ce secteur cle\u0301.<\/p>\n<p><b>Une faible valorisation des ressources<\/b><\/p>\n<p>\u00ab Le Se\u0301ne\u0301gal profite tre\u0300s peu de ses ressources minie\u0300res \u00bb, a-t-il de\u0301plore\u0301. Selon lui, le secteur repre\u0301sente 9 % des recettes de l\u2019E\u0301tat et 4 % de l\u2019e\u0301conomie nationale, mais son impact reste limite\u0301. \u00ab Nous exportons 32 % de ces ressources, et elles ne ge\u0301ne\u0300rent que 0,16 % des emplois \u00bb, a-t-il de\u0301taille\u0301, soulignant une sous-exploitation chronique.<\/p>\n<p>Pour Me Toure\u0301, exporter des minerais bruts revient a\u0300 \u00ab exporter la chai\u0302ne de valeur et les emplois \u00bb. \u00ab Si nous ne transformons pas nos ressources sur place, leur valeur diminue \u00bb, a-t-il insiste\u0301, pointant une perte d\u2019opportunite\u0301s e\u0301conomiques pour le pays.<\/p>\n<p><b>L\u2019E\u0301tat, futur acteur strate\u0301gique<\/b><\/p>\n<p>Le directeur ge\u0301ne\u0301ral de SOMISEN a de\u0301voile\u0301 une ambition claire: repositionner l\u2019E\u0301tat comme un ope\u0301rateur actif dans le secteur minier. \u00ab Nous allons assumer une politique minie\u0300re ambitieuse. L\u2019E\u0301tat ne sera plus un simple spectateur dans la gestion de ses ressources \u00bb, a-t-il conclu, promettant une rupture avec les pratiques actuelles.<\/p>\n<p>Cette vision s\u2019inscrit dans une volonte\u0301 de maximiser les retombe\u0301es des richesses minie\u0300res \u2013 or, zircon, phosphates \u2013 pour l\u2019e\u0301conomie se\u0301ne\u0301galaise, longtemps domine\u0301e par des acteurs e\u0301trangers et des exportations non transforme\u0301es.<\/p>\n<p><strong>Pour plus d&rsquo;informations et d&rsquo;analyses sur la <span style=\"color: #ff6600\">Senegal<\/span>, suivez <span style=\"color: #ff6600\">Africa-Press<span style=\"color: #ff6600\"><\/span><\/strong><\/p>\n","protected":false},"excerpt":{"rendered":"<p>Africa-Press &#8211; Senegal. Invite\u0301 de l\u2019e\u0301mission Quartier Ge\u0301ne\u0301ral sur TFM ce mardi 4 mars 2025, Me Ngagne Demba Toure\u0301, directeur ge\u0301ne\u0301ral de la Socie\u0301te\u0301 des mines du Se\u0301ne\u0301gal (SOMISEN), a dresse\u0301 un constat sans de\u0301tour sur la gestion des ressources minie\u0300res du pays. Face a\u0300 Pape Cheikh Diallo, il a plaide\u0301 pour une strate\u0301gie plus [&hellip;]<\/p>\n","protected":false},"author":82,"featured_media":65924,"comment_status":"open","ping_status":"closed","sticky":false,"template":"","format":"standard","meta":{"footnotes":""},"categories":[3,2,10],"tags":[1692,5369,4284,44],"class_list":["post-65925","post","type-post","status-publish","format-standard","has-post-thumbnail","hentry","category-economie","category-politique","category-toutes-les-actualites","tag-emplois","tag-exploitation-minerai","tag-ngagne-demba-toure","tag-senegal-2"],"yoast_head":"<!-- This site is optimized with the Yoast SEO Premium plugin v26.1 (Yoast SEO v27.0) - https:\/\/yoast.com\/product\/yoast-seo-premium-wordpress\/ -->\n<title>Me Ngagne Demba Toure\u0301: \u201cLe Se\u0301ne\u0301gal Exporte Ses Emplois avec Ses Minerais\u201d - Senegal<\/title>\n<meta name=\"robots\" content=\"index, follow, max-snippet:-1, max-image-preview:large, max-video-preview:-1\" \/>\n<link rel=\"canonical\" href=\"https:\/\/www.africa-press.net\/senegal\/politique\/me-ngagne-demba-toure-le-senegal-exporte-ses-emplois-avec-ses-minerais\" \/>\n<meta property=\"og:locale\" content=\"fr_FR\" \/>\n<meta property=\"og:type\" content=\"article\" \/>\n<meta property=\"og:title\" content=\"Me Ngagne Demba Toure\u0301: \u201cLe Se\u0301ne\u0301gal Exporte Ses Emplois avec Ses Minerais\u201d\" \/>\n<meta property=\"og:description\" content=\"Africa-Press &#8211; Senegal. Invite\u0301 de l\u2019e\u0301mission Quartier Ge\u0301ne\u0301ral sur TFM ce mardi 4 mars 2025, Me Ngagne Demba Toure\u0301, directeur ge\u0301ne\u0301ral de la Socie\u0301te\u0301 des mines du Se\u0301ne\u0301gal (SOMISEN), a dresse\u0301 un constat sans de\u0301tour sur la gestion des ressources minie\u0300res du pays. Face a\u0300 Pape Cheikh Diallo, il a plaide\u0301 pour une strate\u0301gie plus [&hellip;]\" \/>\n<meta property=\"og:url\" content=\"https:\/\/www.africa-press.net\/senegal\/politique\/me-ngagne-demba-toure-le-senegal-exporte-ses-emplois-avec-ses-minerais\" \/>\n<meta property=\"og:site_name\" content=\"Senegal\" \/>\n<meta property=\"article:published_time\" content=\"2025-03-05T12:20:00+00:00\" \/>\n<meta name=\"author\" content=\"cfeditorfr\" \/>\n<meta name=\"twitter:card\" content=\"summary_large_image\" \/>\n<meta name=\"twitter:label1\" content=\"\u00c9crit par\" \/>\n\t<meta name=\"twitter:data1\" content=\"cfeditorfr\" \/>\n\t<meta name=\"twitter:label2\" content=\"Dur\u00e9e de lecture estim\u00e9e\" \/>\n\t<meta name=\"twitter:data2\" content=\"2 minutes\" \/>\n<script type=\"application\/ld+json\" class=\"yoast-schema-graph\">{\"@context\":\"https:\/\/schema.org\",\"@graph\":[{\"@type\":\"Article\",\"@id\":\"https:\/\/www.africa-press.net\/senegal\/politique\/me-ngagne-demba-toure-le-senegal-exporte-ses-emplois-avec-ses-minerais#article\",\"isPartOf\":{\"@id\":\"https:\/\/www.africa-press.net\/senegal\/politique\/me-ngagne-demba-toure-le-senegal-exporte-ses-emplois-avec-ses-minerais\"},\"author\":{\"name\":\"cfeditorfr\",\"@id\":\"https:\/\/www.africa-press.net\/senegal\/#\/schema\/person\/2b1cf3cd81a31e3cd26889ca66d677f1\"},\"headline\":\"Me Ngagne Demba Toure\u0301: \u201cLe Se\u0301ne\u0301gal Exporte Ses Emplois avec Ses Minerais\u201d\",\"datePublished\":\"2025-03-05T12:20:00+00:00\",\"mainEntityOfPage\":{\"@id\":\"https:\/\/www.africa-press.net\/senegal\/politique\/me-ngagne-demba-toure-le-senegal-exporte-ses-emplois-avec-ses-minerais\"},\"wordCount\":320,\"commentCount\":0,\"image\":{\"@id\":\"https:\/\/www.africa-press.net\/senegal\/politique\/me-ngagne-demba-toure-le-senegal-exporte-ses-emplois-avec-ses-minerais#primaryimage\"},\"thumbnailUrl\":\"https:\/\/static.africa-press.net\/senegal\/sites\/13\/2025\/03\/sm_1741250617.191926.jpg\",\"keywords\":[\"Emplois\",\"exploitation minerai\",\"Ngagne Demba Toure\",\"Senegal\"],\"articleSection\":[\"\u00c9conomie\",\"Politique\",\"Toutes les actualit\u00e9s\"],\"inLanguage\":\"fr-FR\",\"potentialAction\":[{\"@type\":\"CommentAction\",\"name\":\"Comment\",\"target\":[\"https:\/\/www.africa-press.net\/senegal\/politique\/me-ngagne-demba-toure-le-senegal-exporte-ses-emplois-avec-ses-minerais#respond\"]}]},{\"@type\":\"WebPage\",\"@id\":\"https:\/\/www.africa-press.net\/senegal\/politique\/me-ngagne-demba-toure-le-senegal-exporte-ses-emplois-avec-ses-minerais\",\"url\":\"https:\/\/www.africa-press.net\/senegal\/politique\/me-ngagne-demba-toure-le-senegal-exporte-ses-emplois-avec-ses-minerais\",\"name\":\"Me Ngagne Demba Toure\u0301: \u201cLe Se\u0301ne\u0301gal Exporte Ses Emplois avec Ses Minerais\u201d - Senegal\",\"isPartOf\":{\"@id\":\"https:\/\/www.africa-press.net\/senegal\/#website\"},\"primaryImageOfPage\":{\"@id\":\"https:\/\/www.africa-press.net\/senegal\/politique\/me-ngagne-demba-toure-le-senegal-exporte-ses-emplois-avec-ses-minerais#primaryimage\"},\"image\":{\"@id\":\"https:\/\/www.africa-press.net\/senegal\/politique\/me-ngagne-demba-toure-le-senegal-exporte-ses-emplois-avec-ses-minerais#primaryimage\"},\"thumbnailUrl\":\"https:\/\/static.africa-press.net\/senegal\/sites\/13\/2025\/03\/sm_1741250617.191926.jpg\",\"datePublished\":\"2025-03-05T12:20:00+00:00\",\"author\":{\"@id\":\"https:\/\/www.africa-press.net\/senegal\/#\/schema\/person\/2b1cf3cd81a31e3cd26889ca66d677f1\"},\"breadcrumb\":{\"@id\":\"https:\/\/www.africa-press.net\/senegal\/politique\/me-ngagne-demba-toure-le-senegal-exporte-ses-emplois-avec-ses-minerais#breadcrumb\"},\"inLanguage\":\"fr-FR\",\"potentialAction\":[{\"@type\":\"ReadAction\",\"target\":[\"https:\/\/www.africa-press.net\/senegal\/politique\/me-ngagne-demba-toure-le-senegal-exporte-ses-emplois-avec-ses-minerais\"]}]},{\"@type\":\"ImageObject\",\"inLanguage\":\"fr-FR\",\"@id\":\"https:\/\/www.africa-press.net\/senegal\/politique\/me-ngagne-demba-toure-le-senegal-exporte-ses-emplois-avec-ses-minerais#primaryimage\",\"url\":\"https:\/\/static.africa-press.net\/senegal\/sites\/13\/2025\/03\/sm_1741250617.191926.jpg\",\"contentUrl\":\"https:\/\/static.africa-press.net\/senegal\/sites\/13\/2025\/03\/sm_1741250617.191926.jpg\",\"width\":720,\"height\":350,\"caption\":\"Me Ngagne Demba Toure\u0301: \u201cLe Se\u0301ne\u0301gal Exporte Ses Emplois avec Ses Minerais\u201d\"},{\"@type\":\"BreadcrumbList\",\"@id\":\"https:\/\/www.africa-press.net\/senegal\/politique\/me-ngagne-demba-toure-le-senegal-exporte-ses-emplois-avec-ses-minerais#breadcrumb\",\"itemListElement\":[{\"@type\":\"ListItem\",\"position\":1,\"name\":\"Accueil\",\"item\":\"https:\/\/www.africa-press.net\/senegal\/\"},{\"@type\":\"ListItem\",\"position\":2,\"name\":\"Me Ngagne Demba Toure\u0301: \u201cLe Se\u0301ne\u0301gal Exporte Ses Emplois avec Ses Minerais\u201d\"}]},{\"@type\":\"WebSite\",\"@id\":\"https:\/\/www.africa-press.net\/senegal\/#website\",\"url\":\"https:\/\/www.africa-press.net\/senegal\/\",\"name\":\"Africa Press | Senegal | Homepage\",\"description\":\"Just another Africa News Agency Sites site\",\"potentialAction\":[{\"@type\":\"SearchAction\",\"target\":{\"@type\":\"EntryPoint\",\"urlTemplate\":\"https:\/\/www.africa-press.net\/senegal\/?s={search_term_string}\"},\"query-input\":{\"@type\":\"PropertyValueSpecification\",\"valueRequired\":true,\"valueName\":\"search_term_string\"}}],\"inLanguage\":\"fr-FR\"},{\"@type\":\"Person\",\"@id\":\"https:\/\/www.africa-press.net\/senegal\/#\/schema\/person\/2b1cf3cd81a31e3cd26889ca66d677f1\",\"name\":\"cfeditorfr\",\"url\":\"https:\/\/www.africa-press.net\/senegal\/author\/cfeditorfr\"}]}<\/script>\n<!-- \/ Yoast SEO Premium plugin. -->","yoast_head_json":{"title":"Me Ngagne Demba Toure\u0301: \u201cLe Se\u0301ne\u0301gal Exporte Ses Emplois avec Ses Minerais\u201d - Senegal","robots":{"index":"index","follow":"follow","max-snippet":"max-snippet:-1","max-image-preview":"max-image-preview:large","max-video-preview":"max-video-preview:-1"},"canonical":"https:\/\/www.africa-press.net\/senegal\/politique\/me-ngagne-demba-toure-le-senegal-exporte-ses-emplois-avec-ses-minerais","og_locale":"fr_FR","og_type":"article","og_title":"Me Ngagne Demba Toure\u0301: \u201cLe Se\u0301ne\u0301gal Exporte Ses Emplois avec Ses Minerais\u201d","og_description":"Africa-Press &#8211; Senegal. Invite\u0301 de l\u2019e\u0301mission Quartier Ge\u0301ne\u0301ral sur TFM ce mardi 4 mars 2025, Me Ngagne Demba Toure\u0301, directeur ge\u0301ne\u0301ral de la Socie\u0301te\u0301 des mines du Se\u0301ne\u0301gal (SOMISEN), a dresse\u0301 un constat sans de\u0301tour sur la gestion des ressources minie\u0300res du pays. Face a\u0300 Pape Cheikh Diallo, il a plaide\u0301 pour une strate\u0301gie plus [&hellip;]","og_url":"https:\/\/www.africa-press.net\/senegal\/politique\/me-ngagne-demba-toure-le-senegal-exporte-ses-emplois-avec-ses-minerais","og_site_name":"Senegal","article_published_time":"2025-03-05T12:20:00+00:00","author":"cfeditorfr","twitter_card":"summary_large_image","twitter_misc":{"\u00c9crit par":"cfeditorfr","Dur\u00e9e de lecture estim\u00e9e":"2 minutes"},"schema":{"@context":"https:\/\/schema.org","@graph":[{"@type":"Article","@id":"https:\/\/www.africa-press.net\/senegal\/politique\/me-ngagne-demba-toure-le-senegal-exporte-ses-emplois-avec-ses-minerais#article","isPartOf":{"@id":"https:\/\/www.africa-press.net\/senegal\/politique\/me-ngagne-demba-toure-le-senegal-exporte-ses-emplois-avec-ses-minerais"},"author":{"name":"cfeditorfr","@id":"https:\/\/www.africa-press.net\/senegal\/#\/schema\/person\/2b1cf3cd81a31e3cd26889ca66d677f1"},"headline":"Me Ngagne Demba Toure\u0301: \u201cLe Se\u0301ne\u0301gal Exporte Ses Emplois avec Ses Minerais\u201d","datePublished":"2025-03-05T12:20:00+00:00","mainEntityOfPage":{"@id":"https:\/\/www.africa-press.net\/senegal\/politique\/me-ngagne-demba-toure-le-senegal-exporte-ses-emplois-avec-ses-minerais"},"wordCount":320,"commentCount":0,"image":{"@id":"https:\/\/www.africa-press.net\/senegal\/politique\/me-ngagne-demba-toure-le-senegal-exporte-ses-emplois-avec-ses-minerais#primaryimage"},"thumbnailUrl":"https:\/\/static.africa-press.net\/senegal\/sites\/13\/2025\/03\/sm_1741250617.191926.jpg","keywords":["Emplois","exploitation minerai","Ngagne Demba Toure","Senegal"],"articleSection":["\u00c9conomie","Politique","Toutes les actualit\u00e9s"],"inLanguage":"fr-FR","potentialAction":[{"@type":"CommentAction","name":"Comment","target":["https:\/\/www.africa-press.net\/senegal\/politique\/me-ngagne-demba-toure-le-senegal-exporte-ses-emplois-avec-ses-minerais#respond"]}]},{"@type":"WebPage","@id":"https:\/\/www.africa-press.net\/senegal\/politique\/me-ngagne-demba-toure-le-senegal-exporte-ses-emplois-avec-ses-minerais","url":"https:\/\/www.africa-press.net\/senegal\/politique\/me-ngagne-demba-toure-le-senegal-exporte-ses-emplois-avec-ses-minerais","name":"Me Ngagne Demba Toure\u0301: \u201cLe Se\u0301ne\u0301gal Exporte Ses Emplois avec Ses Minerais\u201d - Senegal","isPartOf":{"@id":"https:\/\/www.africa-press.net\/senegal\/#website"},"primaryImageOfPage":{"@id":"https:\/\/www.africa-press.net\/senegal\/politique\/me-ngagne-demba-toure-le-senegal-exporte-ses-emplois-avec-ses-minerais#primaryimage"},"image":{"@id":"https:\/\/www.africa-press.net\/senegal\/politique\/me-ngagne-demba-toure-le-senegal-exporte-ses-emplois-avec-ses-minerais#primaryimage"},"thumbnailUrl":"https:\/\/static.africa-press.net\/senegal\/sites\/13\/2025\/03\/sm_1741250617.191926.jpg","datePublished":"2025-03-05T12:20:00+00:00","author":{"@id":"https:\/\/www.africa-press.net\/senegal\/#\/schema\/person\/2b1cf3cd81a31e3cd26889ca66d677f1"},"breadcrumb":{"@id":"https:\/\/www.africa-press.net\/senegal\/politique\/me-ngagne-demba-toure-le-senegal-exporte-ses-emplois-avec-ses-minerais#breadcrumb"},"inLanguage":"fr-FR","potentialAction":[{"@type":"ReadAction","target":["https:\/\/www.africa-press.net\/senegal\/politique\/me-ngagne-demba-toure-le-senegal-exporte-ses-emplois-avec-ses-minerais"]}]},{"@type":"ImageObject","inLanguage":"fr-FR","@id":"https:\/\/www.africa-press.net\/senegal\/politique\/me-ngagne-demba-toure-le-senegal-exporte-ses-emplois-avec-ses-minerais#primaryimage","url":"https:\/\/static.africa-press.net\/senegal\/sites\/13\/2025\/03\/sm_1741250617.191926.jpg","contentUrl":"https:\/\/static.africa-press.net\/senegal\/sites\/13\/2025\/03\/sm_1741250617.191926.jpg","width":720,"height":350,"caption":"Me Ngagne Demba Toure\u0301: \u201cLe Se\u0301ne\u0301gal Exporte Ses Emplois avec Ses Minerais\u201d"},{"@type":"BreadcrumbList","@id":"https:\/\/www.africa-press.net\/senegal\/politique\/me-ngagne-demba-toure-le-senegal-exporte-ses-emplois-avec-ses-minerais#breadcrumb","itemListElement":[{"@type":"ListItem","position":1,"name":"Accueil","item":"https:\/\/www.africa-press.net\/senegal\/"},{"@type":"ListItem","position":2,"name":"Me Ngagne Demba Toure\u0301: \u201cLe Se\u0301ne\u0301gal Exporte Ses Emplois avec Ses Minerais\u201d"}]},{"@type":"WebSite","@id":"https:\/\/www.africa-press.net\/senegal\/#website","url":"https:\/\/www.africa-press.net\/senegal\/","name":"Africa Press | Senegal | Homepage","description":"Just another Africa News Agency Sites site","potentialAction":[{"@type":"SearchAction","target":{"@type":"EntryPoint","urlTemplate":"https:\/\/www.africa-press.net\/senegal\/?s={search_term_string}"},"query-input":{"@type":"PropertyValueSpecification","valueRequired":true,"valueName":"search_term_string"}}],"inLanguage":"fr-FR"},{"@type":"Person","@id":"https:\/\/www.africa-press.net\/senegal\/#\/schema\/person\/2b1cf3cd81a31e3cd26889ca66d677f1","name":"cfeditorfr","url":"https:\/\/www.africa-press.net\/senegal\/author\/cfeditorfr"}]}},"_links":{"self":[{"href":"https:\/\/www.africa-press.net\/senegal\/wp-json\/wp\/v2\/posts\/65925","targetHints":{"allow":["GET"]}}],"collection":[{"href":"https:\/\/www.africa-press.net\/senegal\/wp-json\/wp\/v2\/posts"}],"about":[{"href":"https:\/\/www.africa-press.net\/senegal\/wp-json\/wp\/v2\/types\/post"}],"author":[{"embeddable":true,"href":"https:\/\/www.africa-press.net\/senegal\/wp-json\/wp\/v2\/users\/82"}],"replies":[{"embeddable":true,"href":"https:\/\/www.africa-press.net\/senegal\/wp-json\/wp\/v2\/comments?post=65925"}],"version-history":[{"count":0,"href":"https:\/\/www.africa-press.net\/senegal\/wp-json\/wp\/v2\/posts\/65925\/revisions"}],"wp:featuredmedia":[{"embeddable":true,"href":"https:\/\/www.africa-press.net\/senegal\/wp-json\/wp\/v2\/media\/65924"}],"wp:attachment":[{"href":"https:\/\/www.africa-press.net\/senegal\/wp-json\/wp\/v2\/media?parent=65925"}],"wp:term":[{"taxonomy":"category","embeddable":true,"href":"https:\/\/www.africa-press.net\/senegal\/wp-json\/wp\/v2\/categories?post=65925"},{"taxonomy":"post_tag","embeddable":true,"href":"https:\/\/www.africa-press.net\/senegal\/wp-json\/wp\/v2\/tags?post=65925"}],"curies":[{"name":"wp","href":"https:\/\/api.w.org\/{rel}","templated":true}]}}