{"id":65927,"date":"2025-03-05T12:10:00","date_gmt":"2025-03-05T12:10:00","guid":{"rendered":"https:\/\/www.africa-press.net\/senegal\/politique\/ngagne-demba-toure-traiter-macky-sall-de-chef-de-gang-cest-encore-trop-leger"},"modified":"2025-03-05T12:10:00","modified_gmt":"2025-03-05T12:10:00","slug":"ngagne-demba-toure-traiter-macky-sall-de-chef-de-gang-cest-encore-trop-leger","status":"publish","type":"post","link":"https:\/\/www.africa-press.net\/senegal\/politique\/ngagne-demba-toure-traiter-macky-sall-de-chef-de-gang-cest-encore-trop-leger","title":{"rendered":"Ngagne Demba Toure\u0301: \u00ab\u00a0Traiter Macky Sall de Chef de Gang, C\u2019Est Encore Trop Le\u0301ger\u00a0\u00bb"},"content":{"rendered":"<p><span style=\"color: #ff6600\"><strong>Africa-Press &#8211; Senegal. <\/strong><\/span>Invite\u0301 de l\u2019e\u0301mission Quartier Ge\u0301ne\u0301ral sur TFM ce mardi 4 mars 2025, Me Ngagne Demba Toure\u0301, directeur ge\u0301ne\u0301ral de la Socie\u0301te\u0301 des mines du Se\u0301ne\u0301gal (SOMISEN), a re\u0301agi aux de\u0301clarations du porte-parole du gouvernement, Moustapha Ndiack Sarre\u0301. Ce dernier avait qualifie\u0301 l\u2019ancien pre\u0301sident Macky Sall de \u00ab chef de gang \u00bb au c\u0153ur des scandales financiers re\u0301ve\u0301le\u0301s par un re\u0301cent rapport de la Cour des comptes. Pour Me Toure\u0301, ces mots sont loin de refle\u0301ter la gravite\u0301 des faits reproche\u0301s.<\/p>\n<p>\u00ab Nous avons ve\u0301cu pire dans ce pays, du banditisme pur et dur. Quand Moustapha Sarre\u0301 traite Macky Sall de chef de gang, certains trouvent ces propos de\u0301place\u0301s. Moi, je pense qu\u2019il aurait du\u0302 utiliser d\u2019autres termes, car ceux-la\u0300 sont trop le\u0301gers \u00bb, a-t-il asse\u0301ne\u0301. L\u2019avocat et haut responsable ne ma\u0302che pas ses mots: \u00ab On ne peut pas arre\u0302ter un voleur de te\u0301le\u0301phone et laisser un ancien pre\u0301sident e\u0301chapper a\u0300 la justice. \u00bb<\/p>\n<p>Me Ngagne Demba Toure\u0301 pre\u0301cise toutefois qu\u2019il ne lui appartient pas de trancher sur d\u2019e\u0301ventuelles poursuites. \u00ab Ce n\u2019est pas a\u0300 moi de de\u0301cider si Macky Sall doit e\u0302tre poursuivi ou non, c\u2019est a\u0300 la justice de statuer. Nous avons vu des anciens pre\u0301sidents juge\u0301s ailleurs. La Haute Cour de justice a e\u0301te\u0301 re\u0301active\u0301e: si elle e\u0301tablit sa responsabilite\u0301 dans les scandales qui secouent le pays, il devra re\u0301pondre de ses actes \u00bb, a-t-il conclu.<\/p>\n<p><strong>Pour plus d&rsquo;informations et d&rsquo;analyses sur la <span style=\"color: #ff6600\">Senegal<\/span>, suivez <span style=\"color: #ff6600\">Africa-Press<span style=\"color: #ff6600\"><\/span><\/strong><\/p>\n","protected":false},"excerpt":{"rendered":"<p>Africa-Press &#8211; Senegal. Invite\u0301 de l\u2019e\u0301mission Quartier Ge\u0301ne\u0301ral sur TFM ce mardi 4 mars 2025, Me Ngagne Demba Toure\u0301, directeur ge\u0301ne\u0301ral de la Socie\u0301te\u0301 des mines du Se\u0301ne\u0301gal (SOMISEN), a re\u0301agi aux de\u0301clarations du porte-parole du gouvernement, Moustapha Ndiack Sarre\u0301. Ce dernier avait qualifie\u0301 l\u2019ancien pre\u0301sident Macky Sall de \u00ab chef de gang \u00bb au [&hellip;]<\/p>\n","protected":false},"author":82,"featured_media":65926,"comment_status":"open","ping_status":"closed","sticky":false,"template":"","format":"standard","meta":{"footnotes":""},"categories":[2,10],"tags":[5370,42,4284,44],"class_list":["post-65927","post","type-post","status-publish","format-standard","has-post-thumbnail","hentry","category-politique","category-toutes-les-actualites","tag-chef-de-gang","tag-macky-sall","tag-ngagne-demba-toure","tag-senegal-2"],"yoast_head":"<!-- This site is optimized with the Yoast SEO Premium plugin v26.1 (Yoast SEO v27.0) - https:\/\/yoast.com\/product\/yoast-seo-premium-wordpress\/ -->\n<title>Ngagne Demba Toure\u0301: &quot;Traiter Macky Sall de Chef de Gang, C\u2019Est Encore Trop Le\u0301ger&quot; - Senegal<\/title>\n<meta name=\"robots\" content=\"index, follow, max-snippet:-1, max-image-preview:large, max-video-preview:-1\" \/>\n<link rel=\"canonical\" href=\"https:\/\/www.africa-press.net\/senegal\/politique\/ngagne-demba-toure-traiter-macky-sall-de-chef-de-gang-cest-encore-trop-leger\" \/>\n<meta property=\"og:locale\" content=\"fr_FR\" \/>\n<meta property=\"og:type\" content=\"article\" \/>\n<meta property=\"og:title\" content=\"Ngagne Demba Toure\u0301: &quot;Traiter Macky Sall de Chef de Gang, C\u2019Est Encore Trop Le\u0301ger&quot;\" \/>\n<meta property=\"og:description\" content=\"Africa-Press &#8211; Senegal. Invite\u0301 de l\u2019e\u0301mission Quartier Ge\u0301ne\u0301ral sur TFM ce mardi 4 mars 2025, Me Ngagne Demba Toure\u0301, directeur ge\u0301ne\u0301ral de la Socie\u0301te\u0301 des mines du Se\u0301ne\u0301gal (SOMISEN), a re\u0301agi aux de\u0301clarations du porte-parole du gouvernement, Moustapha Ndiack Sarre\u0301. Ce dernier avait qualifie\u0301 l\u2019ancien pre\u0301sident Macky Sall de \u00ab chef de gang \u00bb au [&hellip;]\" \/>\n<meta property=\"og:url\" content=\"https:\/\/www.africa-press.net\/senegal\/politique\/ngagne-demba-toure-traiter-macky-sall-de-chef-de-gang-cest-encore-trop-leger\" \/>\n<meta property=\"og:site_name\" content=\"Senegal\" \/>\n<meta property=\"article:published_time\" content=\"2025-03-05T12:10:00+00:00\" \/>\n<meta name=\"author\" content=\"cfeditorfr\" \/>\n<meta name=\"twitter:card\" content=\"summary_large_image\" \/>\n<meta name=\"twitter:label1\" content=\"\u00c9crit par\" \/>\n\t<meta name=\"twitter:data1\" content=\"cfeditorfr\" \/>\n\t<meta name=\"twitter:label2\" content=\"Dur\u00e9e de lecture estim\u00e9e\" \/>\n\t<meta name=\"twitter:data2\" content=\"1 minute\" \/>\n<script type=\"application\/ld+json\" class=\"yoast-schema-graph\">{\"@context\":\"https:\/\/schema.org\",\"@graph\":[{\"@type\":\"Article\",\"@id\":\"https:\/\/www.africa-press.net\/senegal\/politique\/ngagne-demba-toure-traiter-macky-sall-de-chef-de-gang-cest-encore-trop-leger#article\",\"isPartOf\":{\"@id\":\"https:\/\/www.africa-press.net\/senegal\/politique\/ngagne-demba-toure-traiter-macky-sall-de-chef-de-gang-cest-encore-trop-leger\"},\"author\":{\"name\":\"cfeditorfr\",\"@id\":\"https:\/\/www.africa-press.net\/senegal\/#\/schema\/person\/2b1cf3cd81a31e3cd26889ca66d677f1\"},\"headline\":\"Ngagne Demba Toure\u0301: \u00ab\u00a0Traiter Macky Sall de Chef de Gang, C\u2019Est Encore Trop Le\u0301ger\u00a0\u00bb\",\"datePublished\":\"2025-03-05T12:10:00+00:00\",\"mainEntityOfPage\":{\"@id\":\"https:\/\/www.africa-press.net\/senegal\/politique\/ngagne-demba-toure-traiter-macky-sall-de-chef-de-gang-cest-encore-trop-leger\"},\"wordCount\":299,\"commentCount\":0,\"image\":{\"@id\":\"https:\/\/www.africa-press.net\/senegal\/politique\/ngagne-demba-toure-traiter-macky-sall-de-chef-de-gang-cest-encore-trop-leger#primaryimage\"},\"thumbnailUrl\":\"https:\/\/static.africa-press.net\/senegal\/sites\/13\/2025\/03\/sm_1741250628.154699.jpg\",\"keywords\":[\"chef de gang\",\"Macky Sall\",\"Ngagne Demba Toure\",\"Senegal\"],\"articleSection\":[\"Politique\",\"Toutes les actualit\u00e9s\"],\"inLanguage\":\"fr-FR\",\"potentialAction\":[{\"@type\":\"CommentAction\",\"name\":\"Comment\",\"target\":[\"https:\/\/www.africa-press.net\/senegal\/politique\/ngagne-demba-toure-traiter-macky-sall-de-chef-de-gang-cest-encore-trop-leger#respond\"]}]},{\"@type\":\"WebPage\",\"@id\":\"https:\/\/www.africa-press.net\/senegal\/politique\/ngagne-demba-toure-traiter-macky-sall-de-chef-de-gang-cest-encore-trop-leger\",\"url\":\"https:\/\/www.africa-press.net\/senegal\/politique\/ngagne-demba-toure-traiter-macky-sall-de-chef-de-gang-cest-encore-trop-leger\",\"name\":\"Ngagne Demba Toure\u0301: \\\"Traiter Macky Sall de Chef de Gang, C\u2019Est Encore Trop Le\u0301ger\\\" - Senegal\",\"isPartOf\":{\"@id\":\"https:\/\/www.africa-press.net\/senegal\/#website\"},\"primaryImageOfPage\":{\"@id\":\"https:\/\/www.africa-press.net\/senegal\/politique\/ngagne-demba-toure-traiter-macky-sall-de-chef-de-gang-cest-encore-trop-leger#primaryimage\"},\"image\":{\"@id\":\"https:\/\/www.africa-press.net\/senegal\/politique\/ngagne-demba-toure-traiter-macky-sall-de-chef-de-gang-cest-encore-trop-leger#primaryimage\"},\"thumbnailUrl\":\"https:\/\/static.africa-press.net\/senegal\/sites\/13\/2025\/03\/sm_1741250628.154699.jpg\",\"datePublished\":\"2025-03-05T12:10:00+00:00\",\"author\":{\"@id\":\"https:\/\/www.africa-press.net\/senegal\/#\/schema\/person\/2b1cf3cd81a31e3cd26889ca66d677f1\"},\"breadcrumb\":{\"@id\":\"https:\/\/www.africa-press.net\/senegal\/politique\/ngagne-demba-toure-traiter-macky-sall-de-chef-de-gang-cest-encore-trop-leger#breadcrumb\"},\"inLanguage\":\"fr-FR\",\"potentialAction\":[{\"@type\":\"ReadAction\",\"target\":[\"https:\/\/www.africa-press.net\/senegal\/politique\/ngagne-demba-toure-traiter-macky-sall-de-chef-de-gang-cest-encore-trop-leger\"]}]},{\"@type\":\"ImageObject\",\"inLanguage\":\"fr-FR\",\"@id\":\"https:\/\/www.africa-press.net\/senegal\/politique\/ngagne-demba-toure-traiter-macky-sall-de-chef-de-gang-cest-encore-trop-leger#primaryimage\",\"url\":\"https:\/\/static.africa-press.net\/senegal\/sites\/13\/2025\/03\/sm_1741250628.154699.jpg\",\"contentUrl\":\"https:\/\/static.africa-press.net\/senegal\/sites\/13\/2025\/03\/sm_1741250628.154699.jpg\",\"width\":720,\"height\":350,\"caption\":\"Ngagne Demba Toure\u0301: \\\"Traiter Macky Sall de Chef de Gang, C\u2019Est Encore Trop Le\u0301ger\\\"\"},{\"@type\":\"BreadcrumbList\",\"@id\":\"https:\/\/www.africa-press.net\/senegal\/politique\/ngagne-demba-toure-traiter-macky-sall-de-chef-de-gang-cest-encore-trop-leger#breadcrumb\",\"itemListElement\":[{\"@type\":\"ListItem\",\"position\":1,\"name\":\"Accueil\",\"item\":\"https:\/\/www.africa-press.net\/senegal\/\"},{\"@type\":\"ListItem\",\"position\":2,\"name\":\"Ngagne Demba Toure\u0301: \u00ab\u00a0Traiter Macky Sall de Chef de Gang, C\u2019Est Encore Trop Le\u0301ger\u00a0\u00bb\"}]},{\"@type\":\"WebSite\",\"@id\":\"https:\/\/www.africa-press.net\/senegal\/#website\",\"url\":\"https:\/\/www.africa-press.net\/senegal\/\",\"name\":\"Africa Press | Senegal | Homepage\",\"description\":\"Just another Africa News Agency Sites site\",\"potentialAction\":[{\"@type\":\"SearchAction\",\"target\":{\"@type\":\"EntryPoint\",\"urlTemplate\":\"https:\/\/www.africa-press.net\/senegal\/?s={search_term_string}\"},\"query-input\":{\"@type\":\"PropertyValueSpecification\",\"valueRequired\":true,\"valueName\":\"search_term_string\"}}],\"inLanguage\":\"fr-FR\"},{\"@type\":\"Person\",\"@id\":\"https:\/\/www.africa-press.net\/senegal\/#\/schema\/person\/2b1cf3cd81a31e3cd26889ca66d677f1\",\"name\":\"cfeditorfr\",\"url\":\"https:\/\/www.africa-press.net\/senegal\/author\/cfeditorfr\"}]}<\/script>\n<!-- \/ Yoast SEO Premium plugin. -->","yoast_head_json":{"title":"Ngagne Demba Toure\u0301: \"Traiter Macky Sall de Chef de Gang, C\u2019Est Encore Trop Le\u0301ger\" - Senegal","robots":{"index":"index","follow":"follow","max-snippet":"max-snippet:-1","max-image-preview":"max-image-preview:large","max-video-preview":"max-video-preview:-1"},"canonical":"https:\/\/www.africa-press.net\/senegal\/politique\/ngagne-demba-toure-traiter-macky-sall-de-chef-de-gang-cest-encore-trop-leger","og_locale":"fr_FR","og_type":"article","og_title":"Ngagne Demba Toure\u0301: \"Traiter Macky Sall de Chef de Gang, C\u2019Est Encore Trop Le\u0301ger\"","og_description":"Africa-Press &#8211; Senegal. Invite\u0301 de l\u2019e\u0301mission Quartier Ge\u0301ne\u0301ral sur TFM ce mardi 4 mars 2025, Me Ngagne Demba Toure\u0301, directeur ge\u0301ne\u0301ral de la Socie\u0301te\u0301 des mines du Se\u0301ne\u0301gal (SOMISEN), a re\u0301agi aux de\u0301clarations du porte-parole du gouvernement, Moustapha Ndiack Sarre\u0301. Ce dernier avait qualifie\u0301 l\u2019ancien pre\u0301sident Macky Sall de \u00ab chef de gang \u00bb au [&hellip;]","og_url":"https:\/\/www.africa-press.net\/senegal\/politique\/ngagne-demba-toure-traiter-macky-sall-de-chef-de-gang-cest-encore-trop-leger","og_site_name":"Senegal","article_published_time":"2025-03-05T12:10:00+00:00","author":"cfeditorfr","twitter_card":"summary_large_image","twitter_misc":{"\u00c9crit par":"cfeditorfr","Dur\u00e9e de lecture estim\u00e9e":"1 minute"},"schema":{"@context":"https:\/\/schema.org","@graph":[{"@type":"Article","@id":"https:\/\/www.africa-press.net\/senegal\/politique\/ngagne-demba-toure-traiter-macky-sall-de-chef-de-gang-cest-encore-trop-leger#article","isPartOf":{"@id":"https:\/\/www.africa-press.net\/senegal\/politique\/ngagne-demba-toure-traiter-macky-sall-de-chef-de-gang-cest-encore-trop-leger"},"author":{"name":"cfeditorfr","@id":"https:\/\/www.africa-press.net\/senegal\/#\/schema\/person\/2b1cf3cd81a31e3cd26889ca66d677f1"},"headline":"Ngagne Demba Toure\u0301: \u00ab\u00a0Traiter Macky Sall de Chef de Gang, C\u2019Est Encore Trop Le\u0301ger\u00a0\u00bb","datePublished":"2025-03-05T12:10:00+00:00","mainEntityOfPage":{"@id":"https:\/\/www.africa-press.net\/senegal\/politique\/ngagne-demba-toure-traiter-macky-sall-de-chef-de-gang-cest-encore-trop-leger"},"wordCount":299,"commentCount":0,"image":{"@id":"https:\/\/www.africa-press.net\/senegal\/politique\/ngagne-demba-toure-traiter-macky-sall-de-chef-de-gang-cest-encore-trop-leger#primaryimage"},"thumbnailUrl":"https:\/\/static.africa-press.net\/senegal\/sites\/13\/2025\/03\/sm_1741250628.154699.jpg","keywords":["chef de gang","Macky Sall","Ngagne Demba Toure","Senegal"],"articleSection":["Politique","Toutes les actualit\u00e9s"],"inLanguage":"fr-FR","potentialAction":[{"@type":"CommentAction","name":"Comment","target":["https:\/\/www.africa-press.net\/senegal\/politique\/ngagne-demba-toure-traiter-macky-sall-de-chef-de-gang-cest-encore-trop-leger#respond"]}]},{"@type":"WebPage","@id":"https:\/\/www.africa-press.net\/senegal\/politique\/ngagne-demba-toure-traiter-macky-sall-de-chef-de-gang-cest-encore-trop-leger","url":"https:\/\/www.africa-press.net\/senegal\/politique\/ngagne-demba-toure-traiter-macky-sall-de-chef-de-gang-cest-encore-trop-leger","name":"Ngagne Demba Toure\u0301: \"Traiter Macky Sall de Chef de Gang, C\u2019Est Encore Trop Le\u0301ger\" - Senegal","isPartOf":{"@id":"https:\/\/www.africa-press.net\/senegal\/#website"},"primaryImageOfPage":{"@id":"https:\/\/www.africa-press.net\/senegal\/politique\/ngagne-demba-toure-traiter-macky-sall-de-chef-de-gang-cest-encore-trop-leger#primaryimage"},"image":{"@id":"https:\/\/www.africa-press.net\/senegal\/politique\/ngagne-demba-toure-traiter-macky-sall-de-chef-de-gang-cest-encore-trop-leger#primaryimage"},"thumbnailUrl":"https:\/\/static.africa-press.net\/senegal\/sites\/13\/2025\/03\/sm_1741250628.154699.jpg","datePublished":"2025-03-05T12:10:00+00:00","author":{"@id":"https:\/\/www.africa-press.net\/senegal\/#\/schema\/person\/2b1cf3cd81a31e3cd26889ca66d677f1"},"breadcrumb":{"@id":"https:\/\/www.africa-press.net\/senegal\/politique\/ngagne-demba-toure-traiter-macky-sall-de-chef-de-gang-cest-encore-trop-leger#breadcrumb"},"inLanguage":"fr-FR","potentialAction":[{"@type":"ReadAction","target":["https:\/\/www.africa-press.net\/senegal\/politique\/ngagne-demba-toure-traiter-macky-sall-de-chef-de-gang-cest-encore-trop-leger"]}]},{"@type":"ImageObject","inLanguage":"fr-FR","@id":"https:\/\/www.africa-press.net\/senegal\/politique\/ngagne-demba-toure-traiter-macky-sall-de-chef-de-gang-cest-encore-trop-leger#primaryimage","url":"https:\/\/static.africa-press.net\/senegal\/sites\/13\/2025\/03\/sm_1741250628.154699.jpg","contentUrl":"https:\/\/static.africa-press.net\/senegal\/sites\/13\/2025\/03\/sm_1741250628.154699.jpg","width":720,"height":350,"caption":"Ngagne Demba Toure\u0301: \"Traiter Macky Sall de Chef de Gang, C\u2019Est Encore Trop Le\u0301ger\""},{"@type":"BreadcrumbList","@id":"https:\/\/www.africa-press.net\/senegal\/politique\/ngagne-demba-toure-traiter-macky-sall-de-chef-de-gang-cest-encore-trop-leger#breadcrumb","itemListElement":[{"@type":"ListItem","position":1,"name":"Accueil","item":"https:\/\/www.africa-press.net\/senegal\/"},{"@type":"ListItem","position":2,"name":"Ngagne Demba Toure\u0301: \u00ab\u00a0Traiter Macky Sall de Chef de Gang, C\u2019Est Encore Trop Le\u0301ger\u00a0\u00bb"}]},{"@type":"WebSite","@id":"https:\/\/www.africa-press.net\/senegal\/#website","url":"https:\/\/www.africa-press.net\/senegal\/","name":"Africa Press | Senegal | Homepage","description":"Just another Africa News Agency Sites site","potentialAction":[{"@type":"SearchAction","target":{"@type":"EntryPoint","urlTemplate":"https:\/\/www.africa-press.net\/senegal\/?s={search_term_string}"},"query-input":{"@type":"PropertyValueSpecification","valueRequired":true,"valueName":"search_term_string"}}],"inLanguage":"fr-FR"},{"@type":"Person","@id":"https:\/\/www.africa-press.net\/senegal\/#\/schema\/person\/2b1cf3cd81a31e3cd26889ca66d677f1","name":"cfeditorfr","url":"https:\/\/www.africa-press.net\/senegal\/author\/cfeditorfr"}]}},"_links":{"self":[{"href":"https:\/\/www.africa-press.net\/senegal\/wp-json\/wp\/v2\/posts\/65927","targetHints":{"allow":["GET"]}}],"collection":[{"href":"https:\/\/www.africa-press.net\/senegal\/wp-json\/wp\/v2\/posts"}],"about":[{"href":"https:\/\/www.africa-press.net\/senegal\/wp-json\/wp\/v2\/types\/post"}],"author":[{"embeddable":true,"href":"https:\/\/www.africa-press.net\/senegal\/wp-json\/wp\/v2\/users\/82"}],"replies":[{"embeddable":true,"href":"https:\/\/www.africa-press.net\/senegal\/wp-json\/wp\/v2\/comments?post=65927"}],"version-history":[{"count":0,"href":"https:\/\/www.africa-press.net\/senegal\/wp-json\/wp\/v2\/posts\/65927\/revisions"}],"wp:featuredmedia":[{"embeddable":true,"href":"https:\/\/www.africa-press.net\/senegal\/wp-json\/wp\/v2\/media\/65926"}],"wp:attachment":[{"href":"https:\/\/www.africa-press.net\/senegal\/wp-json\/wp\/v2\/media?parent=65927"}],"wp:term":[{"taxonomy":"category","embeddable":true,"href":"https:\/\/www.africa-press.net\/senegal\/wp-json\/wp\/v2\/categories?post=65927"},{"taxonomy":"post_tag","embeddable":true,"href":"https:\/\/www.africa-press.net\/senegal\/wp-json\/wp\/v2\/tags?post=65927"}],"curies":[{"name":"wp","href":"https:\/\/api.w.org\/{rel}","templated":true}]}}