{"id":65949,"date":"2025-03-06T12:00:00","date_gmt":"2025-03-06T12:00:00","guid":{"rendered":"https:\/\/www.africa-press.net\/senegal\/politique\/vaccination-ciblee-contre-le-chikungunya-a-la-reunion"},"modified":"2025-03-06T12:00:00","modified_gmt":"2025-03-06T12:00:00","slug":"vaccination-ciblee-contre-le-chikungunya-a-la-reunion","status":"publish","type":"post","link":"https:\/\/www.africa-press.net\/senegal\/toutes-les-actualites\/vaccination-ciblee-contre-le-chikungunya-a-la-reunion","title":{"rendered":"Vaccination Cibl\u00e9e Contre le Chikungunya \u00e0 la R\u00e9union"},"content":{"rendered":"<p><span style=\"color: #ff6600\"><strong>Africa-Press &#8211; Senegal. <\/strong><\/span>Face a\u0300 l\u2019e\u0301pide\u0301mie de chikungunya a\u0300 La Re\u0301union, une campagne de vaccination cible\u0301e sur les personnes les plus a\u0300 risque de formes graves de cette maladie transmise par des moustiques va e\u0302tre mise en oeuvre, ont annonce\u0301 mercredi 5 mars 2025 les autorite\u0301s sanitaires. Saisie en urgence par le gouvernement, la Haute autorite\u0301 de sante\u0301 a pre\u0301conise\u0301 de vacciner en priorite\u0301 les seniors de plus de 65 ans, les adultes ayant des comorbidite\u0301s (hypertension arte\u0301rielle, diabe\u0300te, maladies cardiovasculaires, etc) et les agents de lutte anti-moustique dans cette i\u0302le franc\u0327aise de l\u2019oce\u0301an Indien. Cet avis sera suivi par les autorite\u0301s sanitaires qui vont \u00ab travailler a\u0300 la mise en \u0153uvre ope\u0301rationnelle de cette vaccination \u00bb, a de\u0301clare\u0301 a\u0300 l\u2019AFP le ministe\u0300re de la Sante\u0301, sans pre\u0301ciser de calendrier, confirmant une information de franceinfo.<\/p>\n<p>Pour \u00ab limiter les formes graves et l\u2019impact sanitaire de l\u2019e\u0301pide\u0301mie, un financement exceptionnel \u00bb sera de\u0301bloque\u0301 \u00ab rapidement \u00bb afin de \u00ab proposer gratuitement la vaccination aux cibles prioritaires \u00bb a\u0300 La Re\u0301union, a-t-on pre\u0301cise\u0301 de me\u0302me source. Le fabricant franco-autrichien du vaccin disponible, le laboratoire Valneva n\u2019ayant pas fait de demande de remboursement par l\u2019Assurance maladie, le cou\u0302t du produit, autour de 250 euros, reste en principe a\u0300 la charge du patient. La HAS se prononcera aussi prochainement sur l\u2019utilisation du vaccin Vimkunya, de\u0301veloppe\u0301 par Bavarian Nordic.<\/p>\n<p>De\u0301marre\u0301e cet e\u0301te\u0301, la flambe\u0301e de chikungunya s\u2019est intensifie\u0301e ces dernie\u0300res semaines a\u0300 La Re\u0301union, avec 3.390 cas recense\u0301s depuis le 23 aou\u0302t 2024, dont 3.245 depuis de\u0301but 2025, selon Sante\u0301 publique France. Plus de la moitie\u0301 d\u2019entre eux sont des cas autochtones, infecte\u0301s par un moustique pre\u0301sent sur place. Si l\u2019impact sanitaire reste limite\u0301 a\u0300 ce stade, avec 13 hospitalisations mais aucun cas grave ou de\u0301ce\u0300s signale\u0301, les autorite\u0301s locales et nationales le surveillent de pre\u0300s.<\/p>\n<p><b>\u00ab Pic autour de mai \u00bb<\/b><\/p>\n<p>Maladie virale ge\u0301ne\u0301ralement be\u0301nigne, le chikungunya provoque une fie\u0300vre brutale accompagne\u0301e d\u2019intenses douleurs musculaires et articulaires. Mais des complications -neurologiques, musculaires, cardiovasculaires -, voire des de\u0301ce\u0300s, peuvent survenir, et les sympto\u0302mes peuvent persister au-dela\u0300 de 3 mois. A\u0300 ce jour, il n\u2019existe pas de traitement curatif, mais un premier vaccin contre le chikungunya, Ixchiq de Valneva, a obtenu en juin une autorisation de mise sur le marche\u0301 en Europe pour les adultes.<\/p>\n<p>Devant la situation a\u0300 La Re\u0301union, la HAS a recommande\u0301 de vacciner en priorite\u0301 les populations a\u0300 risque de formes graves et\/ou chroniques et sans diagnostic passe\u0301 d\u2019infection, vu l\u2019efficacite\u0301 significative attendue chez ces cate\u0301gories et le \u00ab nombre limite\u0301 de doses \u00bb disponibles. Faute de donne\u0301es de se\u0301curite\u0301 suffisantes, l\u2019utilisation d\u2019Ixchiq \u2013 un vaccin vivant atte\u0301nue\u0301 \u2013 n\u2019est en revanche pas pre\u0301conise\u0301e \u00ab a\u0300 ce stade \u00bb chez les femmes enceintes et demeure \u00ab contre-indique\u0301e chez les personnes immunode\u0301prime\u0301es \u00bb.<\/p>\n<p>Avant la flambe\u0301e actuelle, aucun cas de chikungunya n\u2019avait e\u0301te\u0301 signale\u0301 depuis 2010 a\u0300 La Re\u0301union. Une grande e\u0301pide\u0301mie y avait touche\u0301 260.000 personnes et fait 225 morts entre 2005 et 2006. L\u2019e\u0301pide\u0301mie devrait y e\u0302tre \u00ab de moindre ampleur qu\u2019il y a 20 ans \u00bb, a estime\u0301 il y a quelques semaines Xavier Deparis, directeur de la veille sanitaire a\u0300 l\u2019Agence re\u0301gionale de sante\u0301 (ARS), tout en se disant \u00ab vigilant \u00bb. \u00ab On s\u2019attend a\u0300 un pic autour de mai, donc il faut aller assez vite sur les mesures de pre\u0301vention \u00bb et contre les moustiques qui transmettent le virus, car seulement \u00ab 17% de la population de La Re\u0301union dispose, a priori, d\u2019une immunite\u0301 contre le chikungunya \u00bb, a de\u0301clare\u0301 mi-fe\u0301vrier l\u2019infectiologue E\u0301milie Mosnier, lors d\u2019une confe\u0301rence de presse de l\u2019ANRS-Maladies infectieuses e\u0301mergentes.<\/p>\n<p>Me\u0302me vaccine\u0301, il faut continuer de lutter contre les gites larvaires et e\u0301viter les piqu\u0302res en portant des ve\u0302tements couvrants et en utilisant re\u0301pulsifs et moustiquaires, insistent les autorite\u0301s sanitaires. Des ope\u0301rations de de\u0301moustication se sont multiplie\u0301es a\u0300 La Re\u0301union ces dernie\u0300res semaines, et 10 millions de moustiques tigres ste\u0301riles et recouverts d\u2019un biocide seront la\u0302che\u0301s a\u0300 partir d\u2019avril dans le sud de l\u2019i\u0302le -une expe\u0301rimentation pour tenter d\u2019enrayer la reproduction.<\/p>\n<p><strong>Pour plus d&rsquo;informations et d&rsquo;analyses sur la <span style=\"color: #ff6600\">Senegal<\/span>, suivez <span style=\"color: #ff6600\">Africa-Press<span style=\"color: #ff6600\"><\/span><\/strong><\/p>\n","protected":false},"excerpt":{"rendered":"<p>Africa-Press &#8211; Senegal. Face a\u0300 l\u2019e\u0301pide\u0301mie de chikungunya a\u0300 La Re\u0301union, une campagne de vaccination cible\u0301e sur les personnes les plus a\u0300 risque de formes graves de cette maladie transmise par des moustiques va e\u0302tre mise en oeuvre, ont annonce\u0301 mercredi 5 mars 2025 les autorite\u0301s sanitaires. Saisie en urgence par le gouvernement, la Haute [&hellip;]<\/p>\n","protected":false},"author":82,"featured_media":65948,"comment_status":"open","ping_status":"closed","sticky":false,"template":"","format":"standard","meta":{"footnotes":""},"categories":[22,10],"tags":[44],"class_list":["post-65949","post","type-post","status-publish","format-standard","has-post-thumbnail","hentry","category-divers","category-toutes-les-actualites","tag-senegal-2"],"yoast_head":"<!-- This site is optimized with the Yoast SEO Premium plugin v26.1 (Yoast SEO v27.0) - https:\/\/yoast.com\/product\/yoast-seo-premium-wordpress\/ -->\n<title>Vaccination Cibl\u00e9e Contre le Chikungunya \u00e0 la R\u00e9union - Senegal<\/title>\n<meta name=\"robots\" content=\"index, follow, max-snippet:-1, max-image-preview:large, max-video-preview:-1\" \/>\n<link rel=\"canonical\" href=\"https:\/\/www.africa-press.net\/senegal\/politique\/vaccination-ciblee-contre-le-chikungunya-a-la-reunion\" \/>\n<meta property=\"og:locale\" content=\"fr_FR\" \/>\n<meta property=\"og:type\" content=\"article\" \/>\n<meta property=\"og:title\" content=\"Vaccination Cibl\u00e9e Contre le Chikungunya \u00e0 la R\u00e9union\" \/>\n<meta property=\"og:description\" content=\"Africa-Press &#8211; Senegal. Face a\u0300 l\u2019e\u0301pide\u0301mie de chikungunya a\u0300 La Re\u0301union, une campagne de vaccination cible\u0301e sur les personnes les plus a\u0300 risque de formes graves de cette maladie transmise par des moustiques va e\u0302tre mise en oeuvre, ont annonce\u0301 mercredi 5 mars 2025 les autorite\u0301s sanitaires. Saisie en urgence par le gouvernement, la Haute [&hellip;]\" \/>\n<meta property=\"og:url\" content=\"https:\/\/www.africa-press.net\/senegal\/politique\/vaccination-ciblee-contre-le-chikungunya-a-la-reunion\" \/>\n<meta property=\"og:site_name\" content=\"Senegal\" \/>\n<meta property=\"article:published_time\" content=\"2025-03-06T12:00:00+00:00\" \/>\n<meta name=\"author\" content=\"cfeditorfr\" \/>\n<meta name=\"twitter:card\" content=\"summary_large_image\" \/>\n<meta name=\"twitter:label1\" content=\"\u00c9crit par\" \/>\n\t<meta name=\"twitter:data1\" content=\"cfeditorfr\" \/>\n\t<meta name=\"twitter:label2\" content=\"Dur\u00e9e de lecture estim\u00e9e\" \/>\n\t<meta name=\"twitter:data2\" content=\"4 minutes\" \/>\n<script type=\"application\/ld+json\" class=\"yoast-schema-graph\">{\"@context\":\"https:\/\/schema.org\",\"@graph\":[{\"@type\":\"Article\",\"@id\":\"https:\/\/www.africa-press.net\/senegal\/politique\/vaccination-ciblee-contre-le-chikungunya-a-la-reunion#article\",\"isPartOf\":{\"@id\":\"https:\/\/www.africa-press.net\/senegal\/politique\/vaccination-ciblee-contre-le-chikungunya-a-la-reunion\"},\"author\":{\"name\":\"cfeditorfr\",\"@id\":\"https:\/\/www.africa-press.net\/senegal\/#\/schema\/person\/2b1cf3cd81a31e3cd26889ca66d677f1\"},\"headline\":\"Vaccination Cibl\u00e9e Contre le Chikungunya \u00e0 la R\u00e9union\",\"datePublished\":\"2025-03-06T12:00:00+00:00\",\"mainEntityOfPage\":{\"@id\":\"https:\/\/www.africa-press.net\/senegal\/politique\/vaccination-ciblee-contre-le-chikungunya-a-la-reunion\"},\"wordCount\":767,\"commentCount\":0,\"image\":{\"@id\":\"https:\/\/www.africa-press.net\/senegal\/politique\/vaccination-ciblee-contre-le-chikungunya-a-la-reunion#primaryimage\"},\"thumbnailUrl\":\"https:\/\/static.africa-press.net\/senegal\/sites\/13\/2025\/03\/sm_1741336919.002698.jpg\",\"keywords\":[\"Senegal\"],\"articleSection\":[\"Divers\",\"Toutes les actualit\u00e9s\"],\"inLanguage\":\"fr-FR\",\"potentialAction\":[{\"@type\":\"CommentAction\",\"name\":\"Comment\",\"target\":[\"https:\/\/www.africa-press.net\/senegal\/politique\/vaccination-ciblee-contre-le-chikungunya-a-la-reunion#respond\"]}]},{\"@type\":\"WebPage\",\"@id\":\"https:\/\/www.africa-press.net\/senegal\/politique\/vaccination-ciblee-contre-le-chikungunya-a-la-reunion\",\"url\":\"https:\/\/www.africa-press.net\/senegal\/politique\/vaccination-ciblee-contre-le-chikungunya-a-la-reunion\",\"name\":\"Vaccination Cibl\u00e9e Contre le Chikungunya \u00e0 la R\u00e9union - Senegal\",\"isPartOf\":{\"@id\":\"https:\/\/www.africa-press.net\/senegal\/#website\"},\"primaryImageOfPage\":{\"@id\":\"https:\/\/www.africa-press.net\/senegal\/politique\/vaccination-ciblee-contre-le-chikungunya-a-la-reunion#primaryimage\"},\"image\":{\"@id\":\"https:\/\/www.africa-press.net\/senegal\/politique\/vaccination-ciblee-contre-le-chikungunya-a-la-reunion#primaryimage\"},\"thumbnailUrl\":\"https:\/\/static.africa-press.net\/senegal\/sites\/13\/2025\/03\/sm_1741336919.002698.jpg\",\"datePublished\":\"2025-03-06T12:00:00+00:00\",\"author\":{\"@id\":\"https:\/\/www.africa-press.net\/senegal\/#\/schema\/person\/2b1cf3cd81a31e3cd26889ca66d677f1\"},\"breadcrumb\":{\"@id\":\"https:\/\/www.africa-press.net\/senegal\/politique\/vaccination-ciblee-contre-le-chikungunya-a-la-reunion#breadcrumb\"},\"inLanguage\":\"fr-FR\",\"potentialAction\":[{\"@type\":\"ReadAction\",\"target\":[\"https:\/\/www.africa-press.net\/senegal\/politique\/vaccination-ciblee-contre-le-chikungunya-a-la-reunion\"]}]},{\"@type\":\"ImageObject\",\"inLanguage\":\"fr-FR\",\"@id\":\"https:\/\/www.africa-press.net\/senegal\/politique\/vaccination-ciblee-contre-le-chikungunya-a-la-reunion#primaryimage\",\"url\":\"https:\/\/static.africa-press.net\/senegal\/sites\/13\/2025\/03\/sm_1741336919.002698.jpg\",\"contentUrl\":\"https:\/\/static.africa-press.net\/senegal\/sites\/13\/2025\/03\/sm_1741336919.002698.jpg\",\"width\":1280,\"height\":720,\"caption\":\"Vaccination Cibl\u00e9e Contre le Chikungunya \u00e0 la R\u00e9union\"},{\"@type\":\"BreadcrumbList\",\"@id\":\"https:\/\/www.africa-press.net\/senegal\/politique\/vaccination-ciblee-contre-le-chikungunya-a-la-reunion#breadcrumb\",\"itemListElement\":[{\"@type\":\"ListItem\",\"position\":1,\"name\":\"Accueil\",\"item\":\"https:\/\/www.africa-press.net\/senegal\/\"},{\"@type\":\"ListItem\",\"position\":2,\"name\":\"Vaccination Cibl\u00e9e Contre le Chikungunya \u00e0 la R\u00e9union\"}]},{\"@type\":\"WebSite\",\"@id\":\"https:\/\/www.africa-press.net\/senegal\/#website\",\"url\":\"https:\/\/www.africa-press.net\/senegal\/\",\"name\":\"Africa Press | Senegal | Homepage\",\"description\":\"Just another Africa News Agency Sites site\",\"potentialAction\":[{\"@type\":\"SearchAction\",\"target\":{\"@type\":\"EntryPoint\",\"urlTemplate\":\"https:\/\/www.africa-press.net\/senegal\/?s={search_term_string}\"},\"query-input\":{\"@type\":\"PropertyValueSpecification\",\"valueRequired\":true,\"valueName\":\"search_term_string\"}}],\"inLanguage\":\"fr-FR\"},{\"@type\":\"Person\",\"@id\":\"https:\/\/www.africa-press.net\/senegal\/#\/schema\/person\/2b1cf3cd81a31e3cd26889ca66d677f1\",\"name\":\"cfeditorfr\",\"url\":\"https:\/\/www.africa-press.net\/senegal\/author\/cfeditorfr\"}]}<\/script>\n<!-- \/ Yoast SEO Premium plugin. -->","yoast_head_json":{"title":"Vaccination Cibl\u00e9e Contre le Chikungunya \u00e0 la R\u00e9union - Senegal","robots":{"index":"index","follow":"follow","max-snippet":"max-snippet:-1","max-image-preview":"max-image-preview:large","max-video-preview":"max-video-preview:-1"},"canonical":"https:\/\/www.africa-press.net\/senegal\/politique\/vaccination-ciblee-contre-le-chikungunya-a-la-reunion","og_locale":"fr_FR","og_type":"article","og_title":"Vaccination Cibl\u00e9e Contre le Chikungunya \u00e0 la R\u00e9union","og_description":"Africa-Press &#8211; Senegal. Face a\u0300 l\u2019e\u0301pide\u0301mie de chikungunya a\u0300 La Re\u0301union, une campagne de vaccination cible\u0301e sur les personnes les plus a\u0300 risque de formes graves de cette maladie transmise par des moustiques va e\u0302tre mise en oeuvre, ont annonce\u0301 mercredi 5 mars 2025 les autorite\u0301s sanitaires. Saisie en urgence par le gouvernement, la Haute [&hellip;]","og_url":"https:\/\/www.africa-press.net\/senegal\/politique\/vaccination-ciblee-contre-le-chikungunya-a-la-reunion","og_site_name":"Senegal","article_published_time":"2025-03-06T12:00:00+00:00","author":"cfeditorfr","twitter_card":"summary_large_image","twitter_misc":{"\u00c9crit par":"cfeditorfr","Dur\u00e9e de lecture estim\u00e9e":"4 minutes"},"schema":{"@context":"https:\/\/schema.org","@graph":[{"@type":"Article","@id":"https:\/\/www.africa-press.net\/senegal\/politique\/vaccination-ciblee-contre-le-chikungunya-a-la-reunion#article","isPartOf":{"@id":"https:\/\/www.africa-press.net\/senegal\/politique\/vaccination-ciblee-contre-le-chikungunya-a-la-reunion"},"author":{"name":"cfeditorfr","@id":"https:\/\/www.africa-press.net\/senegal\/#\/schema\/person\/2b1cf3cd81a31e3cd26889ca66d677f1"},"headline":"Vaccination Cibl\u00e9e Contre le Chikungunya \u00e0 la R\u00e9union","datePublished":"2025-03-06T12:00:00+00:00","mainEntityOfPage":{"@id":"https:\/\/www.africa-press.net\/senegal\/politique\/vaccination-ciblee-contre-le-chikungunya-a-la-reunion"},"wordCount":767,"commentCount":0,"image":{"@id":"https:\/\/www.africa-press.net\/senegal\/politique\/vaccination-ciblee-contre-le-chikungunya-a-la-reunion#primaryimage"},"thumbnailUrl":"https:\/\/static.africa-press.net\/senegal\/sites\/13\/2025\/03\/sm_1741336919.002698.jpg","keywords":["Senegal"],"articleSection":["Divers","Toutes les actualit\u00e9s"],"inLanguage":"fr-FR","potentialAction":[{"@type":"CommentAction","name":"Comment","target":["https:\/\/www.africa-press.net\/senegal\/politique\/vaccination-ciblee-contre-le-chikungunya-a-la-reunion#respond"]}]},{"@type":"WebPage","@id":"https:\/\/www.africa-press.net\/senegal\/politique\/vaccination-ciblee-contre-le-chikungunya-a-la-reunion","url":"https:\/\/www.africa-press.net\/senegal\/politique\/vaccination-ciblee-contre-le-chikungunya-a-la-reunion","name":"Vaccination Cibl\u00e9e Contre le Chikungunya \u00e0 la R\u00e9union - Senegal","isPartOf":{"@id":"https:\/\/www.africa-press.net\/senegal\/#website"},"primaryImageOfPage":{"@id":"https:\/\/www.africa-press.net\/senegal\/politique\/vaccination-ciblee-contre-le-chikungunya-a-la-reunion#primaryimage"},"image":{"@id":"https:\/\/www.africa-press.net\/senegal\/politique\/vaccination-ciblee-contre-le-chikungunya-a-la-reunion#primaryimage"},"thumbnailUrl":"https:\/\/static.africa-press.net\/senegal\/sites\/13\/2025\/03\/sm_1741336919.002698.jpg","datePublished":"2025-03-06T12:00:00+00:00","author":{"@id":"https:\/\/www.africa-press.net\/senegal\/#\/schema\/person\/2b1cf3cd81a31e3cd26889ca66d677f1"},"breadcrumb":{"@id":"https:\/\/www.africa-press.net\/senegal\/politique\/vaccination-ciblee-contre-le-chikungunya-a-la-reunion#breadcrumb"},"inLanguage":"fr-FR","potentialAction":[{"@type":"ReadAction","target":["https:\/\/www.africa-press.net\/senegal\/politique\/vaccination-ciblee-contre-le-chikungunya-a-la-reunion"]}]},{"@type":"ImageObject","inLanguage":"fr-FR","@id":"https:\/\/www.africa-press.net\/senegal\/politique\/vaccination-ciblee-contre-le-chikungunya-a-la-reunion#primaryimage","url":"https:\/\/static.africa-press.net\/senegal\/sites\/13\/2025\/03\/sm_1741336919.002698.jpg","contentUrl":"https:\/\/static.africa-press.net\/senegal\/sites\/13\/2025\/03\/sm_1741336919.002698.jpg","width":1280,"height":720,"caption":"Vaccination Cibl\u00e9e Contre le Chikungunya \u00e0 la R\u00e9union"},{"@type":"BreadcrumbList","@id":"https:\/\/www.africa-press.net\/senegal\/politique\/vaccination-ciblee-contre-le-chikungunya-a-la-reunion#breadcrumb","itemListElement":[{"@type":"ListItem","position":1,"name":"Accueil","item":"https:\/\/www.africa-press.net\/senegal\/"},{"@type":"ListItem","position":2,"name":"Vaccination Cibl\u00e9e Contre le Chikungunya \u00e0 la R\u00e9union"}]},{"@type":"WebSite","@id":"https:\/\/www.africa-press.net\/senegal\/#website","url":"https:\/\/www.africa-press.net\/senegal\/","name":"Africa Press | Senegal | Homepage","description":"Just another Africa News Agency Sites site","potentialAction":[{"@type":"SearchAction","target":{"@type":"EntryPoint","urlTemplate":"https:\/\/www.africa-press.net\/senegal\/?s={search_term_string}"},"query-input":{"@type":"PropertyValueSpecification","valueRequired":true,"valueName":"search_term_string"}}],"inLanguage":"fr-FR"},{"@type":"Person","@id":"https:\/\/www.africa-press.net\/senegal\/#\/schema\/person\/2b1cf3cd81a31e3cd26889ca66d677f1","name":"cfeditorfr","url":"https:\/\/www.africa-press.net\/senegal\/author\/cfeditorfr"}]}},"_links":{"self":[{"href":"https:\/\/www.africa-press.net\/senegal\/wp-json\/wp\/v2\/posts\/65949","targetHints":{"allow":["GET"]}}],"collection":[{"href":"https:\/\/www.africa-press.net\/senegal\/wp-json\/wp\/v2\/posts"}],"about":[{"href":"https:\/\/www.africa-press.net\/senegal\/wp-json\/wp\/v2\/types\/post"}],"author":[{"embeddable":true,"href":"https:\/\/www.africa-press.net\/senegal\/wp-json\/wp\/v2\/users\/82"}],"replies":[{"embeddable":true,"href":"https:\/\/www.africa-press.net\/senegal\/wp-json\/wp\/v2\/comments?post=65949"}],"version-history":[{"count":0,"href":"https:\/\/www.africa-press.net\/senegal\/wp-json\/wp\/v2\/posts\/65949\/revisions"}],"wp:featuredmedia":[{"embeddable":true,"href":"https:\/\/www.africa-press.net\/senegal\/wp-json\/wp\/v2\/media\/65948"}],"wp:attachment":[{"href":"https:\/\/www.africa-press.net\/senegal\/wp-json\/wp\/v2\/media?parent=65949"}],"wp:term":[{"taxonomy":"category","embeddable":true,"href":"https:\/\/www.africa-press.net\/senegal\/wp-json\/wp\/v2\/categories?post=65949"},{"taxonomy":"post_tag","embeddable":true,"href":"https:\/\/www.africa-press.net\/senegal\/wp-json\/wp\/v2\/tags?post=65949"}],"curies":[{"name":"wp","href":"https:\/\/api.w.org\/{rel}","templated":true}]}}