{"id":65957,"date":"2025-03-07T12:30:00","date_gmt":"2025-03-07T12:30:00","guid":{"rendered":"https:\/\/www.africa-press.net\/senegal\/politique\/wang-yi-repond-a-la-presse-au-sujet-des-relations-sino-africaines"},"modified":"2025-03-07T12:30:00","modified_gmt":"2025-03-07T12:30:00","slug":"wang-yi-repond-a-la-presse-au-sujet-des-relations-sino-africaines","status":"publish","type":"post","link":"https:\/\/www.africa-press.net\/senegal\/politique\/wang-yi-repond-a-la-presse-au-sujet-des-relations-sino-africaines","title":{"rendered":"Wang Yi R\u00e9pond \u00e0 la Presse au Sujet des Relations Sino-Africaines"},"content":{"rendered":"<p><span style=\"color: #ff6600\"><strong>Africa-Press &#8211; Senegal. <\/strong><\/span><b>Wang Yi, membre du Bureau politique du Comite\u0301 central du Parti communiste chinois et e\u0301galement ministre des Affaires e\u0301trange\u0300res, tient une confe\u0301rence de presse en marge de la troisie\u0300me session de la 14e Assemble\u0301e populaire nationale (APN) a\u0300 Beijing, re\u0301pondant a\u0300 des questions des journalistes.<\/b><br \/>\n<b>Au sujet des relations sino-africaines<\/b><\/p>\n<p>Wang Yi: Les relations bilate\u0301rales entre la Chine et chacun des pays africains ayant avec elle des relations diplomatiques ont e\u0301te\u0301 porte\u0301es au niveau de partenariat strate\u0301gique et la communaute\u0301 d\u2019avenir partage\u0301 Chine-Afrique a e\u0301te\u0301 rehausse\u0301e a\u0300 une communaute\u0301 d\u2019avenir partage\u0301 de tout temps.<\/p>\n<p>L\u2019Afrique est une terre prometteuse du 21e sie\u0300cle. Sans sa modernisation, il n\u2019y aura pas de modernisation mondiale.<\/p>\n<p><strong>Pour plus d&rsquo;informations et d&rsquo;analyses sur la <span style=\"color: #ff6600\">Senegal<\/span>, suivez <span style=\"color: #ff6600\">Africa-Press<span style=\"color: #ff6600\"><\/span><\/strong><\/p>\n","protected":false},"excerpt":{"rendered":"<p>Africa-Press &#8211; Senegal. Wang Yi, membre du Bureau politique du Comite\u0301 central du Parti communiste chinois et e\u0301galement ministre des Affaires e\u0301trange\u0300res, tient une confe\u0301rence de presse en marge de la troisie\u0300me session de la 14e Assemble\u0301e populaire nationale (APN) a\u0300 Beijing, re\u0301pondant a\u0300 des questions des journalistes. Au sujet des relations sino-africaines Wang Yi: [&hellip;]<\/p>\n","protected":false},"author":82,"featured_media":65956,"comment_status":"open","ping_status":"closed","sticky":false,"template":"","format":"standard","meta":{"footnotes":""},"categories":[2,10],"tags":[44],"class_list":["post-65957","post","type-post","status-publish","format-standard","has-post-thumbnail","hentry","category-politique","category-toutes-les-actualites","tag-senegal-2"],"yoast_head":"<!-- This site is optimized with the Yoast SEO Premium plugin v26.1 (Yoast SEO v27.0) - https:\/\/yoast.com\/product\/yoast-seo-premium-wordpress\/ -->\n<title>Wang Yi R\u00e9pond \u00e0 la Presse au Sujet des Relations Sino-Africaines - Senegal<\/title>\n<meta name=\"robots\" content=\"index, follow, max-snippet:-1, max-image-preview:large, max-video-preview:-1\" \/>\n<link rel=\"canonical\" href=\"https:\/\/www.africa-press.net\/senegal\/politique\/wang-yi-repond-a-la-presse-au-sujet-des-relations-sino-africaines\" \/>\n<meta property=\"og:locale\" content=\"fr_FR\" \/>\n<meta property=\"og:type\" content=\"article\" \/>\n<meta property=\"og:title\" content=\"Wang Yi R\u00e9pond \u00e0 la Presse au Sujet des Relations Sino-Africaines\" \/>\n<meta property=\"og:description\" content=\"Africa-Press &#8211; Senegal. Wang Yi, membre du Bureau politique du Comite\u0301 central du Parti communiste chinois et e\u0301galement ministre des Affaires e\u0301trange\u0300res, tient une confe\u0301rence de presse en marge de la troisie\u0300me session de la 14e Assemble\u0301e populaire nationale (APN) a\u0300 Beijing, re\u0301pondant a\u0300 des questions des journalistes. Au sujet des relations sino-africaines Wang Yi: [&hellip;]\" \/>\n<meta property=\"og:url\" content=\"https:\/\/www.africa-press.net\/senegal\/politique\/wang-yi-repond-a-la-presse-au-sujet-des-relations-sino-africaines\" \/>\n<meta property=\"og:site_name\" content=\"Senegal\" \/>\n<meta property=\"article:published_time\" content=\"2025-03-07T12:30:00+00:00\" \/>\n<meta name=\"author\" content=\"cfeditorfr\" \/>\n<meta name=\"twitter:card\" content=\"summary_large_image\" \/>\n<meta name=\"twitter:label1\" content=\"\u00c9crit par\" \/>\n\t<meta name=\"twitter:data1\" content=\"cfeditorfr\" \/>\n\t<meta name=\"twitter:label2\" content=\"Dur\u00e9e de lecture estim\u00e9e\" \/>\n\t<meta name=\"twitter:data2\" content=\"1 minute\" \/>\n<script type=\"application\/ld+json\" class=\"yoast-schema-graph\">{\"@context\":\"https:\/\/schema.org\",\"@graph\":[{\"@type\":\"Article\",\"@id\":\"https:\/\/www.africa-press.net\/senegal\/politique\/wang-yi-repond-a-la-presse-au-sujet-des-relations-sino-africaines#article\",\"isPartOf\":{\"@id\":\"https:\/\/www.africa-press.net\/senegal\/politique\/wang-yi-repond-a-la-presse-au-sujet-des-relations-sino-africaines\"},\"author\":{\"name\":\"cfeditorfr\",\"@id\":\"https:\/\/www.africa-press.net\/senegal\/#\/schema\/person\/2b1cf3cd81a31e3cd26889ca66d677f1\"},\"headline\":\"Wang Yi R\u00e9pond \u00e0 la Presse au Sujet des Relations Sino-Africaines\",\"datePublished\":\"2025-03-07T12:30:00+00:00\",\"mainEntityOfPage\":{\"@id\":\"https:\/\/www.africa-press.net\/senegal\/politique\/wang-yi-repond-a-la-presse-au-sujet-des-relations-sino-africaines\"},\"wordCount\":156,\"commentCount\":0,\"image\":{\"@id\":\"https:\/\/www.africa-press.net\/senegal\/politique\/wang-yi-repond-a-la-presse-au-sujet-des-relations-sino-africaines#primaryimage\"},\"thumbnailUrl\":\"https:\/\/static.africa-press.net\/senegal\/sites\/13\/2025\/03\/sm_1741414033.164566.jpg\",\"keywords\":[\"Senegal\"],\"articleSection\":[\"Politique\",\"Toutes les actualit\u00e9s\"],\"inLanguage\":\"fr-FR\",\"potentialAction\":[{\"@type\":\"CommentAction\",\"name\":\"Comment\",\"target\":[\"https:\/\/www.africa-press.net\/senegal\/politique\/wang-yi-repond-a-la-presse-au-sujet-des-relations-sino-africaines#respond\"]}]},{\"@type\":\"WebPage\",\"@id\":\"https:\/\/www.africa-press.net\/senegal\/politique\/wang-yi-repond-a-la-presse-au-sujet-des-relations-sino-africaines\",\"url\":\"https:\/\/www.africa-press.net\/senegal\/politique\/wang-yi-repond-a-la-presse-au-sujet-des-relations-sino-africaines\",\"name\":\"Wang Yi R\u00e9pond \u00e0 la Presse au Sujet des Relations Sino-Africaines - Senegal\",\"isPartOf\":{\"@id\":\"https:\/\/www.africa-press.net\/senegal\/#website\"},\"primaryImageOfPage\":{\"@id\":\"https:\/\/www.africa-press.net\/senegal\/politique\/wang-yi-repond-a-la-presse-au-sujet-des-relations-sino-africaines#primaryimage\"},\"image\":{\"@id\":\"https:\/\/www.africa-press.net\/senegal\/politique\/wang-yi-repond-a-la-presse-au-sujet-des-relations-sino-africaines#primaryimage\"},\"thumbnailUrl\":\"https:\/\/static.africa-press.net\/senegal\/sites\/13\/2025\/03\/sm_1741414033.164566.jpg\",\"datePublished\":\"2025-03-07T12:30:00+00:00\",\"author\":{\"@id\":\"https:\/\/www.africa-press.net\/senegal\/#\/schema\/person\/2b1cf3cd81a31e3cd26889ca66d677f1\"},\"breadcrumb\":{\"@id\":\"https:\/\/www.africa-press.net\/senegal\/politique\/wang-yi-repond-a-la-presse-au-sujet-des-relations-sino-africaines#breadcrumb\"},\"inLanguage\":\"fr-FR\",\"potentialAction\":[{\"@type\":\"ReadAction\",\"target\":[\"https:\/\/www.africa-press.net\/senegal\/politique\/wang-yi-repond-a-la-presse-au-sujet-des-relations-sino-africaines\"]}]},{\"@type\":\"ImageObject\",\"inLanguage\":\"fr-FR\",\"@id\":\"https:\/\/www.africa-press.net\/senegal\/politique\/wang-yi-repond-a-la-presse-au-sujet-des-relations-sino-africaines#primaryimage\",\"url\":\"https:\/\/static.africa-press.net\/senegal\/sites\/13\/2025\/03\/sm_1741414033.164566.jpg\",\"contentUrl\":\"https:\/\/static.africa-press.net\/senegal\/sites\/13\/2025\/03\/sm_1741414033.164566.jpg\",\"width\":720,\"height\":404,\"caption\":\"Wang Yi R\u00e9pond \u00e0 la Presse au Sujet des Relations Sino-Africaines\"},{\"@type\":\"BreadcrumbList\",\"@id\":\"https:\/\/www.africa-press.net\/senegal\/politique\/wang-yi-repond-a-la-presse-au-sujet-des-relations-sino-africaines#breadcrumb\",\"itemListElement\":[{\"@type\":\"ListItem\",\"position\":1,\"name\":\"Accueil\",\"item\":\"https:\/\/www.africa-press.net\/senegal\/\"},{\"@type\":\"ListItem\",\"position\":2,\"name\":\"Wang Yi R\u00e9pond \u00e0 la Presse au Sujet des Relations Sino-Africaines\"}]},{\"@type\":\"WebSite\",\"@id\":\"https:\/\/www.africa-press.net\/senegal\/#website\",\"url\":\"https:\/\/www.africa-press.net\/senegal\/\",\"name\":\"Africa Press | Senegal | Homepage\",\"description\":\"Just another Africa News Agency Sites site\",\"potentialAction\":[{\"@type\":\"SearchAction\",\"target\":{\"@type\":\"EntryPoint\",\"urlTemplate\":\"https:\/\/www.africa-press.net\/senegal\/?s={search_term_string}\"},\"query-input\":{\"@type\":\"PropertyValueSpecification\",\"valueRequired\":true,\"valueName\":\"search_term_string\"}}],\"inLanguage\":\"fr-FR\"},{\"@type\":\"Person\",\"@id\":\"https:\/\/www.africa-press.net\/senegal\/#\/schema\/person\/2b1cf3cd81a31e3cd26889ca66d677f1\",\"name\":\"cfeditorfr\",\"url\":\"https:\/\/www.africa-press.net\/senegal\/author\/cfeditorfr\"}]}<\/script>\n<!-- \/ Yoast SEO Premium plugin. -->","yoast_head_json":{"title":"Wang Yi R\u00e9pond \u00e0 la Presse au Sujet des Relations Sino-Africaines - Senegal","robots":{"index":"index","follow":"follow","max-snippet":"max-snippet:-1","max-image-preview":"max-image-preview:large","max-video-preview":"max-video-preview:-1"},"canonical":"https:\/\/www.africa-press.net\/senegal\/politique\/wang-yi-repond-a-la-presse-au-sujet-des-relations-sino-africaines","og_locale":"fr_FR","og_type":"article","og_title":"Wang Yi R\u00e9pond \u00e0 la Presse au Sujet des Relations Sino-Africaines","og_description":"Africa-Press &#8211; Senegal. Wang Yi, membre du Bureau politique du Comite\u0301 central du Parti communiste chinois et e\u0301galement ministre des Affaires e\u0301trange\u0300res, tient une confe\u0301rence de presse en marge de la troisie\u0300me session de la 14e Assemble\u0301e populaire nationale (APN) a\u0300 Beijing, re\u0301pondant a\u0300 des questions des journalistes. Au sujet des relations sino-africaines Wang Yi: [&hellip;]","og_url":"https:\/\/www.africa-press.net\/senegal\/politique\/wang-yi-repond-a-la-presse-au-sujet-des-relations-sino-africaines","og_site_name":"Senegal","article_published_time":"2025-03-07T12:30:00+00:00","author":"cfeditorfr","twitter_card":"summary_large_image","twitter_misc":{"\u00c9crit par":"cfeditorfr","Dur\u00e9e de lecture estim\u00e9e":"1 minute"},"schema":{"@context":"https:\/\/schema.org","@graph":[{"@type":"Article","@id":"https:\/\/www.africa-press.net\/senegal\/politique\/wang-yi-repond-a-la-presse-au-sujet-des-relations-sino-africaines#article","isPartOf":{"@id":"https:\/\/www.africa-press.net\/senegal\/politique\/wang-yi-repond-a-la-presse-au-sujet-des-relations-sino-africaines"},"author":{"name":"cfeditorfr","@id":"https:\/\/www.africa-press.net\/senegal\/#\/schema\/person\/2b1cf3cd81a31e3cd26889ca66d677f1"},"headline":"Wang Yi R\u00e9pond \u00e0 la Presse au Sujet des Relations Sino-Africaines","datePublished":"2025-03-07T12:30:00+00:00","mainEntityOfPage":{"@id":"https:\/\/www.africa-press.net\/senegal\/politique\/wang-yi-repond-a-la-presse-au-sujet-des-relations-sino-africaines"},"wordCount":156,"commentCount":0,"image":{"@id":"https:\/\/www.africa-press.net\/senegal\/politique\/wang-yi-repond-a-la-presse-au-sujet-des-relations-sino-africaines#primaryimage"},"thumbnailUrl":"https:\/\/static.africa-press.net\/senegal\/sites\/13\/2025\/03\/sm_1741414033.164566.jpg","keywords":["Senegal"],"articleSection":["Politique","Toutes les actualit\u00e9s"],"inLanguage":"fr-FR","potentialAction":[{"@type":"CommentAction","name":"Comment","target":["https:\/\/www.africa-press.net\/senegal\/politique\/wang-yi-repond-a-la-presse-au-sujet-des-relations-sino-africaines#respond"]}]},{"@type":"WebPage","@id":"https:\/\/www.africa-press.net\/senegal\/politique\/wang-yi-repond-a-la-presse-au-sujet-des-relations-sino-africaines","url":"https:\/\/www.africa-press.net\/senegal\/politique\/wang-yi-repond-a-la-presse-au-sujet-des-relations-sino-africaines","name":"Wang Yi R\u00e9pond \u00e0 la Presse au Sujet des Relations Sino-Africaines - Senegal","isPartOf":{"@id":"https:\/\/www.africa-press.net\/senegal\/#website"},"primaryImageOfPage":{"@id":"https:\/\/www.africa-press.net\/senegal\/politique\/wang-yi-repond-a-la-presse-au-sujet-des-relations-sino-africaines#primaryimage"},"image":{"@id":"https:\/\/www.africa-press.net\/senegal\/politique\/wang-yi-repond-a-la-presse-au-sujet-des-relations-sino-africaines#primaryimage"},"thumbnailUrl":"https:\/\/static.africa-press.net\/senegal\/sites\/13\/2025\/03\/sm_1741414033.164566.jpg","datePublished":"2025-03-07T12:30:00+00:00","author":{"@id":"https:\/\/www.africa-press.net\/senegal\/#\/schema\/person\/2b1cf3cd81a31e3cd26889ca66d677f1"},"breadcrumb":{"@id":"https:\/\/www.africa-press.net\/senegal\/politique\/wang-yi-repond-a-la-presse-au-sujet-des-relations-sino-africaines#breadcrumb"},"inLanguage":"fr-FR","potentialAction":[{"@type":"ReadAction","target":["https:\/\/www.africa-press.net\/senegal\/politique\/wang-yi-repond-a-la-presse-au-sujet-des-relations-sino-africaines"]}]},{"@type":"ImageObject","inLanguage":"fr-FR","@id":"https:\/\/www.africa-press.net\/senegal\/politique\/wang-yi-repond-a-la-presse-au-sujet-des-relations-sino-africaines#primaryimage","url":"https:\/\/static.africa-press.net\/senegal\/sites\/13\/2025\/03\/sm_1741414033.164566.jpg","contentUrl":"https:\/\/static.africa-press.net\/senegal\/sites\/13\/2025\/03\/sm_1741414033.164566.jpg","width":720,"height":404,"caption":"Wang Yi R\u00e9pond \u00e0 la Presse au Sujet des Relations Sino-Africaines"},{"@type":"BreadcrumbList","@id":"https:\/\/www.africa-press.net\/senegal\/politique\/wang-yi-repond-a-la-presse-au-sujet-des-relations-sino-africaines#breadcrumb","itemListElement":[{"@type":"ListItem","position":1,"name":"Accueil","item":"https:\/\/www.africa-press.net\/senegal\/"},{"@type":"ListItem","position":2,"name":"Wang Yi R\u00e9pond \u00e0 la Presse au Sujet des Relations Sino-Africaines"}]},{"@type":"WebSite","@id":"https:\/\/www.africa-press.net\/senegal\/#website","url":"https:\/\/www.africa-press.net\/senegal\/","name":"Africa Press | Senegal | Homepage","description":"Just another Africa News Agency Sites site","potentialAction":[{"@type":"SearchAction","target":{"@type":"EntryPoint","urlTemplate":"https:\/\/www.africa-press.net\/senegal\/?s={search_term_string}"},"query-input":{"@type":"PropertyValueSpecification","valueRequired":true,"valueName":"search_term_string"}}],"inLanguage":"fr-FR"},{"@type":"Person","@id":"https:\/\/www.africa-press.net\/senegal\/#\/schema\/person\/2b1cf3cd81a31e3cd26889ca66d677f1","name":"cfeditorfr","url":"https:\/\/www.africa-press.net\/senegal\/author\/cfeditorfr"}]}},"_links":{"self":[{"href":"https:\/\/www.africa-press.net\/senegal\/wp-json\/wp\/v2\/posts\/65957","targetHints":{"allow":["GET"]}}],"collection":[{"href":"https:\/\/www.africa-press.net\/senegal\/wp-json\/wp\/v2\/posts"}],"about":[{"href":"https:\/\/www.africa-press.net\/senegal\/wp-json\/wp\/v2\/types\/post"}],"author":[{"embeddable":true,"href":"https:\/\/www.africa-press.net\/senegal\/wp-json\/wp\/v2\/users\/82"}],"replies":[{"embeddable":true,"href":"https:\/\/www.africa-press.net\/senegal\/wp-json\/wp\/v2\/comments?post=65957"}],"version-history":[{"count":0,"href":"https:\/\/www.africa-press.net\/senegal\/wp-json\/wp\/v2\/posts\/65957\/revisions"}],"wp:featuredmedia":[{"embeddable":true,"href":"https:\/\/www.africa-press.net\/senegal\/wp-json\/wp\/v2\/media\/65956"}],"wp:attachment":[{"href":"https:\/\/www.africa-press.net\/senegal\/wp-json\/wp\/v2\/media?parent=65957"}],"wp:term":[{"taxonomy":"category","embeddable":true,"href":"https:\/\/www.africa-press.net\/senegal\/wp-json\/wp\/v2\/categories?post=65957"},{"taxonomy":"post_tag","embeddable":true,"href":"https:\/\/www.africa-press.net\/senegal\/wp-json\/wp\/v2\/tags?post=65957"}],"curies":[{"name":"wp","href":"https:\/\/api.w.org\/{rel}","templated":true}]}}