{"id":65973,"date":"2025-03-08T12:40:36","date_gmt":"2025-03-08T12:40:36","guid":{"rendered":"https:\/\/www.africa-press.net\/senegal\/politique\/des-millions-menaces-par-la-famine-au-sahel"},"modified":"2025-05-06T01:48:31","modified_gmt":"2025-05-06T01:48:31","slug":"des-millions-menaces-par-la-famine-au-sahel","status":"publish","type":"post","link":"https:\/\/www.africa-press.net\/senegal\/economie\/des-millions-menaces-par-la-famine-au-sahel","title":{"rendered":"Des Millions Menace\u0301s par la Famine au Sahel"},"content":{"rendered":"<p><span style=\"color: #ff6600\"><strong>Africa-Press &#8211; Senegal. <\/strong><\/span>Le Programme alimentaire mondial des Nations unies a de\u0301clare\u0301 qu\u2019environ trois millions de personnes dans la re\u0301gion du Sahel, de\u0301pendant de l\u2019aide alimentaire vitale, risquent de ne plus la recevoir en l&rsquo;absence d\u2019un financement urgent.<\/p>\n<p>Dans son rapport publie\u0301 vendredi, l\u2019organisation a mis en garde contre une inse\u0301curite\u0301 alimentaire aigue\u0308 qui pourrait toucher des millions de personnes en Afrique de l\u2019Ouest d\u2019ici juin prochain.<\/p>\n<p>Ces alertes surviennent alors que la saison de se\u0301cheresse devrait commencer plus to\u0302t cette anne\u0301e, en raison d\u2019un manque de pre\u0301cipitations et de faibles re\u0301coltes l\u2019an dernier.<\/p>\n<p>Le programme a affirme\u0301 que le manque de financement l\u2019oblige a\u0300 suspendre l\u2019aide alimentaire pour environ deux millions de personnes, y compris les re\u0301fugie\u0301s soudanais au Tchad et les re\u0301fugie\u0301s maliens en Mauritanie, dont la survie de\u0301pend du soutien de l\u2019organisation.<\/p>\n<p>Avec l\u2019arrive\u0301e de l\u2019e\u0301te\u0301, des milliers de de\u0301place\u0301s et de sans-abris, ainsi que des centaines de familles vulne\u0301rables au Mali, au Niger et au Burkina Faso, seront confronte\u0301s a\u0300 un risque de famine se\u0301ve\u0300re.<\/p>\n<p>L\u2019organisation a besoin de six cent vingt millions de dollars ame\u0301ricains de toute urgence pour garantir la poursuite du soutien aux populations affecte\u0301es par les crises au Sahel et au Nigeria au cours des six prochains mois.<\/p>\n<p>La directrice re\u0301gionale du Programme alimentaire mondial en Afrique de l\u2019Ouest, Margot van der Velden, a averti qu\u2019un retard dans la mobilisation des financements pourrait compromettre les ope\u0301rations d\u2019aide et de sauvetage dans la re\u0301gion.<\/p>\n<p>Elle a ajoute\u0301 que l\u2019Afrique de l\u2019Ouest a longtemps souffert d\u2019un manque de financements, et qu\u2019il est de\u0301sormais urgent d\u2019amorcer un changement majeur pour atte\u0301nuer l\u2019impact de la faim sur les enfants et les femmes enceintes.<\/p>\n<p>D\u2019apre\u0300s la dernie\u0300re analyse de la se\u0301curite\u0301 alimentaire, environ cinquante-deux millions de personnes souffriront de faim aigue\u0308 entre juin et aou\u0302t 2025, dont trois millions quatre cent mille en inse\u0301curite\u0301 alimentaire extre\u0302me au Sahel, et deux mille six cents en situation de famine catastrophique dans le nord du Mali.<\/p>\n<p>Crises se\u0301curitaires<\/p>\n<p>Les Nations unies attribuent l\u2019expansion de la famine en Afrique de l\u2019Ouest aux conflits arme\u0301s, aux de\u0301placements force\u0301s, aux crises e\u0301conomiques et aux inondations destructrices qui ont touche\u0301 plus de six millions de personnes en 2024.<\/p>\n<p>Les tensions se\u0301curitaires figurent parmi les principales causes de la crise alimentaire au Sahel, ou\u0300 les re\u0301fugie\u0301s et de\u0301place\u0301s fuyant la guerre au Soudan exercent une pression accrue sur les ressources limite\u0301es du Tchad, un pays ou\u0300 la famine a augmente\u0301 de deux cents pour cent entre 2020 et 2025.<\/p>\n<p>En Mauritanie, devenue un point de transit pour les migrants d\u2019Afrique subsaharienne, les re\u0301fugie\u0301s installe\u0301s dans le camp de M\u2019Berra, situe\u0301 dans la re\u0301gion du Hodh Ech Chargui, pre\u0300s de la frontie\u0300re avec le Mali, sont menace\u0301s par la famine, selon le Programme alimentaire mondial.<\/p>\n<p>Par le passe\u0301, le pre\u0301sident mauritanien avait sollicite\u0301 l\u2019aide des partenaires et bailleurs internationaux pour mobiliser des ressources en faveur des re\u0301fugie\u0301s, qu\u2019il conside\u0301rait comme un risque pour la se\u0301curite\u0301 nationale.<\/p>\n<p>En 2023, le Programme alimentaire mondial avait mis en garde contre la pression exerce\u0301e par les de\u0301place\u0301s maliens sur les populations locales en Mauritanie, compromettant l\u2019acce\u0300s aux ressources et aux moyens de subsistance.<\/p>\n<p><strong>Pour plus d&rsquo;informations et d&rsquo;analyses sur la <span style=\"color: #ff6600\">Senegal<\/span>, suivez <span style=\"color: #ff6600\">Africa-Press<\/span><\/strong><\/p>\n","protected":false},"excerpt":{"rendered":"<p>Africa-Press &#8211; Senegal. Le Programme alimentaire mondial des Nations unies a de\u0301clare\u0301 qu\u2019environ trois millions de personnes dans la re\u0301gion du Sahel, de\u0301pendant de l\u2019aide alimentaire vitale, risquent de ne plus la recevoir en l&rsquo;absence d\u2019un financement urgent. Dans son rapport publie\u0301 vendredi, l\u2019organisation a mis en garde contre une inse\u0301curite\u0301 alimentaire aigue\u0308 qui pourrait [&hellip;]<\/p>\n","protected":false},"author":82,"featured_media":65972,"comment_status":"open","ping_status":"closed","sticky":false,"template":"","format":"standard","meta":{"footnotes":""},"categories":[3,10],"tags":[44],"class_list":["post-65973","post","type-post","status-publish","format-standard","has-post-thumbnail","hentry","category-economie","category-toutes-les-actualites","tag-senegal-2"],"yoast_head":"<!-- This site is optimized with the Yoast SEO Premium plugin v26.1 (Yoast SEO v27.0) - https:\/\/yoast.com\/product\/yoast-seo-premium-wordpress\/ -->\n<title>Des Millions Menace\u0301s par la Famine au Sahel - Senegal<\/title>\n<meta name=\"description\" content=\"Le Programme alimentaire mondial des Nations unies a de\u0301clare\u0301 qu\u2019environ trois millions de personnes dans la re\u0301gion du ...\" \/>\n<meta name=\"robots\" content=\"index, follow, max-snippet:-1, max-image-preview:large, max-video-preview:-1\" \/>\n<link rel=\"canonical\" href=\"https:\/\/www.africa-press.net\/senegal\/economie\/des-millions-menaces-par-la-famine-au-sahel\" \/>\n<meta property=\"og:locale\" content=\"fr_FR\" \/>\n<meta property=\"og:type\" content=\"article\" \/>\n<meta property=\"og:title\" content=\"Des Millions Menace\u0301s par la Famine au Sahel\" \/>\n<meta property=\"og:description\" content=\"Le Programme alimentaire mondial des Nations unies a de\u0301clare\u0301 qu\u2019environ trois millions de personnes dans la re\u0301gion du ...\" \/>\n<meta property=\"og:url\" content=\"https:\/\/www.africa-press.net\/senegal\/economie\/des-millions-menaces-par-la-famine-au-sahel\" \/>\n<meta property=\"og:site_name\" content=\"Senegal\" \/>\n<meta property=\"article:published_time\" content=\"2025-03-08T12:40:36+00:00\" \/>\n<meta property=\"article:modified_time\" content=\"2025-05-06T01:48:31+00:00\" \/>\n<meta property=\"og:image\" content=\"https:\/\/static.africa-press.net\/senegal\/sites\/13\/2025\/03\/sm_1741425520.072623.jpg\" \/>\n\t<meta property=\"og:image:width\" content=\"686\" \/>\n\t<meta property=\"og:image:height\" content=\"513\" \/>\n\t<meta property=\"og:image:type\" content=\"image\/jpeg\" \/>\n<meta name=\"author\" content=\"cfeditorfr\" \/>\n<meta name=\"twitter:card\" content=\"summary_large_image\" \/>\n<meta name=\"twitter:label1\" content=\"\u00c9crit par\" \/>\n\t<meta name=\"twitter:data1\" content=\"cfeditorfr\" \/>\n\t<meta name=\"twitter:label2\" content=\"Dur\u00e9e de lecture estim\u00e9e\" \/>\n\t<meta name=\"twitter:data2\" content=\"3 minutes\" \/>\n<script type=\"application\/ld+json\" class=\"yoast-schema-graph\">{\"@context\":\"https:\/\/schema.org\",\"@graph\":[{\"@type\":\"Article\",\"@id\":\"https:\/\/www.africa-press.net\/senegal\/economie\/des-millions-menaces-par-la-famine-au-sahel#article\",\"isPartOf\":{\"@id\":\"https:\/\/www.africa-press.net\/senegal\/economie\/des-millions-menaces-par-la-famine-au-sahel\"},\"author\":{\"name\":\"cfeditorfr\",\"@id\":\"https:\/\/www.africa-press.net\/senegal\/#\/schema\/person\/2b1cf3cd81a31e3cd26889ca66d677f1\"},\"headline\":\"Des Millions Menace\u0301s par la Famine au Sahel\",\"datePublished\":\"2025-03-08T12:40:36+00:00\",\"dateModified\":\"2025-05-06T01:48:31+00:00\",\"mainEntityOfPage\":{\"@id\":\"https:\/\/www.africa-press.net\/senegal\/economie\/des-millions-menaces-par-la-famine-au-sahel\"},\"wordCount\":633,\"commentCount\":0,\"image\":{\"@id\":\"https:\/\/www.africa-press.net\/senegal\/economie\/des-millions-menaces-par-la-famine-au-sahel#primaryimage\"},\"thumbnailUrl\":\"https:\/\/static.africa-press.net\/senegal\/sites\/13\/2025\/03\/sm_1741425520.072623.jpg\",\"keywords\":[\"Senegal\"],\"articleSection\":[\"\u00c9conomie\",\"Toutes les actualit\u00e9s\"],\"inLanguage\":\"fr-FR\",\"potentialAction\":[{\"@type\":\"CommentAction\",\"name\":\"Comment\",\"target\":[\"https:\/\/www.africa-press.net\/senegal\/economie\/des-millions-menaces-par-la-famine-au-sahel#respond\"]}]},{\"@type\":\"WebPage\",\"@id\":\"https:\/\/www.africa-press.net\/senegal\/economie\/des-millions-menaces-par-la-famine-au-sahel\",\"url\":\"https:\/\/www.africa-press.net\/senegal\/economie\/des-millions-menaces-par-la-famine-au-sahel\",\"name\":\"Des Millions Menace\u0301s par la Famine au Sahel - Senegal\",\"isPartOf\":{\"@id\":\"https:\/\/www.africa-press.net\/senegal\/#website\"},\"primaryImageOfPage\":{\"@id\":\"https:\/\/www.africa-press.net\/senegal\/economie\/des-millions-menaces-par-la-famine-au-sahel#primaryimage\"},\"image\":{\"@id\":\"https:\/\/www.africa-press.net\/senegal\/economie\/des-millions-menaces-par-la-famine-au-sahel#primaryimage\"},\"thumbnailUrl\":\"https:\/\/static.africa-press.net\/senegal\/sites\/13\/2025\/03\/sm_1741425520.072623.jpg\",\"datePublished\":\"2025-03-08T12:40:36+00:00\",\"dateModified\":\"2025-05-06T01:48:31+00:00\",\"author\":{\"@id\":\"https:\/\/www.africa-press.net\/senegal\/#\/schema\/person\/2b1cf3cd81a31e3cd26889ca66d677f1\"},\"description\":\"Le Programme alimentaire mondial des Nations unies a de\u0301clare\u0301 qu\u2019environ trois millions de personnes dans la re\u0301gion du ...\",\"breadcrumb\":{\"@id\":\"https:\/\/www.africa-press.net\/senegal\/economie\/des-millions-menaces-par-la-famine-au-sahel#breadcrumb\"},\"inLanguage\":\"fr-FR\",\"potentialAction\":[{\"@type\":\"ReadAction\",\"target\":[\"https:\/\/www.africa-press.net\/senegal\/economie\/des-millions-menaces-par-la-famine-au-sahel\"]}]},{\"@type\":\"ImageObject\",\"inLanguage\":\"fr-FR\",\"@id\":\"https:\/\/www.africa-press.net\/senegal\/economie\/des-millions-menaces-par-la-famine-au-sahel#primaryimage\",\"url\":\"https:\/\/static.africa-press.net\/senegal\/sites\/13\/2025\/03\/sm_1741425520.072623.jpg\",\"contentUrl\":\"https:\/\/static.africa-press.net\/senegal\/sites\/13\/2025\/03\/sm_1741425520.072623.jpg\",\"width\":686,\"height\":513,\"caption\":\"Des Millions Menace\u0301s par la Famine au Sahel\"},{\"@type\":\"BreadcrumbList\",\"@id\":\"https:\/\/www.africa-press.net\/senegal\/economie\/des-millions-menaces-par-la-famine-au-sahel#breadcrumb\",\"itemListElement\":[{\"@type\":\"ListItem\",\"position\":1,\"name\":\"Accueil\",\"item\":\"https:\/\/www.africa-press.net\/senegal\/\"},{\"@type\":\"ListItem\",\"position\":2,\"name\":\"Des Millions Menace\u0301s par la Famine au Sahel\"}]},{\"@type\":\"WebSite\",\"@id\":\"https:\/\/www.africa-press.net\/senegal\/#website\",\"url\":\"https:\/\/www.africa-press.net\/senegal\/\",\"name\":\"Africa Press | Senegal | Homepage\",\"description\":\"Just another Africa News Agency Sites site\",\"potentialAction\":[{\"@type\":\"SearchAction\",\"target\":{\"@type\":\"EntryPoint\",\"urlTemplate\":\"https:\/\/www.africa-press.net\/senegal\/?s={search_term_string}\"},\"query-input\":{\"@type\":\"PropertyValueSpecification\",\"valueRequired\":true,\"valueName\":\"search_term_string\"}}],\"inLanguage\":\"fr-FR\"},{\"@type\":\"Person\",\"@id\":\"https:\/\/www.africa-press.net\/senegal\/#\/schema\/person\/2b1cf3cd81a31e3cd26889ca66d677f1\",\"name\":\"cfeditorfr\",\"url\":\"https:\/\/www.africa-press.net\/senegal\/author\/cfeditorfr\"}]}<\/script>\n<!-- \/ Yoast SEO Premium plugin. -->","yoast_head_json":{"title":"Des Millions Menace\u0301s par la Famine au Sahel - Senegal","description":"Le Programme alimentaire mondial des Nations unies a de\u0301clare\u0301 qu\u2019environ trois millions de personnes dans la re\u0301gion du ...","robots":{"index":"index","follow":"follow","max-snippet":"max-snippet:-1","max-image-preview":"max-image-preview:large","max-video-preview":"max-video-preview:-1"},"canonical":"https:\/\/www.africa-press.net\/senegal\/economie\/des-millions-menaces-par-la-famine-au-sahel","og_locale":"fr_FR","og_type":"article","og_title":"Des Millions Menace\u0301s par la Famine au Sahel","og_description":"Le Programme alimentaire mondial des Nations unies a de\u0301clare\u0301 qu\u2019environ trois millions de personnes dans la re\u0301gion du ...","og_url":"https:\/\/www.africa-press.net\/senegal\/economie\/des-millions-menaces-par-la-famine-au-sahel","og_site_name":"Senegal","article_published_time":"2025-03-08T12:40:36+00:00","article_modified_time":"2025-05-06T01:48:31+00:00","og_image":[{"width":686,"height":513,"url":"https:\/\/static.africa-press.net\/senegal\/sites\/13\/2025\/03\/sm_1741425520.072623.jpg","type":"image\/jpeg"}],"author":"cfeditorfr","twitter_card":"summary_large_image","twitter_misc":{"\u00c9crit par":"cfeditorfr","Dur\u00e9e de lecture estim\u00e9e":"3 minutes"},"schema":{"@context":"https:\/\/schema.org","@graph":[{"@type":"Article","@id":"https:\/\/www.africa-press.net\/senegal\/economie\/des-millions-menaces-par-la-famine-au-sahel#article","isPartOf":{"@id":"https:\/\/www.africa-press.net\/senegal\/economie\/des-millions-menaces-par-la-famine-au-sahel"},"author":{"name":"cfeditorfr","@id":"https:\/\/www.africa-press.net\/senegal\/#\/schema\/person\/2b1cf3cd81a31e3cd26889ca66d677f1"},"headline":"Des Millions Menace\u0301s par la Famine au Sahel","datePublished":"2025-03-08T12:40:36+00:00","dateModified":"2025-05-06T01:48:31+00:00","mainEntityOfPage":{"@id":"https:\/\/www.africa-press.net\/senegal\/economie\/des-millions-menaces-par-la-famine-au-sahel"},"wordCount":633,"commentCount":0,"image":{"@id":"https:\/\/www.africa-press.net\/senegal\/economie\/des-millions-menaces-par-la-famine-au-sahel#primaryimage"},"thumbnailUrl":"https:\/\/static.africa-press.net\/senegal\/sites\/13\/2025\/03\/sm_1741425520.072623.jpg","keywords":["Senegal"],"articleSection":["\u00c9conomie","Toutes les actualit\u00e9s"],"inLanguage":"fr-FR","potentialAction":[{"@type":"CommentAction","name":"Comment","target":["https:\/\/www.africa-press.net\/senegal\/economie\/des-millions-menaces-par-la-famine-au-sahel#respond"]}]},{"@type":"WebPage","@id":"https:\/\/www.africa-press.net\/senegal\/economie\/des-millions-menaces-par-la-famine-au-sahel","url":"https:\/\/www.africa-press.net\/senegal\/economie\/des-millions-menaces-par-la-famine-au-sahel","name":"Des Millions Menace\u0301s par la Famine au Sahel - Senegal","isPartOf":{"@id":"https:\/\/www.africa-press.net\/senegal\/#website"},"primaryImageOfPage":{"@id":"https:\/\/www.africa-press.net\/senegal\/economie\/des-millions-menaces-par-la-famine-au-sahel#primaryimage"},"image":{"@id":"https:\/\/www.africa-press.net\/senegal\/economie\/des-millions-menaces-par-la-famine-au-sahel#primaryimage"},"thumbnailUrl":"https:\/\/static.africa-press.net\/senegal\/sites\/13\/2025\/03\/sm_1741425520.072623.jpg","datePublished":"2025-03-08T12:40:36+00:00","dateModified":"2025-05-06T01:48:31+00:00","author":{"@id":"https:\/\/www.africa-press.net\/senegal\/#\/schema\/person\/2b1cf3cd81a31e3cd26889ca66d677f1"},"description":"Le Programme alimentaire mondial des Nations unies a de\u0301clare\u0301 qu\u2019environ trois millions de personnes dans la re\u0301gion du ...","breadcrumb":{"@id":"https:\/\/www.africa-press.net\/senegal\/economie\/des-millions-menaces-par-la-famine-au-sahel#breadcrumb"},"inLanguage":"fr-FR","potentialAction":[{"@type":"ReadAction","target":["https:\/\/www.africa-press.net\/senegal\/economie\/des-millions-menaces-par-la-famine-au-sahel"]}]},{"@type":"ImageObject","inLanguage":"fr-FR","@id":"https:\/\/www.africa-press.net\/senegal\/economie\/des-millions-menaces-par-la-famine-au-sahel#primaryimage","url":"https:\/\/static.africa-press.net\/senegal\/sites\/13\/2025\/03\/sm_1741425520.072623.jpg","contentUrl":"https:\/\/static.africa-press.net\/senegal\/sites\/13\/2025\/03\/sm_1741425520.072623.jpg","width":686,"height":513,"caption":"Des Millions Menace\u0301s par la Famine au Sahel"},{"@type":"BreadcrumbList","@id":"https:\/\/www.africa-press.net\/senegal\/economie\/des-millions-menaces-par-la-famine-au-sahel#breadcrumb","itemListElement":[{"@type":"ListItem","position":1,"name":"Accueil","item":"https:\/\/www.africa-press.net\/senegal\/"},{"@type":"ListItem","position":2,"name":"Des Millions Menace\u0301s par la Famine au Sahel"}]},{"@type":"WebSite","@id":"https:\/\/www.africa-press.net\/senegal\/#website","url":"https:\/\/www.africa-press.net\/senegal\/","name":"Africa Press | Senegal | Homepage","description":"Just another Africa News Agency Sites site","potentialAction":[{"@type":"SearchAction","target":{"@type":"EntryPoint","urlTemplate":"https:\/\/www.africa-press.net\/senegal\/?s={search_term_string}"},"query-input":{"@type":"PropertyValueSpecification","valueRequired":true,"valueName":"search_term_string"}}],"inLanguage":"fr-FR"},{"@type":"Person","@id":"https:\/\/www.africa-press.net\/senegal\/#\/schema\/person\/2b1cf3cd81a31e3cd26889ca66d677f1","name":"cfeditorfr","url":"https:\/\/www.africa-press.net\/senegal\/author\/cfeditorfr"}]}},"_links":{"self":[{"href":"https:\/\/www.africa-press.net\/senegal\/wp-json\/wp\/v2\/posts\/65973","targetHints":{"allow":["GET"]}}],"collection":[{"href":"https:\/\/www.africa-press.net\/senegal\/wp-json\/wp\/v2\/posts"}],"about":[{"href":"https:\/\/www.africa-press.net\/senegal\/wp-json\/wp\/v2\/types\/post"}],"author":[{"embeddable":true,"href":"https:\/\/www.africa-press.net\/senegal\/wp-json\/wp\/v2\/users\/82"}],"replies":[{"embeddable":true,"href":"https:\/\/www.africa-press.net\/senegal\/wp-json\/wp\/v2\/comments?post=65973"}],"version-history":[{"count":0,"href":"https:\/\/www.africa-press.net\/senegal\/wp-json\/wp\/v2\/posts\/65973\/revisions"}],"wp:featuredmedia":[{"embeddable":true,"href":"https:\/\/www.africa-press.net\/senegal\/wp-json\/wp\/v2\/media\/65972"}],"wp:attachment":[{"href":"https:\/\/www.africa-press.net\/senegal\/wp-json\/wp\/v2\/media?parent=65973"}],"wp:term":[{"taxonomy":"category","embeddable":true,"href":"https:\/\/www.africa-press.net\/senegal\/wp-json\/wp\/v2\/categories?post=65973"},{"taxonomy":"post_tag","embeddable":true,"href":"https:\/\/www.africa-press.net\/senegal\/wp-json\/wp\/v2\/tags?post=65973"}],"curies":[{"name":"wp","href":"https:\/\/api.w.org\/{rel}","templated":true}]}}