{"id":69540,"date":"2025-07-03T13:30:00","date_gmt":"2025-07-03T13:30:00","guid":{"rendered":"https:\/\/www.africa-press.net\/senegal\/politique\/souverainete-numerique-les-blocages-du-senegal"},"modified":"2025-07-04T05:08:18","modified_gmt":"2025-07-04T05:08:18","slug":"souverainete-numerique-les-blocages-du-senegal","status":"publish","type":"post","link":"https:\/\/www.africa-press.net\/senegal\/politique\/souverainete-numerique-les-blocages-du-senegal","title":{"rendered":"Souverainete\u0301 Nume\u0301rique: les Blocages du Se\u0301ne\u0301gal"},"content":{"rendered":"<p><span style=\"color: #ff6600\"><strong>Africa-Press &#8211; Senegal. <\/strong><\/span>Le Se\u0301ne\u0301gal progresse dans sa transition nume\u0301rique, porte\u0301 par des initiatives publiques et prive\u0301es visant a\u0300 moderniser l\u2019administration, dynamiser l\u2019e\u0301conomie et favoriser l\u2019inclusion digitale. Toutefois, derrie\u0300re ces avance\u0301es, le pays reste fortement de\u0301pendant d\u2019infrastructures et d\u2019acteurs e\u0301trangers. Une grande partie des serveurs he\u0301bergeant les donne\u0301es publiques et prive\u0301es se\u0301ne\u0301galaises se situe a\u0300 l\u2019e\u0301tranger, souvent sous le contro\u0302le des ge\u0301ants ame\u0301ricains du nume\u0301rique, les GAFAM (Google, Apple, Facebook, Amazon, Microsoft). Cette situation pose des de\u0301fis majeurs en termes de contro\u0302le, de se\u0301curite\u0301 et de souverainete\u0301.<\/p>\n<p>La monte\u0301e en puissance des plateformes nume\u0301riques expose le Se\u0301ne\u0301gal a\u0300 des cybermenaces croissantes, tandis que les enjeux ge\u0301opolitiques lie\u0301s a\u0300 la gestion et a\u0300 la protection des donne\u0301es prennent une importance strate\u0301gique. Face a\u0300 ce contexte, le pays peine encore a\u0300 disposer d\u2019un cadre juridique robuste et ope\u0301rationnel. Bien que des textes soient en discussion ou en cours de mise en \u0153uvre, la protection des donne\u0301es personnelles, la re\u0301gulation des flux nume\u0301riques et la gouvernance des infrastructures restent insuffisamment mai\u0302trise\u0301es.<\/p>\n<p>Sans infrastructures locales solides, notamment des data centers nationaux, sans une le\u0301gislation claire et une vision strate\u0301gique affirme\u0301e, la capacite\u0301 du Se\u0301ne\u0301gal a\u0300 contro\u0302ler pleinement son avenir digital reste incertaine. Le de\u0301fi est double: assurer la se\u0301curite\u0301 des donne\u0301es sensibles tout en de\u0301veloppant une e\u0301conomie nume\u0301rique souveraine, capable de re\u0301duire la de\u0301pendance aux grandes puissances technologiques mondiales. La souverainete\u0301 nume\u0301rique, devenue un enjeu mondial, s\u2019impose ainsi comme une priorite\u0301 pour garantir un de\u0301veloppement nume\u0301rique durable et autonome au Se\u0301ne\u0301gal.<\/p>\n<p><strong>Pour plus d&rsquo;informations et d&rsquo;analyses sur la <span style=\"color: #ff6600\">Senegal<\/span>, suivez <span style=\"color: #ff6600\">Africa-Press<\/span><\/strong><\/p>\n","protected":false},"excerpt":{"rendered":"<p>Africa-Press &#8211; Senegal. Le Se\u0301ne\u0301gal progresse dans sa transition nume\u0301rique, porte\u0301 par des initiatives publiques et prive\u0301es visant a\u0300 moderniser l\u2019administration, dynamiser l\u2019e\u0301conomie et favoriser l\u2019inclusion digitale. Toutefois, derrie\u0300re ces avance\u0301es, le pays reste fortement de\u0301pendant d\u2019infrastructures et d\u2019acteurs e\u0301trangers. Une grande partie des serveurs he\u0301bergeant les donne\u0301es publiques et prive\u0301es se\u0301ne\u0301galaises se situe a\u0300 [&hellip;]<\/p>\n","protected":false},"author":82,"featured_media":69539,"comment_status":"open","ping_status":"closed","sticky":false,"template":"","format":"standard","meta":{"footnotes":""},"categories":[2,20,10],"tags":[2285,5829,44,5830],"class_list":["post-69540","post","type-post","status-publish","format-standard","has-post-thumbnail","hentry","category-politique","category-top-nouvelles","category-toutes-les-actualites","tag-blocage","tag-dependances-technologiques","tag-senegal-2","tag-souverainete-numerique"],"yoast_head":"<!-- This site is optimized with the Yoast SEO Premium plugin v26.1 (Yoast SEO v27.0) - https:\/\/yoast.com\/product\/yoast-seo-premium-wordpress\/ -->\n<title>Souverainete\u0301 Nume\u0301rique: les Blocages du Se\u0301ne\u0301gal - Senegal<\/title>\n<meta name=\"description\" content=\"Le Se\u0301ne\u0301gal progresse dans sa transition nume\u0301rique, porte\u0301 par des initiatives publiques et prive\u0301es visant a\u0300 moderni ...\" \/>\n<meta name=\"robots\" content=\"index, follow, max-snippet:-1, max-image-preview:large, max-video-preview:-1\" \/>\n<link rel=\"canonical\" href=\"https:\/\/www.africa-press.net\/senegal\/politique\/souverainete-numerique-les-blocages-du-senegal\" \/>\n<meta property=\"og:locale\" content=\"fr_FR\" \/>\n<meta property=\"og:type\" content=\"article\" \/>\n<meta property=\"og:title\" content=\"Souverainete\u0301 Nume\u0301rique: les Blocages du Se\u0301ne\u0301gal\" \/>\n<meta property=\"og:description\" content=\"Le Se\u0301ne\u0301gal progresse dans sa transition nume\u0301rique, porte\u0301 par des initiatives publiques et prive\u0301es visant a\u0300 moderni ...\" \/>\n<meta property=\"og:url\" content=\"https:\/\/www.africa-press.net\/senegal\/politique\/souverainete-numerique-les-blocages-du-senegal\" \/>\n<meta property=\"og:site_name\" content=\"Senegal\" \/>\n<meta property=\"article:published_time\" content=\"2025-07-03T13:30:00+00:00\" \/>\n<meta property=\"article:modified_time\" content=\"2025-07-04T05:08:18+00:00\" \/>\n<meta property=\"og:image\" content=\"https:\/\/static.africa-press.net\/senegal\/sites\/13\/2025\/07\/sm_1751592836.313351.jpg\" \/>\n\t<meta property=\"og:image:width\" content=\"720\" \/>\n\t<meta property=\"og:image:height\" content=\"350\" \/>\n\t<meta property=\"og:image:type\" content=\"image\/jpeg\" \/>\n<meta name=\"author\" content=\"cfeditorfr\" \/>\n<meta name=\"twitter:card\" content=\"summary_large_image\" \/>\n<meta name=\"twitter:label1\" content=\"\u00c9crit par\" \/>\n\t<meta name=\"twitter:data1\" content=\"cfeditorfr\" \/>\n\t<meta name=\"twitter:label2\" content=\"Dur\u00e9e de lecture estim\u00e9e\" \/>\n\t<meta name=\"twitter:data2\" content=\"2 minutes\" \/>\n<script type=\"application\/ld+json\" class=\"yoast-schema-graph\">{\"@context\":\"https:\/\/schema.org\",\"@graph\":[{\"@type\":\"Article\",\"@id\":\"https:\/\/www.africa-press.net\/senegal\/politique\/souverainete-numerique-les-blocages-du-senegal#article\",\"isPartOf\":{\"@id\":\"https:\/\/www.africa-press.net\/senegal\/politique\/souverainete-numerique-les-blocages-du-senegal\"},\"author\":{\"name\":\"cfeditorfr\",\"@id\":\"https:\/\/www.africa-press.net\/senegal\/#\/schema\/person\/2b1cf3cd81a31e3cd26889ca66d677f1\"},\"headline\":\"Souverainete\u0301 Nume\u0301rique: les Blocages du Se\u0301ne\u0301gal\",\"datePublished\":\"2025-07-03T13:30:00+00:00\",\"dateModified\":\"2025-07-04T05:08:18+00:00\",\"mainEntityOfPage\":{\"@id\":\"https:\/\/www.africa-press.net\/senegal\/politique\/souverainete-numerique-les-blocages-du-senegal\"},\"wordCount\":331,\"commentCount\":0,\"image\":{\"@id\":\"https:\/\/www.africa-press.net\/senegal\/politique\/souverainete-numerique-les-blocages-du-senegal#primaryimage\"},\"thumbnailUrl\":\"https:\/\/static.africa-press.net\/senegal\/sites\/13\/2025\/07\/sm_1751592836.313351.jpg\",\"keywords\":[\"Blocage\",\"dependances technologiques\",\"Senegal\",\"Souverainete numerique\"],\"articleSection\":[\"Politique\",\"Top Nouvelles\",\"Toutes les actualit\u00e9s\"],\"inLanguage\":\"fr-FR\",\"potentialAction\":[{\"@type\":\"CommentAction\",\"name\":\"Comment\",\"target\":[\"https:\/\/www.africa-press.net\/senegal\/politique\/souverainete-numerique-les-blocages-du-senegal#respond\"]}]},{\"@type\":\"WebPage\",\"@id\":\"https:\/\/www.africa-press.net\/senegal\/politique\/souverainete-numerique-les-blocages-du-senegal\",\"url\":\"https:\/\/www.africa-press.net\/senegal\/politique\/souverainete-numerique-les-blocages-du-senegal\",\"name\":\"Souverainete\u0301 Nume\u0301rique: les Blocages du Se\u0301ne\u0301gal - Senegal\",\"isPartOf\":{\"@id\":\"https:\/\/www.africa-press.net\/senegal\/#website\"},\"primaryImageOfPage\":{\"@id\":\"https:\/\/www.africa-press.net\/senegal\/politique\/souverainete-numerique-les-blocages-du-senegal#primaryimage\"},\"image\":{\"@id\":\"https:\/\/www.africa-press.net\/senegal\/politique\/souverainete-numerique-les-blocages-du-senegal#primaryimage\"},\"thumbnailUrl\":\"https:\/\/static.africa-press.net\/senegal\/sites\/13\/2025\/07\/sm_1751592836.313351.jpg\",\"datePublished\":\"2025-07-03T13:30:00+00:00\",\"dateModified\":\"2025-07-04T05:08:18+00:00\",\"author\":{\"@id\":\"https:\/\/www.africa-press.net\/senegal\/#\/schema\/person\/2b1cf3cd81a31e3cd26889ca66d677f1\"},\"description\":\"Le Se\u0301ne\u0301gal progresse dans sa transition nume\u0301rique, porte\u0301 par des initiatives publiques et prive\u0301es visant a\u0300 moderni ...\",\"breadcrumb\":{\"@id\":\"https:\/\/www.africa-press.net\/senegal\/politique\/souverainete-numerique-les-blocages-du-senegal#breadcrumb\"},\"inLanguage\":\"fr-FR\",\"potentialAction\":[{\"@type\":\"ReadAction\",\"target\":[\"https:\/\/www.africa-press.net\/senegal\/politique\/souverainete-numerique-les-blocages-du-senegal\"]}]},{\"@type\":\"ImageObject\",\"inLanguage\":\"fr-FR\",\"@id\":\"https:\/\/www.africa-press.net\/senegal\/politique\/souverainete-numerique-les-blocages-du-senegal#primaryimage\",\"url\":\"https:\/\/static.africa-press.net\/senegal\/sites\/13\/2025\/07\/sm_1751592836.313351.jpg\",\"contentUrl\":\"https:\/\/static.africa-press.net\/senegal\/sites\/13\/2025\/07\/sm_1751592836.313351.jpg\",\"width\":720,\"height\":350,\"caption\":\"Souverainete\u0301 Nume\u0301rique: les Blocages du Se\u0301ne\u0301gal\"},{\"@type\":\"BreadcrumbList\",\"@id\":\"https:\/\/www.africa-press.net\/senegal\/politique\/souverainete-numerique-les-blocages-du-senegal#breadcrumb\",\"itemListElement\":[{\"@type\":\"ListItem\",\"position\":1,\"name\":\"Accueil\",\"item\":\"https:\/\/www.africa-press.net\/senegal\/\"},{\"@type\":\"ListItem\",\"position\":2,\"name\":\"Souverainete\u0301 Nume\u0301rique: les Blocages du Se\u0301ne\u0301gal\"}]},{\"@type\":\"WebSite\",\"@id\":\"https:\/\/www.africa-press.net\/senegal\/#website\",\"url\":\"https:\/\/www.africa-press.net\/senegal\/\",\"name\":\"Africa Press | Senegal | Homepage\",\"description\":\"Just another Africa News Agency Sites site\",\"potentialAction\":[{\"@type\":\"SearchAction\",\"target\":{\"@type\":\"EntryPoint\",\"urlTemplate\":\"https:\/\/www.africa-press.net\/senegal\/?s={search_term_string}\"},\"query-input\":{\"@type\":\"PropertyValueSpecification\",\"valueRequired\":true,\"valueName\":\"search_term_string\"}}],\"inLanguage\":\"fr-FR\"},{\"@type\":\"Person\",\"@id\":\"https:\/\/www.africa-press.net\/senegal\/#\/schema\/person\/2b1cf3cd81a31e3cd26889ca66d677f1\",\"name\":\"cfeditorfr\",\"url\":\"https:\/\/www.africa-press.net\/senegal\/author\/cfeditorfr\"}]}<\/script>\n<!-- \/ Yoast SEO Premium plugin. -->","yoast_head_json":{"title":"Souverainete\u0301 Nume\u0301rique: les Blocages du Se\u0301ne\u0301gal - Senegal","description":"Le Se\u0301ne\u0301gal progresse dans sa transition nume\u0301rique, porte\u0301 par des initiatives publiques et prive\u0301es visant a\u0300 moderni ...","robots":{"index":"index","follow":"follow","max-snippet":"max-snippet:-1","max-image-preview":"max-image-preview:large","max-video-preview":"max-video-preview:-1"},"canonical":"https:\/\/www.africa-press.net\/senegal\/politique\/souverainete-numerique-les-blocages-du-senegal","og_locale":"fr_FR","og_type":"article","og_title":"Souverainete\u0301 Nume\u0301rique: les Blocages du Se\u0301ne\u0301gal","og_description":"Le Se\u0301ne\u0301gal progresse dans sa transition nume\u0301rique, porte\u0301 par des initiatives publiques et prive\u0301es visant a\u0300 moderni ...","og_url":"https:\/\/www.africa-press.net\/senegal\/politique\/souverainete-numerique-les-blocages-du-senegal","og_site_name":"Senegal","article_published_time":"2025-07-03T13:30:00+00:00","article_modified_time":"2025-07-04T05:08:18+00:00","og_image":[{"width":720,"height":350,"url":"https:\/\/static.africa-press.net\/senegal\/sites\/13\/2025\/07\/sm_1751592836.313351.jpg","type":"image\/jpeg"}],"author":"cfeditorfr","twitter_card":"summary_large_image","twitter_misc":{"\u00c9crit par":"cfeditorfr","Dur\u00e9e de lecture estim\u00e9e":"2 minutes"},"schema":{"@context":"https:\/\/schema.org","@graph":[{"@type":"Article","@id":"https:\/\/www.africa-press.net\/senegal\/politique\/souverainete-numerique-les-blocages-du-senegal#article","isPartOf":{"@id":"https:\/\/www.africa-press.net\/senegal\/politique\/souverainete-numerique-les-blocages-du-senegal"},"author":{"name":"cfeditorfr","@id":"https:\/\/www.africa-press.net\/senegal\/#\/schema\/person\/2b1cf3cd81a31e3cd26889ca66d677f1"},"headline":"Souverainete\u0301 Nume\u0301rique: les Blocages du Se\u0301ne\u0301gal","datePublished":"2025-07-03T13:30:00+00:00","dateModified":"2025-07-04T05:08:18+00:00","mainEntityOfPage":{"@id":"https:\/\/www.africa-press.net\/senegal\/politique\/souverainete-numerique-les-blocages-du-senegal"},"wordCount":331,"commentCount":0,"image":{"@id":"https:\/\/www.africa-press.net\/senegal\/politique\/souverainete-numerique-les-blocages-du-senegal#primaryimage"},"thumbnailUrl":"https:\/\/static.africa-press.net\/senegal\/sites\/13\/2025\/07\/sm_1751592836.313351.jpg","keywords":["Blocage","dependances technologiques","Senegal","Souverainete numerique"],"articleSection":["Politique","Top Nouvelles","Toutes les actualit\u00e9s"],"inLanguage":"fr-FR","potentialAction":[{"@type":"CommentAction","name":"Comment","target":["https:\/\/www.africa-press.net\/senegal\/politique\/souverainete-numerique-les-blocages-du-senegal#respond"]}]},{"@type":"WebPage","@id":"https:\/\/www.africa-press.net\/senegal\/politique\/souverainete-numerique-les-blocages-du-senegal","url":"https:\/\/www.africa-press.net\/senegal\/politique\/souverainete-numerique-les-blocages-du-senegal","name":"Souverainete\u0301 Nume\u0301rique: les Blocages du Se\u0301ne\u0301gal - Senegal","isPartOf":{"@id":"https:\/\/www.africa-press.net\/senegal\/#website"},"primaryImageOfPage":{"@id":"https:\/\/www.africa-press.net\/senegal\/politique\/souverainete-numerique-les-blocages-du-senegal#primaryimage"},"image":{"@id":"https:\/\/www.africa-press.net\/senegal\/politique\/souverainete-numerique-les-blocages-du-senegal#primaryimage"},"thumbnailUrl":"https:\/\/static.africa-press.net\/senegal\/sites\/13\/2025\/07\/sm_1751592836.313351.jpg","datePublished":"2025-07-03T13:30:00+00:00","dateModified":"2025-07-04T05:08:18+00:00","author":{"@id":"https:\/\/www.africa-press.net\/senegal\/#\/schema\/person\/2b1cf3cd81a31e3cd26889ca66d677f1"},"description":"Le Se\u0301ne\u0301gal progresse dans sa transition nume\u0301rique, porte\u0301 par des initiatives publiques et prive\u0301es visant a\u0300 moderni ...","breadcrumb":{"@id":"https:\/\/www.africa-press.net\/senegal\/politique\/souverainete-numerique-les-blocages-du-senegal#breadcrumb"},"inLanguage":"fr-FR","potentialAction":[{"@type":"ReadAction","target":["https:\/\/www.africa-press.net\/senegal\/politique\/souverainete-numerique-les-blocages-du-senegal"]}]},{"@type":"ImageObject","inLanguage":"fr-FR","@id":"https:\/\/www.africa-press.net\/senegal\/politique\/souverainete-numerique-les-blocages-du-senegal#primaryimage","url":"https:\/\/static.africa-press.net\/senegal\/sites\/13\/2025\/07\/sm_1751592836.313351.jpg","contentUrl":"https:\/\/static.africa-press.net\/senegal\/sites\/13\/2025\/07\/sm_1751592836.313351.jpg","width":720,"height":350,"caption":"Souverainete\u0301 Nume\u0301rique: les Blocages du Se\u0301ne\u0301gal"},{"@type":"BreadcrumbList","@id":"https:\/\/www.africa-press.net\/senegal\/politique\/souverainete-numerique-les-blocages-du-senegal#breadcrumb","itemListElement":[{"@type":"ListItem","position":1,"name":"Accueil","item":"https:\/\/www.africa-press.net\/senegal\/"},{"@type":"ListItem","position":2,"name":"Souverainete\u0301 Nume\u0301rique: les Blocages du Se\u0301ne\u0301gal"}]},{"@type":"WebSite","@id":"https:\/\/www.africa-press.net\/senegal\/#website","url":"https:\/\/www.africa-press.net\/senegal\/","name":"Africa Press | Senegal | Homepage","description":"Just another Africa News Agency Sites site","potentialAction":[{"@type":"SearchAction","target":{"@type":"EntryPoint","urlTemplate":"https:\/\/www.africa-press.net\/senegal\/?s={search_term_string}"},"query-input":{"@type":"PropertyValueSpecification","valueRequired":true,"valueName":"search_term_string"}}],"inLanguage":"fr-FR"},{"@type":"Person","@id":"https:\/\/www.africa-press.net\/senegal\/#\/schema\/person\/2b1cf3cd81a31e3cd26889ca66d677f1","name":"cfeditorfr","url":"https:\/\/www.africa-press.net\/senegal\/author\/cfeditorfr"}]}},"_links":{"self":[{"href":"https:\/\/www.africa-press.net\/senegal\/wp-json\/wp\/v2\/posts\/69540","targetHints":{"allow":["GET"]}}],"collection":[{"href":"https:\/\/www.africa-press.net\/senegal\/wp-json\/wp\/v2\/posts"}],"about":[{"href":"https:\/\/www.africa-press.net\/senegal\/wp-json\/wp\/v2\/types\/post"}],"author":[{"embeddable":true,"href":"https:\/\/www.africa-press.net\/senegal\/wp-json\/wp\/v2\/users\/82"}],"replies":[{"embeddable":true,"href":"https:\/\/www.africa-press.net\/senegal\/wp-json\/wp\/v2\/comments?post=69540"}],"version-history":[{"count":0,"href":"https:\/\/www.africa-press.net\/senegal\/wp-json\/wp\/v2\/posts\/69540\/revisions"}],"wp:featuredmedia":[{"embeddable":true,"href":"https:\/\/www.africa-press.net\/senegal\/wp-json\/wp\/v2\/media\/69539"}],"wp:attachment":[{"href":"https:\/\/www.africa-press.net\/senegal\/wp-json\/wp\/v2\/media?parent=69540"}],"wp:term":[{"taxonomy":"category","embeddable":true,"href":"https:\/\/www.africa-press.net\/senegal\/wp-json\/wp\/v2\/categories?post=69540"},{"taxonomy":"post_tag","embeddable":true,"href":"https:\/\/www.africa-press.net\/senegal\/wp-json\/wp\/v2\/tags?post=69540"}],"curies":[{"name":"wp","href":"https:\/\/api.w.org\/{rel}","templated":true}]}}