{"id":69893,"date":"2025-07-13T14:00:00","date_gmt":"2025-07-13T14:00:00","guid":{"rendered":"https:\/\/www.africa-press.net\/senegal\/politique\/samba-sy-alerte-sur-le-discours-de-sonko-menace-au-senegal"},"modified":"2025-07-14T00:34:38","modified_gmt":"2025-07-14T00:34:38","slug":"samba-sy-alerte-sur-le-discours-de-sonko-menace-au-senegal","status":"publish","type":"post","link":"https:\/\/www.africa-press.net\/senegal\/politique\/samba-sy-alerte-sur-le-discours-de-sonko-menace-au-senegal","title":{"rendered":"Samba Sy Alerte sur le Discours de Sonko Menace au S\u00e9n\u00e9gal"},"content":{"rendered":"<p><span style=\"color: #ff6600\"><strong>Africa-Press &#8211; Senegal. <\/strong><\/span>Invite\u0301 du Jury du Dimanche sur iRadio, l\u2019ancien ministre du Travail, Samba Sy, actuel secre\u0301taire ge\u0301ne\u0301ral du PIT, a exprime\u0301 sa profonde inquie\u0301tude face au discours du Premier ministre Ousmane Sonko lors de l\u2019installation du Conseil national de Pastef. Il qualifie ses propos de \u00ab graves \u00bb et de\u0301nonce une \u00ab strate\u0301gie d\u2019attaque ge\u0301ne\u0301ralise\u0301e \u00bb contre les institutions, la presse, l\u2019opposition, la magistrature et me\u0302me le pre\u0301sident Bassirou Diomaye Faye. \u00ab Quand un Premier ministre de\u0301clare que le chef de l\u2019E\u0301tat manque d\u2019autorite\u0301 et qu\u2019il agira souverainement si rien n\u2019est fait, c\u2019est extre\u0302mement inquie\u0301tant \u00bb, a-t-il de\u0301clare\u0301, pointant un risque d\u2019instabilite\u0301 institutionnelle.<\/p>\n<p>Samba Sy insiste sur la ne\u0301cessite\u0301 de restaurer le respect des institutions: \u00ab Le Se\u0301ne\u0301gal est au-dessus des ambitions personnelles et des conflits d\u2019ego. Il faut recadrer les fonctions et faire primer la Re\u0301publique. \u00bb Il voit dans la posture de Sonko une radicalite\u0301 pre\u0301visible, amplifie\u0301e par sa position au sommet de l\u2019E\u0301tat. \u00ab Le pouvoir est un re\u0301ve\u0301lateur. Il montre ce que vous e\u0302tes vraiment. Chaque mot, chaque geste a un impact national \u00bb, a-t-il ajoute\u0301.<\/p>\n<p>L\u2019ancien ministre rejette l\u2019ide\u0301e que l\u2019opposition se re\u0301jouisse des tensions actuelles, affirmant vouloir la re\u0301ussite du pays: \u00ab Nous ne voulons pas le chaos, mais un Se\u0301ne\u0301gal stable, respecte\u0301, capable d\u2019assurer le bien-e\u0302tre de ses citoyens. \u00bb Il met en garde contre la dualite\u0301 au sommet de l\u2019exe\u0301cutif: \u00ab Si le pre\u0301sident et le Premier ministre se contredisent publiquement, cela trouble les Se\u0301ne\u0301galais et nos partenaires e\u0301trangers. \u00bb<\/p>\n<p><strong>Pour plus d&rsquo;informations et d&rsquo;analyses sur la <span style=\"color: #ff6600\">Senegal<\/span>, suivez <span style=\"color: #ff6600\">Africa-Press<\/span><\/strong><\/p>\n","protected":false},"excerpt":{"rendered":"<p>Africa-Press &#8211; Senegal. Invite\u0301 du Jury du Dimanche sur iRadio, l\u2019ancien ministre du Travail, Samba Sy, actuel secre\u0301taire ge\u0301ne\u0301ral du PIT, a exprime\u0301 sa profonde inquie\u0301tude face au discours du Premier ministre Ousmane Sonko lors de l\u2019installation du Conseil national de Pastef. Il qualifie ses propos de \u00ab graves \u00bb et de\u0301nonce une \u00ab strate\u0301gie [&hellip;]<\/p>\n","protected":false},"author":82,"featured_media":69892,"comment_status":"open","ping_status":"closed","sticky":false,"template":"","format":"standard","meta":{"footnotes":""},"categories":[2,20,10],"tags":[5889,5888,1570,812,46,1916,44,2683],"class_list":["post-69893","post","type-post","status-publish","format-standard","has-post-thumbnail","hentry","category-politique","category-top-nouvelles","category-toutes-les-actualites","tag-alerte","tag-attaque-generalisee","tag-discours","tag-menace","tag-ousmane-sonko","tag-samba-sy","tag-senegal-2","tag-stabilite"],"yoast_head":"<!-- This site is optimized with the Yoast SEO Premium plugin v26.1 (Yoast SEO v27.0) - https:\/\/yoast.com\/product\/yoast-seo-premium-wordpress\/ -->\n<title>Samba Sy Alerte sur le Discours de Sonko Menace au S\u00e9n\u00e9gal - Senegal<\/title>\n<meta name=\"description\" content=\"Invite\u0301 du Jury du Dimanche sur iRadio, l\u2019ancien ministre du Travail, Samba Sy, actuel secre\u0301taire ge\u0301ne\u0301ral du PIT, a e ...\" \/>\n<meta name=\"robots\" content=\"index, follow, max-snippet:-1, max-image-preview:large, max-video-preview:-1\" \/>\n<link rel=\"canonical\" href=\"https:\/\/www.africa-press.net\/senegal\/politique\/samba-sy-alerte-sur-le-discours-de-sonko-menace-au-senegal\" \/>\n<meta property=\"og:locale\" content=\"fr_FR\" \/>\n<meta property=\"og:type\" content=\"article\" \/>\n<meta property=\"og:title\" content=\"Samba Sy Alerte sur le Discours de Sonko Menace au S\u00e9n\u00e9gal\" \/>\n<meta property=\"og:description\" content=\"Invite\u0301 du Jury du Dimanche sur iRadio, l\u2019ancien ministre du Travail, Samba Sy, actuel secre\u0301taire ge\u0301ne\u0301ral du PIT, a e ...\" \/>\n<meta property=\"og:url\" content=\"https:\/\/www.africa-press.net\/senegal\/politique\/samba-sy-alerte-sur-le-discours-de-sonko-menace-au-senegal\" \/>\n<meta property=\"og:site_name\" content=\"Senegal\" \/>\n<meta property=\"article:published_time\" content=\"2025-07-13T14:00:00+00:00\" \/>\n<meta property=\"article:modified_time\" content=\"2025-07-14T00:34:38+00:00\" \/>\n<meta property=\"og:image\" content=\"https:\/\/static.africa-press.net\/senegal\/sites\/13\/2025\/07\/sm_1752481929.884545.jpg\" \/>\n\t<meta property=\"og:image:width\" content=\"1048\" \/>\n\t<meta property=\"og:image:height\" content=\"507\" \/>\n\t<meta property=\"og:image:type\" content=\"image\/jpeg\" \/>\n<meta name=\"author\" content=\"cfeditorfr\" \/>\n<meta name=\"twitter:card\" content=\"summary_large_image\" \/>\n<meta name=\"twitter:label1\" content=\"\u00c9crit par\" \/>\n\t<meta name=\"twitter:data1\" content=\"cfeditorfr\" \/>\n\t<meta name=\"twitter:label2\" content=\"Dur\u00e9e de lecture estim\u00e9e\" \/>\n\t<meta name=\"twitter:data2\" content=\"2 minutes\" \/>\n<script type=\"application\/ld+json\" class=\"yoast-schema-graph\">{\"@context\":\"https:\/\/schema.org\",\"@graph\":[{\"@type\":\"Article\",\"@id\":\"https:\/\/www.africa-press.net\/senegal\/politique\/samba-sy-alerte-sur-le-discours-de-sonko-menace-au-senegal#article\",\"isPartOf\":{\"@id\":\"https:\/\/www.africa-press.net\/senegal\/politique\/samba-sy-alerte-sur-le-discours-de-sonko-menace-au-senegal\"},\"author\":{\"name\":\"cfeditorfr\",\"@id\":\"https:\/\/www.africa-press.net\/senegal\/#\/schema\/person\/2b1cf3cd81a31e3cd26889ca66d677f1\"},\"headline\":\"Samba Sy Alerte sur le Discours de Sonko Menace au S\u00e9n\u00e9gal\",\"datePublished\":\"2025-07-13T14:00:00+00:00\",\"dateModified\":\"2025-07-14T00:34:38+00:00\",\"mainEntityOfPage\":{\"@id\":\"https:\/\/www.africa-press.net\/senegal\/politique\/samba-sy-alerte-sur-le-discours-de-sonko-menace-au-senegal\"},\"wordCount\":315,\"commentCount\":0,\"image\":{\"@id\":\"https:\/\/www.africa-press.net\/senegal\/politique\/samba-sy-alerte-sur-le-discours-de-sonko-menace-au-senegal#primaryimage\"},\"thumbnailUrl\":\"https:\/\/static.africa-press.net\/senegal\/sites\/13\/2025\/07\/sm_1752481929.884545.jpg\",\"keywords\":[\"alerte\",\"Attaque generalisee\",\"Discours\",\"Menace\",\"Ousmane Sonko\",\"Samba Sy\",\"Senegal\",\"Stabilite\"],\"articleSection\":[\"Politique\",\"Top Nouvelles\",\"Toutes les actualit\u00e9s\"],\"inLanguage\":\"fr-FR\",\"potentialAction\":[{\"@type\":\"CommentAction\",\"name\":\"Comment\",\"target\":[\"https:\/\/www.africa-press.net\/senegal\/politique\/samba-sy-alerte-sur-le-discours-de-sonko-menace-au-senegal#respond\"]}]},{\"@type\":\"WebPage\",\"@id\":\"https:\/\/www.africa-press.net\/senegal\/politique\/samba-sy-alerte-sur-le-discours-de-sonko-menace-au-senegal\",\"url\":\"https:\/\/www.africa-press.net\/senegal\/politique\/samba-sy-alerte-sur-le-discours-de-sonko-menace-au-senegal\",\"name\":\"Samba Sy Alerte sur le Discours de Sonko Menace au S\u00e9n\u00e9gal - Senegal\",\"isPartOf\":{\"@id\":\"https:\/\/www.africa-press.net\/senegal\/#website\"},\"primaryImageOfPage\":{\"@id\":\"https:\/\/www.africa-press.net\/senegal\/politique\/samba-sy-alerte-sur-le-discours-de-sonko-menace-au-senegal#primaryimage\"},\"image\":{\"@id\":\"https:\/\/www.africa-press.net\/senegal\/politique\/samba-sy-alerte-sur-le-discours-de-sonko-menace-au-senegal#primaryimage\"},\"thumbnailUrl\":\"https:\/\/static.africa-press.net\/senegal\/sites\/13\/2025\/07\/sm_1752481929.884545.jpg\",\"datePublished\":\"2025-07-13T14:00:00+00:00\",\"dateModified\":\"2025-07-14T00:34:38+00:00\",\"author\":{\"@id\":\"https:\/\/www.africa-press.net\/senegal\/#\/schema\/person\/2b1cf3cd81a31e3cd26889ca66d677f1\"},\"description\":\"Invite\u0301 du Jury du Dimanche sur iRadio, l\u2019ancien ministre du Travail, Samba Sy, actuel secre\u0301taire ge\u0301ne\u0301ral du PIT, a e ...\",\"breadcrumb\":{\"@id\":\"https:\/\/www.africa-press.net\/senegal\/politique\/samba-sy-alerte-sur-le-discours-de-sonko-menace-au-senegal#breadcrumb\"},\"inLanguage\":\"fr-FR\",\"potentialAction\":[{\"@type\":\"ReadAction\",\"target\":[\"https:\/\/www.africa-press.net\/senegal\/politique\/samba-sy-alerte-sur-le-discours-de-sonko-menace-au-senegal\"]}]},{\"@type\":\"ImageObject\",\"inLanguage\":\"fr-FR\",\"@id\":\"https:\/\/www.africa-press.net\/senegal\/politique\/samba-sy-alerte-sur-le-discours-de-sonko-menace-au-senegal#primaryimage\",\"url\":\"https:\/\/static.africa-press.net\/senegal\/sites\/13\/2025\/07\/sm_1752481929.884545.jpg\",\"contentUrl\":\"https:\/\/static.africa-press.net\/senegal\/sites\/13\/2025\/07\/sm_1752481929.884545.jpg\",\"width\":1048,\"height\":507,\"caption\":\"Samba Sy Alerte sur le Discours de Sonko Menace au S\u00e9n\u00e9gal\"},{\"@type\":\"BreadcrumbList\",\"@id\":\"https:\/\/www.africa-press.net\/senegal\/politique\/samba-sy-alerte-sur-le-discours-de-sonko-menace-au-senegal#breadcrumb\",\"itemListElement\":[{\"@type\":\"ListItem\",\"position\":1,\"name\":\"Accueil\",\"item\":\"https:\/\/www.africa-press.net\/senegal\/\"},{\"@type\":\"ListItem\",\"position\":2,\"name\":\"Samba Sy Alerte sur le Discours de Sonko Menace au S\u00e9n\u00e9gal\"}]},{\"@type\":\"WebSite\",\"@id\":\"https:\/\/www.africa-press.net\/senegal\/#website\",\"url\":\"https:\/\/www.africa-press.net\/senegal\/\",\"name\":\"Africa Press | Senegal | Homepage\",\"description\":\"Just another Africa News Agency Sites site\",\"potentialAction\":[{\"@type\":\"SearchAction\",\"target\":{\"@type\":\"EntryPoint\",\"urlTemplate\":\"https:\/\/www.africa-press.net\/senegal\/?s={search_term_string}\"},\"query-input\":{\"@type\":\"PropertyValueSpecification\",\"valueRequired\":true,\"valueName\":\"search_term_string\"}}],\"inLanguage\":\"fr-FR\"},{\"@type\":\"Person\",\"@id\":\"https:\/\/www.africa-press.net\/senegal\/#\/schema\/person\/2b1cf3cd81a31e3cd26889ca66d677f1\",\"name\":\"cfeditorfr\",\"url\":\"https:\/\/www.africa-press.net\/senegal\/author\/cfeditorfr\"}]}<\/script>\n<!-- \/ Yoast SEO Premium plugin. -->","yoast_head_json":{"title":"Samba Sy Alerte sur le Discours de Sonko Menace au S\u00e9n\u00e9gal - Senegal","description":"Invite\u0301 du Jury du Dimanche sur iRadio, l\u2019ancien ministre du Travail, Samba Sy, actuel secre\u0301taire ge\u0301ne\u0301ral du PIT, a e ...","robots":{"index":"index","follow":"follow","max-snippet":"max-snippet:-1","max-image-preview":"max-image-preview:large","max-video-preview":"max-video-preview:-1"},"canonical":"https:\/\/www.africa-press.net\/senegal\/politique\/samba-sy-alerte-sur-le-discours-de-sonko-menace-au-senegal","og_locale":"fr_FR","og_type":"article","og_title":"Samba Sy Alerte sur le Discours de Sonko Menace au S\u00e9n\u00e9gal","og_description":"Invite\u0301 du Jury du Dimanche sur iRadio, l\u2019ancien ministre du Travail, Samba Sy, actuel secre\u0301taire ge\u0301ne\u0301ral du PIT, a e ...","og_url":"https:\/\/www.africa-press.net\/senegal\/politique\/samba-sy-alerte-sur-le-discours-de-sonko-menace-au-senegal","og_site_name":"Senegal","article_published_time":"2025-07-13T14:00:00+00:00","article_modified_time":"2025-07-14T00:34:38+00:00","og_image":[{"width":1048,"height":507,"url":"https:\/\/static.africa-press.net\/senegal\/sites\/13\/2025\/07\/sm_1752481929.884545.jpg","type":"image\/jpeg"}],"author":"cfeditorfr","twitter_card":"summary_large_image","twitter_misc":{"\u00c9crit par":"cfeditorfr","Dur\u00e9e de lecture estim\u00e9e":"2 minutes"},"schema":{"@context":"https:\/\/schema.org","@graph":[{"@type":"Article","@id":"https:\/\/www.africa-press.net\/senegal\/politique\/samba-sy-alerte-sur-le-discours-de-sonko-menace-au-senegal#article","isPartOf":{"@id":"https:\/\/www.africa-press.net\/senegal\/politique\/samba-sy-alerte-sur-le-discours-de-sonko-menace-au-senegal"},"author":{"name":"cfeditorfr","@id":"https:\/\/www.africa-press.net\/senegal\/#\/schema\/person\/2b1cf3cd81a31e3cd26889ca66d677f1"},"headline":"Samba Sy Alerte sur le Discours de Sonko Menace au S\u00e9n\u00e9gal","datePublished":"2025-07-13T14:00:00+00:00","dateModified":"2025-07-14T00:34:38+00:00","mainEntityOfPage":{"@id":"https:\/\/www.africa-press.net\/senegal\/politique\/samba-sy-alerte-sur-le-discours-de-sonko-menace-au-senegal"},"wordCount":315,"commentCount":0,"image":{"@id":"https:\/\/www.africa-press.net\/senegal\/politique\/samba-sy-alerte-sur-le-discours-de-sonko-menace-au-senegal#primaryimage"},"thumbnailUrl":"https:\/\/static.africa-press.net\/senegal\/sites\/13\/2025\/07\/sm_1752481929.884545.jpg","keywords":["alerte","Attaque generalisee","Discours","Menace","Ousmane Sonko","Samba Sy","Senegal","Stabilite"],"articleSection":["Politique","Top Nouvelles","Toutes les actualit\u00e9s"],"inLanguage":"fr-FR","potentialAction":[{"@type":"CommentAction","name":"Comment","target":["https:\/\/www.africa-press.net\/senegal\/politique\/samba-sy-alerte-sur-le-discours-de-sonko-menace-au-senegal#respond"]}]},{"@type":"WebPage","@id":"https:\/\/www.africa-press.net\/senegal\/politique\/samba-sy-alerte-sur-le-discours-de-sonko-menace-au-senegal","url":"https:\/\/www.africa-press.net\/senegal\/politique\/samba-sy-alerte-sur-le-discours-de-sonko-menace-au-senegal","name":"Samba Sy Alerte sur le Discours de Sonko Menace au S\u00e9n\u00e9gal - Senegal","isPartOf":{"@id":"https:\/\/www.africa-press.net\/senegal\/#website"},"primaryImageOfPage":{"@id":"https:\/\/www.africa-press.net\/senegal\/politique\/samba-sy-alerte-sur-le-discours-de-sonko-menace-au-senegal#primaryimage"},"image":{"@id":"https:\/\/www.africa-press.net\/senegal\/politique\/samba-sy-alerte-sur-le-discours-de-sonko-menace-au-senegal#primaryimage"},"thumbnailUrl":"https:\/\/static.africa-press.net\/senegal\/sites\/13\/2025\/07\/sm_1752481929.884545.jpg","datePublished":"2025-07-13T14:00:00+00:00","dateModified":"2025-07-14T00:34:38+00:00","author":{"@id":"https:\/\/www.africa-press.net\/senegal\/#\/schema\/person\/2b1cf3cd81a31e3cd26889ca66d677f1"},"description":"Invite\u0301 du Jury du Dimanche sur iRadio, l\u2019ancien ministre du Travail, Samba Sy, actuel secre\u0301taire ge\u0301ne\u0301ral du PIT, a e ...","breadcrumb":{"@id":"https:\/\/www.africa-press.net\/senegal\/politique\/samba-sy-alerte-sur-le-discours-de-sonko-menace-au-senegal#breadcrumb"},"inLanguage":"fr-FR","potentialAction":[{"@type":"ReadAction","target":["https:\/\/www.africa-press.net\/senegal\/politique\/samba-sy-alerte-sur-le-discours-de-sonko-menace-au-senegal"]}]},{"@type":"ImageObject","inLanguage":"fr-FR","@id":"https:\/\/www.africa-press.net\/senegal\/politique\/samba-sy-alerte-sur-le-discours-de-sonko-menace-au-senegal#primaryimage","url":"https:\/\/static.africa-press.net\/senegal\/sites\/13\/2025\/07\/sm_1752481929.884545.jpg","contentUrl":"https:\/\/static.africa-press.net\/senegal\/sites\/13\/2025\/07\/sm_1752481929.884545.jpg","width":1048,"height":507,"caption":"Samba Sy Alerte sur le Discours de Sonko Menace au S\u00e9n\u00e9gal"},{"@type":"BreadcrumbList","@id":"https:\/\/www.africa-press.net\/senegal\/politique\/samba-sy-alerte-sur-le-discours-de-sonko-menace-au-senegal#breadcrumb","itemListElement":[{"@type":"ListItem","position":1,"name":"Accueil","item":"https:\/\/www.africa-press.net\/senegal\/"},{"@type":"ListItem","position":2,"name":"Samba Sy Alerte sur le Discours de Sonko Menace au S\u00e9n\u00e9gal"}]},{"@type":"WebSite","@id":"https:\/\/www.africa-press.net\/senegal\/#website","url":"https:\/\/www.africa-press.net\/senegal\/","name":"Africa Press | Senegal | Homepage","description":"Just another Africa News Agency Sites site","potentialAction":[{"@type":"SearchAction","target":{"@type":"EntryPoint","urlTemplate":"https:\/\/www.africa-press.net\/senegal\/?s={search_term_string}"},"query-input":{"@type":"PropertyValueSpecification","valueRequired":true,"valueName":"search_term_string"}}],"inLanguage":"fr-FR"},{"@type":"Person","@id":"https:\/\/www.africa-press.net\/senegal\/#\/schema\/person\/2b1cf3cd81a31e3cd26889ca66d677f1","name":"cfeditorfr","url":"https:\/\/www.africa-press.net\/senegal\/author\/cfeditorfr"}]}},"_links":{"self":[{"href":"https:\/\/www.africa-press.net\/senegal\/wp-json\/wp\/v2\/posts\/69893","targetHints":{"allow":["GET"]}}],"collection":[{"href":"https:\/\/www.africa-press.net\/senegal\/wp-json\/wp\/v2\/posts"}],"about":[{"href":"https:\/\/www.africa-press.net\/senegal\/wp-json\/wp\/v2\/types\/post"}],"author":[{"embeddable":true,"href":"https:\/\/www.africa-press.net\/senegal\/wp-json\/wp\/v2\/users\/82"}],"replies":[{"embeddable":true,"href":"https:\/\/www.africa-press.net\/senegal\/wp-json\/wp\/v2\/comments?post=69893"}],"version-history":[{"count":0,"href":"https:\/\/www.africa-press.net\/senegal\/wp-json\/wp\/v2\/posts\/69893\/revisions"}],"wp:featuredmedia":[{"embeddable":true,"href":"https:\/\/www.africa-press.net\/senegal\/wp-json\/wp\/v2\/media\/69892"}],"wp:attachment":[{"href":"https:\/\/www.africa-press.net\/senegal\/wp-json\/wp\/v2\/media?parent=69893"}],"wp:term":[{"taxonomy":"category","embeddable":true,"href":"https:\/\/www.africa-press.net\/senegal\/wp-json\/wp\/v2\/categories?post=69893"},{"taxonomy":"post_tag","embeddable":true,"href":"https:\/\/www.africa-press.net\/senegal\/wp-json\/wp\/v2\/tags?post=69893"}],"curies":[{"name":"wp","href":"https:\/\/api.w.org\/{rel}","templated":true}]}}