{"id":69961,"date":"2025-07-17T14:00:00","date_gmt":"2025-07-17T14:00:00","guid":{"rendered":"https:\/\/www.africa-press.net\/senegal\/politique\/modernisation-administrative-par-ousmane-sonko"},"modified":"2025-07-19T01:42:09","modified_gmt":"2025-07-19T01:42:09","slug":"modernisation-administrative-par-ousmane-sonko","status":"publish","type":"post","link":"https:\/\/www.africa-press.net\/senegal\/politique\/modernisation-administrative-par-ousmane-sonko","title":{"rendered":"Modernisation Administrative par Ousmane Sonko"},"content":{"rendered":"<p><span style=\"color: #ff6600\"><strong>Africa-Press &#8211; Senegal. <\/strong><\/span>Dans la perspective de ba\u0302tir une administration moderne et exemplaire, le Premier Ministre a annonce\u0301 une directive pre\u0301sidentielle et la digitalisation inte\u0301grale du courrier administratif. Selon Ousmane Sonko, l\u2019objectif est de rendre l\u2019action publique plus rigoureuse, transparente et aligne\u0301e sur la Vision Se\u0301ne\u0301gal 2050.<\/p>\n<p>\u00abLe Premier Ministre est revenu sur la re\u0301union de travail gouvernementale qu\u2019il a pre\u0301side\u0301e le lundi 14 juillet 2025 et au cours de laquelle une revue approfondie de la gouvernance de l\u2019Agenda national de Transformation a e\u0301te\u0301 effectue\u0301e. Pour en garantir un pilotage a\u0300 la fois rigoureux, cohe\u0301rent et efficace, le Premier Ministre a annonce\u0301 une directive pre\u0301sidentielle qui sera comple\u0301te\u0301e par une circulaire de la Primature \u00bb, renseigne le Porte Parole du gouvernement, hier dans le communique\u0301 du Conseil des ministres.<\/p>\n<p>Amadou Moustapha Njekk Sarre\u0301 de soutenir que ces textes de\u0301tailleront les orientations strate\u0301giques, les modalite\u0301s de coordination et de suivi, ainsi que les ro\u0302les, responsabilite\u0301s et interactions entre les diffe\u0301rentes parties prenantes. Ils de\u0301finiront, dit-il, e\u0301galement la pe\u0301riodicite\u0301 des revues de performance, en vue de renforcer la redevabilite\u0301, la transparence et l\u2019alignement de l\u2019action gouvernementale sur nos objectifs de transformation.<\/p>\n<p>De ce fait, signale-t-il, le Premier Ministre a rappele\u0301 les diffe\u0301rentes consultations nationales de grande envergure re\u0301cemment organise\u0301es (Assises de la Justice, E\u0301tats ge\u0301ne\u0301raux de l\u2019Industrie, E\u0301tats ge\u0301ne\u0301raux des Transports, Dialogue national sur le syste\u0300me politique, Confe\u0301rence sociale ayant abouti au Pacte social) et a demande\u0301 de traduire les recommandations issues de ces travaux en actions concre\u0300tes, assorties d\u2019un calendrier clair et des me\u0301canismes de suivi-e\u0301valuation, permettant de mesurer les progre\u0300s.<\/p>\n<p>Mieux, le chef du gouvernement a invite\u0301 les ministres concerne\u0301s a\u0300 formuler un plan ope\u0301rationnel de mise en \u0153uvre des recommandations issues de leurs assises respectives avec des e\u0301che\u0301anciers pre\u0301cis et de soumettre un rapport de suivi trimestriel faisant e\u0301tat de l\u2019e\u0301tat d\u2019avancement des actions engage\u0301es, des re\u0301sultats obtenus et, le cas e\u0301che\u0301ant, des difficulte\u0301s rencontre\u0301es.<\/p>\n<p>En sus, il a demande\u0301 au Ministre de la Communication, des Te\u0301le\u0301communications et du Nume\u0301rique (MCTN) de de\u0301ployer, dans un de\u0301lai de trois mois, la digitalisation inte\u0301grale du courrier administratif. \u00abCette re\u0301forme repre\u0301sente un levier strate\u0301gique majeur pour moderniser notre administration, ame\u0301liorer la trac\u0327abilite\u0301 des e\u0301changes, et rehausser la qualite\u0301 du service public \u00bb, indique Porte-parole Sarre\u0301.<\/p>\n<p><strong>Pour plus d&rsquo;informations et d&rsquo;analyses sur la <span style=\"color: #ff6600\">Senegal<\/span>, suivez <span style=\"color: #ff6600\">Africa-Press<\/span><\/strong><\/p>\n","protected":false},"excerpt":{"rendered":"<p>Africa-Press &#8211; Senegal. Dans la perspective de ba\u0302tir une administration moderne et exemplaire, le Premier Ministre a annonce\u0301 une directive pre\u0301sidentielle et la digitalisation inte\u0301grale du courrier administratif. Selon Ousmane Sonko, l\u2019objectif est de rendre l\u2019action publique plus rigoureuse, transparente et aligne\u0301e sur la Vision Se\u0301ne\u0301gal 2050. \u00abLe Premier Ministre est revenu sur la re\u0301union [&hellip;]<\/p>\n","protected":false},"author":82,"featured_media":69960,"comment_status":"open","ping_status":"closed","sticky":false,"template":"","format":"standard","meta":{"footnotes":""},"categories":[2,20,10],"tags":[5896,5895,46,44],"class_list":["post-69961","post","type-post","status-publish","format-standard","has-post-thumbnail","hentry","category-politique","category-top-nouvelles","category-toutes-les-actualites","tag-courrier-administratif","tag-modernisation","tag-ousmane-sonko","tag-senegal-2"],"yoast_head":"<!-- This site is optimized with the Yoast SEO Premium plugin v26.1 (Yoast SEO v27.0) - https:\/\/yoast.com\/product\/yoast-seo-premium-wordpress\/ -->\n<title>Modernisation Administrative par Ousmane Sonko - Senegal<\/title>\n<meta name=\"description\" content=\"Dans la perspective de ba\u0302tir une administration moderne et exemplaire, le Premier Ministre a annonce\u0301 une directive pre ...\" \/>\n<meta name=\"robots\" content=\"index, follow, max-snippet:-1, max-image-preview:large, max-video-preview:-1\" \/>\n<link rel=\"canonical\" href=\"https:\/\/www.africa-press.net\/senegal\/politique\/modernisation-administrative-par-ousmane-sonko\" \/>\n<meta property=\"og:locale\" content=\"fr_FR\" \/>\n<meta property=\"og:type\" content=\"article\" \/>\n<meta property=\"og:title\" content=\"Modernisation Administrative par Ousmane Sonko\" \/>\n<meta property=\"og:description\" content=\"Dans la perspective de ba\u0302tir une administration moderne et exemplaire, le Premier Ministre a annonce\u0301 une directive pre ...\" \/>\n<meta property=\"og:url\" content=\"https:\/\/www.africa-press.net\/senegal\/politique\/modernisation-administrative-par-ousmane-sonko\" \/>\n<meta property=\"og:site_name\" content=\"Senegal\" \/>\n<meta property=\"article:published_time\" content=\"2025-07-17T14:00:00+00:00\" \/>\n<meta property=\"article:modified_time\" content=\"2025-07-19T01:42:09+00:00\" \/>\n<meta property=\"og:image\" content=\"https:\/\/static.africa-press.net\/senegal\/sites\/13\/2025\/07\/sm_1752815116.20274.jpg\" \/>\n\t<meta property=\"og:image:width\" content=\"1151\" \/>\n\t<meta property=\"og:image:height\" content=\"554\" \/>\n\t<meta property=\"og:image:type\" content=\"image\/jpeg\" \/>\n<meta name=\"author\" content=\"cfeditorfr\" \/>\n<meta name=\"twitter:card\" content=\"summary_large_image\" \/>\n<meta name=\"twitter:label1\" content=\"\u00c9crit par\" \/>\n\t<meta name=\"twitter:data1\" content=\"cfeditorfr\" \/>\n\t<meta name=\"twitter:label2\" content=\"Dur\u00e9e de lecture estim\u00e9e\" \/>\n\t<meta name=\"twitter:data2\" content=\"2 minutes\" \/>\n<script type=\"application\/ld+json\" class=\"yoast-schema-graph\">{\"@context\":\"https:\/\/schema.org\",\"@graph\":[{\"@type\":\"Article\",\"@id\":\"https:\/\/www.africa-press.net\/senegal\/politique\/modernisation-administrative-par-ousmane-sonko#article\",\"isPartOf\":{\"@id\":\"https:\/\/www.africa-press.net\/senegal\/politique\/modernisation-administrative-par-ousmane-sonko\"},\"author\":{\"name\":\"cfeditorfr\",\"@id\":\"https:\/\/www.africa-press.net\/senegal\/#\/schema\/person\/2b1cf3cd81a31e3cd26889ca66d677f1\"},\"headline\":\"Modernisation Administrative par Ousmane Sonko\",\"datePublished\":\"2025-07-17T14:00:00+00:00\",\"dateModified\":\"2025-07-19T01:42:09+00:00\",\"mainEntityOfPage\":{\"@id\":\"https:\/\/www.africa-press.net\/senegal\/politique\/modernisation-administrative-par-ousmane-sonko\"},\"wordCount\":459,\"commentCount\":0,\"image\":{\"@id\":\"https:\/\/www.africa-press.net\/senegal\/politique\/modernisation-administrative-par-ousmane-sonko#primaryimage\"},\"thumbnailUrl\":\"https:\/\/static.africa-press.net\/senegal\/sites\/13\/2025\/07\/sm_1752815116.20274.jpg\",\"keywords\":[\"courrier administratif\",\"modernisation\",\"Ousmane Sonko\",\"Senegal\"],\"articleSection\":[\"Politique\",\"Top Nouvelles\",\"Toutes les actualit\u00e9s\"],\"inLanguage\":\"fr-FR\",\"potentialAction\":[{\"@type\":\"CommentAction\",\"name\":\"Comment\",\"target\":[\"https:\/\/www.africa-press.net\/senegal\/politique\/modernisation-administrative-par-ousmane-sonko#respond\"]}]},{\"@type\":\"WebPage\",\"@id\":\"https:\/\/www.africa-press.net\/senegal\/politique\/modernisation-administrative-par-ousmane-sonko\",\"url\":\"https:\/\/www.africa-press.net\/senegal\/politique\/modernisation-administrative-par-ousmane-sonko\",\"name\":\"Modernisation Administrative par Ousmane Sonko - Senegal\",\"isPartOf\":{\"@id\":\"https:\/\/www.africa-press.net\/senegal\/#website\"},\"primaryImageOfPage\":{\"@id\":\"https:\/\/www.africa-press.net\/senegal\/politique\/modernisation-administrative-par-ousmane-sonko#primaryimage\"},\"image\":{\"@id\":\"https:\/\/www.africa-press.net\/senegal\/politique\/modernisation-administrative-par-ousmane-sonko#primaryimage\"},\"thumbnailUrl\":\"https:\/\/static.africa-press.net\/senegal\/sites\/13\/2025\/07\/sm_1752815116.20274.jpg\",\"datePublished\":\"2025-07-17T14:00:00+00:00\",\"dateModified\":\"2025-07-19T01:42:09+00:00\",\"author\":{\"@id\":\"https:\/\/www.africa-press.net\/senegal\/#\/schema\/person\/2b1cf3cd81a31e3cd26889ca66d677f1\"},\"description\":\"Dans la perspective de ba\u0302tir une administration moderne et exemplaire, le Premier Ministre a annonce\u0301 une directive pre ...\",\"breadcrumb\":{\"@id\":\"https:\/\/www.africa-press.net\/senegal\/politique\/modernisation-administrative-par-ousmane-sonko#breadcrumb\"},\"inLanguage\":\"fr-FR\",\"potentialAction\":[{\"@type\":\"ReadAction\",\"target\":[\"https:\/\/www.africa-press.net\/senegal\/politique\/modernisation-administrative-par-ousmane-sonko\"]}]},{\"@type\":\"ImageObject\",\"inLanguage\":\"fr-FR\",\"@id\":\"https:\/\/www.africa-press.net\/senegal\/politique\/modernisation-administrative-par-ousmane-sonko#primaryimage\",\"url\":\"https:\/\/static.africa-press.net\/senegal\/sites\/13\/2025\/07\/sm_1752815116.20274.jpg\",\"contentUrl\":\"https:\/\/static.africa-press.net\/senegal\/sites\/13\/2025\/07\/sm_1752815116.20274.jpg\",\"width\":1151,\"height\":554,\"caption\":\"Modernisation Administrative par Ousmane Sonko\"},{\"@type\":\"BreadcrumbList\",\"@id\":\"https:\/\/www.africa-press.net\/senegal\/politique\/modernisation-administrative-par-ousmane-sonko#breadcrumb\",\"itemListElement\":[{\"@type\":\"ListItem\",\"position\":1,\"name\":\"Accueil\",\"item\":\"https:\/\/www.africa-press.net\/senegal\/\"},{\"@type\":\"ListItem\",\"position\":2,\"name\":\"Modernisation Administrative par Ousmane Sonko\"}]},{\"@type\":\"WebSite\",\"@id\":\"https:\/\/www.africa-press.net\/senegal\/#website\",\"url\":\"https:\/\/www.africa-press.net\/senegal\/\",\"name\":\"Africa Press | Senegal | Homepage\",\"description\":\"Just another Africa News Agency Sites site\",\"potentialAction\":[{\"@type\":\"SearchAction\",\"target\":{\"@type\":\"EntryPoint\",\"urlTemplate\":\"https:\/\/www.africa-press.net\/senegal\/?s={search_term_string}\"},\"query-input\":{\"@type\":\"PropertyValueSpecification\",\"valueRequired\":true,\"valueName\":\"search_term_string\"}}],\"inLanguage\":\"fr-FR\"},{\"@type\":\"Person\",\"@id\":\"https:\/\/www.africa-press.net\/senegal\/#\/schema\/person\/2b1cf3cd81a31e3cd26889ca66d677f1\",\"name\":\"cfeditorfr\",\"url\":\"https:\/\/www.africa-press.net\/senegal\/author\/cfeditorfr\"}]}<\/script>\n<!-- \/ Yoast SEO Premium plugin. -->","yoast_head_json":{"title":"Modernisation Administrative par Ousmane Sonko - Senegal","description":"Dans la perspective de ba\u0302tir une administration moderne et exemplaire, le Premier Ministre a annonce\u0301 une directive pre ...","robots":{"index":"index","follow":"follow","max-snippet":"max-snippet:-1","max-image-preview":"max-image-preview:large","max-video-preview":"max-video-preview:-1"},"canonical":"https:\/\/www.africa-press.net\/senegal\/politique\/modernisation-administrative-par-ousmane-sonko","og_locale":"fr_FR","og_type":"article","og_title":"Modernisation Administrative par Ousmane Sonko","og_description":"Dans la perspective de ba\u0302tir une administration moderne et exemplaire, le Premier Ministre a annonce\u0301 une directive pre ...","og_url":"https:\/\/www.africa-press.net\/senegal\/politique\/modernisation-administrative-par-ousmane-sonko","og_site_name":"Senegal","article_published_time":"2025-07-17T14:00:00+00:00","article_modified_time":"2025-07-19T01:42:09+00:00","og_image":[{"width":1151,"height":554,"url":"https:\/\/static.africa-press.net\/senegal\/sites\/13\/2025\/07\/sm_1752815116.20274.jpg","type":"image\/jpeg"}],"author":"cfeditorfr","twitter_card":"summary_large_image","twitter_misc":{"\u00c9crit par":"cfeditorfr","Dur\u00e9e de lecture estim\u00e9e":"2 minutes"},"schema":{"@context":"https:\/\/schema.org","@graph":[{"@type":"Article","@id":"https:\/\/www.africa-press.net\/senegal\/politique\/modernisation-administrative-par-ousmane-sonko#article","isPartOf":{"@id":"https:\/\/www.africa-press.net\/senegal\/politique\/modernisation-administrative-par-ousmane-sonko"},"author":{"name":"cfeditorfr","@id":"https:\/\/www.africa-press.net\/senegal\/#\/schema\/person\/2b1cf3cd81a31e3cd26889ca66d677f1"},"headline":"Modernisation Administrative par Ousmane Sonko","datePublished":"2025-07-17T14:00:00+00:00","dateModified":"2025-07-19T01:42:09+00:00","mainEntityOfPage":{"@id":"https:\/\/www.africa-press.net\/senegal\/politique\/modernisation-administrative-par-ousmane-sonko"},"wordCount":459,"commentCount":0,"image":{"@id":"https:\/\/www.africa-press.net\/senegal\/politique\/modernisation-administrative-par-ousmane-sonko#primaryimage"},"thumbnailUrl":"https:\/\/static.africa-press.net\/senegal\/sites\/13\/2025\/07\/sm_1752815116.20274.jpg","keywords":["courrier administratif","modernisation","Ousmane Sonko","Senegal"],"articleSection":["Politique","Top Nouvelles","Toutes les actualit\u00e9s"],"inLanguage":"fr-FR","potentialAction":[{"@type":"CommentAction","name":"Comment","target":["https:\/\/www.africa-press.net\/senegal\/politique\/modernisation-administrative-par-ousmane-sonko#respond"]}]},{"@type":"WebPage","@id":"https:\/\/www.africa-press.net\/senegal\/politique\/modernisation-administrative-par-ousmane-sonko","url":"https:\/\/www.africa-press.net\/senegal\/politique\/modernisation-administrative-par-ousmane-sonko","name":"Modernisation Administrative par Ousmane Sonko - Senegal","isPartOf":{"@id":"https:\/\/www.africa-press.net\/senegal\/#website"},"primaryImageOfPage":{"@id":"https:\/\/www.africa-press.net\/senegal\/politique\/modernisation-administrative-par-ousmane-sonko#primaryimage"},"image":{"@id":"https:\/\/www.africa-press.net\/senegal\/politique\/modernisation-administrative-par-ousmane-sonko#primaryimage"},"thumbnailUrl":"https:\/\/static.africa-press.net\/senegal\/sites\/13\/2025\/07\/sm_1752815116.20274.jpg","datePublished":"2025-07-17T14:00:00+00:00","dateModified":"2025-07-19T01:42:09+00:00","author":{"@id":"https:\/\/www.africa-press.net\/senegal\/#\/schema\/person\/2b1cf3cd81a31e3cd26889ca66d677f1"},"description":"Dans la perspective de ba\u0302tir une administration moderne et exemplaire, le Premier Ministre a annonce\u0301 une directive pre ...","breadcrumb":{"@id":"https:\/\/www.africa-press.net\/senegal\/politique\/modernisation-administrative-par-ousmane-sonko#breadcrumb"},"inLanguage":"fr-FR","potentialAction":[{"@type":"ReadAction","target":["https:\/\/www.africa-press.net\/senegal\/politique\/modernisation-administrative-par-ousmane-sonko"]}]},{"@type":"ImageObject","inLanguage":"fr-FR","@id":"https:\/\/www.africa-press.net\/senegal\/politique\/modernisation-administrative-par-ousmane-sonko#primaryimage","url":"https:\/\/static.africa-press.net\/senegal\/sites\/13\/2025\/07\/sm_1752815116.20274.jpg","contentUrl":"https:\/\/static.africa-press.net\/senegal\/sites\/13\/2025\/07\/sm_1752815116.20274.jpg","width":1151,"height":554,"caption":"Modernisation Administrative par Ousmane Sonko"},{"@type":"BreadcrumbList","@id":"https:\/\/www.africa-press.net\/senegal\/politique\/modernisation-administrative-par-ousmane-sonko#breadcrumb","itemListElement":[{"@type":"ListItem","position":1,"name":"Accueil","item":"https:\/\/www.africa-press.net\/senegal\/"},{"@type":"ListItem","position":2,"name":"Modernisation Administrative par Ousmane Sonko"}]},{"@type":"WebSite","@id":"https:\/\/www.africa-press.net\/senegal\/#website","url":"https:\/\/www.africa-press.net\/senegal\/","name":"Africa Press | Senegal | Homepage","description":"Just another Africa News Agency Sites site","potentialAction":[{"@type":"SearchAction","target":{"@type":"EntryPoint","urlTemplate":"https:\/\/www.africa-press.net\/senegal\/?s={search_term_string}"},"query-input":{"@type":"PropertyValueSpecification","valueRequired":true,"valueName":"search_term_string"}}],"inLanguage":"fr-FR"},{"@type":"Person","@id":"https:\/\/www.africa-press.net\/senegal\/#\/schema\/person\/2b1cf3cd81a31e3cd26889ca66d677f1","name":"cfeditorfr","url":"https:\/\/www.africa-press.net\/senegal\/author\/cfeditorfr"}]}},"_links":{"self":[{"href":"https:\/\/www.africa-press.net\/senegal\/wp-json\/wp\/v2\/posts\/69961","targetHints":{"allow":["GET"]}}],"collection":[{"href":"https:\/\/www.africa-press.net\/senegal\/wp-json\/wp\/v2\/posts"}],"about":[{"href":"https:\/\/www.africa-press.net\/senegal\/wp-json\/wp\/v2\/types\/post"}],"author":[{"embeddable":true,"href":"https:\/\/www.africa-press.net\/senegal\/wp-json\/wp\/v2\/users\/82"}],"replies":[{"embeddable":true,"href":"https:\/\/www.africa-press.net\/senegal\/wp-json\/wp\/v2\/comments?post=69961"}],"version-history":[{"count":0,"href":"https:\/\/www.africa-press.net\/senegal\/wp-json\/wp\/v2\/posts\/69961\/revisions"}],"wp:featuredmedia":[{"embeddable":true,"href":"https:\/\/www.africa-press.net\/senegal\/wp-json\/wp\/v2\/media\/69960"}],"wp:attachment":[{"href":"https:\/\/www.africa-press.net\/senegal\/wp-json\/wp\/v2\/media?parent=69961"}],"wp:term":[{"taxonomy":"category","embeddable":true,"href":"https:\/\/www.africa-press.net\/senegal\/wp-json\/wp\/v2\/categories?post=69961"},{"taxonomy":"post_tag","embeddable":true,"href":"https:\/\/www.africa-press.net\/senegal\/wp-json\/wp\/v2\/tags?post=69961"}],"curies":[{"name":"wp","href":"https:\/\/api.w.org\/{rel}","templated":true}]}}