{"id":70187,"date":"2025-07-28T12:10:00","date_gmt":"2025-07-28T12:10:00","guid":{"rendered":"https:\/\/www.africa-press.net\/senegal\/politique\/ngagne-demba-toure-a-lucad-interpellation-des-etudiants"},"modified":"2025-07-29T01:00:44","modified_gmt":"2025-07-29T01:00:44","slug":"ngagne-demba-toure-a-lucad-interpellation-des-etudiants","status":"publish","type":"post","link":"https:\/\/www.africa-press.net\/senegal\/parties\/ngagne-demba-toure-a-lucad-interpellation-des-etudiants","title":{"rendered":"Ngagne Demba Tour\u00e9 \u00c0 L&rsquo;Ucad Interpellation des \u00c9tudiants"},"content":{"rendered":"<p><span style=\"color: #ff6600\"><strong>Africa-Press &#8211; Senegal. <\/strong><\/span>En tant que pre\u0301sident de la Jeunesse patriotique du Se\u0301ne\u0301gal (JPS), Ngagne Demba Toure\u0301 doit pre\u0301sider une rencontre a\u0300 l\u2019UCAD, ce lundi 28 juillet. Tous ses jeunes camarades de parti sont convie\u0301s, mais ce sera sans les e\u0301tudiants Patriotes de l\u2019universite\u0301 dakaroise. \u00abCes derniers informent qu\u2019ils ne seront pas de la partie, rapporte Les E\u0301chos. Ils ont de\u0301cline\u0301 l\u2019invitation. Entre autres choses, les e\u0301tudiants parlent de \u2018rupture de confiance\u2019 avec la JPS nationale.\u00bb<\/p>\n<p>Un des e\u0301tudiants Patriotes de l\u2019UCAD interroge\u0301 par le journal interpelle le pre\u0301sident de Pastef. \u00abNotre seul interlocuteur, c\u2019est le pre\u0301sident Ousmane Sonko. Nous ne reconnaissons qu\u2019un seul interlocuteur le\u0301gitime: le pre\u0301sident Ousmane Sonko, porteur du Projet patriotique\u00bb, a-t-il lance\u0301 avant d&rsquo;annoncer, selon la me\u0302me source, une confe\u0301rence de presse jeudi prochain au sie\u0300ge de Pastef.<\/p>\n<p><strong>Pour plus d&rsquo;informations et d&rsquo;analyses sur la <span style=\"color: #ff6600\">Senegal<\/span>, suivez <span style=\"color: #ff6600\">Africa-Press<\/span><\/strong><\/p>\n","protected":false},"excerpt":{"rendered":"<p>Africa-Press &#8211; Senegal. En tant que pre\u0301sident de la Jeunesse patriotique du Se\u0301ne\u0301gal (JPS), Ngagne Demba Toure\u0301 doit pre\u0301sider une rencontre a\u0300 l\u2019UCAD, ce lundi 28 juillet. Tous ses jeunes camarades de parti sont convie\u0301s, mais ce sera sans les e\u0301tudiants Patriotes de l\u2019universite\u0301 dakaroise. \u00abCes derniers informent qu\u2019ils ne seront pas de la partie, [&hellip;]<\/p>\n","protected":false},"author":82,"featured_media":70186,"comment_status":"open","ping_status":"closed","sticky":false,"template":"","format":"standard","meta":{"footnotes":""},"categories":[4,10],"tags":[5930,4284,46,44,5931],"class_list":["post-70187","post","type-post","status-publish","format-standard","has-post-thumbnail","hentry","category-parties","category-toutes-les-actualites","tag-etudiants-pastef","tag-ngagne-demba-toure","tag-ousmane-sonko","tag-senegal-2","tag-ucas"],"yoast_head":"<!-- This site is optimized with the Yoast SEO Premium plugin v26.1 (Yoast SEO v27.0) - https:\/\/yoast.com\/product\/yoast-seo-premium-wordpress\/ -->\n<title>Ngagne Demba Tour\u00e9 \u00c0 L&#039;Ucad Interpellation des \u00c9tudiants - Senegal<\/title>\n<meta name=\"description\" content=\"En tant que pre\u0301sident de la Jeunesse patriotique du Se\u0301ne\u0301gal (JPS), Ngagne Demba Toure\u0301 doit pre\u0301sider une rencontre a ...\" \/>\n<meta name=\"robots\" content=\"index, follow, max-snippet:-1, max-image-preview:large, max-video-preview:-1\" \/>\n<link rel=\"canonical\" href=\"https:\/\/www.africa-press.net\/senegal\/parties\/ngagne-demba-toure-a-lucad-interpellation-des-etudiants\" \/>\n<meta property=\"og:locale\" content=\"fr_FR\" \/>\n<meta property=\"og:type\" content=\"article\" \/>\n<meta property=\"og:title\" content=\"Ngagne Demba Tour\u00e9 \u00c0 L&#039;Ucad Interpellation des \u00c9tudiants\" \/>\n<meta property=\"og:description\" content=\"En tant que pre\u0301sident de la Jeunesse patriotique du Se\u0301ne\u0301gal (JPS), Ngagne Demba Toure\u0301 doit pre\u0301sider une rencontre a ...\" \/>\n<meta property=\"og:url\" content=\"https:\/\/www.africa-press.net\/senegal\/parties\/ngagne-demba-toure-a-lucad-interpellation-des-etudiants\" \/>\n<meta property=\"og:site_name\" content=\"Senegal\" \/>\n<meta property=\"article:published_time\" content=\"2025-07-28T12:10:00+00:00\" \/>\n<meta property=\"article:modified_time\" content=\"2025-07-29T01:00:44+00:00\" \/>\n<meta property=\"og:image\" content=\"https:\/\/static.africa-press.net\/senegal\/sites\/13\/2025\/07\/sm_1753779613.365616.jpg\" \/>\n\t<meta property=\"og:image:width\" content=\"720\" \/>\n\t<meta property=\"og:image:height\" content=\"350\" \/>\n\t<meta property=\"og:image:type\" content=\"image\/jpeg\" \/>\n<meta name=\"author\" content=\"cfeditorfr\" \/>\n<meta name=\"twitter:card\" content=\"summary_large_image\" \/>\n<meta name=\"twitter:label1\" content=\"\u00c9crit par\" \/>\n\t<meta name=\"twitter:data1\" content=\"cfeditorfr\" \/>\n\t<meta name=\"twitter:label2\" content=\"Dur\u00e9e de lecture estim\u00e9e\" \/>\n\t<meta name=\"twitter:data2\" content=\"1 minute\" \/>\n<script type=\"application\/ld+json\" class=\"yoast-schema-graph\">{\"@context\":\"https:\/\/schema.org\",\"@graph\":[{\"@type\":\"Article\",\"@id\":\"https:\/\/www.africa-press.net\/senegal\/parties\/ngagne-demba-toure-a-lucad-interpellation-des-etudiants#article\",\"isPartOf\":{\"@id\":\"https:\/\/www.africa-press.net\/senegal\/parties\/ngagne-demba-toure-a-lucad-interpellation-des-etudiants\"},\"author\":{\"name\":\"cfeditorfr\",\"@id\":\"https:\/\/www.africa-press.net\/senegal\/#\/schema\/person\/2b1cf3cd81a31e3cd26889ca66d677f1\"},\"headline\":\"Ngagne Demba Tour\u00e9 \u00c0 L&rsquo;Ucad Interpellation des \u00c9tudiants\",\"datePublished\":\"2025-07-28T12:10:00+00:00\",\"dateModified\":\"2025-07-29T01:00:44+00:00\",\"mainEntityOfPage\":{\"@id\":\"https:\/\/www.africa-press.net\/senegal\/parties\/ngagne-demba-toure-a-lucad-interpellation-des-etudiants\"},\"wordCount\":176,\"commentCount\":0,\"image\":{\"@id\":\"https:\/\/www.africa-press.net\/senegal\/parties\/ngagne-demba-toure-a-lucad-interpellation-des-etudiants#primaryimage\"},\"thumbnailUrl\":\"https:\/\/static.africa-press.net\/senegal\/sites\/13\/2025\/07\/sm_1753779613.365616.jpg\",\"keywords\":[\"etudiants pastef\",\"Ngagne Demba Toure\",\"Ousmane Sonko\",\"Senegal\",\"ucas\"],\"articleSection\":[\"Parties\",\"Toutes les actualit\u00e9s\"],\"inLanguage\":\"fr-FR\",\"potentialAction\":[{\"@type\":\"CommentAction\",\"name\":\"Comment\",\"target\":[\"https:\/\/www.africa-press.net\/senegal\/parties\/ngagne-demba-toure-a-lucad-interpellation-des-etudiants#respond\"]}]},{\"@type\":\"WebPage\",\"@id\":\"https:\/\/www.africa-press.net\/senegal\/parties\/ngagne-demba-toure-a-lucad-interpellation-des-etudiants\",\"url\":\"https:\/\/www.africa-press.net\/senegal\/parties\/ngagne-demba-toure-a-lucad-interpellation-des-etudiants\",\"name\":\"Ngagne Demba Tour\u00e9 \u00c0 L'Ucad Interpellation des \u00c9tudiants - Senegal\",\"isPartOf\":{\"@id\":\"https:\/\/www.africa-press.net\/senegal\/#website\"},\"primaryImageOfPage\":{\"@id\":\"https:\/\/www.africa-press.net\/senegal\/parties\/ngagne-demba-toure-a-lucad-interpellation-des-etudiants#primaryimage\"},\"image\":{\"@id\":\"https:\/\/www.africa-press.net\/senegal\/parties\/ngagne-demba-toure-a-lucad-interpellation-des-etudiants#primaryimage\"},\"thumbnailUrl\":\"https:\/\/static.africa-press.net\/senegal\/sites\/13\/2025\/07\/sm_1753779613.365616.jpg\",\"datePublished\":\"2025-07-28T12:10:00+00:00\",\"dateModified\":\"2025-07-29T01:00:44+00:00\",\"author\":{\"@id\":\"https:\/\/www.africa-press.net\/senegal\/#\/schema\/person\/2b1cf3cd81a31e3cd26889ca66d677f1\"},\"description\":\"En tant que pre\u0301sident de la Jeunesse patriotique du Se\u0301ne\u0301gal (JPS), Ngagne Demba Toure\u0301 doit pre\u0301sider une rencontre a ...\",\"breadcrumb\":{\"@id\":\"https:\/\/www.africa-press.net\/senegal\/parties\/ngagne-demba-toure-a-lucad-interpellation-des-etudiants#breadcrumb\"},\"inLanguage\":\"fr-FR\",\"potentialAction\":[{\"@type\":\"ReadAction\",\"target\":[\"https:\/\/www.africa-press.net\/senegal\/parties\/ngagne-demba-toure-a-lucad-interpellation-des-etudiants\"]}]},{\"@type\":\"ImageObject\",\"inLanguage\":\"fr-FR\",\"@id\":\"https:\/\/www.africa-press.net\/senegal\/parties\/ngagne-demba-toure-a-lucad-interpellation-des-etudiants#primaryimage\",\"url\":\"https:\/\/static.africa-press.net\/senegal\/sites\/13\/2025\/07\/sm_1753779613.365616.jpg\",\"contentUrl\":\"https:\/\/static.africa-press.net\/senegal\/sites\/13\/2025\/07\/sm_1753779613.365616.jpg\",\"width\":720,\"height\":350,\"caption\":\"Ngagne Demba Tour\u00e9 \u00c0 L'Ucad Interpellation des \u00c9tudiants\"},{\"@type\":\"BreadcrumbList\",\"@id\":\"https:\/\/www.africa-press.net\/senegal\/parties\/ngagne-demba-toure-a-lucad-interpellation-des-etudiants#breadcrumb\",\"itemListElement\":[{\"@type\":\"ListItem\",\"position\":1,\"name\":\"Accueil\",\"item\":\"https:\/\/www.africa-press.net\/senegal\/\"},{\"@type\":\"ListItem\",\"position\":2,\"name\":\"Ngagne Demba Tour\u00e9 \u00c0 L&#8217;Ucad Interpellation des \u00c9tudiants\"}]},{\"@type\":\"WebSite\",\"@id\":\"https:\/\/www.africa-press.net\/senegal\/#website\",\"url\":\"https:\/\/www.africa-press.net\/senegal\/\",\"name\":\"Africa Press | Senegal | Homepage\",\"description\":\"Just another Africa News Agency Sites site\",\"potentialAction\":[{\"@type\":\"SearchAction\",\"target\":{\"@type\":\"EntryPoint\",\"urlTemplate\":\"https:\/\/www.africa-press.net\/senegal\/?s={search_term_string}\"},\"query-input\":{\"@type\":\"PropertyValueSpecification\",\"valueRequired\":true,\"valueName\":\"search_term_string\"}}],\"inLanguage\":\"fr-FR\"},{\"@type\":\"Person\",\"@id\":\"https:\/\/www.africa-press.net\/senegal\/#\/schema\/person\/2b1cf3cd81a31e3cd26889ca66d677f1\",\"name\":\"cfeditorfr\",\"url\":\"https:\/\/www.africa-press.net\/senegal\/author\/cfeditorfr\"}]}<\/script>\n<!-- \/ Yoast SEO Premium plugin. -->","yoast_head_json":{"title":"Ngagne Demba Tour\u00e9 \u00c0 L'Ucad Interpellation des \u00c9tudiants - Senegal","description":"En tant que pre\u0301sident de la Jeunesse patriotique du Se\u0301ne\u0301gal (JPS), Ngagne Demba Toure\u0301 doit pre\u0301sider une rencontre a ...","robots":{"index":"index","follow":"follow","max-snippet":"max-snippet:-1","max-image-preview":"max-image-preview:large","max-video-preview":"max-video-preview:-1"},"canonical":"https:\/\/www.africa-press.net\/senegal\/parties\/ngagne-demba-toure-a-lucad-interpellation-des-etudiants","og_locale":"fr_FR","og_type":"article","og_title":"Ngagne Demba Tour\u00e9 \u00c0 L'Ucad Interpellation des \u00c9tudiants","og_description":"En tant que pre\u0301sident de la Jeunesse patriotique du Se\u0301ne\u0301gal (JPS), Ngagne Demba Toure\u0301 doit pre\u0301sider une rencontre a ...","og_url":"https:\/\/www.africa-press.net\/senegal\/parties\/ngagne-demba-toure-a-lucad-interpellation-des-etudiants","og_site_name":"Senegal","article_published_time":"2025-07-28T12:10:00+00:00","article_modified_time":"2025-07-29T01:00:44+00:00","og_image":[{"width":720,"height":350,"url":"https:\/\/static.africa-press.net\/senegal\/sites\/13\/2025\/07\/sm_1753779613.365616.jpg","type":"image\/jpeg"}],"author":"cfeditorfr","twitter_card":"summary_large_image","twitter_misc":{"\u00c9crit par":"cfeditorfr","Dur\u00e9e de lecture estim\u00e9e":"1 minute"},"schema":{"@context":"https:\/\/schema.org","@graph":[{"@type":"Article","@id":"https:\/\/www.africa-press.net\/senegal\/parties\/ngagne-demba-toure-a-lucad-interpellation-des-etudiants#article","isPartOf":{"@id":"https:\/\/www.africa-press.net\/senegal\/parties\/ngagne-demba-toure-a-lucad-interpellation-des-etudiants"},"author":{"name":"cfeditorfr","@id":"https:\/\/www.africa-press.net\/senegal\/#\/schema\/person\/2b1cf3cd81a31e3cd26889ca66d677f1"},"headline":"Ngagne Demba Tour\u00e9 \u00c0 L&rsquo;Ucad Interpellation des \u00c9tudiants","datePublished":"2025-07-28T12:10:00+00:00","dateModified":"2025-07-29T01:00:44+00:00","mainEntityOfPage":{"@id":"https:\/\/www.africa-press.net\/senegal\/parties\/ngagne-demba-toure-a-lucad-interpellation-des-etudiants"},"wordCount":176,"commentCount":0,"image":{"@id":"https:\/\/www.africa-press.net\/senegal\/parties\/ngagne-demba-toure-a-lucad-interpellation-des-etudiants#primaryimage"},"thumbnailUrl":"https:\/\/static.africa-press.net\/senegal\/sites\/13\/2025\/07\/sm_1753779613.365616.jpg","keywords":["etudiants pastef","Ngagne Demba Toure","Ousmane Sonko","Senegal","ucas"],"articleSection":["Parties","Toutes les actualit\u00e9s"],"inLanguage":"fr-FR","potentialAction":[{"@type":"CommentAction","name":"Comment","target":["https:\/\/www.africa-press.net\/senegal\/parties\/ngagne-demba-toure-a-lucad-interpellation-des-etudiants#respond"]}]},{"@type":"WebPage","@id":"https:\/\/www.africa-press.net\/senegal\/parties\/ngagne-demba-toure-a-lucad-interpellation-des-etudiants","url":"https:\/\/www.africa-press.net\/senegal\/parties\/ngagne-demba-toure-a-lucad-interpellation-des-etudiants","name":"Ngagne Demba Tour\u00e9 \u00c0 L'Ucad Interpellation des \u00c9tudiants - Senegal","isPartOf":{"@id":"https:\/\/www.africa-press.net\/senegal\/#website"},"primaryImageOfPage":{"@id":"https:\/\/www.africa-press.net\/senegal\/parties\/ngagne-demba-toure-a-lucad-interpellation-des-etudiants#primaryimage"},"image":{"@id":"https:\/\/www.africa-press.net\/senegal\/parties\/ngagne-demba-toure-a-lucad-interpellation-des-etudiants#primaryimage"},"thumbnailUrl":"https:\/\/static.africa-press.net\/senegal\/sites\/13\/2025\/07\/sm_1753779613.365616.jpg","datePublished":"2025-07-28T12:10:00+00:00","dateModified":"2025-07-29T01:00:44+00:00","author":{"@id":"https:\/\/www.africa-press.net\/senegal\/#\/schema\/person\/2b1cf3cd81a31e3cd26889ca66d677f1"},"description":"En tant que pre\u0301sident de la Jeunesse patriotique du Se\u0301ne\u0301gal (JPS), Ngagne Demba Toure\u0301 doit pre\u0301sider une rencontre a ...","breadcrumb":{"@id":"https:\/\/www.africa-press.net\/senegal\/parties\/ngagne-demba-toure-a-lucad-interpellation-des-etudiants#breadcrumb"},"inLanguage":"fr-FR","potentialAction":[{"@type":"ReadAction","target":["https:\/\/www.africa-press.net\/senegal\/parties\/ngagne-demba-toure-a-lucad-interpellation-des-etudiants"]}]},{"@type":"ImageObject","inLanguage":"fr-FR","@id":"https:\/\/www.africa-press.net\/senegal\/parties\/ngagne-demba-toure-a-lucad-interpellation-des-etudiants#primaryimage","url":"https:\/\/static.africa-press.net\/senegal\/sites\/13\/2025\/07\/sm_1753779613.365616.jpg","contentUrl":"https:\/\/static.africa-press.net\/senegal\/sites\/13\/2025\/07\/sm_1753779613.365616.jpg","width":720,"height":350,"caption":"Ngagne Demba Tour\u00e9 \u00c0 L'Ucad Interpellation des \u00c9tudiants"},{"@type":"BreadcrumbList","@id":"https:\/\/www.africa-press.net\/senegal\/parties\/ngagne-demba-toure-a-lucad-interpellation-des-etudiants#breadcrumb","itemListElement":[{"@type":"ListItem","position":1,"name":"Accueil","item":"https:\/\/www.africa-press.net\/senegal\/"},{"@type":"ListItem","position":2,"name":"Ngagne Demba Tour\u00e9 \u00c0 L&#8217;Ucad Interpellation des \u00c9tudiants"}]},{"@type":"WebSite","@id":"https:\/\/www.africa-press.net\/senegal\/#website","url":"https:\/\/www.africa-press.net\/senegal\/","name":"Africa Press | Senegal | Homepage","description":"Just another Africa News Agency Sites site","potentialAction":[{"@type":"SearchAction","target":{"@type":"EntryPoint","urlTemplate":"https:\/\/www.africa-press.net\/senegal\/?s={search_term_string}"},"query-input":{"@type":"PropertyValueSpecification","valueRequired":true,"valueName":"search_term_string"}}],"inLanguage":"fr-FR"},{"@type":"Person","@id":"https:\/\/www.africa-press.net\/senegal\/#\/schema\/person\/2b1cf3cd81a31e3cd26889ca66d677f1","name":"cfeditorfr","url":"https:\/\/www.africa-press.net\/senegal\/author\/cfeditorfr"}]}},"_links":{"self":[{"href":"https:\/\/www.africa-press.net\/senegal\/wp-json\/wp\/v2\/posts\/70187","targetHints":{"allow":["GET"]}}],"collection":[{"href":"https:\/\/www.africa-press.net\/senegal\/wp-json\/wp\/v2\/posts"}],"about":[{"href":"https:\/\/www.africa-press.net\/senegal\/wp-json\/wp\/v2\/types\/post"}],"author":[{"embeddable":true,"href":"https:\/\/www.africa-press.net\/senegal\/wp-json\/wp\/v2\/users\/82"}],"replies":[{"embeddable":true,"href":"https:\/\/www.africa-press.net\/senegal\/wp-json\/wp\/v2\/comments?post=70187"}],"version-history":[{"count":0,"href":"https:\/\/www.africa-press.net\/senegal\/wp-json\/wp\/v2\/posts\/70187\/revisions"}],"wp:featuredmedia":[{"embeddable":true,"href":"https:\/\/www.africa-press.net\/senegal\/wp-json\/wp\/v2\/media\/70186"}],"wp:attachment":[{"href":"https:\/\/www.africa-press.net\/senegal\/wp-json\/wp\/v2\/media?parent=70187"}],"wp:term":[{"taxonomy":"category","embeddable":true,"href":"https:\/\/www.africa-press.net\/senegal\/wp-json\/wp\/v2\/categories?post=70187"},{"taxonomy":"post_tag","embeddable":true,"href":"https:\/\/www.africa-press.net\/senegal\/wp-json\/wp\/v2\/tags?post=70187"}],"curies":[{"name":"wp","href":"https:\/\/api.w.org\/{rel}","templated":true}]}}