{"id":70440,"date":"2025-08-06T14:00:00","date_gmt":"2025-08-06T14:00:00","guid":{"rendered":"https:\/\/www.africa-press.net\/senegal\/politique\/visite-officielle-du-premier-ministre-senegalais-en-turkiye"},"modified":"2025-08-06T21:04:54","modified_gmt":"2025-08-06T21:04:54","slug":"visite-officielle-du-premier-ministre-senegalais-en-turkiye","status":"publish","type":"post","link":"https:\/\/www.africa-press.net\/senegal\/politique\/visite-officielle-du-premier-ministre-senegalais-en-turkiye","title":{"rendered":"Visite Officielle du Premier Ministre S\u00e9n\u00e9galais en T\u00fcrkiye"},"content":{"rendered":"<p><span style=\"color: #ff6600\"><strong>Africa-Press &#8211; Senegal. <\/strong><\/span>Le Premier ministre se\u0301ne\u0301galais est attendu mercredi en Tu\u0308rkiye pour une visite officielle a\u0300 l&rsquo;invitation du pre\u0301sident turc Recep Tayyip Erdogan, a de\u0301clare\u0301 le directeur de la Communication de la Tu\u0308rkiye.<\/p>\n<p>La visite d&rsquo;Ousmane Sonko a\u0300 Ankara durera jusqu&rsquo;a\u0300 lundi prochain, a pre\u0301cise\u0301 Burhanettin Duran sur X.<\/p>\n<p>\u00ab\u00a0Tous les aspects des relations bilate\u0301rales entre la Tu\u0308rkiye et le Se\u0301ne\u0301gal seront passe\u0301s en revue, et les mesures visant a\u0300 approfondir davantage la coope\u0301ration au niveau du partenariat strate\u0301gique seront discute\u0301es lors des pourparlers pre\u0301vus le jeudi 7 aou\u0302t\u00a0\u00bb, a-t-il indique\u0301.<\/p>\n<p>Et d&rsquo;ajouter: \u00ab\u00a0Les discussions porteront e\u0301galement sur un e\u0301change de vues sur des questions re\u0301gionales et internationales\u00a0\u00bb.<\/p>\n<p>Burhanettin Duran a e\u0301galement annonce\u0301 que pendant la visite, des accords entre les deux pays devraient e\u0302tre signe\u0301s dans divers domaines.<\/p>\n<p>Selon le ministe\u0300re turc des Affaires e\u0301trange\u0300res, les relations entre la Tu\u0308rkiye et ce pays d&rsquo;Afrique de l&rsquo;Ouest se sont intensifie\u0301es ces dernie\u0300res anne\u0301es.<\/p>\n<p>En 2018, le pre\u0301sident Erdogan a effectue\u0301 une visite officielle au Se\u0301ne\u0301gal, accompagne\u0301 de plusieurs ministres, et le pre\u0301sident se\u0301ne\u0301galais de l&rsquo;e\u0301poque, Macky Sall, s&rsquo;est rendu a\u0300 Istanbul pour l&rsquo;inauguration de la mosque\u0301e Camlica en 2019.<\/p>\n<p>Erdogan a effectue\u0301 une autre visite officielle au Se\u0301ne\u0301gal en 2020, qui comprenait un forum d&rsquo;affaires.<\/p>\n<p>Les repre\u0301sentants du secteur prive\u0301 turc organisent chaque anne\u0301e des forums d&rsquo;affaires au Se\u0301ne\u0301gal.<\/p>\n<p><strong>Pour plus d&rsquo;informations et d&rsquo;analyses sur la <span style=\"color: #ff6600\">Senegal<\/span>, suivez <span style=\"color: #ff6600\">Africa-Press<\/span><\/strong><\/p>\n","protected":false},"excerpt":{"rendered":"<p>Africa-Press &#8211; Senegal. Le Premier ministre se\u0301ne\u0301galais est attendu mercredi en Tu\u0308rkiye pour une visite officielle a\u0300 l&rsquo;invitation du pre\u0301sident turc Recep Tayyip Erdogan, a de\u0301clare\u0301 le directeur de la Communication de la Tu\u0308rkiye. La visite d&rsquo;Ousmane Sonko a\u0300 Ankara durera jusqu&rsquo;a\u0300 lundi prochain, a pre\u0301cise\u0301 Burhanettin Duran sur X. \u00ab\u00a0Tous les aspects des relations [&hellip;]<\/p>\n","protected":false},"author":82,"featured_media":70439,"comment_status":"open","ping_status":"closed","sticky":false,"template":"","format":"standard","meta":{"footnotes":""},"categories":[2,49,20,10],"tags":[44],"class_list":["post-70440","post","type-post","status-publish","format-standard","has-post-thumbnail","hentry","category-politique","category-to-homepage","category-top-nouvelles","category-toutes-les-actualites","tag-senegal-2"],"yoast_head":"<!-- This site is optimized with the Yoast SEO Premium plugin v26.1 (Yoast SEO v27.0) - https:\/\/yoast.com\/product\/yoast-seo-premium-wordpress\/ -->\n<title>Visite Officielle du Premier Ministre S\u00e9n\u00e9galais en T\u00fcrkiye - Senegal<\/title>\n<meta name=\"description\" content=\"Le Premier ministre se\u0301ne\u0301galais est attendu mercredi en Tu\u0308rkiye pour une visite officielle a\u0300 l&#039;invitation du pre\u0301side ...\" \/>\n<meta name=\"robots\" content=\"index, follow, max-snippet:-1, max-image-preview:large, max-video-preview:-1\" \/>\n<link rel=\"canonical\" href=\"https:\/\/www.africa-press.net\/senegal\/politique\/visite-officielle-du-premier-ministre-senegalais-en-turkiye\" \/>\n<meta property=\"og:locale\" content=\"fr_FR\" \/>\n<meta property=\"og:type\" content=\"article\" \/>\n<meta property=\"og:title\" content=\"Visite Officielle du Premier Ministre S\u00e9n\u00e9galais en T\u00fcrkiye\" \/>\n<meta property=\"og:description\" content=\"Le Premier ministre se\u0301ne\u0301galais est attendu mercredi en Tu\u0308rkiye pour une visite officielle a\u0300 l&#039;invitation du pre\u0301side ...\" \/>\n<meta property=\"og:url\" content=\"https:\/\/www.africa-press.net\/senegal\/politique\/visite-officielle-du-premier-ministre-senegalais-en-turkiye\" \/>\n<meta property=\"og:site_name\" content=\"Senegal\" \/>\n<meta property=\"article:published_time\" content=\"2025-08-06T14:00:00+00:00\" \/>\n<meta property=\"article:modified_time\" content=\"2025-08-06T21:04:54+00:00\" \/>\n<meta property=\"og:image\" content=\"https:\/\/static.africa-press.net\/senegal\/sites\/13\/2025\/08\/sm_1754543054.690388.jpg\" \/>\n\t<meta property=\"og:image:width\" content=\"864\" \/>\n\t<meta property=\"og:image:height\" content=\"486\" \/>\n\t<meta property=\"og:image:type\" content=\"image\/jpeg\" \/>\n<meta name=\"author\" content=\"cfeditorfr\" \/>\n<meta name=\"twitter:card\" content=\"summary_large_image\" \/>\n<meta name=\"twitter:label1\" content=\"\u00c9crit par\" \/>\n\t<meta name=\"twitter:data1\" content=\"cfeditorfr\" \/>\n\t<meta name=\"twitter:label2\" content=\"Dur\u00e9e de lecture estim\u00e9e\" \/>\n\t<meta name=\"twitter:data2\" content=\"2 minutes\" \/>\n<script type=\"application\/ld+json\" class=\"yoast-schema-graph\">{\"@context\":\"https:\/\/schema.org\",\"@graph\":[{\"@type\":\"Article\",\"@id\":\"https:\/\/www.africa-press.net\/senegal\/politique\/visite-officielle-du-premier-ministre-senegalais-en-turkiye#article\",\"isPartOf\":{\"@id\":\"https:\/\/www.africa-press.net\/senegal\/politique\/visite-officielle-du-premier-ministre-senegalais-en-turkiye\"},\"author\":{\"name\":\"cfeditorfr\",\"@id\":\"https:\/\/www.africa-press.net\/senegal\/#\/schema\/person\/2b1cf3cd81a31e3cd26889ca66d677f1\"},\"headline\":\"Visite Officielle du Premier Ministre S\u00e9n\u00e9galais en T\u00fcrkiye\",\"datePublished\":\"2025-08-06T14:00:00+00:00\",\"dateModified\":\"2025-08-06T21:04:54+00:00\",\"mainEntityOfPage\":{\"@id\":\"https:\/\/www.africa-press.net\/senegal\/politique\/visite-officielle-du-premier-ministre-senegalais-en-turkiye\"},\"wordCount\":294,\"commentCount\":0,\"image\":{\"@id\":\"https:\/\/www.africa-press.net\/senegal\/politique\/visite-officielle-du-premier-ministre-senegalais-en-turkiye#primaryimage\"},\"thumbnailUrl\":\"https:\/\/static.africa-press.net\/senegal\/sites\/13\/2025\/08\/sm_1754543054.690388.jpg\",\"keywords\":[\"Senegal\"],\"articleSection\":[\"Politique\",\"to-homepage\",\"Top Nouvelles\",\"Toutes les actualit\u00e9s\"],\"inLanguage\":\"fr-FR\",\"potentialAction\":[{\"@type\":\"CommentAction\",\"name\":\"Comment\",\"target\":[\"https:\/\/www.africa-press.net\/senegal\/politique\/visite-officielle-du-premier-ministre-senegalais-en-turkiye#respond\"]}]},{\"@type\":\"WebPage\",\"@id\":\"https:\/\/www.africa-press.net\/senegal\/politique\/visite-officielle-du-premier-ministre-senegalais-en-turkiye\",\"url\":\"https:\/\/www.africa-press.net\/senegal\/politique\/visite-officielle-du-premier-ministre-senegalais-en-turkiye\",\"name\":\"Visite Officielle du Premier Ministre S\u00e9n\u00e9galais en T\u00fcrkiye - Senegal\",\"isPartOf\":{\"@id\":\"https:\/\/www.africa-press.net\/senegal\/#website\"},\"primaryImageOfPage\":{\"@id\":\"https:\/\/www.africa-press.net\/senegal\/politique\/visite-officielle-du-premier-ministre-senegalais-en-turkiye#primaryimage\"},\"image\":{\"@id\":\"https:\/\/www.africa-press.net\/senegal\/politique\/visite-officielle-du-premier-ministre-senegalais-en-turkiye#primaryimage\"},\"thumbnailUrl\":\"https:\/\/static.africa-press.net\/senegal\/sites\/13\/2025\/08\/sm_1754543054.690388.jpg\",\"datePublished\":\"2025-08-06T14:00:00+00:00\",\"dateModified\":\"2025-08-06T21:04:54+00:00\",\"author\":{\"@id\":\"https:\/\/www.africa-press.net\/senegal\/#\/schema\/person\/2b1cf3cd81a31e3cd26889ca66d677f1\"},\"description\":\"Le Premier ministre se\u0301ne\u0301galais est attendu mercredi en Tu\u0308rkiye pour une visite officielle a\u0300 l'invitation du pre\u0301side ...\",\"breadcrumb\":{\"@id\":\"https:\/\/www.africa-press.net\/senegal\/politique\/visite-officielle-du-premier-ministre-senegalais-en-turkiye#breadcrumb\"},\"inLanguage\":\"fr-FR\",\"potentialAction\":[{\"@type\":\"ReadAction\",\"target\":[\"https:\/\/www.africa-press.net\/senegal\/politique\/visite-officielle-du-premier-ministre-senegalais-en-turkiye\"]}]},{\"@type\":\"ImageObject\",\"inLanguage\":\"fr-FR\",\"@id\":\"https:\/\/www.africa-press.net\/senegal\/politique\/visite-officielle-du-premier-ministre-senegalais-en-turkiye#primaryimage\",\"url\":\"https:\/\/static.africa-press.net\/senegal\/sites\/13\/2025\/08\/sm_1754543054.690388.jpg\",\"contentUrl\":\"https:\/\/static.africa-press.net\/senegal\/sites\/13\/2025\/08\/sm_1754543054.690388.jpg\",\"width\":864,\"height\":486,\"caption\":\"Visite Officielle du Premier Ministre S\u00e9n\u00e9galais en T\u00fcrkiye\"},{\"@type\":\"BreadcrumbList\",\"@id\":\"https:\/\/www.africa-press.net\/senegal\/politique\/visite-officielle-du-premier-ministre-senegalais-en-turkiye#breadcrumb\",\"itemListElement\":[{\"@type\":\"ListItem\",\"position\":1,\"name\":\"Accueil\",\"item\":\"https:\/\/www.africa-press.net\/senegal\/\"},{\"@type\":\"ListItem\",\"position\":2,\"name\":\"Visite Officielle du Premier Ministre S\u00e9n\u00e9galais en T\u00fcrkiye\"}]},{\"@type\":\"WebSite\",\"@id\":\"https:\/\/www.africa-press.net\/senegal\/#website\",\"url\":\"https:\/\/www.africa-press.net\/senegal\/\",\"name\":\"Africa Press | Senegal | Homepage\",\"description\":\"Just another Africa News Agency Sites site\",\"potentialAction\":[{\"@type\":\"SearchAction\",\"target\":{\"@type\":\"EntryPoint\",\"urlTemplate\":\"https:\/\/www.africa-press.net\/senegal\/?s={search_term_string}\"},\"query-input\":{\"@type\":\"PropertyValueSpecification\",\"valueRequired\":true,\"valueName\":\"search_term_string\"}}],\"inLanguage\":\"fr-FR\"},{\"@type\":\"Person\",\"@id\":\"https:\/\/www.africa-press.net\/senegal\/#\/schema\/person\/2b1cf3cd81a31e3cd26889ca66d677f1\",\"name\":\"cfeditorfr\",\"url\":\"https:\/\/www.africa-press.net\/senegal\/author\/cfeditorfr\"}]}<\/script>\n<!-- \/ Yoast SEO Premium plugin. -->","yoast_head_json":{"title":"Visite Officielle du Premier Ministre S\u00e9n\u00e9galais en T\u00fcrkiye - Senegal","description":"Le Premier ministre se\u0301ne\u0301galais est attendu mercredi en Tu\u0308rkiye pour une visite officielle a\u0300 l'invitation du pre\u0301side ...","robots":{"index":"index","follow":"follow","max-snippet":"max-snippet:-1","max-image-preview":"max-image-preview:large","max-video-preview":"max-video-preview:-1"},"canonical":"https:\/\/www.africa-press.net\/senegal\/politique\/visite-officielle-du-premier-ministre-senegalais-en-turkiye","og_locale":"fr_FR","og_type":"article","og_title":"Visite Officielle du Premier Ministre S\u00e9n\u00e9galais en T\u00fcrkiye","og_description":"Le Premier ministre se\u0301ne\u0301galais est attendu mercredi en Tu\u0308rkiye pour une visite officielle a\u0300 l'invitation du pre\u0301side ...","og_url":"https:\/\/www.africa-press.net\/senegal\/politique\/visite-officielle-du-premier-ministre-senegalais-en-turkiye","og_site_name":"Senegal","article_published_time":"2025-08-06T14:00:00+00:00","article_modified_time":"2025-08-06T21:04:54+00:00","og_image":[{"width":864,"height":486,"url":"https:\/\/static.africa-press.net\/senegal\/sites\/13\/2025\/08\/sm_1754543054.690388.jpg","type":"image\/jpeg"}],"author":"cfeditorfr","twitter_card":"summary_large_image","twitter_misc":{"\u00c9crit par":"cfeditorfr","Dur\u00e9e de lecture estim\u00e9e":"2 minutes"},"schema":{"@context":"https:\/\/schema.org","@graph":[{"@type":"Article","@id":"https:\/\/www.africa-press.net\/senegal\/politique\/visite-officielle-du-premier-ministre-senegalais-en-turkiye#article","isPartOf":{"@id":"https:\/\/www.africa-press.net\/senegal\/politique\/visite-officielle-du-premier-ministre-senegalais-en-turkiye"},"author":{"name":"cfeditorfr","@id":"https:\/\/www.africa-press.net\/senegal\/#\/schema\/person\/2b1cf3cd81a31e3cd26889ca66d677f1"},"headline":"Visite Officielle du Premier Ministre S\u00e9n\u00e9galais en T\u00fcrkiye","datePublished":"2025-08-06T14:00:00+00:00","dateModified":"2025-08-06T21:04:54+00:00","mainEntityOfPage":{"@id":"https:\/\/www.africa-press.net\/senegal\/politique\/visite-officielle-du-premier-ministre-senegalais-en-turkiye"},"wordCount":294,"commentCount":0,"image":{"@id":"https:\/\/www.africa-press.net\/senegal\/politique\/visite-officielle-du-premier-ministre-senegalais-en-turkiye#primaryimage"},"thumbnailUrl":"https:\/\/static.africa-press.net\/senegal\/sites\/13\/2025\/08\/sm_1754543054.690388.jpg","keywords":["Senegal"],"articleSection":["Politique","to-homepage","Top Nouvelles","Toutes les actualit\u00e9s"],"inLanguage":"fr-FR","potentialAction":[{"@type":"CommentAction","name":"Comment","target":["https:\/\/www.africa-press.net\/senegal\/politique\/visite-officielle-du-premier-ministre-senegalais-en-turkiye#respond"]}]},{"@type":"WebPage","@id":"https:\/\/www.africa-press.net\/senegal\/politique\/visite-officielle-du-premier-ministre-senegalais-en-turkiye","url":"https:\/\/www.africa-press.net\/senegal\/politique\/visite-officielle-du-premier-ministre-senegalais-en-turkiye","name":"Visite Officielle du Premier Ministre S\u00e9n\u00e9galais en T\u00fcrkiye - Senegal","isPartOf":{"@id":"https:\/\/www.africa-press.net\/senegal\/#website"},"primaryImageOfPage":{"@id":"https:\/\/www.africa-press.net\/senegal\/politique\/visite-officielle-du-premier-ministre-senegalais-en-turkiye#primaryimage"},"image":{"@id":"https:\/\/www.africa-press.net\/senegal\/politique\/visite-officielle-du-premier-ministre-senegalais-en-turkiye#primaryimage"},"thumbnailUrl":"https:\/\/static.africa-press.net\/senegal\/sites\/13\/2025\/08\/sm_1754543054.690388.jpg","datePublished":"2025-08-06T14:00:00+00:00","dateModified":"2025-08-06T21:04:54+00:00","author":{"@id":"https:\/\/www.africa-press.net\/senegal\/#\/schema\/person\/2b1cf3cd81a31e3cd26889ca66d677f1"},"description":"Le Premier ministre se\u0301ne\u0301galais est attendu mercredi en Tu\u0308rkiye pour une visite officielle a\u0300 l'invitation du pre\u0301side ...","breadcrumb":{"@id":"https:\/\/www.africa-press.net\/senegal\/politique\/visite-officielle-du-premier-ministre-senegalais-en-turkiye#breadcrumb"},"inLanguage":"fr-FR","potentialAction":[{"@type":"ReadAction","target":["https:\/\/www.africa-press.net\/senegal\/politique\/visite-officielle-du-premier-ministre-senegalais-en-turkiye"]}]},{"@type":"ImageObject","inLanguage":"fr-FR","@id":"https:\/\/www.africa-press.net\/senegal\/politique\/visite-officielle-du-premier-ministre-senegalais-en-turkiye#primaryimage","url":"https:\/\/static.africa-press.net\/senegal\/sites\/13\/2025\/08\/sm_1754543054.690388.jpg","contentUrl":"https:\/\/static.africa-press.net\/senegal\/sites\/13\/2025\/08\/sm_1754543054.690388.jpg","width":864,"height":486,"caption":"Visite Officielle du Premier Ministre S\u00e9n\u00e9galais en T\u00fcrkiye"},{"@type":"BreadcrumbList","@id":"https:\/\/www.africa-press.net\/senegal\/politique\/visite-officielle-du-premier-ministre-senegalais-en-turkiye#breadcrumb","itemListElement":[{"@type":"ListItem","position":1,"name":"Accueil","item":"https:\/\/www.africa-press.net\/senegal\/"},{"@type":"ListItem","position":2,"name":"Visite Officielle du Premier Ministre S\u00e9n\u00e9galais en T\u00fcrkiye"}]},{"@type":"WebSite","@id":"https:\/\/www.africa-press.net\/senegal\/#website","url":"https:\/\/www.africa-press.net\/senegal\/","name":"Africa Press | Senegal | Homepage","description":"Just another Africa News Agency Sites site","potentialAction":[{"@type":"SearchAction","target":{"@type":"EntryPoint","urlTemplate":"https:\/\/www.africa-press.net\/senegal\/?s={search_term_string}"},"query-input":{"@type":"PropertyValueSpecification","valueRequired":true,"valueName":"search_term_string"}}],"inLanguage":"fr-FR"},{"@type":"Person","@id":"https:\/\/www.africa-press.net\/senegal\/#\/schema\/person\/2b1cf3cd81a31e3cd26889ca66d677f1","name":"cfeditorfr","url":"https:\/\/www.africa-press.net\/senegal\/author\/cfeditorfr"}]}},"_links":{"self":[{"href":"https:\/\/www.africa-press.net\/senegal\/wp-json\/wp\/v2\/posts\/70440","targetHints":{"allow":["GET"]}}],"collection":[{"href":"https:\/\/www.africa-press.net\/senegal\/wp-json\/wp\/v2\/posts"}],"about":[{"href":"https:\/\/www.africa-press.net\/senegal\/wp-json\/wp\/v2\/types\/post"}],"author":[{"embeddable":true,"href":"https:\/\/www.africa-press.net\/senegal\/wp-json\/wp\/v2\/users\/82"}],"replies":[{"embeddable":true,"href":"https:\/\/www.africa-press.net\/senegal\/wp-json\/wp\/v2\/comments?post=70440"}],"version-history":[{"count":0,"href":"https:\/\/www.africa-press.net\/senegal\/wp-json\/wp\/v2\/posts\/70440\/revisions"}],"wp:featuredmedia":[{"embeddable":true,"href":"https:\/\/www.africa-press.net\/senegal\/wp-json\/wp\/v2\/media\/70439"}],"wp:attachment":[{"href":"https:\/\/www.africa-press.net\/senegal\/wp-json\/wp\/v2\/media?parent=70440"}],"wp:term":[{"taxonomy":"category","embeddable":true,"href":"https:\/\/www.africa-press.net\/senegal\/wp-json\/wp\/v2\/categories?post=70440"},{"taxonomy":"post_tag","embeddable":true,"href":"https:\/\/www.africa-press.net\/senegal\/wp-json\/wp\/v2\/tags?post=70440"}],"curies":[{"name":"wp","href":"https:\/\/api.w.org\/{rel}","templated":true}]}}