{"id":70460,"date":"2025-08-07T14:00:00","date_gmt":"2025-08-07T14:00:00","guid":{"rendered":"https:\/\/www.africa-press.net\/senegal\/politique\/quatre-accords-signes-entre-turkiye-et-senegal"},"modified":"2025-08-07T23:50:35","modified_gmt":"2025-08-07T23:50:35","slug":"quatre-accords-signes-entre-turkiye-et-senegal","status":"publish","type":"post","link":"https:\/\/www.africa-press.net\/senegal\/politique\/quatre-accords-signes-entre-turkiye-et-senegal","title":{"rendered":"Quatre Accords Sign\u00e9s entre T\u00fcrkiye et S\u00e9n\u00e9gal"},"content":{"rendered":"<p><span style=\"color: #ff6600\"><strong>Africa-Press &#8211; Senegal. <\/strong><\/span>Quatre accords ont e\u0301te\u0301 signe\u0301s entre les deux pays en pre\u0301sence du pre\u0301sident Recep Tayyip Erdogan et du Premier ministre se\u0301ne\u0301galais Ousmane Sonko.<\/p>\n<p>Apre\u0300s des entretiens en te\u0302te-a\u0300-te\u0302te et entre de\u0301le\u0301gations a\u0300 Ankara au palais pre\u0301sidentiel, plusieurs accords ont e\u0301te\u0301 signe\u0301s.<\/p>\n<p>Lors de la ce\u0301re\u0301monie, le ministre turc de la De\u0301fense, Yasar Guler, et le ministre des Forces arme\u0301es se\u0301ne\u0301galaises, le ge\u0301ne\u0301ral Birame Diop, ont signe\u0301 l&rsquo;\u00ab Accord de coope\u0301ration financie\u0300re militaire entre le gouvernement de la Re\u0301publique de Tu\u0308rkiye et le gouvernement de la Re\u0301publique du Se\u0301ne\u0301gal \u00bb ainsi que le \u00ab Protocole de modification n\u00b0 1 du Protocole d&rsquo;application de l&rsquo;aide financie\u0300re du 28 janvier 2020 entre le gouvernement de la Re\u0301publique de Tu\u0308rkiye et le gouvernement de la Re\u0301publique du Se\u0301ne\u0301gal \u00bb.<\/p>\n<p>L&rsquo;\u00ab Accord de coproduction et de coope\u0301ration dans les domaines du cine\u0301ma, de l&rsquo;audiovisuel et du multime\u0301dia entre le gouvernement de la Re\u0301publique de Tu\u0308rkiye et le gouvernement de la Re\u0301publique du Se\u0301ne\u0301gal \u00bb a e\u0301te\u0301 signe\u0301 par le ministre turc du Commerce Omer Bolat et la ministre se\u0301ne\u0301galaise de l&rsquo;Inte\u0301gration africaine et des Affaires e\u0301trange\u0300res, Yassine Fall.<\/p>\n<p>Le \u00ab Protocole d&rsquo;application pour les anne\u0301es 2025-2028 du Me\u0301morandum d&rsquo;entente sur la coope\u0301ration dans le domaine de l&rsquo;enseignement supe\u0301rieur entre le Conseil de l&rsquo;enseignement supe\u0301rieur de la Re\u0301publique de Tu\u0308rkiye et le ministe\u0300re de l&rsquo;Enseignement supe\u0301rieur, de la Recherche scientifique et de l&rsquo;Innovation de la Re\u0301publique du Se\u0301ne\u0301gal \u00bb a e\u0301te\u0301 signe\u0301 par le pre\u0301sident du Conseil de l&rsquo;enseignement supe\u0301rieur (YO\u0308K) Erol Ozvar et la ministre se\u0301ne\u0301galais, Yassine Fall.<\/p>\n<p><strong>Pour plus d&rsquo;informations et d&rsquo;analyses sur la <span style=\"color: #ff6600\">Senegal<\/span>, suivez <span style=\"color: #ff6600\">Africa-Press<\/span><\/strong><\/p>\n","protected":false},"excerpt":{"rendered":"<p>Africa-Press &#8211; Senegal. Quatre accords ont e\u0301te\u0301 signe\u0301s entre les deux pays en pre\u0301sence du pre\u0301sident Recep Tayyip Erdogan et du Premier ministre se\u0301ne\u0301galais Ousmane Sonko. Apre\u0300s des entretiens en te\u0302te-a\u0300-te\u0302te et entre de\u0301le\u0301gations a\u0300 Ankara au palais pre\u0301sidentiel, plusieurs accords ont e\u0301te\u0301 signe\u0301s. Lors de la ce\u0301re\u0301monie, le ministre turc de la De\u0301fense, Yasar [&hellip;]<\/p>\n","protected":false},"author":82,"featured_media":70459,"comment_status":"open","ping_status":"closed","sticky":false,"template":"","format":"standard","meta":{"footnotes":""},"categories":[2,49,20,10],"tags":[44],"class_list":["post-70460","post","type-post","status-publish","format-standard","has-post-thumbnail","hentry","category-politique","category-to-homepage","category-top-nouvelles","category-toutes-les-actualites","tag-senegal-2"],"yoast_head":"<!-- This site is optimized with the Yoast SEO Premium plugin v26.1 (Yoast SEO v27.0) - https:\/\/yoast.com\/product\/yoast-seo-premium-wordpress\/ -->\n<title>Quatre Accords Sign\u00e9s entre T\u00fcrkiye et S\u00e9n\u00e9gal - Senegal<\/title>\n<meta name=\"description\" content=\"Quatre accords ont e\u0301te\u0301 signe\u0301s entre les deux pays en pre\u0301sence du pre\u0301sident Recep Tayyip Erdogan et du Premier minis ...\" \/>\n<meta name=\"robots\" content=\"index, follow, max-snippet:-1, max-image-preview:large, max-video-preview:-1\" \/>\n<link rel=\"canonical\" href=\"https:\/\/www.africa-press.net\/senegal\/politique\/quatre-accords-signes-entre-turkiye-et-senegal\" \/>\n<meta property=\"og:locale\" content=\"fr_FR\" \/>\n<meta property=\"og:type\" content=\"article\" \/>\n<meta property=\"og:title\" content=\"Quatre Accords Sign\u00e9s entre T\u00fcrkiye et S\u00e9n\u00e9gal\" \/>\n<meta property=\"og:description\" content=\"Quatre accords ont e\u0301te\u0301 signe\u0301s entre les deux pays en pre\u0301sence du pre\u0301sident Recep Tayyip Erdogan et du Premier minis ...\" \/>\n<meta property=\"og:url\" content=\"https:\/\/www.africa-press.net\/senegal\/politique\/quatre-accords-signes-entre-turkiye-et-senegal\" \/>\n<meta property=\"og:site_name\" content=\"Senegal\" \/>\n<meta property=\"article:published_time\" content=\"2025-08-07T14:00:00+00:00\" \/>\n<meta property=\"article:modified_time\" content=\"2025-08-07T23:50:35+00:00\" \/>\n<meta property=\"og:image\" content=\"https:\/\/static.africa-press.net\/senegal\/sites\/13\/2025\/08\/sm_1754639365.189368.jpg\" \/>\n\t<meta property=\"og:image:width\" content=\"864\" \/>\n\t<meta property=\"og:image:height\" content=\"486\" \/>\n\t<meta property=\"og:image:type\" content=\"image\/jpeg\" \/>\n<meta name=\"author\" content=\"cfeditorfr\" \/>\n<meta name=\"twitter:card\" content=\"summary_large_image\" \/>\n<meta name=\"twitter:label1\" content=\"\u00c9crit par\" \/>\n\t<meta name=\"twitter:data1\" content=\"cfeditorfr\" \/>\n\t<meta name=\"twitter:label2\" content=\"Dur\u00e9e de lecture estim\u00e9e\" \/>\n\t<meta name=\"twitter:data2\" content=\"2 minutes\" \/>\n<script type=\"application\/ld+json\" class=\"yoast-schema-graph\">{\"@context\":\"https:\/\/schema.org\",\"@graph\":[{\"@type\":\"Article\",\"@id\":\"https:\/\/www.africa-press.net\/senegal\/politique\/quatre-accords-signes-entre-turkiye-et-senegal#article\",\"isPartOf\":{\"@id\":\"https:\/\/www.africa-press.net\/senegal\/politique\/quatre-accords-signes-entre-turkiye-et-senegal\"},\"author\":{\"name\":\"cfeditorfr\",\"@id\":\"https:\/\/www.africa-press.net\/senegal\/#\/schema\/person\/2b1cf3cd81a31e3cd26889ca66d677f1\"},\"headline\":\"Quatre Accords Sign\u00e9s entre T\u00fcrkiye et S\u00e9n\u00e9gal\",\"datePublished\":\"2025-08-07T14:00:00+00:00\",\"dateModified\":\"2025-08-07T23:50:35+00:00\",\"mainEntityOfPage\":{\"@id\":\"https:\/\/www.africa-press.net\/senegal\/politique\/quatre-accords-signes-entre-turkiye-et-senegal\"},\"wordCount\":349,\"commentCount\":0,\"image\":{\"@id\":\"https:\/\/www.africa-press.net\/senegal\/politique\/quatre-accords-signes-entre-turkiye-et-senegal#primaryimage\"},\"thumbnailUrl\":\"https:\/\/static.africa-press.net\/senegal\/sites\/13\/2025\/08\/sm_1754639365.189368.jpg\",\"keywords\":[\"Senegal\"],\"articleSection\":[\"Politique\",\"to-homepage\",\"Top Nouvelles\",\"Toutes les actualit\u00e9s\"],\"inLanguage\":\"fr-FR\",\"potentialAction\":[{\"@type\":\"CommentAction\",\"name\":\"Comment\",\"target\":[\"https:\/\/www.africa-press.net\/senegal\/politique\/quatre-accords-signes-entre-turkiye-et-senegal#respond\"]}]},{\"@type\":\"WebPage\",\"@id\":\"https:\/\/www.africa-press.net\/senegal\/politique\/quatre-accords-signes-entre-turkiye-et-senegal\",\"url\":\"https:\/\/www.africa-press.net\/senegal\/politique\/quatre-accords-signes-entre-turkiye-et-senegal\",\"name\":\"Quatre Accords Sign\u00e9s entre T\u00fcrkiye et S\u00e9n\u00e9gal - Senegal\",\"isPartOf\":{\"@id\":\"https:\/\/www.africa-press.net\/senegal\/#website\"},\"primaryImageOfPage\":{\"@id\":\"https:\/\/www.africa-press.net\/senegal\/politique\/quatre-accords-signes-entre-turkiye-et-senegal#primaryimage\"},\"image\":{\"@id\":\"https:\/\/www.africa-press.net\/senegal\/politique\/quatre-accords-signes-entre-turkiye-et-senegal#primaryimage\"},\"thumbnailUrl\":\"https:\/\/static.africa-press.net\/senegal\/sites\/13\/2025\/08\/sm_1754639365.189368.jpg\",\"datePublished\":\"2025-08-07T14:00:00+00:00\",\"dateModified\":\"2025-08-07T23:50:35+00:00\",\"author\":{\"@id\":\"https:\/\/www.africa-press.net\/senegal\/#\/schema\/person\/2b1cf3cd81a31e3cd26889ca66d677f1\"},\"description\":\"Quatre accords ont e\u0301te\u0301 signe\u0301s entre les deux pays en pre\u0301sence du pre\u0301sident Recep Tayyip Erdogan et du Premier minis ...\",\"breadcrumb\":{\"@id\":\"https:\/\/www.africa-press.net\/senegal\/politique\/quatre-accords-signes-entre-turkiye-et-senegal#breadcrumb\"},\"inLanguage\":\"fr-FR\",\"potentialAction\":[{\"@type\":\"ReadAction\",\"target\":[\"https:\/\/www.africa-press.net\/senegal\/politique\/quatre-accords-signes-entre-turkiye-et-senegal\"]}]},{\"@type\":\"ImageObject\",\"inLanguage\":\"fr-FR\",\"@id\":\"https:\/\/www.africa-press.net\/senegal\/politique\/quatre-accords-signes-entre-turkiye-et-senegal#primaryimage\",\"url\":\"https:\/\/static.africa-press.net\/senegal\/sites\/13\/2025\/08\/sm_1754639365.189368.jpg\",\"contentUrl\":\"https:\/\/static.africa-press.net\/senegal\/sites\/13\/2025\/08\/sm_1754639365.189368.jpg\",\"width\":864,\"height\":486,\"caption\":\"Quatre Accords Sign\u00e9s entre T\u00fcrkiye et S\u00e9n\u00e9gal\"},{\"@type\":\"BreadcrumbList\",\"@id\":\"https:\/\/www.africa-press.net\/senegal\/politique\/quatre-accords-signes-entre-turkiye-et-senegal#breadcrumb\",\"itemListElement\":[{\"@type\":\"ListItem\",\"position\":1,\"name\":\"Accueil\",\"item\":\"https:\/\/www.africa-press.net\/senegal\/\"},{\"@type\":\"ListItem\",\"position\":2,\"name\":\"Quatre Accords Sign\u00e9s entre T\u00fcrkiye et S\u00e9n\u00e9gal\"}]},{\"@type\":\"WebSite\",\"@id\":\"https:\/\/www.africa-press.net\/senegal\/#website\",\"url\":\"https:\/\/www.africa-press.net\/senegal\/\",\"name\":\"Africa Press | Senegal | Homepage\",\"description\":\"Just another Africa News Agency Sites site\",\"potentialAction\":[{\"@type\":\"SearchAction\",\"target\":{\"@type\":\"EntryPoint\",\"urlTemplate\":\"https:\/\/www.africa-press.net\/senegal\/?s={search_term_string}\"},\"query-input\":{\"@type\":\"PropertyValueSpecification\",\"valueRequired\":true,\"valueName\":\"search_term_string\"}}],\"inLanguage\":\"fr-FR\"},{\"@type\":\"Person\",\"@id\":\"https:\/\/www.africa-press.net\/senegal\/#\/schema\/person\/2b1cf3cd81a31e3cd26889ca66d677f1\",\"name\":\"cfeditorfr\",\"url\":\"https:\/\/www.africa-press.net\/senegal\/author\/cfeditorfr\"}]}<\/script>\n<!-- \/ Yoast SEO Premium plugin. -->","yoast_head_json":{"title":"Quatre Accords Sign\u00e9s entre T\u00fcrkiye et S\u00e9n\u00e9gal - Senegal","description":"Quatre accords ont e\u0301te\u0301 signe\u0301s entre les deux pays en pre\u0301sence du pre\u0301sident Recep Tayyip Erdogan et du Premier minis ...","robots":{"index":"index","follow":"follow","max-snippet":"max-snippet:-1","max-image-preview":"max-image-preview:large","max-video-preview":"max-video-preview:-1"},"canonical":"https:\/\/www.africa-press.net\/senegal\/politique\/quatre-accords-signes-entre-turkiye-et-senegal","og_locale":"fr_FR","og_type":"article","og_title":"Quatre Accords Sign\u00e9s entre T\u00fcrkiye et S\u00e9n\u00e9gal","og_description":"Quatre accords ont e\u0301te\u0301 signe\u0301s entre les deux pays en pre\u0301sence du pre\u0301sident Recep Tayyip Erdogan et du Premier minis ...","og_url":"https:\/\/www.africa-press.net\/senegal\/politique\/quatre-accords-signes-entre-turkiye-et-senegal","og_site_name":"Senegal","article_published_time":"2025-08-07T14:00:00+00:00","article_modified_time":"2025-08-07T23:50:35+00:00","og_image":[{"width":864,"height":486,"url":"https:\/\/static.africa-press.net\/senegal\/sites\/13\/2025\/08\/sm_1754639365.189368.jpg","type":"image\/jpeg"}],"author":"cfeditorfr","twitter_card":"summary_large_image","twitter_misc":{"\u00c9crit par":"cfeditorfr","Dur\u00e9e de lecture estim\u00e9e":"2 minutes"},"schema":{"@context":"https:\/\/schema.org","@graph":[{"@type":"Article","@id":"https:\/\/www.africa-press.net\/senegal\/politique\/quatre-accords-signes-entre-turkiye-et-senegal#article","isPartOf":{"@id":"https:\/\/www.africa-press.net\/senegal\/politique\/quatre-accords-signes-entre-turkiye-et-senegal"},"author":{"name":"cfeditorfr","@id":"https:\/\/www.africa-press.net\/senegal\/#\/schema\/person\/2b1cf3cd81a31e3cd26889ca66d677f1"},"headline":"Quatre Accords Sign\u00e9s entre T\u00fcrkiye et S\u00e9n\u00e9gal","datePublished":"2025-08-07T14:00:00+00:00","dateModified":"2025-08-07T23:50:35+00:00","mainEntityOfPage":{"@id":"https:\/\/www.africa-press.net\/senegal\/politique\/quatre-accords-signes-entre-turkiye-et-senegal"},"wordCount":349,"commentCount":0,"image":{"@id":"https:\/\/www.africa-press.net\/senegal\/politique\/quatre-accords-signes-entre-turkiye-et-senegal#primaryimage"},"thumbnailUrl":"https:\/\/static.africa-press.net\/senegal\/sites\/13\/2025\/08\/sm_1754639365.189368.jpg","keywords":["Senegal"],"articleSection":["Politique","to-homepage","Top Nouvelles","Toutes les actualit\u00e9s"],"inLanguage":"fr-FR","potentialAction":[{"@type":"CommentAction","name":"Comment","target":["https:\/\/www.africa-press.net\/senegal\/politique\/quatre-accords-signes-entre-turkiye-et-senegal#respond"]}]},{"@type":"WebPage","@id":"https:\/\/www.africa-press.net\/senegal\/politique\/quatre-accords-signes-entre-turkiye-et-senegal","url":"https:\/\/www.africa-press.net\/senegal\/politique\/quatre-accords-signes-entre-turkiye-et-senegal","name":"Quatre Accords Sign\u00e9s entre T\u00fcrkiye et S\u00e9n\u00e9gal - Senegal","isPartOf":{"@id":"https:\/\/www.africa-press.net\/senegal\/#website"},"primaryImageOfPage":{"@id":"https:\/\/www.africa-press.net\/senegal\/politique\/quatre-accords-signes-entre-turkiye-et-senegal#primaryimage"},"image":{"@id":"https:\/\/www.africa-press.net\/senegal\/politique\/quatre-accords-signes-entre-turkiye-et-senegal#primaryimage"},"thumbnailUrl":"https:\/\/static.africa-press.net\/senegal\/sites\/13\/2025\/08\/sm_1754639365.189368.jpg","datePublished":"2025-08-07T14:00:00+00:00","dateModified":"2025-08-07T23:50:35+00:00","author":{"@id":"https:\/\/www.africa-press.net\/senegal\/#\/schema\/person\/2b1cf3cd81a31e3cd26889ca66d677f1"},"description":"Quatre accords ont e\u0301te\u0301 signe\u0301s entre les deux pays en pre\u0301sence du pre\u0301sident Recep Tayyip Erdogan et du Premier minis ...","breadcrumb":{"@id":"https:\/\/www.africa-press.net\/senegal\/politique\/quatre-accords-signes-entre-turkiye-et-senegal#breadcrumb"},"inLanguage":"fr-FR","potentialAction":[{"@type":"ReadAction","target":["https:\/\/www.africa-press.net\/senegal\/politique\/quatre-accords-signes-entre-turkiye-et-senegal"]}]},{"@type":"ImageObject","inLanguage":"fr-FR","@id":"https:\/\/www.africa-press.net\/senegal\/politique\/quatre-accords-signes-entre-turkiye-et-senegal#primaryimage","url":"https:\/\/static.africa-press.net\/senegal\/sites\/13\/2025\/08\/sm_1754639365.189368.jpg","contentUrl":"https:\/\/static.africa-press.net\/senegal\/sites\/13\/2025\/08\/sm_1754639365.189368.jpg","width":864,"height":486,"caption":"Quatre Accords Sign\u00e9s entre T\u00fcrkiye et S\u00e9n\u00e9gal"},{"@type":"BreadcrumbList","@id":"https:\/\/www.africa-press.net\/senegal\/politique\/quatre-accords-signes-entre-turkiye-et-senegal#breadcrumb","itemListElement":[{"@type":"ListItem","position":1,"name":"Accueil","item":"https:\/\/www.africa-press.net\/senegal\/"},{"@type":"ListItem","position":2,"name":"Quatre Accords Sign\u00e9s entre T\u00fcrkiye et S\u00e9n\u00e9gal"}]},{"@type":"WebSite","@id":"https:\/\/www.africa-press.net\/senegal\/#website","url":"https:\/\/www.africa-press.net\/senegal\/","name":"Africa Press | Senegal | Homepage","description":"Just another Africa News Agency Sites site","potentialAction":[{"@type":"SearchAction","target":{"@type":"EntryPoint","urlTemplate":"https:\/\/www.africa-press.net\/senegal\/?s={search_term_string}"},"query-input":{"@type":"PropertyValueSpecification","valueRequired":true,"valueName":"search_term_string"}}],"inLanguage":"fr-FR"},{"@type":"Person","@id":"https:\/\/www.africa-press.net\/senegal\/#\/schema\/person\/2b1cf3cd81a31e3cd26889ca66d677f1","name":"cfeditorfr","url":"https:\/\/www.africa-press.net\/senegal\/author\/cfeditorfr"}]}},"_links":{"self":[{"href":"https:\/\/www.africa-press.net\/senegal\/wp-json\/wp\/v2\/posts\/70460","targetHints":{"allow":["GET"]}}],"collection":[{"href":"https:\/\/www.africa-press.net\/senegal\/wp-json\/wp\/v2\/posts"}],"about":[{"href":"https:\/\/www.africa-press.net\/senegal\/wp-json\/wp\/v2\/types\/post"}],"author":[{"embeddable":true,"href":"https:\/\/www.africa-press.net\/senegal\/wp-json\/wp\/v2\/users\/82"}],"replies":[{"embeddable":true,"href":"https:\/\/www.africa-press.net\/senegal\/wp-json\/wp\/v2\/comments?post=70460"}],"version-history":[{"count":0,"href":"https:\/\/www.africa-press.net\/senegal\/wp-json\/wp\/v2\/posts\/70460\/revisions"}],"wp:featuredmedia":[{"embeddable":true,"href":"https:\/\/www.africa-press.net\/senegal\/wp-json\/wp\/v2\/media\/70459"}],"wp:attachment":[{"href":"https:\/\/www.africa-press.net\/senegal\/wp-json\/wp\/v2\/media?parent=70460"}],"wp:term":[{"taxonomy":"category","embeddable":true,"href":"https:\/\/www.africa-press.net\/senegal\/wp-json\/wp\/v2\/categories?post=70460"},{"taxonomy":"post_tag","embeddable":true,"href":"https:\/\/www.africa-press.net\/senegal\/wp-json\/wp\/v2\/tags?post=70460"}],"curies":[{"name":"wp","href":"https:\/\/api.w.org\/{rel}","templated":true}]}}