{"id":71213,"date":"2025-09-16T14:00:00","date_gmt":"2025-09-16T14:00:00","guid":{"rendered":"https:\/\/www.africa-press.net\/senegal\/politique\/passation-de-service-a-huis-clos-au-ministere-de-la-justice"},"modified":"2025-09-17T01:39:08","modified_gmt":"2025-09-17T01:39:08","slug":"passation-de-service-a-huis-clos-au-ministere-de-la-justice","status":"publish","type":"post","link":"https:\/\/www.africa-press.net\/senegal\/politique\/passation-de-service-a-huis-clos-au-ministere-de-la-justice","title":{"rendered":"Passation de Service \u00c0 Huis Clos au Minist\u00e8re de la Justice"},"content":{"rendered":"<p><span style=\"color: #ff6600\"><strong>Africa-Press &#8211; Senegal. <\/strong><\/span>Ce mardi 16 septembre 2025, le Ministe\u0300re de la Justice a abrite\u0301 la ce\u0301re\u0301monie de passation de service entre le Garde des Sceaux sortant, Me Ousmane Diagne et Mme Yassine Fall, jusqu\u2019ici ministre de l\u2019Inte\u0301gration africaine et des Affaires e\u0301trange\u0300res.<\/p>\n<p>Organise\u0301e a\u0300 huis clos, la rencontre s\u2019est de\u0301roule\u0301e dans une atmosphe\u0300re conviviale et empreinte de respect institutionnel. Me Ousmane Diagne a, dans son intervention, salue\u0301 la nomination de Mme Yassine Fall a\u0300 la te\u0302te de ce de\u0301partement strate\u0301gique et lui a re\u0301affirme\u0301 toute sa disponibilite\u0301 pour l\u2019accompagner dans ses nouvelles fonctions.<\/p>\n<p>Pour sa part, Mme Yassine Fall a exprime\u0301 sa gratitude au chef de l\u2019E\u0301tat pour la confiance place\u0301e en elle, tout en mesurant les de\u0301fis et responsabilite\u0301s lie\u0301s a\u0300 cette mission. Elle a e\u0301galement tenu a\u0300 rendre hommage a\u0300 son pre\u0301de\u0301cesseur pour le travail accompli et a assure\u0301 vouloir inscrire son action dans la continuite\u0301, au service de la Re\u0301publique et des citoyens.<\/p>\n\r\n                <style type=\"text\/css\">\r\n                    \r\n                    #td_uid_1_69f71fbf5db63  .td-doubleSlider-2 .td-item1 {\r\n                        background: url(https:\/\/static.africa-press.net\/senegal\/sites\/13\/2025\/09\/sm_1758101389.774896-80x60.jpg) 0 0 no-repeat;\r\n                    }\r\n                    #td_uid_1_69f71fbf5db63  .td-doubleSlider-2 .td-item2 {\r\n                        background: url(https:\/\/static.africa-press.net\/senegal\/sites\/13\/2025\/09\/sm_1758101393.756283-80x60.jpg) 0 0 no-repeat;\r\n                    }\r\n                    #td_uid_1_69f71fbf5db63  .td-doubleSlider-2 .td-item3 {\r\n                        background: url(https:\/\/static.africa-press.net\/senegal\/sites\/13\/2025\/09\/sm_1758101398.314406-80x60.jpg) 0 0 no-repeat;\r\n                    }\r\n                <\/style>\r\n\r\n                <div id=\"td_uid_1_69f71fbf5db63\" class=\"td-gallery td-slide-on-2-columns\">\r\n                    <div class=\"post_td_gallery\">\r\n                        <div class=\"td-gallery-slide-top\">\r\n                           <div class=\"td-gallery-title\"><\/div>\r\n\r\n                            <div class=\"td-gallery-controls-wrapper\">\r\n                                <div class=\"td-gallery-slide-count\"><span class=\"td-gallery-slide-item-focus\">1<\/span> de 3<\/div>\r\n                                <div class=\"td-gallery-slide-prev-next-but\">\r\n                                    <i class = \"td-icon-left doubleSliderPrevButton\"><\/i>\r\n                                    <i class = \"td-icon-right doubleSliderNextButton\"><\/i>\r\n                                <\/div>\r\n                            <\/div>\r\n                        <\/div>\r\n\r\n                        <div class = \"td-doubleSlider-1 \">\r\n                            <div class = \"td-slider\">\r\n                                \r\n                    <div class = \"td-slide-item td-item1\">\r\n                        <figure class=\"td-slide-galery-figure td-slide-popup-gallery\">\r\n                            <a class=\"slide-gallery-image-link\" href=\"https:\/\/static.africa-press.net\/senegal\/sites\/13\/2025\/09\/sm_1758101389.774896.jpg\" title=\"sm_1758101389.774896\"  data-caption=\"\"  data-description=\"\">\r\n                                <img decoding=\"async\" src=\"https:\/\/static.africa-press.net\/senegal\/sites\/13\/2025\/09\/sm_1758101389.774896.jpg\" srcset=\"https:\/\/static.africa-press.net\/senegal\/sites\/13\/2025\/09\/sm_1758101389.774896.jpg 864w, https:\/\/static.africa-press.net\/senegal\/sites\/13\/2025\/09\/sm_1758101389.774896-240x300.jpg 240w, https:\/\/static.africa-press.net\/senegal\/sites\/13\/2025\/09\/sm_1758101389.774896-819x1024.jpg 819w, https:\/\/static.africa-press.net\/senegal\/sites\/13\/2025\/09\/sm_1758101389.774896-768x960.jpg 768w\" sizes=\"(max-width: 864px) 100vw, 864px\" alt=\"\">\r\n                            <\/a>\r\n                            \r\n                        <\/figure>\r\n                    <\/div>\r\n                    <div class = \"td-slide-item td-item2\">\r\n                        <figure class=\"td-slide-galery-figure td-slide-popup-gallery\">\r\n                            <a class=\"slide-gallery-image-link\" href=\"https:\/\/static.africa-press.net\/senegal\/sites\/13\/2025\/09\/sm_1758101393.756283.jpg\" title=\"sm_1758101393.756283\"  data-caption=\"\"  data-description=\"\">\r\n                                <img decoding=\"async\" src=\"https:\/\/static.africa-press.net\/senegal\/sites\/13\/2025\/09\/sm_1758101393.756283.jpg\" srcset=\"https:\/\/static.africa-press.net\/senegal\/sites\/13\/2025\/09\/sm_1758101393.756283.jpg 1080w, https:\/\/static.africa-press.net\/senegal\/sites\/13\/2025\/09\/sm_1758101393.756283-300x300.jpg 300w, https:\/\/static.africa-press.net\/senegal\/sites\/13\/2025\/09\/sm_1758101393.756283-1024x1024.jpg 1024w, https:\/\/static.africa-press.net\/senegal\/sites\/13\/2025\/09\/sm_1758101393.756283-150x150.jpg 150w, https:\/\/static.africa-press.net\/senegal\/sites\/13\/2025\/09\/sm_1758101393.756283-768x768.jpg 768w\" sizes=\"(max-width: 1080px) 100vw, 1080px\" alt=\"\">\r\n                            <\/a>\r\n                            \r\n                        <\/figure>\r\n                    <\/div>\r\n                    <div class = \"td-slide-item td-item3\">\r\n                        <figure class=\"td-slide-galery-figure td-slide-popup-gallery\">\r\n                            <a class=\"slide-gallery-image-link\" href=\"https:\/\/static.africa-press.net\/senegal\/sites\/13\/2025\/09\/sm_1758101398.314406.jpg\" title=\"sm_1758101398.314406\"  data-caption=\"\"  data-description=\"\">\r\n                                <img decoding=\"async\" src=\"https:\/\/static.africa-press.net\/senegal\/sites\/13\/2025\/09\/sm_1758101398.314406.jpg\" srcset=\"https:\/\/static.africa-press.net\/senegal\/sites\/13\/2025\/09\/sm_1758101398.314406.jpg 1260w, https:\/\/static.africa-press.net\/senegal\/sites\/13\/2025\/09\/sm_1758101398.314406-300x190.jpg 300w, https:\/\/static.africa-press.net\/senegal\/sites\/13\/2025\/09\/sm_1758101398.314406-1024x650.jpg 1024w, https:\/\/static.africa-press.net\/senegal\/sites\/13\/2025\/09\/sm_1758101398.314406-768x488.jpg 768w\" sizes=\"(max-width: 1260px) 100vw, 1260px\" alt=\"\">\r\n                            <\/a>\r\n                            \r\n                        <\/figure>\r\n                    <\/div>\r\n                            <\/div>\r\n                        <\/div>\r\n\r\n                        <div class = \"td-doubleSlider-2\">\r\n                            <div class = \"td-slider\">\r\n                                \r\n                    <div class = \"td-button td-item1\">\r\n                        <div class = \"td-border\"><\/div>\r\n                    <\/div>\r\n                    <div class = \"td-button td-item2\">\r\n                        <div class = \"td-border\"><\/div>\r\n                    <\/div>\r\n                    <div class = \"td-button td-item3\">\r\n                        <div class = \"td-border\"><\/div>\r\n                    <\/div>\r\n                            <\/div>\r\n                        <\/div>\r\n\r\n                    <\/div>\r\n\r\n                <\/div>\r\n                \n<p><strong>Pour plus d&rsquo;informations et d&rsquo;analyses sur la <span style=\"color: #ff6600\">Senegal<\/span>, suivez <span style=\"color: #ff6600\">Africa-Press<\/span><\/strong><\/p>\n","protected":false},"excerpt":{"rendered":"<p>Africa-Press &#8211; Senegal. Ce mardi 16 septembre 2025, le Ministe\u0300re de la Justice a abrite\u0301 la ce\u0301re\u0301monie de passation de service entre le Garde des Sceaux sortant, Me Ousmane Diagne et Mme Yassine Fall, jusqu\u2019ici ministre de l\u2019Inte\u0301gration africaine et des Affaires e\u0301trange\u0300res. Organise\u0301e a\u0300 huis clos, la rencontre s\u2019est de\u0301roule\u0301e dans une atmosphe\u0300re conviviale [&hellip;]<\/p>\n","protected":false},"author":82,"featured_media":71212,"comment_status":"open","ping_status":"closed","sticky":false,"template":"","format":"standard","meta":{"footnotes":""},"categories":[8,2,20,10],"tags":[44],"class_list":["post-71213","post","type-post","status-publish","format-standard","has-post-thumbnail","hentry","category-photo","category-politique","category-top-nouvelles","category-toutes-les-actualites","tag-senegal-2"],"yoast_head":"<!-- This site is optimized with the Yoast SEO Premium plugin v26.1 (Yoast SEO v27.0) - https:\/\/yoast.com\/product\/yoast-seo-premium-wordpress\/ -->\n<title>Passation de Service \u00c0 Huis Clos au Minist\u00e8re de la Justice - Senegal<\/title>\n<meta name=\"description\" content=\"Ce mardi 16 septembre 2025, le Ministe\u0300re de la Justice a abrite\u0301 la ce\u0301re\u0301monie de passation de service entre le Garde ...\" \/>\n<meta name=\"robots\" content=\"index, follow, max-snippet:-1, max-image-preview:large, max-video-preview:-1\" \/>\n<link rel=\"canonical\" href=\"https:\/\/www.africa-press.net\/senegal\/politique\/passation-de-service-a-huis-clos-au-ministere-de-la-justice\" \/>\n<meta property=\"og:locale\" content=\"fr_FR\" \/>\n<meta property=\"og:type\" content=\"article\" \/>\n<meta property=\"og:title\" content=\"Passation de Service \u00c0 Huis Clos au Minist\u00e8re de la Justice\" \/>\n<meta property=\"og:description\" content=\"Ce mardi 16 septembre 2025, le Ministe\u0300re de la Justice a abrite\u0301 la ce\u0301re\u0301monie de passation de service entre le Garde ...\" \/>\n<meta property=\"og:url\" content=\"https:\/\/www.africa-press.net\/senegal\/politique\/passation-de-service-a-huis-clos-au-ministere-de-la-justice\" \/>\n<meta property=\"og:site_name\" content=\"Senegal\" \/>\n<meta property=\"article:published_time\" content=\"2025-09-16T14:00:00+00:00\" \/>\n<meta property=\"article:modified_time\" content=\"2025-09-17T01:39:08+00:00\" \/>\n<meta property=\"og:image\" content=\"https:\/\/static.africa-press.net\/senegal\/sites\/13\/2025\/09\/sm_1758101403.742728.jpg\" \/>\n\t<meta property=\"og:image:width\" content=\"1280\" \/>\n\t<meta property=\"og:image:height\" content=\"720\" \/>\n\t<meta property=\"og:image:type\" content=\"image\/jpeg\" \/>\n<meta name=\"author\" content=\"cfeditorfr\" \/>\n<meta name=\"twitter:card\" content=\"summary_large_image\" \/>\n<meta name=\"twitter:label1\" content=\"\u00c9crit par\" \/>\n\t<meta name=\"twitter:data1\" content=\"cfeditorfr\" \/>\n\t<meta name=\"twitter:label2\" content=\"Dur\u00e9e de lecture estim\u00e9e\" \/>\n\t<meta name=\"twitter:data2\" content=\"2 minutes\" \/>\n<script type=\"application\/ld+json\" class=\"yoast-schema-graph\">{\"@context\":\"https:\/\/schema.org\",\"@graph\":[{\"@type\":\"Article\",\"@id\":\"https:\/\/www.africa-press.net\/senegal\/politique\/passation-de-service-a-huis-clos-au-ministere-de-la-justice#article\",\"isPartOf\":{\"@id\":\"https:\/\/www.africa-press.net\/senegal\/politique\/passation-de-service-a-huis-clos-au-ministere-de-la-justice\"},\"author\":{\"name\":\"cfeditorfr\",\"@id\":\"https:\/\/www.africa-press.net\/senegal\/#\/schema\/person\/2b1cf3cd81a31e3cd26889ca66d677f1\"},\"headline\":\"Passation de Service \u00c0 Huis Clos au Minist\u00e8re de la Justice\",\"datePublished\":\"2025-09-16T14:00:00+00:00\",\"dateModified\":\"2025-09-17T01:39:08+00:00\",\"mainEntityOfPage\":{\"@id\":\"https:\/\/www.africa-press.net\/senegal\/politique\/passation-de-service-a-huis-clos-au-ministere-de-la-justice\"},\"wordCount\":216,\"commentCount\":0,\"image\":{\"@id\":\"https:\/\/www.africa-press.net\/senegal\/politique\/passation-de-service-a-huis-clos-au-ministere-de-la-justice#primaryimage\"},\"thumbnailUrl\":\"https:\/\/static.africa-press.net\/senegal\/sites\/13\/2025\/09\/sm_1758101403.742728.jpg\",\"keywords\":[\"Senegal\"],\"articleSection\":[\"Photo\",\"Politique\",\"Top Nouvelles\",\"Toutes les actualit\u00e9s\"],\"inLanguage\":\"fr-FR\",\"potentialAction\":[{\"@type\":\"CommentAction\",\"name\":\"Comment\",\"target\":[\"https:\/\/www.africa-press.net\/senegal\/politique\/passation-de-service-a-huis-clos-au-ministere-de-la-justice#respond\"]}]},{\"@type\":\"WebPage\",\"@id\":\"https:\/\/www.africa-press.net\/senegal\/politique\/passation-de-service-a-huis-clos-au-ministere-de-la-justice\",\"url\":\"https:\/\/www.africa-press.net\/senegal\/politique\/passation-de-service-a-huis-clos-au-ministere-de-la-justice\",\"name\":\"Passation de Service \u00c0 Huis Clos au Minist\u00e8re de la Justice - Senegal\",\"isPartOf\":{\"@id\":\"https:\/\/www.africa-press.net\/senegal\/#website\"},\"primaryImageOfPage\":{\"@id\":\"https:\/\/www.africa-press.net\/senegal\/politique\/passation-de-service-a-huis-clos-au-ministere-de-la-justice#primaryimage\"},\"image\":{\"@id\":\"https:\/\/www.africa-press.net\/senegal\/politique\/passation-de-service-a-huis-clos-au-ministere-de-la-justice#primaryimage\"},\"thumbnailUrl\":\"https:\/\/static.africa-press.net\/senegal\/sites\/13\/2025\/09\/sm_1758101403.742728.jpg\",\"datePublished\":\"2025-09-16T14:00:00+00:00\",\"dateModified\":\"2025-09-17T01:39:08+00:00\",\"author\":{\"@id\":\"https:\/\/www.africa-press.net\/senegal\/#\/schema\/person\/2b1cf3cd81a31e3cd26889ca66d677f1\"},\"description\":\"Ce mardi 16 septembre 2025, le Ministe\u0300re de la Justice a abrite\u0301 la ce\u0301re\u0301monie de passation de service entre le Garde ...\",\"breadcrumb\":{\"@id\":\"https:\/\/www.africa-press.net\/senegal\/politique\/passation-de-service-a-huis-clos-au-ministere-de-la-justice#breadcrumb\"},\"inLanguage\":\"fr-FR\",\"potentialAction\":[{\"@type\":\"ReadAction\",\"target\":[\"https:\/\/www.africa-press.net\/senegal\/politique\/passation-de-service-a-huis-clos-au-ministere-de-la-justice\"]}]},{\"@type\":\"ImageObject\",\"inLanguage\":\"fr-FR\",\"@id\":\"https:\/\/www.africa-press.net\/senegal\/politique\/passation-de-service-a-huis-clos-au-ministere-de-la-justice#primaryimage\",\"url\":\"https:\/\/static.africa-press.net\/senegal\/sites\/13\/2025\/09\/sm_1758101403.742728.jpg\",\"contentUrl\":\"https:\/\/static.africa-press.net\/senegal\/sites\/13\/2025\/09\/sm_1758101403.742728.jpg\",\"width\":1280,\"height\":720,\"caption\":\"Passation de Service \u00c0 Huis Clos au Minist\u00e8re de la Justice\"},{\"@type\":\"BreadcrumbList\",\"@id\":\"https:\/\/www.africa-press.net\/senegal\/politique\/passation-de-service-a-huis-clos-au-ministere-de-la-justice#breadcrumb\",\"itemListElement\":[{\"@type\":\"ListItem\",\"position\":1,\"name\":\"Accueil\",\"item\":\"https:\/\/www.africa-press.net\/senegal\/\"},{\"@type\":\"ListItem\",\"position\":2,\"name\":\"Passation de Service \u00c0 Huis Clos au Minist\u00e8re de la Justice\"}]},{\"@type\":\"WebSite\",\"@id\":\"https:\/\/www.africa-press.net\/senegal\/#website\",\"url\":\"https:\/\/www.africa-press.net\/senegal\/\",\"name\":\"Africa Press | Senegal | Homepage\",\"description\":\"Just another Africa News Agency Sites site\",\"potentialAction\":[{\"@type\":\"SearchAction\",\"target\":{\"@type\":\"EntryPoint\",\"urlTemplate\":\"https:\/\/www.africa-press.net\/senegal\/?s={search_term_string}\"},\"query-input\":{\"@type\":\"PropertyValueSpecification\",\"valueRequired\":true,\"valueName\":\"search_term_string\"}}],\"inLanguage\":\"fr-FR\"},{\"@type\":\"Person\",\"@id\":\"https:\/\/www.africa-press.net\/senegal\/#\/schema\/person\/2b1cf3cd81a31e3cd26889ca66d677f1\",\"name\":\"cfeditorfr\",\"url\":\"https:\/\/www.africa-press.net\/senegal\/author\/cfeditorfr\"}]}<\/script>\n<!-- \/ Yoast SEO Premium plugin. -->","yoast_head_json":{"title":"Passation de Service \u00c0 Huis Clos au Minist\u00e8re de la Justice - Senegal","description":"Ce mardi 16 septembre 2025, le Ministe\u0300re de la Justice a abrite\u0301 la ce\u0301re\u0301monie de passation de service entre le Garde ...","robots":{"index":"index","follow":"follow","max-snippet":"max-snippet:-1","max-image-preview":"max-image-preview:large","max-video-preview":"max-video-preview:-1"},"canonical":"https:\/\/www.africa-press.net\/senegal\/politique\/passation-de-service-a-huis-clos-au-ministere-de-la-justice","og_locale":"fr_FR","og_type":"article","og_title":"Passation de Service \u00c0 Huis Clos au Minist\u00e8re de la Justice","og_description":"Ce mardi 16 septembre 2025, le Ministe\u0300re de la Justice a abrite\u0301 la ce\u0301re\u0301monie de passation de service entre le Garde ...","og_url":"https:\/\/www.africa-press.net\/senegal\/politique\/passation-de-service-a-huis-clos-au-ministere-de-la-justice","og_site_name":"Senegal","article_published_time":"2025-09-16T14:00:00+00:00","article_modified_time":"2025-09-17T01:39:08+00:00","og_image":[{"width":1280,"height":720,"url":"https:\/\/static.africa-press.net\/senegal\/sites\/13\/2025\/09\/sm_1758101403.742728.jpg","type":"image\/jpeg"}],"author":"cfeditorfr","twitter_card":"summary_large_image","twitter_misc":{"\u00c9crit par":"cfeditorfr","Dur\u00e9e de lecture estim\u00e9e":"2 minutes"},"schema":{"@context":"https:\/\/schema.org","@graph":[{"@type":"Article","@id":"https:\/\/www.africa-press.net\/senegal\/politique\/passation-de-service-a-huis-clos-au-ministere-de-la-justice#article","isPartOf":{"@id":"https:\/\/www.africa-press.net\/senegal\/politique\/passation-de-service-a-huis-clos-au-ministere-de-la-justice"},"author":{"name":"cfeditorfr","@id":"https:\/\/www.africa-press.net\/senegal\/#\/schema\/person\/2b1cf3cd81a31e3cd26889ca66d677f1"},"headline":"Passation de Service \u00c0 Huis Clos au Minist\u00e8re de la Justice","datePublished":"2025-09-16T14:00:00+00:00","dateModified":"2025-09-17T01:39:08+00:00","mainEntityOfPage":{"@id":"https:\/\/www.africa-press.net\/senegal\/politique\/passation-de-service-a-huis-clos-au-ministere-de-la-justice"},"wordCount":216,"commentCount":0,"image":{"@id":"https:\/\/www.africa-press.net\/senegal\/politique\/passation-de-service-a-huis-clos-au-ministere-de-la-justice#primaryimage"},"thumbnailUrl":"https:\/\/static.africa-press.net\/senegal\/sites\/13\/2025\/09\/sm_1758101403.742728.jpg","keywords":["Senegal"],"articleSection":["Photo","Politique","Top Nouvelles","Toutes les actualit\u00e9s"],"inLanguage":"fr-FR","potentialAction":[{"@type":"CommentAction","name":"Comment","target":["https:\/\/www.africa-press.net\/senegal\/politique\/passation-de-service-a-huis-clos-au-ministere-de-la-justice#respond"]}]},{"@type":"WebPage","@id":"https:\/\/www.africa-press.net\/senegal\/politique\/passation-de-service-a-huis-clos-au-ministere-de-la-justice","url":"https:\/\/www.africa-press.net\/senegal\/politique\/passation-de-service-a-huis-clos-au-ministere-de-la-justice","name":"Passation de Service \u00c0 Huis Clos au Minist\u00e8re de la Justice - Senegal","isPartOf":{"@id":"https:\/\/www.africa-press.net\/senegal\/#website"},"primaryImageOfPage":{"@id":"https:\/\/www.africa-press.net\/senegal\/politique\/passation-de-service-a-huis-clos-au-ministere-de-la-justice#primaryimage"},"image":{"@id":"https:\/\/www.africa-press.net\/senegal\/politique\/passation-de-service-a-huis-clos-au-ministere-de-la-justice#primaryimage"},"thumbnailUrl":"https:\/\/static.africa-press.net\/senegal\/sites\/13\/2025\/09\/sm_1758101403.742728.jpg","datePublished":"2025-09-16T14:00:00+00:00","dateModified":"2025-09-17T01:39:08+00:00","author":{"@id":"https:\/\/www.africa-press.net\/senegal\/#\/schema\/person\/2b1cf3cd81a31e3cd26889ca66d677f1"},"description":"Ce mardi 16 septembre 2025, le Ministe\u0300re de la Justice a abrite\u0301 la ce\u0301re\u0301monie de passation de service entre le Garde ...","breadcrumb":{"@id":"https:\/\/www.africa-press.net\/senegal\/politique\/passation-de-service-a-huis-clos-au-ministere-de-la-justice#breadcrumb"},"inLanguage":"fr-FR","potentialAction":[{"@type":"ReadAction","target":["https:\/\/www.africa-press.net\/senegal\/politique\/passation-de-service-a-huis-clos-au-ministere-de-la-justice"]}]},{"@type":"ImageObject","inLanguage":"fr-FR","@id":"https:\/\/www.africa-press.net\/senegal\/politique\/passation-de-service-a-huis-clos-au-ministere-de-la-justice#primaryimage","url":"https:\/\/static.africa-press.net\/senegal\/sites\/13\/2025\/09\/sm_1758101403.742728.jpg","contentUrl":"https:\/\/static.africa-press.net\/senegal\/sites\/13\/2025\/09\/sm_1758101403.742728.jpg","width":1280,"height":720,"caption":"Passation de Service \u00c0 Huis Clos au Minist\u00e8re de la Justice"},{"@type":"BreadcrumbList","@id":"https:\/\/www.africa-press.net\/senegal\/politique\/passation-de-service-a-huis-clos-au-ministere-de-la-justice#breadcrumb","itemListElement":[{"@type":"ListItem","position":1,"name":"Accueil","item":"https:\/\/www.africa-press.net\/senegal\/"},{"@type":"ListItem","position":2,"name":"Passation de Service \u00c0 Huis Clos au Minist\u00e8re de la Justice"}]},{"@type":"WebSite","@id":"https:\/\/www.africa-press.net\/senegal\/#website","url":"https:\/\/www.africa-press.net\/senegal\/","name":"Africa Press | Senegal | Homepage","description":"Just another Africa News Agency Sites site","potentialAction":[{"@type":"SearchAction","target":{"@type":"EntryPoint","urlTemplate":"https:\/\/www.africa-press.net\/senegal\/?s={search_term_string}"},"query-input":{"@type":"PropertyValueSpecification","valueRequired":true,"valueName":"search_term_string"}}],"inLanguage":"fr-FR"},{"@type":"Person","@id":"https:\/\/www.africa-press.net\/senegal\/#\/schema\/person\/2b1cf3cd81a31e3cd26889ca66d677f1","name":"cfeditorfr","url":"https:\/\/www.africa-press.net\/senegal\/author\/cfeditorfr"}]}},"_links":{"self":[{"href":"https:\/\/www.africa-press.net\/senegal\/wp-json\/wp\/v2\/posts\/71213","targetHints":{"allow":["GET"]}}],"collection":[{"href":"https:\/\/www.africa-press.net\/senegal\/wp-json\/wp\/v2\/posts"}],"about":[{"href":"https:\/\/www.africa-press.net\/senegal\/wp-json\/wp\/v2\/types\/post"}],"author":[{"embeddable":true,"href":"https:\/\/www.africa-press.net\/senegal\/wp-json\/wp\/v2\/users\/82"}],"replies":[{"embeddable":true,"href":"https:\/\/www.africa-press.net\/senegal\/wp-json\/wp\/v2\/comments?post=71213"}],"version-history":[{"count":0,"href":"https:\/\/www.africa-press.net\/senegal\/wp-json\/wp\/v2\/posts\/71213\/revisions"}],"wp:featuredmedia":[{"embeddable":true,"href":"https:\/\/www.africa-press.net\/senegal\/wp-json\/wp\/v2\/media\/71212"}],"wp:attachment":[{"href":"https:\/\/www.africa-press.net\/senegal\/wp-json\/wp\/v2\/media?parent=71213"}],"wp:term":[{"taxonomy":"category","embeddable":true,"href":"https:\/\/www.africa-press.net\/senegal\/wp-json\/wp\/v2\/categories?post=71213"},{"taxonomy":"post_tag","embeddable":true,"href":"https:\/\/www.africa-press.net\/senegal\/wp-json\/wp\/v2\/tags?post=71213"}],"curies":[{"name":"wp","href":"https:\/\/api.w.org\/{rel}","templated":true}]}}