{"id":71836,"date":"2025-10-20T12:00:00","date_gmt":"2025-10-20T12:00:00","guid":{"rendered":"https:\/\/www.africa-press.net\/senegal\/politique\/le-plus-grand-cargo-a-voile-commence-sa-traversee"},"modified":"2025-10-22T00:12:21","modified_gmt":"2025-10-22T00:12:21","slug":"le-plus-grand-cargo-a-voile-commence-sa-traversee","status":"publish","type":"post","link":"https:\/\/www.africa-press.net\/senegal\/toutes-les-actualites\/le-plus-grand-cargo-a-voile-commence-sa-traversee","title":{"rendered":"Le Plus Grand Cargo \u00c0 Voile Commence Sa Travers\u00e9e"},"content":{"rendered":"<p><span style=\"color: #ff6600\"><strong>Africa-Press &#8211; Senegal. <\/strong><\/span>Le plus grand cargo a\u0300 voile du monde a quitte\u0301 le port de Nantes le 15 octobre 2025 pour rejoindre Saint-Nazaire ou\u0300 il a embarque\u0301 sa cargaison de conteneurs. Le premier navire de la compagnie Neoline a ensuite pris le large dans la nuit pour entamer sa premie\u0300re traverse\u0301e transatlantique a\u0300 destination de Saint-Pierre-et-Miquelon, qu\u2019il atteindra huit jours plus tard, puis Baltimore.<\/p>\n<p>Baptise\u0301 le 13 octobre \u00ab Neoliner Origin \u00bb, le ba\u0302timent de 136 me\u0300tres de long est dote\u0301 d\u2019ailerons anti-de\u0301rive re\u0301tractables, pour re\u0301duire le tirant d\u2019eau du navire, et de deux ma\u0302ts en carbone inclinables a\u0300 72\u00b0 pour passer sous les ponts. Propulse\u0301 par une voilure de 3 000 me\u0300tres carre\u0301s, il fonctionne avec un e\u0301quipage de 13 personnes et peut embarquer jusqu\u2019a\u0300 5 300 tonnes de fret. La propulsion ve\u0301lique associe\u0301e a\u0300 une vitesse re\u0301duite a\u0300 11 n\u0153uds au lieu de 15 devrait permettre de re\u0301duire de plus de 80 % sa consommation de carburant et les e\u0301missions associe\u0301es.<\/p>\n<p><b>Dix ans pour donner corps a\u0300 ce premier grand voilier-cargo moderne<\/b><\/p>\n<p>Derrie\u0300re ce projet ambitieux se trouve Michel Pe\u0301ry, ancien commandant de navires rouliers, convaincu que, dans un contexte de bouleversements climatiques, \u00ab la voile de travail est la seule solution imme\u0301diatement disponible et suffisamment puissante pour propulser des navires de charge \u00bb. Il aura fallu ensuite dix ans a\u0300 la compagnie Neoline, fonde\u0301e avec d\u2019autres officiers de marine marchande, pour donner corps a\u0300 ce premier grand voilier-cargo moderne.<\/p>\n<p>Le transport maritime, qui assure 90 % du commerce mondial, est responsable de 3 % des e\u0301missions mondiales de gaz a\u0300 effet de serre et, si rien n\u2019est fait, pourrait repre\u0301senter 17 % des e\u0301missions mondiales de gaz a\u0300 effet de serre d\u2019ici 2050. Il fait donc face aujourd\u2019hui a\u0300 une pression re\u0301glementaire croissante afin d\u2019atteindre une de\u0301carbonation totale vers 2050. C\u2019est dans cette perspective que les pays membres de l\u2019Organisation maritime internationale (OMI) sont re\u0301unis ce vendredi 17 octobre 2025 a\u0300 Londres, en vue d\u2019adopter un plan contraignant de re\u0301duction des e\u0301missions de gaz a\u0300 effet de serre des navires de\u0300s 2028. L\u2019Union europe\u0301enne a de\u0301ja\u0300 mis en vigueur un texte (FuelEU Maritime) qui fixe des limites maximales pour les e\u0301missions \u00ab des navires de plus de 5 000 tonneaux de jauge brute faisant escale dans les ports europe\u0301ens, quel que soit leur pavillon \u00bb.<\/p>\n<p><b>Remettre au gou\u0302t du jour les voiles de travail, de\u0301laisse\u0301es depuis un sie\u0300cle<\/b><\/p>\n<p>Il est donc urgent de concevoir des navires cargos qui ne de\u0301pendent plus seulement de carburants fossiles. Quant aux carburants de synthe\u0300se fabrique\u0301s en utilisant de l\u2019e\u0301lectricite\u0301 de\u0301carbone\u0301e, ils ne devraient pas e\u0302tre disponibles a\u0300 grande e\u0301chelle avant plusieurs de\u0301cennies, alors que le vent offre une e\u0301nergie propre, ine\u0301puisable et gratuite. D\u2019ou\u0300 l\u2019ide\u0301e de Michel Pe\u0301ry de remettre au gou\u0302t du jour les voiles de travail, de\u0301laisse\u0301es depuis un sie\u0300cle mais a\u0300 nouveau pertinentes en s\u2019appuyant sur les connaissances et les technologies les plus avance\u0301es, que ce soit en matie\u0300re de pre\u0301visions me\u0301te\u0301orologiques, de nouveaux mate\u0301riaux, de calcul automatique des forces qui s\u2019exercent sur les voiles ou de surveillance satellitaire de l\u2019e\u0301tat de la mer.<\/p>\n<p><strong>Pour plus d&rsquo;informations et d&rsquo;analyses sur la <span style=\"color: #ff6600\">Senegal<\/span>, suivez <span style=\"color: #ff6600\">Africa-Press<\/span><\/strong><\/p>\n","protected":false},"excerpt":{"rendered":"<p>Africa-Press &#8211; Senegal. Le plus grand cargo a\u0300 voile du monde a quitte\u0301 le port de Nantes le 15 octobre 2025 pour rejoindre Saint-Nazaire ou\u0300 il a embarque\u0301 sa cargaison de conteneurs. Le premier navire de la compagnie Neoline a ensuite pris le large dans la nuit pour entamer sa premie\u0300re traverse\u0301e transatlantique a\u0300 destination [&hellip;]<\/p>\n","protected":false},"author":82,"featured_media":71835,"comment_status":"open","ping_status":"closed","sticky":false,"template":"","format":"standard","meta":{"footnotes":""},"categories":[22,10],"tags":[44],"class_list":["post-71836","post","type-post","status-publish","format-standard","has-post-thumbnail","hentry","category-divers","category-toutes-les-actualites","tag-senegal-2"],"yoast_head":"<!-- This site is optimized with the Yoast SEO Premium plugin v26.1 (Yoast SEO v27.0) - https:\/\/yoast.com\/product\/yoast-seo-premium-wordpress\/ -->\n<title>Le Plus Grand Cargo \u00c0 Voile Commence Sa Travers\u00e9e - Senegal<\/title>\n<meta name=\"description\" content=\"Le plus grand cargo a\u0300 voile du monde a quitte\u0301 le port de Nantes le 15 octobre 2025 pour rejoindre Saint-Nazaire ou\u0300 il ...\" \/>\n<meta name=\"robots\" content=\"index, follow, max-snippet:-1, max-image-preview:large, max-video-preview:-1\" \/>\n<link rel=\"canonical\" href=\"https:\/\/www.africa-press.net\/senegal\/toutes-les-actualites\/le-plus-grand-cargo-a-voile-commence-sa-traversee\" \/>\n<meta property=\"og:locale\" content=\"fr_FR\" \/>\n<meta property=\"og:type\" content=\"article\" \/>\n<meta property=\"og:title\" content=\"Le Plus Grand Cargo \u00c0 Voile Commence Sa Travers\u00e9e\" \/>\n<meta property=\"og:description\" content=\"Le plus grand cargo a\u0300 voile du monde a quitte\u0301 le port de Nantes le 15 octobre 2025 pour rejoindre Saint-Nazaire ou\u0300 il ...\" \/>\n<meta property=\"og:url\" content=\"https:\/\/www.africa-press.net\/senegal\/toutes-les-actualites\/le-plus-grand-cargo-a-voile-commence-sa-traversee\" \/>\n<meta property=\"og:site_name\" content=\"Senegal\" \/>\n<meta property=\"article:published_time\" content=\"2025-10-20T12:00:00+00:00\" \/>\n<meta property=\"article:modified_time\" content=\"2025-10-22T00:12:21+00:00\" \/>\n<meta property=\"og:image\" content=\"https:\/\/static.africa-press.net\/senegal\/sites\/13\/2025\/10\/sm_1761039690.381039.jpg\" \/>\n\t<meta property=\"og:image:width\" content=\"1200\" \/>\n\t<meta property=\"og:image:height\" content=\"899\" \/>\n\t<meta property=\"og:image:type\" content=\"image\/jpeg\" \/>\n<meta name=\"author\" content=\"cfeditorfr\" \/>\n<meta name=\"twitter:card\" content=\"summary_large_image\" \/>\n<meta name=\"twitter:label1\" content=\"\u00c9crit par\" \/>\n\t<meta name=\"twitter:data1\" content=\"cfeditorfr\" \/>\n\t<meta name=\"twitter:label2\" content=\"Dur\u00e9e de lecture estim\u00e9e\" \/>\n\t<meta name=\"twitter:data2\" content=\"3 minutes\" \/>\n<script type=\"application\/ld+json\" class=\"yoast-schema-graph\">{\"@context\":\"https:\/\/schema.org\",\"@graph\":[{\"@type\":\"Article\",\"@id\":\"https:\/\/www.africa-press.net\/senegal\/toutes-les-actualites\/le-plus-grand-cargo-a-voile-commence-sa-traversee#article\",\"isPartOf\":{\"@id\":\"https:\/\/www.africa-press.net\/senegal\/toutes-les-actualites\/le-plus-grand-cargo-a-voile-commence-sa-traversee\"},\"author\":{\"name\":\"cfeditorfr\",\"@id\":\"https:\/\/www.africa-press.net\/senegal\/#\/schema\/person\/2b1cf3cd81a31e3cd26889ca66d677f1\"},\"headline\":\"Le Plus Grand Cargo \u00c0 Voile Commence Sa Travers\u00e9e\",\"datePublished\":\"2025-10-20T12:00:00+00:00\",\"dateModified\":\"2025-10-22T00:12:21+00:00\",\"mainEntityOfPage\":{\"@id\":\"https:\/\/www.africa-press.net\/senegal\/toutes-les-actualites\/le-plus-grand-cargo-a-voile-commence-sa-traversee\"},\"wordCount\":587,\"commentCount\":0,\"image\":{\"@id\":\"https:\/\/www.africa-press.net\/senegal\/toutes-les-actualites\/le-plus-grand-cargo-a-voile-commence-sa-traversee#primaryimage\"},\"thumbnailUrl\":\"https:\/\/static.africa-press.net\/senegal\/sites\/13\/2025\/10\/sm_1761039690.381039.jpg\",\"keywords\":[\"Senegal\"],\"articleSection\":[\"Divers\",\"Toutes les actualit\u00e9s\"],\"inLanguage\":\"fr-FR\",\"potentialAction\":[{\"@type\":\"CommentAction\",\"name\":\"Comment\",\"target\":[\"https:\/\/www.africa-press.net\/senegal\/toutes-les-actualites\/le-plus-grand-cargo-a-voile-commence-sa-traversee#respond\"]}]},{\"@type\":\"WebPage\",\"@id\":\"https:\/\/www.africa-press.net\/senegal\/toutes-les-actualites\/le-plus-grand-cargo-a-voile-commence-sa-traversee\",\"url\":\"https:\/\/www.africa-press.net\/senegal\/toutes-les-actualites\/le-plus-grand-cargo-a-voile-commence-sa-traversee\",\"name\":\"Le Plus Grand Cargo \u00c0 Voile Commence Sa Travers\u00e9e - Senegal\",\"isPartOf\":{\"@id\":\"https:\/\/www.africa-press.net\/senegal\/#website\"},\"primaryImageOfPage\":{\"@id\":\"https:\/\/www.africa-press.net\/senegal\/toutes-les-actualites\/le-plus-grand-cargo-a-voile-commence-sa-traversee#primaryimage\"},\"image\":{\"@id\":\"https:\/\/www.africa-press.net\/senegal\/toutes-les-actualites\/le-plus-grand-cargo-a-voile-commence-sa-traversee#primaryimage\"},\"thumbnailUrl\":\"https:\/\/static.africa-press.net\/senegal\/sites\/13\/2025\/10\/sm_1761039690.381039.jpg\",\"datePublished\":\"2025-10-20T12:00:00+00:00\",\"dateModified\":\"2025-10-22T00:12:21+00:00\",\"author\":{\"@id\":\"https:\/\/www.africa-press.net\/senegal\/#\/schema\/person\/2b1cf3cd81a31e3cd26889ca66d677f1\"},\"description\":\"Le plus grand cargo a\u0300 voile du monde a quitte\u0301 le port de Nantes le 15 octobre 2025 pour rejoindre Saint-Nazaire ou\u0300 il ...\",\"breadcrumb\":{\"@id\":\"https:\/\/www.africa-press.net\/senegal\/toutes-les-actualites\/le-plus-grand-cargo-a-voile-commence-sa-traversee#breadcrumb\"},\"inLanguage\":\"fr-FR\",\"potentialAction\":[{\"@type\":\"ReadAction\",\"target\":[\"https:\/\/www.africa-press.net\/senegal\/toutes-les-actualites\/le-plus-grand-cargo-a-voile-commence-sa-traversee\"]}]},{\"@type\":\"ImageObject\",\"inLanguage\":\"fr-FR\",\"@id\":\"https:\/\/www.africa-press.net\/senegal\/toutes-les-actualites\/le-plus-grand-cargo-a-voile-commence-sa-traversee#primaryimage\",\"url\":\"https:\/\/static.africa-press.net\/senegal\/sites\/13\/2025\/10\/sm_1761039690.381039.jpg\",\"contentUrl\":\"https:\/\/static.africa-press.net\/senegal\/sites\/13\/2025\/10\/sm_1761039690.381039.jpg\",\"width\":1200,\"height\":899,\"caption\":\"Le Plus Grand Cargo \u00c0 Voile Commence Sa Travers\u00e9e\"},{\"@type\":\"BreadcrumbList\",\"@id\":\"https:\/\/www.africa-press.net\/senegal\/toutes-les-actualites\/le-plus-grand-cargo-a-voile-commence-sa-traversee#breadcrumb\",\"itemListElement\":[{\"@type\":\"ListItem\",\"position\":1,\"name\":\"Accueil\",\"item\":\"https:\/\/www.africa-press.net\/senegal\/\"},{\"@type\":\"ListItem\",\"position\":2,\"name\":\"Le Plus Grand Cargo \u00c0 Voile Commence Sa Travers\u00e9e\"}]},{\"@type\":\"WebSite\",\"@id\":\"https:\/\/www.africa-press.net\/senegal\/#website\",\"url\":\"https:\/\/www.africa-press.net\/senegal\/\",\"name\":\"Africa Press | Senegal | Homepage\",\"description\":\"Just another Africa News Agency Sites site\",\"potentialAction\":[{\"@type\":\"SearchAction\",\"target\":{\"@type\":\"EntryPoint\",\"urlTemplate\":\"https:\/\/www.africa-press.net\/senegal\/?s={search_term_string}\"},\"query-input\":{\"@type\":\"PropertyValueSpecification\",\"valueRequired\":true,\"valueName\":\"search_term_string\"}}],\"inLanguage\":\"fr-FR\"},{\"@type\":\"Person\",\"@id\":\"https:\/\/www.africa-press.net\/senegal\/#\/schema\/person\/2b1cf3cd81a31e3cd26889ca66d677f1\",\"name\":\"cfeditorfr\",\"url\":\"https:\/\/www.africa-press.net\/senegal\/author\/cfeditorfr\"}]}<\/script>\n<!-- \/ Yoast SEO Premium plugin. -->","yoast_head_json":{"title":"Le Plus Grand Cargo \u00c0 Voile Commence Sa Travers\u00e9e - Senegal","description":"Le plus grand cargo a\u0300 voile du monde a quitte\u0301 le port de Nantes le 15 octobre 2025 pour rejoindre Saint-Nazaire ou\u0300 il ...","robots":{"index":"index","follow":"follow","max-snippet":"max-snippet:-1","max-image-preview":"max-image-preview:large","max-video-preview":"max-video-preview:-1"},"canonical":"https:\/\/www.africa-press.net\/senegal\/toutes-les-actualites\/le-plus-grand-cargo-a-voile-commence-sa-traversee","og_locale":"fr_FR","og_type":"article","og_title":"Le Plus Grand Cargo \u00c0 Voile Commence Sa Travers\u00e9e","og_description":"Le plus grand cargo a\u0300 voile du monde a quitte\u0301 le port de Nantes le 15 octobre 2025 pour rejoindre Saint-Nazaire ou\u0300 il ...","og_url":"https:\/\/www.africa-press.net\/senegal\/toutes-les-actualites\/le-plus-grand-cargo-a-voile-commence-sa-traversee","og_site_name":"Senegal","article_published_time":"2025-10-20T12:00:00+00:00","article_modified_time":"2025-10-22T00:12:21+00:00","og_image":[{"width":1200,"height":899,"url":"https:\/\/static.africa-press.net\/senegal\/sites\/13\/2025\/10\/sm_1761039690.381039.jpg","type":"image\/jpeg"}],"author":"cfeditorfr","twitter_card":"summary_large_image","twitter_misc":{"\u00c9crit par":"cfeditorfr","Dur\u00e9e de lecture estim\u00e9e":"3 minutes"},"schema":{"@context":"https:\/\/schema.org","@graph":[{"@type":"Article","@id":"https:\/\/www.africa-press.net\/senegal\/toutes-les-actualites\/le-plus-grand-cargo-a-voile-commence-sa-traversee#article","isPartOf":{"@id":"https:\/\/www.africa-press.net\/senegal\/toutes-les-actualites\/le-plus-grand-cargo-a-voile-commence-sa-traversee"},"author":{"name":"cfeditorfr","@id":"https:\/\/www.africa-press.net\/senegal\/#\/schema\/person\/2b1cf3cd81a31e3cd26889ca66d677f1"},"headline":"Le Plus Grand Cargo \u00c0 Voile Commence Sa Travers\u00e9e","datePublished":"2025-10-20T12:00:00+00:00","dateModified":"2025-10-22T00:12:21+00:00","mainEntityOfPage":{"@id":"https:\/\/www.africa-press.net\/senegal\/toutes-les-actualites\/le-plus-grand-cargo-a-voile-commence-sa-traversee"},"wordCount":587,"commentCount":0,"image":{"@id":"https:\/\/www.africa-press.net\/senegal\/toutes-les-actualites\/le-plus-grand-cargo-a-voile-commence-sa-traversee#primaryimage"},"thumbnailUrl":"https:\/\/static.africa-press.net\/senegal\/sites\/13\/2025\/10\/sm_1761039690.381039.jpg","keywords":["Senegal"],"articleSection":["Divers","Toutes les actualit\u00e9s"],"inLanguage":"fr-FR","potentialAction":[{"@type":"CommentAction","name":"Comment","target":["https:\/\/www.africa-press.net\/senegal\/toutes-les-actualites\/le-plus-grand-cargo-a-voile-commence-sa-traversee#respond"]}]},{"@type":"WebPage","@id":"https:\/\/www.africa-press.net\/senegal\/toutes-les-actualites\/le-plus-grand-cargo-a-voile-commence-sa-traversee","url":"https:\/\/www.africa-press.net\/senegal\/toutes-les-actualites\/le-plus-grand-cargo-a-voile-commence-sa-traversee","name":"Le Plus Grand Cargo \u00c0 Voile Commence Sa Travers\u00e9e - Senegal","isPartOf":{"@id":"https:\/\/www.africa-press.net\/senegal\/#website"},"primaryImageOfPage":{"@id":"https:\/\/www.africa-press.net\/senegal\/toutes-les-actualites\/le-plus-grand-cargo-a-voile-commence-sa-traversee#primaryimage"},"image":{"@id":"https:\/\/www.africa-press.net\/senegal\/toutes-les-actualites\/le-plus-grand-cargo-a-voile-commence-sa-traversee#primaryimage"},"thumbnailUrl":"https:\/\/static.africa-press.net\/senegal\/sites\/13\/2025\/10\/sm_1761039690.381039.jpg","datePublished":"2025-10-20T12:00:00+00:00","dateModified":"2025-10-22T00:12:21+00:00","author":{"@id":"https:\/\/www.africa-press.net\/senegal\/#\/schema\/person\/2b1cf3cd81a31e3cd26889ca66d677f1"},"description":"Le plus grand cargo a\u0300 voile du monde a quitte\u0301 le port de Nantes le 15 octobre 2025 pour rejoindre Saint-Nazaire ou\u0300 il ...","breadcrumb":{"@id":"https:\/\/www.africa-press.net\/senegal\/toutes-les-actualites\/le-plus-grand-cargo-a-voile-commence-sa-traversee#breadcrumb"},"inLanguage":"fr-FR","potentialAction":[{"@type":"ReadAction","target":["https:\/\/www.africa-press.net\/senegal\/toutes-les-actualites\/le-plus-grand-cargo-a-voile-commence-sa-traversee"]}]},{"@type":"ImageObject","inLanguage":"fr-FR","@id":"https:\/\/www.africa-press.net\/senegal\/toutes-les-actualites\/le-plus-grand-cargo-a-voile-commence-sa-traversee#primaryimage","url":"https:\/\/static.africa-press.net\/senegal\/sites\/13\/2025\/10\/sm_1761039690.381039.jpg","contentUrl":"https:\/\/static.africa-press.net\/senegal\/sites\/13\/2025\/10\/sm_1761039690.381039.jpg","width":1200,"height":899,"caption":"Le Plus Grand Cargo \u00c0 Voile Commence Sa Travers\u00e9e"},{"@type":"BreadcrumbList","@id":"https:\/\/www.africa-press.net\/senegal\/toutes-les-actualites\/le-plus-grand-cargo-a-voile-commence-sa-traversee#breadcrumb","itemListElement":[{"@type":"ListItem","position":1,"name":"Accueil","item":"https:\/\/www.africa-press.net\/senegal\/"},{"@type":"ListItem","position":2,"name":"Le Plus Grand Cargo \u00c0 Voile Commence Sa Travers\u00e9e"}]},{"@type":"WebSite","@id":"https:\/\/www.africa-press.net\/senegal\/#website","url":"https:\/\/www.africa-press.net\/senegal\/","name":"Africa Press | Senegal | Homepage","description":"Just another Africa News Agency Sites site","potentialAction":[{"@type":"SearchAction","target":{"@type":"EntryPoint","urlTemplate":"https:\/\/www.africa-press.net\/senegal\/?s={search_term_string}"},"query-input":{"@type":"PropertyValueSpecification","valueRequired":true,"valueName":"search_term_string"}}],"inLanguage":"fr-FR"},{"@type":"Person","@id":"https:\/\/www.africa-press.net\/senegal\/#\/schema\/person\/2b1cf3cd81a31e3cd26889ca66d677f1","name":"cfeditorfr","url":"https:\/\/www.africa-press.net\/senegal\/author\/cfeditorfr"}]}},"_links":{"self":[{"href":"https:\/\/www.africa-press.net\/senegal\/wp-json\/wp\/v2\/posts\/71836","targetHints":{"allow":["GET"]}}],"collection":[{"href":"https:\/\/www.africa-press.net\/senegal\/wp-json\/wp\/v2\/posts"}],"about":[{"href":"https:\/\/www.africa-press.net\/senegal\/wp-json\/wp\/v2\/types\/post"}],"author":[{"embeddable":true,"href":"https:\/\/www.africa-press.net\/senegal\/wp-json\/wp\/v2\/users\/82"}],"replies":[{"embeddable":true,"href":"https:\/\/www.africa-press.net\/senegal\/wp-json\/wp\/v2\/comments?post=71836"}],"version-history":[{"count":0,"href":"https:\/\/www.africa-press.net\/senegal\/wp-json\/wp\/v2\/posts\/71836\/revisions"}],"wp:featuredmedia":[{"embeddable":true,"href":"https:\/\/www.africa-press.net\/senegal\/wp-json\/wp\/v2\/media\/71835"}],"wp:attachment":[{"href":"https:\/\/www.africa-press.net\/senegal\/wp-json\/wp\/v2\/media?parent=71836"}],"wp:term":[{"taxonomy":"category","embeddable":true,"href":"https:\/\/www.africa-press.net\/senegal\/wp-json\/wp\/v2\/categories?post=71836"},{"taxonomy":"post_tag","embeddable":true,"href":"https:\/\/www.africa-press.net\/senegal\/wp-json\/wp\/v2\/tags?post=71836"}],"curies":[{"name":"wp","href":"https:\/\/api.w.org\/{rel}","templated":true}]}}