{"id":71967,"date":"2025-10-25T14:10:00","date_gmt":"2025-10-25T14:10:00","guid":{"rendered":"https:\/\/www.africa-press.net\/senegal\/politique\/politique-et-bilan-du-pastef-pour-un-rassemblement-a-dakar"},"modified":"2025-10-26T01:14:24","modified_gmt":"2025-10-26T01:14:24","slug":"politique-et-bilan-du-pastef-pour-un-rassemblement-a-dakar","status":"publish","type":"post","link":"https:\/\/www.africa-press.net\/senegal\/parties\/politique-et-bilan-du-pastef-pour-un-rassemblement-a-dakar","title":{"rendered":"Politique et Bilan du PASTEF pour un Rassemblement \u00c0 Dakar"},"content":{"rendered":"<p><span style=\"color: #ff6600\"><strong>Africa-Press &#8211; Senegal. <\/strong><\/span>Ce samedi 25 octobre 2025, Ousmane Sonko, pre\u0301sident du parti au pouvoir PASTEF, a annonce\u0301 sur ses re\u0301seaux sociaux la tenue d\u2019une rencontre qualifie\u0301e d\u2019\u00ab exceptionnelle \u00bb par le leader politique. L\u2019e\u0301ve\u0301nement est pre\u0301vu le 8 novembre 2025, sur le parking du stade Le\u0301opold Se\u0301dar Senghor, a\u0300 Dakar.<\/p>\n<p>\u00ab Le samedi 8 novembre, il y aura une grande rencontre du PASTEF. Ce ne sera pas un meeting ou un me\u0301ga-meeting, mais un tera meeting \u00bb, a de\u0301clare\u0301 Ousmane Sonko, promettant que l\u2019e\u0301ve\u0301nement serait ine\u0301dit dans l\u2019histoire politique du Se\u0301ne\u0301gal, tant sur le plan de l\u2019organisation, de la mobilisation que du contenu.<\/p>\n<p>Le pre\u0301sident du PASTEF a pre\u0301cise\u0301 que trois the\u0300mes principaux seront aborde\u0301s lors de cette rencontre: l\u2019E\u0301tat, avec un bilan des 18 mois de gouvernement du parti ; la politique nationale ; et les perspectives et projets du PASTEF.<\/p>\n<p>Cette annonce intervient alors que le parti au pouvoir cherche a\u0300 consolider sa base et a\u0300 renforcer son message aupre\u0300s des citoyens a\u0300 moins d\u2019un an des prochaines e\u0301che\u0301ances e\u0301lectorales. Les de\u0301tails logistiques et le programme complet du tera meeting n\u2019ont pas encore e\u0301te\u0301 communique\u0301s, mais le parti promet un rassemblement d\u2019envergure, destine\u0301 a\u0300 marquer les esprits et a\u0300 mobiliser les militants.<\/p>\n<p>L\u2019annonce de cette rencontre intervient dans un contexte politique marque\u0301 par la volonte\u0301 du PASTEF de s\u2019affirmer comme acteur central de la sce\u0300ne nationale, tout en rappelant ses re\u0301alisations et ses ambitions pour les mois a\u0300 venir.<\/p>\n<p><strong>Pour plus d&rsquo;informations et d&rsquo;analyses sur la <span style=\"color: #ff6600\">Senegal<\/span>, suivez <span style=\"color: #ff6600\">Africa-Press<\/span><\/strong><\/p>\n","protected":false},"excerpt":{"rendered":"<p>Africa-Press &#8211; Senegal. Ce samedi 25 octobre 2025, Ousmane Sonko, pre\u0301sident du parti au pouvoir PASTEF, a annonce\u0301 sur ses re\u0301seaux sociaux la tenue d\u2019une rencontre qualifie\u0301e d\u2019\u00ab exceptionnelle \u00bb par le leader politique. L\u2019e\u0301ve\u0301nement est pre\u0301vu le 8 novembre 2025, sur le parking du stade Le\u0301opold Se\u0301dar Senghor, a\u0300 Dakar. \u00ab Le samedi 8 [&hellip;]<\/p>\n","protected":false},"author":82,"featured_media":71966,"comment_status":"open","ping_status":"closed","sticky":false,"template":"","format":"standard","meta":{"footnotes":""},"categories":[4,49,20,10],"tags":[44],"class_list":["post-71967","post","type-post","status-publish","format-standard","has-post-thumbnail","hentry","category-parties","category-to-homepage","category-top-nouvelles","category-toutes-les-actualites","tag-senegal-2"],"yoast_head":"<!-- This site is optimized with the Yoast SEO Premium plugin v26.1 (Yoast SEO v27.0) - https:\/\/yoast.com\/product\/yoast-seo-premium-wordpress\/ -->\n<title>Politique et Bilan du PASTEF pour un Rassemblement \u00c0 Dakar - Senegal<\/title>\n<meta name=\"description\" content=\"Ce samedi 25 octobre 2025, Ousmane Sonko, pre\u0301sident du parti au pouvoir PASTEF, a annonce\u0301 sur ses re\u0301seaux sociaux la ...\" \/>\n<meta name=\"robots\" content=\"index, follow, max-snippet:-1, max-image-preview:large, max-video-preview:-1\" \/>\n<link rel=\"canonical\" href=\"https:\/\/www.africa-press.net\/senegal\/parties\/politique-et-bilan-du-pastef-pour-un-rassemblement-a-dakar\" \/>\n<meta property=\"og:locale\" content=\"fr_FR\" \/>\n<meta property=\"og:type\" content=\"article\" \/>\n<meta property=\"og:title\" content=\"Politique et Bilan du PASTEF pour un Rassemblement \u00c0 Dakar\" \/>\n<meta property=\"og:description\" content=\"Ce samedi 25 octobre 2025, Ousmane Sonko, pre\u0301sident du parti au pouvoir PASTEF, a annonce\u0301 sur ses re\u0301seaux sociaux la ...\" \/>\n<meta property=\"og:url\" content=\"https:\/\/www.africa-press.net\/senegal\/parties\/politique-et-bilan-du-pastef-pour-un-rassemblement-a-dakar\" \/>\n<meta property=\"og:site_name\" content=\"Senegal\" \/>\n<meta property=\"article:published_time\" content=\"2025-10-25T14:10:00+00:00\" \/>\n<meta property=\"article:modified_time\" content=\"2025-10-26T01:14:24+00:00\" \/>\n<meta property=\"og:image\" content=\"https:\/\/static.africa-press.net\/senegal\/sites\/13\/2025\/10\/sm_1761469494.186923.jpg\" \/>\n\t<meta property=\"og:image:width\" content=\"1280\" \/>\n\t<meta property=\"og:image:height\" content=\"720\" \/>\n\t<meta property=\"og:image:type\" content=\"image\/jpeg\" \/>\n<meta name=\"author\" content=\"cfeditorfr\" \/>\n<meta name=\"twitter:card\" content=\"summary_large_image\" \/>\n<meta name=\"twitter:label1\" content=\"\u00c9crit par\" \/>\n\t<meta name=\"twitter:data1\" content=\"cfeditorfr\" \/>\n\t<meta name=\"twitter:label2\" content=\"Dur\u00e9e de lecture estim\u00e9e\" \/>\n\t<meta name=\"twitter:data2\" content=\"2 minutes\" \/>\n<script type=\"application\/ld+json\" class=\"yoast-schema-graph\">{\"@context\":\"https:\/\/schema.org\",\"@graph\":[{\"@type\":\"Article\",\"@id\":\"https:\/\/www.africa-press.net\/senegal\/parties\/politique-et-bilan-du-pastef-pour-un-rassemblement-a-dakar#article\",\"isPartOf\":{\"@id\":\"https:\/\/www.africa-press.net\/senegal\/parties\/politique-et-bilan-du-pastef-pour-un-rassemblement-a-dakar\"},\"author\":{\"name\":\"cfeditorfr\",\"@id\":\"https:\/\/www.africa-press.net\/senegal\/#\/schema\/person\/2b1cf3cd81a31e3cd26889ca66d677f1\"},\"headline\":\"Politique et Bilan du PASTEF pour un Rassemblement \u00c0 Dakar\",\"datePublished\":\"2025-10-25T14:10:00+00:00\",\"dateModified\":\"2025-10-26T01:14:24+00:00\",\"mainEntityOfPage\":{\"@id\":\"https:\/\/www.africa-press.net\/senegal\/parties\/politique-et-bilan-du-pastef-pour-un-rassemblement-a-dakar\"},\"wordCount\":292,\"commentCount\":0,\"image\":{\"@id\":\"https:\/\/www.africa-press.net\/senegal\/parties\/politique-et-bilan-du-pastef-pour-un-rassemblement-a-dakar#primaryimage\"},\"thumbnailUrl\":\"https:\/\/static.africa-press.net\/senegal\/sites\/13\/2025\/10\/sm_1761469494.186923.jpg\",\"keywords\":[\"Senegal\"],\"articleSection\":[\"Parties\",\"to-homepage\",\"Top Nouvelles\",\"Toutes les actualit\u00e9s\"],\"inLanguage\":\"fr-FR\",\"potentialAction\":[{\"@type\":\"CommentAction\",\"name\":\"Comment\",\"target\":[\"https:\/\/www.africa-press.net\/senegal\/parties\/politique-et-bilan-du-pastef-pour-un-rassemblement-a-dakar#respond\"]}]},{\"@type\":\"WebPage\",\"@id\":\"https:\/\/www.africa-press.net\/senegal\/parties\/politique-et-bilan-du-pastef-pour-un-rassemblement-a-dakar\",\"url\":\"https:\/\/www.africa-press.net\/senegal\/parties\/politique-et-bilan-du-pastef-pour-un-rassemblement-a-dakar\",\"name\":\"Politique et Bilan du PASTEF pour un Rassemblement \u00c0 Dakar - Senegal\",\"isPartOf\":{\"@id\":\"https:\/\/www.africa-press.net\/senegal\/#website\"},\"primaryImageOfPage\":{\"@id\":\"https:\/\/www.africa-press.net\/senegal\/parties\/politique-et-bilan-du-pastef-pour-un-rassemblement-a-dakar#primaryimage\"},\"image\":{\"@id\":\"https:\/\/www.africa-press.net\/senegal\/parties\/politique-et-bilan-du-pastef-pour-un-rassemblement-a-dakar#primaryimage\"},\"thumbnailUrl\":\"https:\/\/static.africa-press.net\/senegal\/sites\/13\/2025\/10\/sm_1761469494.186923.jpg\",\"datePublished\":\"2025-10-25T14:10:00+00:00\",\"dateModified\":\"2025-10-26T01:14:24+00:00\",\"author\":{\"@id\":\"https:\/\/www.africa-press.net\/senegal\/#\/schema\/person\/2b1cf3cd81a31e3cd26889ca66d677f1\"},\"description\":\"Ce samedi 25 octobre 2025, Ousmane Sonko, pre\u0301sident du parti au pouvoir PASTEF, a annonce\u0301 sur ses re\u0301seaux sociaux la ...\",\"breadcrumb\":{\"@id\":\"https:\/\/www.africa-press.net\/senegal\/parties\/politique-et-bilan-du-pastef-pour-un-rassemblement-a-dakar#breadcrumb\"},\"inLanguage\":\"fr-FR\",\"potentialAction\":[{\"@type\":\"ReadAction\",\"target\":[\"https:\/\/www.africa-press.net\/senegal\/parties\/politique-et-bilan-du-pastef-pour-un-rassemblement-a-dakar\"]}]},{\"@type\":\"ImageObject\",\"inLanguage\":\"fr-FR\",\"@id\":\"https:\/\/www.africa-press.net\/senegal\/parties\/politique-et-bilan-du-pastef-pour-un-rassemblement-a-dakar#primaryimage\",\"url\":\"https:\/\/static.africa-press.net\/senegal\/sites\/13\/2025\/10\/sm_1761469494.186923.jpg\",\"contentUrl\":\"https:\/\/static.africa-press.net\/senegal\/sites\/13\/2025\/10\/sm_1761469494.186923.jpg\",\"width\":1280,\"height\":720,\"caption\":\"Politique et Bilan du PASTEF pour un Rassemblement \u00c0 Dakar\"},{\"@type\":\"BreadcrumbList\",\"@id\":\"https:\/\/www.africa-press.net\/senegal\/parties\/politique-et-bilan-du-pastef-pour-un-rassemblement-a-dakar#breadcrumb\",\"itemListElement\":[{\"@type\":\"ListItem\",\"position\":1,\"name\":\"Accueil\",\"item\":\"https:\/\/www.africa-press.net\/senegal\/\"},{\"@type\":\"ListItem\",\"position\":2,\"name\":\"Politique et Bilan du PASTEF pour un Rassemblement \u00c0 Dakar\"}]},{\"@type\":\"WebSite\",\"@id\":\"https:\/\/www.africa-press.net\/senegal\/#website\",\"url\":\"https:\/\/www.africa-press.net\/senegal\/\",\"name\":\"Africa Press | Senegal | Homepage\",\"description\":\"Just another Africa News Agency Sites site\",\"potentialAction\":[{\"@type\":\"SearchAction\",\"target\":{\"@type\":\"EntryPoint\",\"urlTemplate\":\"https:\/\/www.africa-press.net\/senegal\/?s={search_term_string}\"},\"query-input\":{\"@type\":\"PropertyValueSpecification\",\"valueRequired\":true,\"valueName\":\"search_term_string\"}}],\"inLanguage\":\"fr-FR\"},{\"@type\":\"Person\",\"@id\":\"https:\/\/www.africa-press.net\/senegal\/#\/schema\/person\/2b1cf3cd81a31e3cd26889ca66d677f1\",\"name\":\"cfeditorfr\",\"url\":\"https:\/\/www.africa-press.net\/senegal\/author\/cfeditorfr\"}]}<\/script>\n<!-- \/ Yoast SEO Premium plugin. -->","yoast_head_json":{"title":"Politique et Bilan du PASTEF pour un Rassemblement \u00c0 Dakar - Senegal","description":"Ce samedi 25 octobre 2025, Ousmane Sonko, pre\u0301sident du parti au pouvoir PASTEF, a annonce\u0301 sur ses re\u0301seaux sociaux la ...","robots":{"index":"index","follow":"follow","max-snippet":"max-snippet:-1","max-image-preview":"max-image-preview:large","max-video-preview":"max-video-preview:-1"},"canonical":"https:\/\/www.africa-press.net\/senegal\/parties\/politique-et-bilan-du-pastef-pour-un-rassemblement-a-dakar","og_locale":"fr_FR","og_type":"article","og_title":"Politique et Bilan du PASTEF pour un Rassemblement \u00c0 Dakar","og_description":"Ce samedi 25 octobre 2025, Ousmane Sonko, pre\u0301sident du parti au pouvoir PASTEF, a annonce\u0301 sur ses re\u0301seaux sociaux la ...","og_url":"https:\/\/www.africa-press.net\/senegal\/parties\/politique-et-bilan-du-pastef-pour-un-rassemblement-a-dakar","og_site_name":"Senegal","article_published_time":"2025-10-25T14:10:00+00:00","article_modified_time":"2025-10-26T01:14:24+00:00","og_image":[{"width":1280,"height":720,"url":"https:\/\/static.africa-press.net\/senegal\/sites\/13\/2025\/10\/sm_1761469494.186923.jpg","type":"image\/jpeg"}],"author":"cfeditorfr","twitter_card":"summary_large_image","twitter_misc":{"\u00c9crit par":"cfeditorfr","Dur\u00e9e de lecture estim\u00e9e":"2 minutes"},"schema":{"@context":"https:\/\/schema.org","@graph":[{"@type":"Article","@id":"https:\/\/www.africa-press.net\/senegal\/parties\/politique-et-bilan-du-pastef-pour-un-rassemblement-a-dakar#article","isPartOf":{"@id":"https:\/\/www.africa-press.net\/senegal\/parties\/politique-et-bilan-du-pastef-pour-un-rassemblement-a-dakar"},"author":{"name":"cfeditorfr","@id":"https:\/\/www.africa-press.net\/senegal\/#\/schema\/person\/2b1cf3cd81a31e3cd26889ca66d677f1"},"headline":"Politique et Bilan du PASTEF pour un Rassemblement \u00c0 Dakar","datePublished":"2025-10-25T14:10:00+00:00","dateModified":"2025-10-26T01:14:24+00:00","mainEntityOfPage":{"@id":"https:\/\/www.africa-press.net\/senegal\/parties\/politique-et-bilan-du-pastef-pour-un-rassemblement-a-dakar"},"wordCount":292,"commentCount":0,"image":{"@id":"https:\/\/www.africa-press.net\/senegal\/parties\/politique-et-bilan-du-pastef-pour-un-rassemblement-a-dakar#primaryimage"},"thumbnailUrl":"https:\/\/static.africa-press.net\/senegal\/sites\/13\/2025\/10\/sm_1761469494.186923.jpg","keywords":["Senegal"],"articleSection":["Parties","to-homepage","Top Nouvelles","Toutes les actualit\u00e9s"],"inLanguage":"fr-FR","potentialAction":[{"@type":"CommentAction","name":"Comment","target":["https:\/\/www.africa-press.net\/senegal\/parties\/politique-et-bilan-du-pastef-pour-un-rassemblement-a-dakar#respond"]}]},{"@type":"WebPage","@id":"https:\/\/www.africa-press.net\/senegal\/parties\/politique-et-bilan-du-pastef-pour-un-rassemblement-a-dakar","url":"https:\/\/www.africa-press.net\/senegal\/parties\/politique-et-bilan-du-pastef-pour-un-rassemblement-a-dakar","name":"Politique et Bilan du PASTEF pour un Rassemblement \u00c0 Dakar - Senegal","isPartOf":{"@id":"https:\/\/www.africa-press.net\/senegal\/#website"},"primaryImageOfPage":{"@id":"https:\/\/www.africa-press.net\/senegal\/parties\/politique-et-bilan-du-pastef-pour-un-rassemblement-a-dakar#primaryimage"},"image":{"@id":"https:\/\/www.africa-press.net\/senegal\/parties\/politique-et-bilan-du-pastef-pour-un-rassemblement-a-dakar#primaryimage"},"thumbnailUrl":"https:\/\/static.africa-press.net\/senegal\/sites\/13\/2025\/10\/sm_1761469494.186923.jpg","datePublished":"2025-10-25T14:10:00+00:00","dateModified":"2025-10-26T01:14:24+00:00","author":{"@id":"https:\/\/www.africa-press.net\/senegal\/#\/schema\/person\/2b1cf3cd81a31e3cd26889ca66d677f1"},"description":"Ce samedi 25 octobre 2025, Ousmane Sonko, pre\u0301sident du parti au pouvoir PASTEF, a annonce\u0301 sur ses re\u0301seaux sociaux la ...","breadcrumb":{"@id":"https:\/\/www.africa-press.net\/senegal\/parties\/politique-et-bilan-du-pastef-pour-un-rassemblement-a-dakar#breadcrumb"},"inLanguage":"fr-FR","potentialAction":[{"@type":"ReadAction","target":["https:\/\/www.africa-press.net\/senegal\/parties\/politique-et-bilan-du-pastef-pour-un-rassemblement-a-dakar"]}]},{"@type":"ImageObject","inLanguage":"fr-FR","@id":"https:\/\/www.africa-press.net\/senegal\/parties\/politique-et-bilan-du-pastef-pour-un-rassemblement-a-dakar#primaryimage","url":"https:\/\/static.africa-press.net\/senegal\/sites\/13\/2025\/10\/sm_1761469494.186923.jpg","contentUrl":"https:\/\/static.africa-press.net\/senegal\/sites\/13\/2025\/10\/sm_1761469494.186923.jpg","width":1280,"height":720,"caption":"Politique et Bilan du PASTEF pour un Rassemblement \u00c0 Dakar"},{"@type":"BreadcrumbList","@id":"https:\/\/www.africa-press.net\/senegal\/parties\/politique-et-bilan-du-pastef-pour-un-rassemblement-a-dakar#breadcrumb","itemListElement":[{"@type":"ListItem","position":1,"name":"Accueil","item":"https:\/\/www.africa-press.net\/senegal\/"},{"@type":"ListItem","position":2,"name":"Politique et Bilan du PASTEF pour un Rassemblement \u00c0 Dakar"}]},{"@type":"WebSite","@id":"https:\/\/www.africa-press.net\/senegal\/#website","url":"https:\/\/www.africa-press.net\/senegal\/","name":"Africa Press | Senegal | Homepage","description":"Just another Africa News Agency Sites site","potentialAction":[{"@type":"SearchAction","target":{"@type":"EntryPoint","urlTemplate":"https:\/\/www.africa-press.net\/senegal\/?s={search_term_string}"},"query-input":{"@type":"PropertyValueSpecification","valueRequired":true,"valueName":"search_term_string"}}],"inLanguage":"fr-FR"},{"@type":"Person","@id":"https:\/\/www.africa-press.net\/senegal\/#\/schema\/person\/2b1cf3cd81a31e3cd26889ca66d677f1","name":"cfeditorfr","url":"https:\/\/www.africa-press.net\/senegal\/author\/cfeditorfr"}]}},"_links":{"self":[{"href":"https:\/\/www.africa-press.net\/senegal\/wp-json\/wp\/v2\/posts\/71967","targetHints":{"allow":["GET"]}}],"collection":[{"href":"https:\/\/www.africa-press.net\/senegal\/wp-json\/wp\/v2\/posts"}],"about":[{"href":"https:\/\/www.africa-press.net\/senegal\/wp-json\/wp\/v2\/types\/post"}],"author":[{"embeddable":true,"href":"https:\/\/www.africa-press.net\/senegal\/wp-json\/wp\/v2\/users\/82"}],"replies":[{"embeddable":true,"href":"https:\/\/www.africa-press.net\/senegal\/wp-json\/wp\/v2\/comments?post=71967"}],"version-history":[{"count":0,"href":"https:\/\/www.africa-press.net\/senegal\/wp-json\/wp\/v2\/posts\/71967\/revisions"}],"wp:featuredmedia":[{"embeddable":true,"href":"https:\/\/www.africa-press.net\/senegal\/wp-json\/wp\/v2\/media\/71966"}],"wp:attachment":[{"href":"https:\/\/www.africa-press.net\/senegal\/wp-json\/wp\/v2\/media?parent=71967"}],"wp:term":[{"taxonomy":"category","embeddable":true,"href":"https:\/\/www.africa-press.net\/senegal\/wp-json\/wp\/v2\/categories?post=71967"},{"taxonomy":"post_tag","embeddable":true,"href":"https:\/\/www.africa-press.net\/senegal\/wp-json\/wp\/v2\/tags?post=71967"}],"curies":[{"name":"wp","href":"https:\/\/api.w.org\/{rel}","templated":true}]}}