{"id":71991,"date":"2025-10-25T12:10:00","date_gmt":"2025-10-25T12:10:00","guid":{"rendered":"https:\/\/www.africa-press.net\/senegal\/politique\/macky-sall-face-a-dame-mbodj-arrestation-demandee"},"modified":"2025-10-26T02:15:00","modified_gmt":"2025-10-26T02:15:00","slug":"macky-sall-face-a-dame-mbodj-arrestation-demandee","status":"publish","type":"post","link":"https:\/\/www.africa-press.net\/senegal\/politique\/macky-sall-face-a-dame-mbodj-arrestation-demandee","title":{"rendered":"Macky Sall Face \u00e0 Dame Mbodj: Arrestation Demand\u00e9e"},"content":{"rendered":"<p><span style=\"color: #ff6600\"><strong>Africa-Press &#8211; Senegal. <\/strong><\/span>Dame Mbodj est monte\u0301 au cre\u0301neau pour exiger des mesures radicales contre l\u2019ancien pre\u0301sident Macky Sall et son parti. Re\u0301agissant a\u0300 la pole\u0301mique sur la dette cache\u0301e et a\u0300 la mobilisation des avocats de l\u2019ancien chef de l\u2019E\u0301tat, il estime que ce dernier tente de\u0301sespe\u0301re\u0301ment d\u2019e\u0301chapper a\u0300 ses responsabilite\u0301s.<\/p>\n<p>\u00ab Macky Sall jette ses dernie\u0300res cartes. Il faut l\u2019arre\u0302ter et dissoudre l\u2019APR \u00bb, a-t-il lance\u0301, appelant a\u0300 des actions fermes.<\/p>\n<p><b>\u00ab Ils demandent aujourd\u2019hui des rapports qu\u2019ils refusaient hier \u00bb<\/b><\/p>\n<p>Dame Mbodj a fustige\u0301 l\u2019attitude du camp de l\u2019ancien re\u0301gime qu\u2019il accuse de double discours. Il ironise sur le fait qu&rsquo;\u00ab ils demandent des rapports aujourd\u2019hui, alors que quand ils e\u0301taient au pouvoir, sortir une seule phrase d\u2019un rapport e\u0301quivalait a\u0300 des poursuites judiciaires. \u00bb<\/p>\n<p>Le syndicaliste a insiste\u0301 sur la cre\u0301dibilite\u0301 de l\u2019audit financier: \u00ab L\u2019IGF, ce sont des fonctionnaires de l\u2019E\u0301tat. Ils ne publient pas leurs rapports. Mais le cabinet Mozart, lui, est prive\u0301, inde\u0301pendant, avec une re\u0301putation internationale. Il a confirme\u0301 l\u2019existence d\u2019une dette dissimule\u0301e \u00bb. Pour lui, la diffe\u0301rence entre \u00ab dissimule\u0301e \u00bb et \u00ab cache\u0301e \u00bb est \u00ab purement se\u0301mantique \u00bb.<\/p>\n<p>Il a de\u0301fendu la de\u0301marche du nouveau gouvernement de \u00ab rupture \u00bb: \u00ab Nous avons dit la ve\u0301rite\u0301 a\u0300 tous les bailleurs, en toute responsabilite\u0301. \u00bb<\/p>\n<p>Dame Mbodj s\u2019est interroge\u0301 sur la pre\u0301cipitation de Macky Sall a\u0300 constituer une e\u0301quipe de de\u0301fense internationale, y compris l&rsquo;avocat franc\u0327ais Me Olivier: \u00ab Macky Sall n\u2019est me\u0302me pas poursuivi. A\u0300 quoi bon alors prendre des avocats? \u00bb<\/p>\n<p>\u00ab Ce n\u2019est pas e\u0301tonnant. Il sait ce qu\u2019il a fait. Il a tue\u0301 plus de 80 personnes pour se frayer un troisie\u0300me mandat. Il a appauvri le pays et sait qu\u2019il va re\u0301pondre de ses actes \u00bb, a-t-il tranche\u0301.<\/p>\n<p>Concernant l\u2019avocat e\u0301tranger, Dame Mbodj l&rsquo;a qualifie\u0301 d&rsquo;\u00ab avocat du diable \u00bb, rappelant: \u00ab Il a de\u0301fendu Blaise Compaore\u0301, qui a tue\u0301 Thomas Sankara, et il a perdu. \u00bb Il a conclu sur une note de fermete\u0301 a\u0300 l&rsquo;adresse de l&rsquo;avocat: \u00ab Qu\u2019Olivier comprenne que le Se\u0301ne\u0301gal n\u2019est pas une re\u0301publique bananie\u0300re. Le pays a change\u0301. \u00bb<\/p>\n<p><strong>Pour plus d&rsquo;informations et d&rsquo;analyses sur la <span style=\"color: #ff6600\">Senegal<\/span>, suivez <span style=\"color: #ff6600\">Africa-Press<\/span><\/strong><\/p>\n","protected":false},"excerpt":{"rendered":"<p>Africa-Press &#8211; Senegal. Dame Mbodj est monte\u0301 au cre\u0301neau pour exiger des mesures radicales contre l\u2019ancien pre\u0301sident Macky Sall et son parti. Re\u0301agissant a\u0300 la pole\u0301mique sur la dette cache\u0301e et a\u0300 la mobilisation des avocats de l\u2019ancien chef de l\u2019E\u0301tat, il estime que ce dernier tente de\u0301sespe\u0301re\u0301ment d\u2019e\u0301chapper a\u0300 ses responsabilite\u0301s. \u00ab Macky Sall [&hellip;]<\/p>\n","protected":false},"author":82,"featured_media":71990,"comment_status":"open","ping_status":"closed","sticky":false,"template":"","format":"standard","meta":{"footnotes":""},"categories":[2,10],"tags":[44],"class_list":["post-71991","post","type-post","status-publish","format-standard","has-post-thumbnail","hentry","category-politique","category-toutes-les-actualites","tag-senegal-2"],"yoast_head":"<!-- This site is optimized with the Yoast SEO Premium plugin v26.1 (Yoast SEO v27.0) - https:\/\/yoast.com\/product\/yoast-seo-premium-wordpress\/ -->\n<title>Macky Sall Face \u00e0 Dame Mbodj: Arrestation Demand\u00e9e - Senegal<\/title>\n<meta name=\"description\" content=\"Dame Mbodj est monte\u0301 au cre\u0301neau pour exiger des mesures radicales contre l\u2019ancien pre\u0301sident Macky Sall et son parti. ...\" \/>\n<meta name=\"robots\" content=\"index, follow, max-snippet:-1, max-image-preview:large, max-video-preview:-1\" \/>\n<link rel=\"canonical\" href=\"https:\/\/www.africa-press.net\/senegal\/politique\/macky-sall-face-a-dame-mbodj-arrestation-demandee\" \/>\n<meta property=\"og:locale\" content=\"fr_FR\" \/>\n<meta property=\"og:type\" content=\"article\" \/>\n<meta property=\"og:title\" content=\"Macky Sall Face \u00e0 Dame Mbodj: Arrestation Demand\u00e9e\" \/>\n<meta property=\"og:description\" content=\"Dame Mbodj est monte\u0301 au cre\u0301neau pour exiger des mesures radicales contre l\u2019ancien pre\u0301sident Macky Sall et son parti. ...\" \/>\n<meta property=\"og:url\" content=\"https:\/\/www.africa-press.net\/senegal\/politique\/macky-sall-face-a-dame-mbodj-arrestation-demandee\" \/>\n<meta property=\"og:site_name\" content=\"Senegal\" \/>\n<meta property=\"article:published_time\" content=\"2025-10-25T12:10:00+00:00\" \/>\n<meta property=\"article:modified_time\" content=\"2025-10-26T02:15:00+00:00\" \/>\n<meta property=\"og:image\" content=\"https:\/\/static.africa-press.net\/senegal\/sites\/13\/2025\/10\/sm_1761473493.783115.jpg\" \/>\n\t<meta property=\"og:image:width\" content=\"1280\" \/>\n\t<meta property=\"og:image:height\" content=\"720\" \/>\n\t<meta property=\"og:image:type\" content=\"image\/jpeg\" \/>\n<meta name=\"author\" content=\"cfeditorfr\" \/>\n<meta name=\"twitter:card\" content=\"summary_large_image\" \/>\n<meta name=\"twitter:label1\" content=\"\u00c9crit par\" \/>\n\t<meta name=\"twitter:data1\" content=\"cfeditorfr\" \/>\n\t<meta name=\"twitter:label2\" content=\"Dur\u00e9e de lecture estim\u00e9e\" \/>\n\t<meta name=\"twitter:data2\" content=\"2 minutes\" \/>\n<script type=\"application\/ld+json\" class=\"yoast-schema-graph\">{\"@context\":\"https:\/\/schema.org\",\"@graph\":[{\"@type\":\"Article\",\"@id\":\"https:\/\/www.africa-press.net\/senegal\/politique\/macky-sall-face-a-dame-mbodj-arrestation-demandee#article\",\"isPartOf\":{\"@id\":\"https:\/\/www.africa-press.net\/senegal\/politique\/macky-sall-face-a-dame-mbodj-arrestation-demandee\"},\"author\":{\"name\":\"cfeditorfr\",\"@id\":\"https:\/\/www.africa-press.net\/senegal\/#\/schema\/person\/2b1cf3cd81a31e3cd26889ca66d677f1\"},\"headline\":\"Macky Sall Face \u00e0 Dame Mbodj: Arrestation Demand\u00e9e\",\"datePublished\":\"2025-10-25T12:10:00+00:00\",\"dateModified\":\"2025-10-26T02:15:00+00:00\",\"mainEntityOfPage\":{\"@id\":\"https:\/\/www.africa-press.net\/senegal\/politique\/macky-sall-face-a-dame-mbodj-arrestation-demandee\"},\"wordCount\":415,\"commentCount\":0,\"image\":{\"@id\":\"https:\/\/www.africa-press.net\/senegal\/politique\/macky-sall-face-a-dame-mbodj-arrestation-demandee#primaryimage\"},\"thumbnailUrl\":\"https:\/\/static.africa-press.net\/senegal\/sites\/13\/2025\/10\/sm_1761473493.783115.jpg\",\"keywords\":[\"Senegal\"],\"articleSection\":[\"Politique\",\"Toutes les actualit\u00e9s\"],\"inLanguage\":\"fr-FR\",\"potentialAction\":[{\"@type\":\"CommentAction\",\"name\":\"Comment\",\"target\":[\"https:\/\/www.africa-press.net\/senegal\/politique\/macky-sall-face-a-dame-mbodj-arrestation-demandee#respond\"]}]},{\"@type\":\"WebPage\",\"@id\":\"https:\/\/www.africa-press.net\/senegal\/politique\/macky-sall-face-a-dame-mbodj-arrestation-demandee\",\"url\":\"https:\/\/www.africa-press.net\/senegal\/politique\/macky-sall-face-a-dame-mbodj-arrestation-demandee\",\"name\":\"Macky Sall Face \u00e0 Dame Mbodj: Arrestation Demand\u00e9e - Senegal\",\"isPartOf\":{\"@id\":\"https:\/\/www.africa-press.net\/senegal\/#website\"},\"primaryImageOfPage\":{\"@id\":\"https:\/\/www.africa-press.net\/senegal\/politique\/macky-sall-face-a-dame-mbodj-arrestation-demandee#primaryimage\"},\"image\":{\"@id\":\"https:\/\/www.africa-press.net\/senegal\/politique\/macky-sall-face-a-dame-mbodj-arrestation-demandee#primaryimage\"},\"thumbnailUrl\":\"https:\/\/static.africa-press.net\/senegal\/sites\/13\/2025\/10\/sm_1761473493.783115.jpg\",\"datePublished\":\"2025-10-25T12:10:00+00:00\",\"dateModified\":\"2025-10-26T02:15:00+00:00\",\"author\":{\"@id\":\"https:\/\/www.africa-press.net\/senegal\/#\/schema\/person\/2b1cf3cd81a31e3cd26889ca66d677f1\"},\"description\":\"Dame Mbodj est monte\u0301 au cre\u0301neau pour exiger des mesures radicales contre l\u2019ancien pre\u0301sident Macky Sall et son parti. ...\",\"breadcrumb\":{\"@id\":\"https:\/\/www.africa-press.net\/senegal\/politique\/macky-sall-face-a-dame-mbodj-arrestation-demandee#breadcrumb\"},\"inLanguage\":\"fr-FR\",\"potentialAction\":[{\"@type\":\"ReadAction\",\"target\":[\"https:\/\/www.africa-press.net\/senegal\/politique\/macky-sall-face-a-dame-mbodj-arrestation-demandee\"]}]},{\"@type\":\"ImageObject\",\"inLanguage\":\"fr-FR\",\"@id\":\"https:\/\/www.africa-press.net\/senegal\/politique\/macky-sall-face-a-dame-mbodj-arrestation-demandee#primaryimage\",\"url\":\"https:\/\/static.africa-press.net\/senegal\/sites\/13\/2025\/10\/sm_1761473493.783115.jpg\",\"contentUrl\":\"https:\/\/static.africa-press.net\/senegal\/sites\/13\/2025\/10\/sm_1761473493.783115.jpg\",\"width\":1280,\"height\":720,\"caption\":\"Macky Sall Face \u00e0 Dame Mbodj: Arrestation Demand\u00e9e\"},{\"@type\":\"BreadcrumbList\",\"@id\":\"https:\/\/www.africa-press.net\/senegal\/politique\/macky-sall-face-a-dame-mbodj-arrestation-demandee#breadcrumb\",\"itemListElement\":[{\"@type\":\"ListItem\",\"position\":1,\"name\":\"Accueil\",\"item\":\"https:\/\/www.africa-press.net\/senegal\/\"},{\"@type\":\"ListItem\",\"position\":2,\"name\":\"Macky Sall Face \u00e0 Dame Mbodj: Arrestation Demand\u00e9e\"}]},{\"@type\":\"WebSite\",\"@id\":\"https:\/\/www.africa-press.net\/senegal\/#website\",\"url\":\"https:\/\/www.africa-press.net\/senegal\/\",\"name\":\"Africa Press | Senegal | Homepage\",\"description\":\"Just another Africa News Agency Sites site\",\"potentialAction\":[{\"@type\":\"SearchAction\",\"target\":{\"@type\":\"EntryPoint\",\"urlTemplate\":\"https:\/\/www.africa-press.net\/senegal\/?s={search_term_string}\"},\"query-input\":{\"@type\":\"PropertyValueSpecification\",\"valueRequired\":true,\"valueName\":\"search_term_string\"}}],\"inLanguage\":\"fr-FR\"},{\"@type\":\"Person\",\"@id\":\"https:\/\/www.africa-press.net\/senegal\/#\/schema\/person\/2b1cf3cd81a31e3cd26889ca66d677f1\",\"name\":\"cfeditorfr\",\"url\":\"https:\/\/www.africa-press.net\/senegal\/author\/cfeditorfr\"}]}<\/script>\n<!-- \/ Yoast SEO Premium plugin. -->","yoast_head_json":{"title":"Macky Sall Face \u00e0 Dame Mbodj: Arrestation Demand\u00e9e - Senegal","description":"Dame Mbodj est monte\u0301 au cre\u0301neau pour exiger des mesures radicales contre l\u2019ancien pre\u0301sident Macky Sall et son parti. ...","robots":{"index":"index","follow":"follow","max-snippet":"max-snippet:-1","max-image-preview":"max-image-preview:large","max-video-preview":"max-video-preview:-1"},"canonical":"https:\/\/www.africa-press.net\/senegal\/politique\/macky-sall-face-a-dame-mbodj-arrestation-demandee","og_locale":"fr_FR","og_type":"article","og_title":"Macky Sall Face \u00e0 Dame Mbodj: Arrestation Demand\u00e9e","og_description":"Dame Mbodj est monte\u0301 au cre\u0301neau pour exiger des mesures radicales contre l\u2019ancien pre\u0301sident Macky Sall et son parti. ...","og_url":"https:\/\/www.africa-press.net\/senegal\/politique\/macky-sall-face-a-dame-mbodj-arrestation-demandee","og_site_name":"Senegal","article_published_time":"2025-10-25T12:10:00+00:00","article_modified_time":"2025-10-26T02:15:00+00:00","og_image":[{"width":1280,"height":720,"url":"https:\/\/static.africa-press.net\/senegal\/sites\/13\/2025\/10\/sm_1761473493.783115.jpg","type":"image\/jpeg"}],"author":"cfeditorfr","twitter_card":"summary_large_image","twitter_misc":{"\u00c9crit par":"cfeditorfr","Dur\u00e9e de lecture estim\u00e9e":"2 minutes"},"schema":{"@context":"https:\/\/schema.org","@graph":[{"@type":"Article","@id":"https:\/\/www.africa-press.net\/senegal\/politique\/macky-sall-face-a-dame-mbodj-arrestation-demandee#article","isPartOf":{"@id":"https:\/\/www.africa-press.net\/senegal\/politique\/macky-sall-face-a-dame-mbodj-arrestation-demandee"},"author":{"name":"cfeditorfr","@id":"https:\/\/www.africa-press.net\/senegal\/#\/schema\/person\/2b1cf3cd81a31e3cd26889ca66d677f1"},"headline":"Macky Sall Face \u00e0 Dame Mbodj: Arrestation Demand\u00e9e","datePublished":"2025-10-25T12:10:00+00:00","dateModified":"2025-10-26T02:15:00+00:00","mainEntityOfPage":{"@id":"https:\/\/www.africa-press.net\/senegal\/politique\/macky-sall-face-a-dame-mbodj-arrestation-demandee"},"wordCount":415,"commentCount":0,"image":{"@id":"https:\/\/www.africa-press.net\/senegal\/politique\/macky-sall-face-a-dame-mbodj-arrestation-demandee#primaryimage"},"thumbnailUrl":"https:\/\/static.africa-press.net\/senegal\/sites\/13\/2025\/10\/sm_1761473493.783115.jpg","keywords":["Senegal"],"articleSection":["Politique","Toutes les actualit\u00e9s"],"inLanguage":"fr-FR","potentialAction":[{"@type":"CommentAction","name":"Comment","target":["https:\/\/www.africa-press.net\/senegal\/politique\/macky-sall-face-a-dame-mbodj-arrestation-demandee#respond"]}]},{"@type":"WebPage","@id":"https:\/\/www.africa-press.net\/senegal\/politique\/macky-sall-face-a-dame-mbodj-arrestation-demandee","url":"https:\/\/www.africa-press.net\/senegal\/politique\/macky-sall-face-a-dame-mbodj-arrestation-demandee","name":"Macky Sall Face \u00e0 Dame Mbodj: Arrestation Demand\u00e9e - Senegal","isPartOf":{"@id":"https:\/\/www.africa-press.net\/senegal\/#website"},"primaryImageOfPage":{"@id":"https:\/\/www.africa-press.net\/senegal\/politique\/macky-sall-face-a-dame-mbodj-arrestation-demandee#primaryimage"},"image":{"@id":"https:\/\/www.africa-press.net\/senegal\/politique\/macky-sall-face-a-dame-mbodj-arrestation-demandee#primaryimage"},"thumbnailUrl":"https:\/\/static.africa-press.net\/senegal\/sites\/13\/2025\/10\/sm_1761473493.783115.jpg","datePublished":"2025-10-25T12:10:00+00:00","dateModified":"2025-10-26T02:15:00+00:00","author":{"@id":"https:\/\/www.africa-press.net\/senegal\/#\/schema\/person\/2b1cf3cd81a31e3cd26889ca66d677f1"},"description":"Dame Mbodj est monte\u0301 au cre\u0301neau pour exiger des mesures radicales contre l\u2019ancien pre\u0301sident Macky Sall et son parti. ...","breadcrumb":{"@id":"https:\/\/www.africa-press.net\/senegal\/politique\/macky-sall-face-a-dame-mbodj-arrestation-demandee#breadcrumb"},"inLanguage":"fr-FR","potentialAction":[{"@type":"ReadAction","target":["https:\/\/www.africa-press.net\/senegal\/politique\/macky-sall-face-a-dame-mbodj-arrestation-demandee"]}]},{"@type":"ImageObject","inLanguage":"fr-FR","@id":"https:\/\/www.africa-press.net\/senegal\/politique\/macky-sall-face-a-dame-mbodj-arrestation-demandee#primaryimage","url":"https:\/\/static.africa-press.net\/senegal\/sites\/13\/2025\/10\/sm_1761473493.783115.jpg","contentUrl":"https:\/\/static.africa-press.net\/senegal\/sites\/13\/2025\/10\/sm_1761473493.783115.jpg","width":1280,"height":720,"caption":"Macky Sall Face \u00e0 Dame Mbodj: Arrestation Demand\u00e9e"},{"@type":"BreadcrumbList","@id":"https:\/\/www.africa-press.net\/senegal\/politique\/macky-sall-face-a-dame-mbodj-arrestation-demandee#breadcrumb","itemListElement":[{"@type":"ListItem","position":1,"name":"Accueil","item":"https:\/\/www.africa-press.net\/senegal\/"},{"@type":"ListItem","position":2,"name":"Macky Sall Face \u00e0 Dame Mbodj: Arrestation Demand\u00e9e"}]},{"@type":"WebSite","@id":"https:\/\/www.africa-press.net\/senegal\/#website","url":"https:\/\/www.africa-press.net\/senegal\/","name":"Africa Press | Senegal | Homepage","description":"Just another Africa News Agency Sites site","potentialAction":[{"@type":"SearchAction","target":{"@type":"EntryPoint","urlTemplate":"https:\/\/www.africa-press.net\/senegal\/?s={search_term_string}"},"query-input":{"@type":"PropertyValueSpecification","valueRequired":true,"valueName":"search_term_string"}}],"inLanguage":"fr-FR"},{"@type":"Person","@id":"https:\/\/www.africa-press.net\/senegal\/#\/schema\/person\/2b1cf3cd81a31e3cd26889ca66d677f1","name":"cfeditorfr","url":"https:\/\/www.africa-press.net\/senegal\/author\/cfeditorfr"}]}},"_links":{"self":[{"href":"https:\/\/www.africa-press.net\/senegal\/wp-json\/wp\/v2\/posts\/71991","targetHints":{"allow":["GET"]}}],"collection":[{"href":"https:\/\/www.africa-press.net\/senegal\/wp-json\/wp\/v2\/posts"}],"about":[{"href":"https:\/\/www.africa-press.net\/senegal\/wp-json\/wp\/v2\/types\/post"}],"author":[{"embeddable":true,"href":"https:\/\/www.africa-press.net\/senegal\/wp-json\/wp\/v2\/users\/82"}],"replies":[{"embeddable":true,"href":"https:\/\/www.africa-press.net\/senegal\/wp-json\/wp\/v2\/comments?post=71991"}],"version-history":[{"count":0,"href":"https:\/\/www.africa-press.net\/senegal\/wp-json\/wp\/v2\/posts\/71991\/revisions"}],"wp:featuredmedia":[{"embeddable":true,"href":"https:\/\/www.africa-press.net\/senegal\/wp-json\/wp\/v2\/media\/71990"}],"wp:attachment":[{"href":"https:\/\/www.africa-press.net\/senegal\/wp-json\/wp\/v2\/media?parent=71991"}],"wp:term":[{"taxonomy":"category","embeddable":true,"href":"https:\/\/www.africa-press.net\/senegal\/wp-json\/wp\/v2\/categories?post=71991"},{"taxonomy":"post_tag","embeddable":true,"href":"https:\/\/www.africa-press.net\/senegal\/wp-json\/wp\/v2\/tags?post=71991"}],"curies":[{"name":"wp","href":"https:\/\/api.w.org\/{rel}","templated":true}]}}