{"id":72161,"date":"2025-10-30T14:00:00","date_gmt":"2025-10-30T14:00:00","guid":{"rendered":"https:\/\/www.africa-press.net\/senegal\/politique\/diomaye-sonko-sagna-parle-de-divergences-et-transition"},"modified":"2025-10-30T17:43:50","modified_gmt":"2025-10-30T17:43:50","slug":"diomaye-sonko-sagna-parle-de-divergences-et-transition","status":"publish","type":"post","link":"https:\/\/www.africa-press.net\/senegal\/politique\/diomaye-sonko-sagna-parle-de-divergences-et-transition","title":{"rendered":"Diomaye Sonko: Sagna Parle de Divergences et Transition"},"content":{"rendered":"<p><span style=\"color: #ff6600\"><strong>Africa-Press &#8211; Senegal. <\/strong><\/span>Invite\u0301 sur le plateau de Walfadjri, le de\u0301pute\u0301 et activiste Guy Marius Sagna a commente\u0301 les rumeurs de tensions entre le pre\u0301sident Bassirou Diomaye Faye et le Premier ministre Ousmane Sonko. Pour lui, cette situation n\u2019a rien de surprenant.<\/p>\n<p>\u00ab La divergence existe partout, me\u0302me entre des fre\u0300res de me\u0302me pe\u0300re et de me\u0302me me\u0300re, entre des jumeaux ou entre des fre\u0300res dans la religion. C\u2019est tout a\u0300 fait normal \u00bb, a-t-il relativise\u0301. Selon lui, les de\u0301saccords font partie du fonctionnement de toute organisation: \u00ab La me\u0302me chose se retrouve dans les ministe\u0300res, entre directeurs, ou me\u0302me entre patriotes \u00bb, a-t-il ajoute\u0301.<\/p>\n<p><b>La proposition d\u2019une \u00ab pre\u0301sidence de transition \u00bb<\/b><\/p>\n<p>Revenant sur la pe\u0301riode pre\u0301ce\u0301dant l\u2019e\u0301lection pre\u0301sidentielle, Guy Marius Sagna a re\u0301ve\u0301le\u0301 avoir propose\u0301 une solution de gouvernance temporaire au cas ou\u0300 Ousmane Sonko n&rsquo;aurait pas pu e\u0302tre candidat.<\/p>\n<p>\u00ab J\u2019avais mis sur la table que les candidats qui devaient se substituer a\u0300 Sonko ne devraient pas rester plus de six mois sans re\u0301gler les urgences du moment, et que leur mandat ne de\u0301passe pas un an et demi. Pendant ce temps, l\u2019e\u0301lu aurait du\u0302 corriger toutes les magouilles qui empe\u0302chent Sonko d\u2019e\u0302tre candidat, afin d\u2019organiser des e\u0301lections pre\u0301sidentielles, le\u0301gislatives et locales combine\u0301es \u00bb, a-t-il explique\u0301.<\/p>\n<p>Selon le de\u0301pute\u0301, cette ide\u0301e n\u2019avait pas e\u0301te\u0301 bien accueillie. \u00ab J\u2019ai e\u0301te\u0301 mis en minorite\u0301 en disant cela, mais aujourd\u2019hui, on se rend compte que des proble\u0300mes ne pouvaient que surgir. Diomaye devait e\u0302tre un pre\u0301sident de transition \u00bb, a-t-il insiste\u0301.<\/p>\n<p>Le parlementaire estime que de \u00ab mauvaises langues \u00bb ont contribue\u0301 a\u0300 nourrir la me\u0301fiance entre les deux hommes. \u00ab Certains ont dit a\u0300 Diomaye que Dieu l\u2019a e\u0301lu pre\u0301sident par l\u2019interme\u0301diaire de Sonko, pendant que d\u2019autres disaient a\u0300 Sonko que c\u2019est lui qu\u2019on a e\u0301lu via Diomaye \u00bb, s\u2019est de\u0301sole\u0301 l\u2019activiste.<\/p>\n<p>Malgre\u0301 ces tensions suppose\u0301es, Guy Marius Sagna appelle a\u0300 l\u2019unite\u0301 et a\u0300 la cohe\u0301sion au sein du camp patriotique.<\/p>\n<p>\u00ab Comme ce n\u2019e\u0301tait pas clair de\u0300s le de\u0301part qu\u2019il s\u2019agissait d\u2019une pre\u0301sidence de transition, ils doivent comprendre qu\u2019ils sont condamne\u0301s a\u0300 rester ensemble pour la dure\u0301e de leur mission. La re\u0301volution n\u2019est pas la re\u0301forme, mais un changement radical, et Sonko l\u2019avait annonce\u0301e. Tout le monde doit se soumettre a\u0300 cet ide\u0301al et travailler a\u0300 consolider le tandem. Posons les proble\u0300mes dans le parti et re\u0301glons-les ensemble \u00bb, a-t-il conclu.<\/p>\n<p><strong>Pour plus d&rsquo;informations et d&rsquo;analyses sur la <span style=\"color: #ff6600\">Senegal<\/span>, suivez <span style=\"color: #ff6600\">Africa-Press<\/span><\/strong><\/p>\n","protected":false},"excerpt":{"rendered":"<p>Africa-Press &#8211; Senegal. Invite\u0301 sur le plateau de Walfadjri, le de\u0301pute\u0301 et activiste Guy Marius Sagna a commente\u0301 les rumeurs de tensions entre le pre\u0301sident Bassirou Diomaye Faye et le Premier ministre Ousmane Sonko. Pour lui, cette situation n\u2019a rien de surprenant. \u00ab La divergence existe partout, me\u0302me entre des fre\u0300res de me\u0302me pe\u0300re et [&hellip;]<\/p>\n","protected":false},"author":82,"featured_media":72160,"comment_status":"open","ping_status":"closed","sticky":false,"template":"","format":"standard","meta":{"footnotes":""},"categories":[2,20,10],"tags":[44],"class_list":["post-72161","post","type-post","status-publish","format-standard","has-post-thumbnail","hentry","category-politique","category-top-nouvelles","category-toutes-les-actualites","tag-senegal-2"],"yoast_head":"<!-- This site is optimized with the Yoast SEO Premium plugin v26.1 (Yoast SEO v27.0) - https:\/\/yoast.com\/product\/yoast-seo-premium-wordpress\/ -->\n<title>Diomaye Sonko: Sagna Parle de Divergences et Transition - Senegal<\/title>\n<meta name=\"description\" content=\"Invite\u0301 sur le plateau de Walfadjri, le de\u0301pute\u0301 et activiste Guy Marius Sagna a commente\u0301 les rumeurs de tensions entre ...\" \/>\n<meta name=\"robots\" content=\"index, follow, max-snippet:-1, max-image-preview:large, max-video-preview:-1\" \/>\n<link rel=\"canonical\" href=\"https:\/\/www.africa-press.net\/senegal\/politique\/diomaye-sonko-sagna-parle-de-divergences-et-transition\" \/>\n<meta property=\"og:locale\" content=\"fr_FR\" \/>\n<meta property=\"og:type\" content=\"article\" \/>\n<meta property=\"og:title\" content=\"Diomaye Sonko: Sagna Parle de Divergences et Transition\" \/>\n<meta property=\"og:description\" content=\"Invite\u0301 sur le plateau de Walfadjri, le de\u0301pute\u0301 et activiste Guy Marius Sagna a commente\u0301 les rumeurs de tensions entre ...\" \/>\n<meta property=\"og:url\" content=\"https:\/\/www.africa-press.net\/senegal\/politique\/diomaye-sonko-sagna-parle-de-divergences-et-transition\" \/>\n<meta property=\"og:site_name\" content=\"Senegal\" \/>\n<meta property=\"article:published_time\" content=\"2025-10-30T14:00:00+00:00\" \/>\n<meta property=\"article:modified_time\" content=\"2025-10-30T17:43:50+00:00\" \/>\n<meta property=\"og:image\" content=\"https:\/\/static.africa-press.net\/senegal\/sites\/13\/2025\/10\/sm_1761874985.338888.jpg\" \/>\n\t<meta property=\"og:image:width\" content=\"1280\" \/>\n\t<meta property=\"og:image:height\" content=\"720\" \/>\n\t<meta property=\"og:image:type\" content=\"image\/jpeg\" \/>\n<meta name=\"author\" content=\"cfeditorfr\" \/>\n<meta name=\"twitter:card\" content=\"summary_large_image\" \/>\n<meta name=\"twitter:label1\" content=\"\u00c9crit par\" \/>\n\t<meta name=\"twitter:data1\" content=\"cfeditorfr\" \/>\n\t<meta name=\"twitter:label2\" content=\"Dur\u00e9e de lecture estim\u00e9e\" \/>\n\t<meta name=\"twitter:data2\" content=\"3 minutes\" \/>\n<script type=\"application\/ld+json\" class=\"yoast-schema-graph\">{\"@context\":\"https:\/\/schema.org\",\"@graph\":[{\"@type\":\"Article\",\"@id\":\"https:\/\/www.africa-press.net\/senegal\/politique\/diomaye-sonko-sagna-parle-de-divergences-et-transition#article\",\"isPartOf\":{\"@id\":\"https:\/\/www.africa-press.net\/senegal\/politique\/diomaye-sonko-sagna-parle-de-divergences-et-transition\"},\"author\":{\"name\":\"cfeditorfr\",\"@id\":\"https:\/\/www.africa-press.net\/senegal\/#\/schema\/person\/2b1cf3cd81a31e3cd26889ca66d677f1\"},\"headline\":\"Diomaye Sonko: Sagna Parle de Divergences et Transition\",\"datePublished\":\"2025-10-30T14:00:00+00:00\",\"dateModified\":\"2025-10-30T17:43:50+00:00\",\"mainEntityOfPage\":{\"@id\":\"https:\/\/www.africa-press.net\/senegal\/politique\/diomaye-sonko-sagna-parle-de-divergences-et-transition\"},\"wordCount\":482,\"commentCount\":0,\"image\":{\"@id\":\"https:\/\/www.africa-press.net\/senegal\/politique\/diomaye-sonko-sagna-parle-de-divergences-et-transition#primaryimage\"},\"thumbnailUrl\":\"https:\/\/static.africa-press.net\/senegal\/sites\/13\/2025\/10\/sm_1761874985.338888.jpg\",\"keywords\":[\"Senegal\"],\"articleSection\":[\"Politique\",\"Top Nouvelles\",\"Toutes les actualit\u00e9s\"],\"inLanguage\":\"fr-FR\",\"potentialAction\":[{\"@type\":\"CommentAction\",\"name\":\"Comment\",\"target\":[\"https:\/\/www.africa-press.net\/senegal\/politique\/diomaye-sonko-sagna-parle-de-divergences-et-transition#respond\"]}]},{\"@type\":\"WebPage\",\"@id\":\"https:\/\/www.africa-press.net\/senegal\/politique\/diomaye-sonko-sagna-parle-de-divergences-et-transition\",\"url\":\"https:\/\/www.africa-press.net\/senegal\/politique\/diomaye-sonko-sagna-parle-de-divergences-et-transition\",\"name\":\"Diomaye Sonko: Sagna Parle de Divergences et Transition - Senegal\",\"isPartOf\":{\"@id\":\"https:\/\/www.africa-press.net\/senegal\/#website\"},\"primaryImageOfPage\":{\"@id\":\"https:\/\/www.africa-press.net\/senegal\/politique\/diomaye-sonko-sagna-parle-de-divergences-et-transition#primaryimage\"},\"image\":{\"@id\":\"https:\/\/www.africa-press.net\/senegal\/politique\/diomaye-sonko-sagna-parle-de-divergences-et-transition#primaryimage\"},\"thumbnailUrl\":\"https:\/\/static.africa-press.net\/senegal\/sites\/13\/2025\/10\/sm_1761874985.338888.jpg\",\"datePublished\":\"2025-10-30T14:00:00+00:00\",\"dateModified\":\"2025-10-30T17:43:50+00:00\",\"author\":{\"@id\":\"https:\/\/www.africa-press.net\/senegal\/#\/schema\/person\/2b1cf3cd81a31e3cd26889ca66d677f1\"},\"description\":\"Invite\u0301 sur le plateau de Walfadjri, le de\u0301pute\u0301 et activiste Guy Marius Sagna a commente\u0301 les rumeurs de tensions entre ...\",\"breadcrumb\":{\"@id\":\"https:\/\/www.africa-press.net\/senegal\/politique\/diomaye-sonko-sagna-parle-de-divergences-et-transition#breadcrumb\"},\"inLanguage\":\"fr-FR\",\"potentialAction\":[{\"@type\":\"ReadAction\",\"target\":[\"https:\/\/www.africa-press.net\/senegal\/politique\/diomaye-sonko-sagna-parle-de-divergences-et-transition\"]}]},{\"@type\":\"ImageObject\",\"inLanguage\":\"fr-FR\",\"@id\":\"https:\/\/www.africa-press.net\/senegal\/politique\/diomaye-sonko-sagna-parle-de-divergences-et-transition#primaryimage\",\"url\":\"https:\/\/static.africa-press.net\/senegal\/sites\/13\/2025\/10\/sm_1761874985.338888.jpg\",\"contentUrl\":\"https:\/\/static.africa-press.net\/senegal\/sites\/13\/2025\/10\/sm_1761874985.338888.jpg\",\"width\":1280,\"height\":720,\"caption\":\"Diomaye Sonko: Sagna Parle de Divergences et Transition\"},{\"@type\":\"BreadcrumbList\",\"@id\":\"https:\/\/www.africa-press.net\/senegal\/politique\/diomaye-sonko-sagna-parle-de-divergences-et-transition#breadcrumb\",\"itemListElement\":[{\"@type\":\"ListItem\",\"position\":1,\"name\":\"Accueil\",\"item\":\"https:\/\/www.africa-press.net\/senegal\/\"},{\"@type\":\"ListItem\",\"position\":2,\"name\":\"Diomaye Sonko: Sagna Parle de Divergences et Transition\"}]},{\"@type\":\"WebSite\",\"@id\":\"https:\/\/www.africa-press.net\/senegal\/#website\",\"url\":\"https:\/\/www.africa-press.net\/senegal\/\",\"name\":\"Africa Press | Senegal | Homepage\",\"description\":\"Just another Africa News Agency Sites site\",\"potentialAction\":[{\"@type\":\"SearchAction\",\"target\":{\"@type\":\"EntryPoint\",\"urlTemplate\":\"https:\/\/www.africa-press.net\/senegal\/?s={search_term_string}\"},\"query-input\":{\"@type\":\"PropertyValueSpecification\",\"valueRequired\":true,\"valueName\":\"search_term_string\"}}],\"inLanguage\":\"fr-FR\"},{\"@type\":\"Person\",\"@id\":\"https:\/\/www.africa-press.net\/senegal\/#\/schema\/person\/2b1cf3cd81a31e3cd26889ca66d677f1\",\"name\":\"cfeditorfr\",\"url\":\"https:\/\/www.africa-press.net\/senegal\/author\/cfeditorfr\"}]}<\/script>\n<!-- \/ Yoast SEO Premium plugin. -->","yoast_head_json":{"title":"Diomaye Sonko: Sagna Parle de Divergences et Transition - Senegal","description":"Invite\u0301 sur le plateau de Walfadjri, le de\u0301pute\u0301 et activiste Guy Marius Sagna a commente\u0301 les rumeurs de tensions entre ...","robots":{"index":"index","follow":"follow","max-snippet":"max-snippet:-1","max-image-preview":"max-image-preview:large","max-video-preview":"max-video-preview:-1"},"canonical":"https:\/\/www.africa-press.net\/senegal\/politique\/diomaye-sonko-sagna-parle-de-divergences-et-transition","og_locale":"fr_FR","og_type":"article","og_title":"Diomaye Sonko: Sagna Parle de Divergences et Transition","og_description":"Invite\u0301 sur le plateau de Walfadjri, le de\u0301pute\u0301 et activiste Guy Marius Sagna a commente\u0301 les rumeurs de tensions entre ...","og_url":"https:\/\/www.africa-press.net\/senegal\/politique\/diomaye-sonko-sagna-parle-de-divergences-et-transition","og_site_name":"Senegal","article_published_time":"2025-10-30T14:00:00+00:00","article_modified_time":"2025-10-30T17:43:50+00:00","og_image":[{"width":1280,"height":720,"url":"https:\/\/static.africa-press.net\/senegal\/sites\/13\/2025\/10\/sm_1761874985.338888.jpg","type":"image\/jpeg"}],"author":"cfeditorfr","twitter_card":"summary_large_image","twitter_misc":{"\u00c9crit par":"cfeditorfr","Dur\u00e9e de lecture estim\u00e9e":"3 minutes"},"schema":{"@context":"https:\/\/schema.org","@graph":[{"@type":"Article","@id":"https:\/\/www.africa-press.net\/senegal\/politique\/diomaye-sonko-sagna-parle-de-divergences-et-transition#article","isPartOf":{"@id":"https:\/\/www.africa-press.net\/senegal\/politique\/diomaye-sonko-sagna-parle-de-divergences-et-transition"},"author":{"name":"cfeditorfr","@id":"https:\/\/www.africa-press.net\/senegal\/#\/schema\/person\/2b1cf3cd81a31e3cd26889ca66d677f1"},"headline":"Diomaye Sonko: Sagna Parle de Divergences et Transition","datePublished":"2025-10-30T14:00:00+00:00","dateModified":"2025-10-30T17:43:50+00:00","mainEntityOfPage":{"@id":"https:\/\/www.africa-press.net\/senegal\/politique\/diomaye-sonko-sagna-parle-de-divergences-et-transition"},"wordCount":482,"commentCount":0,"image":{"@id":"https:\/\/www.africa-press.net\/senegal\/politique\/diomaye-sonko-sagna-parle-de-divergences-et-transition#primaryimage"},"thumbnailUrl":"https:\/\/static.africa-press.net\/senegal\/sites\/13\/2025\/10\/sm_1761874985.338888.jpg","keywords":["Senegal"],"articleSection":["Politique","Top Nouvelles","Toutes les actualit\u00e9s"],"inLanguage":"fr-FR","potentialAction":[{"@type":"CommentAction","name":"Comment","target":["https:\/\/www.africa-press.net\/senegal\/politique\/diomaye-sonko-sagna-parle-de-divergences-et-transition#respond"]}]},{"@type":"WebPage","@id":"https:\/\/www.africa-press.net\/senegal\/politique\/diomaye-sonko-sagna-parle-de-divergences-et-transition","url":"https:\/\/www.africa-press.net\/senegal\/politique\/diomaye-sonko-sagna-parle-de-divergences-et-transition","name":"Diomaye Sonko: Sagna Parle de Divergences et Transition - Senegal","isPartOf":{"@id":"https:\/\/www.africa-press.net\/senegal\/#website"},"primaryImageOfPage":{"@id":"https:\/\/www.africa-press.net\/senegal\/politique\/diomaye-sonko-sagna-parle-de-divergences-et-transition#primaryimage"},"image":{"@id":"https:\/\/www.africa-press.net\/senegal\/politique\/diomaye-sonko-sagna-parle-de-divergences-et-transition#primaryimage"},"thumbnailUrl":"https:\/\/static.africa-press.net\/senegal\/sites\/13\/2025\/10\/sm_1761874985.338888.jpg","datePublished":"2025-10-30T14:00:00+00:00","dateModified":"2025-10-30T17:43:50+00:00","author":{"@id":"https:\/\/www.africa-press.net\/senegal\/#\/schema\/person\/2b1cf3cd81a31e3cd26889ca66d677f1"},"description":"Invite\u0301 sur le plateau de Walfadjri, le de\u0301pute\u0301 et activiste Guy Marius Sagna a commente\u0301 les rumeurs de tensions entre ...","breadcrumb":{"@id":"https:\/\/www.africa-press.net\/senegal\/politique\/diomaye-sonko-sagna-parle-de-divergences-et-transition#breadcrumb"},"inLanguage":"fr-FR","potentialAction":[{"@type":"ReadAction","target":["https:\/\/www.africa-press.net\/senegal\/politique\/diomaye-sonko-sagna-parle-de-divergences-et-transition"]}]},{"@type":"ImageObject","inLanguage":"fr-FR","@id":"https:\/\/www.africa-press.net\/senegal\/politique\/diomaye-sonko-sagna-parle-de-divergences-et-transition#primaryimage","url":"https:\/\/static.africa-press.net\/senegal\/sites\/13\/2025\/10\/sm_1761874985.338888.jpg","contentUrl":"https:\/\/static.africa-press.net\/senegal\/sites\/13\/2025\/10\/sm_1761874985.338888.jpg","width":1280,"height":720,"caption":"Diomaye Sonko: Sagna Parle de Divergences et Transition"},{"@type":"BreadcrumbList","@id":"https:\/\/www.africa-press.net\/senegal\/politique\/diomaye-sonko-sagna-parle-de-divergences-et-transition#breadcrumb","itemListElement":[{"@type":"ListItem","position":1,"name":"Accueil","item":"https:\/\/www.africa-press.net\/senegal\/"},{"@type":"ListItem","position":2,"name":"Diomaye Sonko: Sagna Parle de Divergences et Transition"}]},{"@type":"WebSite","@id":"https:\/\/www.africa-press.net\/senegal\/#website","url":"https:\/\/www.africa-press.net\/senegal\/","name":"Africa Press | Senegal | Homepage","description":"Just another Africa News Agency Sites site","potentialAction":[{"@type":"SearchAction","target":{"@type":"EntryPoint","urlTemplate":"https:\/\/www.africa-press.net\/senegal\/?s={search_term_string}"},"query-input":{"@type":"PropertyValueSpecification","valueRequired":true,"valueName":"search_term_string"}}],"inLanguage":"fr-FR"},{"@type":"Person","@id":"https:\/\/www.africa-press.net\/senegal\/#\/schema\/person\/2b1cf3cd81a31e3cd26889ca66d677f1","name":"cfeditorfr","url":"https:\/\/www.africa-press.net\/senegal\/author\/cfeditorfr"}]}},"_links":{"self":[{"href":"https:\/\/www.africa-press.net\/senegal\/wp-json\/wp\/v2\/posts\/72161","targetHints":{"allow":["GET"]}}],"collection":[{"href":"https:\/\/www.africa-press.net\/senegal\/wp-json\/wp\/v2\/posts"}],"about":[{"href":"https:\/\/www.africa-press.net\/senegal\/wp-json\/wp\/v2\/types\/post"}],"author":[{"embeddable":true,"href":"https:\/\/www.africa-press.net\/senegal\/wp-json\/wp\/v2\/users\/82"}],"replies":[{"embeddable":true,"href":"https:\/\/www.africa-press.net\/senegal\/wp-json\/wp\/v2\/comments?post=72161"}],"version-history":[{"count":0,"href":"https:\/\/www.africa-press.net\/senegal\/wp-json\/wp\/v2\/posts\/72161\/revisions"}],"wp:featuredmedia":[{"embeddable":true,"href":"https:\/\/www.africa-press.net\/senegal\/wp-json\/wp\/v2\/media\/72160"}],"wp:attachment":[{"href":"https:\/\/www.africa-press.net\/senegal\/wp-json\/wp\/v2\/media?parent=72161"}],"wp:term":[{"taxonomy":"category","embeddable":true,"href":"https:\/\/www.africa-press.net\/senegal\/wp-json\/wp\/v2\/categories?post=72161"},{"taxonomy":"post_tag","embeddable":true,"href":"https:\/\/www.africa-press.net\/senegal\/wp-json\/wp\/v2\/tags?post=72161"}],"curies":[{"name":"wp","href":"https:\/\/api.w.org\/{rel}","templated":true}]}}