{"id":72163,"date":"2025-10-30T13:45:00","date_gmt":"2025-10-30T13:45:00","guid":{"rendered":"https:\/\/www.africa-press.net\/senegal\/politique\/achat-davions-sagna-denonce-les-medias-neocoloniaux"},"modified":"2025-10-30T17:44:18","modified_gmt":"2025-10-30T17:44:18","slug":"achat-davions-sagna-denonce-les-medias-neocoloniaux","status":"publish","type":"post","link":"https:\/\/www.africa-press.net\/senegal\/politique\/achat-davions-sagna-denonce-les-medias-neocoloniaux","title":{"rendered":"Achat D&rsquo;Avions: Sagna D\u00e9nonce les M\u00e9dias N\u00e9ocoloniaux"},"content":{"rendered":"<p><span style=\"color: #ff6600\"><strong>Africa-Press &#8211; Senegal. <\/strong><\/span>Dans une re\u0301cente publication, Guy Marius Sagna a de\u0301nonce\u0301 l\u2019acquisition, par l\u2019ancien ministre Doudou Ka, de cinq avions de moins de 20 places, au prix de 5 milliards de francs CFA l\u2019unite\u0301. Selon lui, cette ope\u0301ration pourrait constituer un de\u0301tournement pre\u0301sume\u0301 de fonds publics, notamment a\u0300 travers une surfacturation. L\u2019Assemble\u0301e nationale devrait e\u0302tre saisie pour examiner ce dossier.<\/p>\n<p>Sagna e\u0301voque e\u0301galement le de\u0301part pre\u0301cipite\u0301 de l\u2019ancien ministre, qu\u2019il interpre\u0300te comme une fuite face a\u0300 de possibles poursuites. Il estime que d\u2019autres responsables politiques pourraient e\u0302tre implique\u0301s dans des pratiques similaires.<\/p>\n<p>Par ailleurs, il critique une partie de la presse se\u0301ne\u0301galaise, qu\u2019il accuse d\u2019e\u0302tre au service de certains responsables politiques en fuite, voire de devenir des \u00ab auxiliaires ne\u0301ocoloniaux \u00bb.<\/p>\n<p>Selon lui, certains me\u0301dias et journalistes auraient abandonne\u0301 leur mission d\u2019information pour servir des inte\u0301re\u0302ts exte\u0301rieurs, relanc\u0327ant le de\u0301bat sur l\u2019inde\u0301pendance des me\u0301dias au Se\u0301ne\u0301gal.<\/p>\n<p>Cette prise de position de Guy Marius Sagna soule\u0300ve des questions sur la transparence dans la gestion des fonds publics et sur le ro\u0302le des me\u0301dias dans le contro\u0302le de\u0301mocratique et la de\u0301fense de l\u2019inte\u0301re\u0302t national.<\/p>\n<p><strong>Pour plus d&rsquo;informations et d&rsquo;analyses sur la <span style=\"color: #ff6600\">Senegal<\/span>, suivez <span style=\"color: #ff6600\">Africa-Press<\/span><\/strong><\/p>\n","protected":false},"excerpt":{"rendered":"<p>Africa-Press &#8211; Senegal. Dans une re\u0301cente publication, Guy Marius Sagna a de\u0301nonce\u0301 l\u2019acquisition, par l\u2019ancien ministre Doudou Ka, de cinq avions de moins de 20 places, au prix de 5 milliards de francs CFA l\u2019unite\u0301. Selon lui, cette ope\u0301ration pourrait constituer un de\u0301tournement pre\u0301sume\u0301 de fonds publics, notamment a\u0300 travers une surfacturation. L\u2019Assemble\u0301e nationale devrait [&hellip;]<\/p>\n","protected":false},"author":82,"featured_media":72162,"comment_status":"open","ping_status":"closed","sticky":false,"template":"","format":"standard","meta":{"footnotes":""},"categories":[2,20,10],"tags":[44],"class_list":["post-72163","post","type-post","status-publish","format-standard","has-post-thumbnail","hentry","category-politique","category-top-nouvelles","category-toutes-les-actualites","tag-senegal-2"],"yoast_head":"<!-- This site is optimized with the Yoast SEO Premium plugin v26.1 (Yoast SEO v27.0) - https:\/\/yoast.com\/product\/yoast-seo-premium-wordpress\/ -->\n<title>Achat D&#039;Avions: Sagna D\u00e9nonce les M\u00e9dias N\u00e9ocoloniaux - Senegal<\/title>\n<meta name=\"description\" content=\"Dans une re\u0301cente publication, Guy Marius Sagna a de\u0301nonce\u0301 l\u2019acquisition, par l\u2019ancien ministre Doudou Ka, de cinq avio ...\" \/>\n<meta name=\"robots\" content=\"index, follow, max-snippet:-1, max-image-preview:large, max-video-preview:-1\" \/>\n<link rel=\"canonical\" href=\"https:\/\/www.africa-press.net\/senegal\/politique\/achat-davions-sagna-denonce-les-medias-neocoloniaux\" \/>\n<meta property=\"og:locale\" content=\"fr_FR\" \/>\n<meta property=\"og:type\" content=\"article\" \/>\n<meta property=\"og:title\" content=\"Achat D&#039;Avions: Sagna D\u00e9nonce les M\u00e9dias N\u00e9ocoloniaux\" \/>\n<meta property=\"og:description\" content=\"Dans une re\u0301cente publication, Guy Marius Sagna a de\u0301nonce\u0301 l\u2019acquisition, par l\u2019ancien ministre Doudou Ka, de cinq avio ...\" \/>\n<meta property=\"og:url\" content=\"https:\/\/www.africa-press.net\/senegal\/politique\/achat-davions-sagna-denonce-les-medias-neocoloniaux\" \/>\n<meta property=\"og:site_name\" content=\"Senegal\" \/>\n<meta property=\"article:published_time\" content=\"2025-10-30T13:45:00+00:00\" \/>\n<meta property=\"article:modified_time\" content=\"2025-10-30T17:44:18+00:00\" \/>\n<meta property=\"og:image\" content=\"https:\/\/static.africa-press.net\/senegal\/sites\/13\/2025\/10\/sm_1761875008.420056.jpg\" \/>\n\t<meta property=\"og:image:width\" content=\"1280\" \/>\n\t<meta property=\"og:image:height\" content=\"720\" \/>\n\t<meta property=\"og:image:type\" content=\"image\/jpeg\" \/>\n<meta name=\"author\" content=\"cfeditorfr\" \/>\n<meta name=\"twitter:card\" content=\"summary_large_image\" \/>\n<meta name=\"twitter:label1\" content=\"\u00c9crit par\" \/>\n\t<meta name=\"twitter:data1\" content=\"cfeditorfr\" \/>\n\t<meta name=\"twitter:label2\" content=\"Dur\u00e9e de lecture estim\u00e9e\" \/>\n\t<meta name=\"twitter:data2\" content=\"1 minute\" \/>\n<script type=\"application\/ld+json\" class=\"yoast-schema-graph\">{\"@context\":\"https:\/\/schema.org\",\"@graph\":[{\"@type\":\"Article\",\"@id\":\"https:\/\/www.africa-press.net\/senegal\/politique\/achat-davions-sagna-denonce-les-medias-neocoloniaux#article\",\"isPartOf\":{\"@id\":\"https:\/\/www.africa-press.net\/senegal\/politique\/achat-davions-sagna-denonce-les-medias-neocoloniaux\"},\"author\":{\"name\":\"cfeditorfr\",\"@id\":\"https:\/\/www.africa-press.net\/senegal\/#\/schema\/person\/2b1cf3cd81a31e3cd26889ca66d677f1\"},\"headline\":\"Achat D&rsquo;Avions: Sagna D\u00e9nonce les M\u00e9dias N\u00e9ocoloniaux\",\"datePublished\":\"2025-10-30T13:45:00+00:00\",\"dateModified\":\"2025-10-30T17:44:18+00:00\",\"mainEntityOfPage\":{\"@id\":\"https:\/\/www.africa-press.net\/senegal\/politique\/achat-davions-sagna-denonce-les-medias-neocoloniaux\"},\"wordCount\":250,\"commentCount\":0,\"image\":{\"@id\":\"https:\/\/www.africa-press.net\/senegal\/politique\/achat-davions-sagna-denonce-les-medias-neocoloniaux#primaryimage\"},\"thumbnailUrl\":\"https:\/\/static.africa-press.net\/senegal\/sites\/13\/2025\/10\/sm_1761875008.420056.jpg\",\"keywords\":[\"Senegal\"],\"articleSection\":[\"Politique\",\"Top Nouvelles\",\"Toutes les actualit\u00e9s\"],\"inLanguage\":\"fr-FR\",\"potentialAction\":[{\"@type\":\"CommentAction\",\"name\":\"Comment\",\"target\":[\"https:\/\/www.africa-press.net\/senegal\/politique\/achat-davions-sagna-denonce-les-medias-neocoloniaux#respond\"]}]},{\"@type\":\"WebPage\",\"@id\":\"https:\/\/www.africa-press.net\/senegal\/politique\/achat-davions-sagna-denonce-les-medias-neocoloniaux\",\"url\":\"https:\/\/www.africa-press.net\/senegal\/politique\/achat-davions-sagna-denonce-les-medias-neocoloniaux\",\"name\":\"Achat D'Avions: Sagna D\u00e9nonce les M\u00e9dias N\u00e9ocoloniaux - Senegal\",\"isPartOf\":{\"@id\":\"https:\/\/www.africa-press.net\/senegal\/#website\"},\"primaryImageOfPage\":{\"@id\":\"https:\/\/www.africa-press.net\/senegal\/politique\/achat-davions-sagna-denonce-les-medias-neocoloniaux#primaryimage\"},\"image\":{\"@id\":\"https:\/\/www.africa-press.net\/senegal\/politique\/achat-davions-sagna-denonce-les-medias-neocoloniaux#primaryimage\"},\"thumbnailUrl\":\"https:\/\/static.africa-press.net\/senegal\/sites\/13\/2025\/10\/sm_1761875008.420056.jpg\",\"datePublished\":\"2025-10-30T13:45:00+00:00\",\"dateModified\":\"2025-10-30T17:44:18+00:00\",\"author\":{\"@id\":\"https:\/\/www.africa-press.net\/senegal\/#\/schema\/person\/2b1cf3cd81a31e3cd26889ca66d677f1\"},\"description\":\"Dans une re\u0301cente publication, Guy Marius Sagna a de\u0301nonce\u0301 l\u2019acquisition, par l\u2019ancien ministre Doudou Ka, de cinq avio ...\",\"breadcrumb\":{\"@id\":\"https:\/\/www.africa-press.net\/senegal\/politique\/achat-davions-sagna-denonce-les-medias-neocoloniaux#breadcrumb\"},\"inLanguage\":\"fr-FR\",\"potentialAction\":[{\"@type\":\"ReadAction\",\"target\":[\"https:\/\/www.africa-press.net\/senegal\/politique\/achat-davions-sagna-denonce-les-medias-neocoloniaux\"]}]},{\"@type\":\"ImageObject\",\"inLanguage\":\"fr-FR\",\"@id\":\"https:\/\/www.africa-press.net\/senegal\/politique\/achat-davions-sagna-denonce-les-medias-neocoloniaux#primaryimage\",\"url\":\"https:\/\/static.africa-press.net\/senegal\/sites\/13\/2025\/10\/sm_1761875008.420056.jpg\",\"contentUrl\":\"https:\/\/static.africa-press.net\/senegal\/sites\/13\/2025\/10\/sm_1761875008.420056.jpg\",\"width\":1280,\"height\":720,\"caption\":\"Achat D'Avions: Sagna D\u00e9nonce les M\u00e9dias N\u00e9ocoloniaux\"},{\"@type\":\"BreadcrumbList\",\"@id\":\"https:\/\/www.africa-press.net\/senegal\/politique\/achat-davions-sagna-denonce-les-medias-neocoloniaux#breadcrumb\",\"itemListElement\":[{\"@type\":\"ListItem\",\"position\":1,\"name\":\"Accueil\",\"item\":\"https:\/\/www.africa-press.net\/senegal\/\"},{\"@type\":\"ListItem\",\"position\":2,\"name\":\"Achat D&#8217;Avions: Sagna D\u00e9nonce les M\u00e9dias N\u00e9ocoloniaux\"}]},{\"@type\":\"WebSite\",\"@id\":\"https:\/\/www.africa-press.net\/senegal\/#website\",\"url\":\"https:\/\/www.africa-press.net\/senegal\/\",\"name\":\"Africa Press | Senegal | Homepage\",\"description\":\"Just another Africa News Agency Sites site\",\"potentialAction\":[{\"@type\":\"SearchAction\",\"target\":{\"@type\":\"EntryPoint\",\"urlTemplate\":\"https:\/\/www.africa-press.net\/senegal\/?s={search_term_string}\"},\"query-input\":{\"@type\":\"PropertyValueSpecification\",\"valueRequired\":true,\"valueName\":\"search_term_string\"}}],\"inLanguage\":\"fr-FR\"},{\"@type\":\"Person\",\"@id\":\"https:\/\/www.africa-press.net\/senegal\/#\/schema\/person\/2b1cf3cd81a31e3cd26889ca66d677f1\",\"name\":\"cfeditorfr\",\"url\":\"https:\/\/www.africa-press.net\/senegal\/author\/cfeditorfr\"}]}<\/script>\n<!-- \/ Yoast SEO Premium plugin. -->","yoast_head_json":{"title":"Achat D'Avions: Sagna D\u00e9nonce les M\u00e9dias N\u00e9ocoloniaux - Senegal","description":"Dans une re\u0301cente publication, Guy Marius Sagna a de\u0301nonce\u0301 l\u2019acquisition, par l\u2019ancien ministre Doudou Ka, de cinq avio ...","robots":{"index":"index","follow":"follow","max-snippet":"max-snippet:-1","max-image-preview":"max-image-preview:large","max-video-preview":"max-video-preview:-1"},"canonical":"https:\/\/www.africa-press.net\/senegal\/politique\/achat-davions-sagna-denonce-les-medias-neocoloniaux","og_locale":"fr_FR","og_type":"article","og_title":"Achat D'Avions: Sagna D\u00e9nonce les M\u00e9dias N\u00e9ocoloniaux","og_description":"Dans une re\u0301cente publication, Guy Marius Sagna a de\u0301nonce\u0301 l\u2019acquisition, par l\u2019ancien ministre Doudou Ka, de cinq avio ...","og_url":"https:\/\/www.africa-press.net\/senegal\/politique\/achat-davions-sagna-denonce-les-medias-neocoloniaux","og_site_name":"Senegal","article_published_time":"2025-10-30T13:45:00+00:00","article_modified_time":"2025-10-30T17:44:18+00:00","og_image":[{"width":1280,"height":720,"url":"https:\/\/static.africa-press.net\/senegal\/sites\/13\/2025\/10\/sm_1761875008.420056.jpg","type":"image\/jpeg"}],"author":"cfeditorfr","twitter_card":"summary_large_image","twitter_misc":{"\u00c9crit par":"cfeditorfr","Dur\u00e9e de lecture estim\u00e9e":"1 minute"},"schema":{"@context":"https:\/\/schema.org","@graph":[{"@type":"Article","@id":"https:\/\/www.africa-press.net\/senegal\/politique\/achat-davions-sagna-denonce-les-medias-neocoloniaux#article","isPartOf":{"@id":"https:\/\/www.africa-press.net\/senegal\/politique\/achat-davions-sagna-denonce-les-medias-neocoloniaux"},"author":{"name":"cfeditorfr","@id":"https:\/\/www.africa-press.net\/senegal\/#\/schema\/person\/2b1cf3cd81a31e3cd26889ca66d677f1"},"headline":"Achat D&rsquo;Avions: Sagna D\u00e9nonce les M\u00e9dias N\u00e9ocoloniaux","datePublished":"2025-10-30T13:45:00+00:00","dateModified":"2025-10-30T17:44:18+00:00","mainEntityOfPage":{"@id":"https:\/\/www.africa-press.net\/senegal\/politique\/achat-davions-sagna-denonce-les-medias-neocoloniaux"},"wordCount":250,"commentCount":0,"image":{"@id":"https:\/\/www.africa-press.net\/senegal\/politique\/achat-davions-sagna-denonce-les-medias-neocoloniaux#primaryimage"},"thumbnailUrl":"https:\/\/static.africa-press.net\/senegal\/sites\/13\/2025\/10\/sm_1761875008.420056.jpg","keywords":["Senegal"],"articleSection":["Politique","Top Nouvelles","Toutes les actualit\u00e9s"],"inLanguage":"fr-FR","potentialAction":[{"@type":"CommentAction","name":"Comment","target":["https:\/\/www.africa-press.net\/senegal\/politique\/achat-davions-sagna-denonce-les-medias-neocoloniaux#respond"]}]},{"@type":"WebPage","@id":"https:\/\/www.africa-press.net\/senegal\/politique\/achat-davions-sagna-denonce-les-medias-neocoloniaux","url":"https:\/\/www.africa-press.net\/senegal\/politique\/achat-davions-sagna-denonce-les-medias-neocoloniaux","name":"Achat D'Avions: Sagna D\u00e9nonce les M\u00e9dias N\u00e9ocoloniaux - Senegal","isPartOf":{"@id":"https:\/\/www.africa-press.net\/senegal\/#website"},"primaryImageOfPage":{"@id":"https:\/\/www.africa-press.net\/senegal\/politique\/achat-davions-sagna-denonce-les-medias-neocoloniaux#primaryimage"},"image":{"@id":"https:\/\/www.africa-press.net\/senegal\/politique\/achat-davions-sagna-denonce-les-medias-neocoloniaux#primaryimage"},"thumbnailUrl":"https:\/\/static.africa-press.net\/senegal\/sites\/13\/2025\/10\/sm_1761875008.420056.jpg","datePublished":"2025-10-30T13:45:00+00:00","dateModified":"2025-10-30T17:44:18+00:00","author":{"@id":"https:\/\/www.africa-press.net\/senegal\/#\/schema\/person\/2b1cf3cd81a31e3cd26889ca66d677f1"},"description":"Dans une re\u0301cente publication, Guy Marius Sagna a de\u0301nonce\u0301 l\u2019acquisition, par l\u2019ancien ministre Doudou Ka, de cinq avio ...","breadcrumb":{"@id":"https:\/\/www.africa-press.net\/senegal\/politique\/achat-davions-sagna-denonce-les-medias-neocoloniaux#breadcrumb"},"inLanguage":"fr-FR","potentialAction":[{"@type":"ReadAction","target":["https:\/\/www.africa-press.net\/senegal\/politique\/achat-davions-sagna-denonce-les-medias-neocoloniaux"]}]},{"@type":"ImageObject","inLanguage":"fr-FR","@id":"https:\/\/www.africa-press.net\/senegal\/politique\/achat-davions-sagna-denonce-les-medias-neocoloniaux#primaryimage","url":"https:\/\/static.africa-press.net\/senegal\/sites\/13\/2025\/10\/sm_1761875008.420056.jpg","contentUrl":"https:\/\/static.africa-press.net\/senegal\/sites\/13\/2025\/10\/sm_1761875008.420056.jpg","width":1280,"height":720,"caption":"Achat D'Avions: Sagna D\u00e9nonce les M\u00e9dias N\u00e9ocoloniaux"},{"@type":"BreadcrumbList","@id":"https:\/\/www.africa-press.net\/senegal\/politique\/achat-davions-sagna-denonce-les-medias-neocoloniaux#breadcrumb","itemListElement":[{"@type":"ListItem","position":1,"name":"Accueil","item":"https:\/\/www.africa-press.net\/senegal\/"},{"@type":"ListItem","position":2,"name":"Achat D&#8217;Avions: Sagna D\u00e9nonce les M\u00e9dias N\u00e9ocoloniaux"}]},{"@type":"WebSite","@id":"https:\/\/www.africa-press.net\/senegal\/#website","url":"https:\/\/www.africa-press.net\/senegal\/","name":"Africa Press | Senegal | Homepage","description":"Just another Africa News Agency Sites site","potentialAction":[{"@type":"SearchAction","target":{"@type":"EntryPoint","urlTemplate":"https:\/\/www.africa-press.net\/senegal\/?s={search_term_string}"},"query-input":{"@type":"PropertyValueSpecification","valueRequired":true,"valueName":"search_term_string"}}],"inLanguage":"fr-FR"},{"@type":"Person","@id":"https:\/\/www.africa-press.net\/senegal\/#\/schema\/person\/2b1cf3cd81a31e3cd26889ca66d677f1","name":"cfeditorfr","url":"https:\/\/www.africa-press.net\/senegal\/author\/cfeditorfr"}]}},"_links":{"self":[{"href":"https:\/\/www.africa-press.net\/senegal\/wp-json\/wp\/v2\/posts\/72163","targetHints":{"allow":["GET"]}}],"collection":[{"href":"https:\/\/www.africa-press.net\/senegal\/wp-json\/wp\/v2\/posts"}],"about":[{"href":"https:\/\/www.africa-press.net\/senegal\/wp-json\/wp\/v2\/types\/post"}],"author":[{"embeddable":true,"href":"https:\/\/www.africa-press.net\/senegal\/wp-json\/wp\/v2\/users\/82"}],"replies":[{"embeddable":true,"href":"https:\/\/www.africa-press.net\/senegal\/wp-json\/wp\/v2\/comments?post=72163"}],"version-history":[{"count":0,"href":"https:\/\/www.africa-press.net\/senegal\/wp-json\/wp\/v2\/posts\/72163\/revisions"}],"wp:featuredmedia":[{"embeddable":true,"href":"https:\/\/www.africa-press.net\/senegal\/wp-json\/wp\/v2\/media\/72162"}],"wp:attachment":[{"href":"https:\/\/www.africa-press.net\/senegal\/wp-json\/wp\/v2\/media?parent=72163"}],"wp:term":[{"taxonomy":"category","embeddable":true,"href":"https:\/\/www.africa-press.net\/senegal\/wp-json\/wp\/v2\/categories?post=72163"},{"taxonomy":"post_tag","embeddable":true,"href":"https:\/\/www.africa-press.net\/senegal\/wp-json\/wp\/v2\/tags?post=72163"}],"curies":[{"name":"wp","href":"https:\/\/api.w.org\/{rel}","templated":true}]}}