{"id":72179,"date":"2025-10-30T12:10:00","date_gmt":"2025-10-30T12:10:00","guid":{"rendered":"https:\/\/www.africa-press.net\/senegal\/politique\/amaju-pinnick-rejette-accusations-de-mauvaise-gestion"},"modified":"2025-10-31T02:01:04","modified_gmt":"2025-10-31T02:01:04","slug":"amaju-pinnick-rejette-accusations-de-mauvaise-gestion","status":"publish","type":"post","link":"https:\/\/www.africa-press.net\/senegal\/sports\/amaju-pinnick-rejette-accusations-de-mauvaise-gestion","title":{"rendered":"Amaju Pinnick Rejette Accusations de Mauvaise Gestion"},"content":{"rendered":"<p><span style=\"color: #ff6600\"><strong>Africa-Press &#8211; Senegal. <\/strong><\/span><b>L\u2019ancien pre\u0301sident de la Fe\u0301de\u0301ration nige\u0301riane de football (NFF), Amaju Pinnick, a fermement rejete\u0301 les accusations de mauvaise gestion financie\u0300re lie\u0301es a\u0300 la mise en \u0153uvre du projet FIFA Goal dans l\u2019E\u0301tat de Kebbi, qualifiant ces alle\u0301gations de \u00ab totalement infonde\u0301es \u00bb et \u00ab mal interpre\u0301te\u0301es \u00bb.<\/b><\/p>\n<p>Dans un entretien accorde\u0301 a\u0300 ARISE News, M. Pinnick a tenu a\u0300 pre\u0301ciser que chaque aspect du projet avait e\u0301te\u0301 conduit sous la supervision financie\u0300re rigoureuse de la FIFA, laquelle applique un syste\u0300me d\u2019audit et de conformite\u0301 particulie\u0300rement strict a\u0300 l\u2019ensemble de ses projets Goal a\u0300 travers le monde.<\/p>\n<p><b>\u00ab Lorsque la FIFA vous octroie des fonds, elle en contro\u0302le chaque de\u0301pense, elle connai\u0302t tout, du de\u0301but a\u0300 la fin, et impose des normes tre\u0300s pre\u0301cises \u00bb<\/b>, a explique\u0301 M. Pinnick.<\/p>\n<p>L\u2019ancien dirigeant a e\u0301galement souligne\u0301 que le projet s\u2019e\u0301tait de\u0301roule\u0301 dans le strict respect des proce\u0301dures et qu\u2019aucun financement supple\u0301mentaire n\u2019avait e\u0301te\u0301 sollicite\u0301 ni approuve\u0301, malgre\u0301 les retards de chantier provoque\u0301s par la pande\u0301mie de COVID-19.<\/p>\n<p><b>\u00ab Il n\u2019y a eu aucune modification budge\u0301taire, en de\u0301pit des difficulte\u0301s rencontre\u0301es. Tout s\u2019est de\u0301roule\u0301 conforme\u0301ment au plan initial \u00bb<\/b>, a-t-il ajoute\u0301.<\/p>\n<p>M. Pinnick a tenu a\u0300 rappeler que son administration a\u0300 la te\u0302te de la NFF s\u2019e\u0301tait toujours illustre\u0301e par la transparence et la redevabilite\u0301, exhortant les Nige\u0301rians a\u0300 ve\u0301rifier les faits avant de formuler des accusations publiques.<\/p>\n<p>Mis en place pour renforcer les infrastructures et le de\u0301veloppement du football dans les pays membres, le programme FIFA Goal fait l\u2019objet de critiques au Nigeria, certains observateurs s\u2019inquie\u0301tant de l\u2019e\u0301tat de certaines installations issues de cette initiative.<\/p>\n<p>Les de\u0301clarations de l\u2019ancien pre\u0301sident interviennent dans un contexte de de\u0301bat renouvele\u0301 sur l\u2019efficacite\u0301 et la supervision des projets de de\u0301veloppement sportif a\u0300 travers le pays, alors que de nombreuses voix appellent a\u0300 une plus grande transparence dans la gestion du football national.<\/p>\n<p><strong>Pour plus d&rsquo;informations et d&rsquo;analyses sur la <span style=\"color: #ff6600\">Senegal<\/span>, suivez <span style=\"color: #ff6600\">Africa-Press<\/span><\/strong><\/p>\n","protected":false},"excerpt":{"rendered":"<p>Africa-Press &#8211; Senegal. L\u2019ancien pre\u0301sident de la Fe\u0301de\u0301ration nige\u0301riane de football (NFF), Amaju Pinnick, a fermement rejete\u0301 les accusations de mauvaise gestion financie\u0300re lie\u0301es a\u0300 la mise en \u0153uvre du projet FIFA Goal dans l\u2019E\u0301tat de Kebbi, qualifiant ces alle\u0301gations de \u00ab totalement infonde\u0301es \u00bb et \u00ab mal interpre\u0301te\u0301es \u00bb. Dans un entretien accorde\u0301 a\u0300 [&hellip;]<\/p>\n","protected":false},"author":82,"featured_media":72178,"comment_status":"open","ping_status":"closed","sticky":false,"template":"","format":"standard","meta":{"footnotes":""},"categories":[6,10],"tags":[44],"class_list":["post-72179","post","type-post","status-publish","format-standard","has-post-thumbnail","hentry","category-sports","category-toutes-les-actualites","tag-senegal-2"],"yoast_head":"<!-- This site is optimized with the Yoast SEO Premium plugin v26.1 (Yoast SEO v27.0) - https:\/\/yoast.com\/product\/yoast-seo-premium-wordpress\/ -->\n<title>Amaju Pinnick Rejette Accusations de Mauvaise Gestion - Senegal<\/title>\n<meta name=\"description\" content=\"L\u2019ancien pre\u0301sident de la Fe\u0301de\u0301ration nige\u0301riane de football (NFF), Amaju Pinnick, a fermement rejete\u0301 les accusatio ...\" \/>\n<meta name=\"robots\" content=\"index, follow, max-snippet:-1, max-image-preview:large, max-video-preview:-1\" \/>\n<link rel=\"canonical\" href=\"https:\/\/www.africa-press.net\/senegal\/sports\/amaju-pinnick-rejette-accusations-de-mauvaise-gestion\" \/>\n<meta property=\"og:locale\" content=\"fr_FR\" \/>\n<meta property=\"og:type\" content=\"article\" \/>\n<meta property=\"og:title\" content=\"Amaju Pinnick Rejette Accusations de Mauvaise Gestion\" \/>\n<meta property=\"og:description\" content=\"L\u2019ancien pre\u0301sident de la Fe\u0301de\u0301ration nige\u0301riane de football (NFF), Amaju Pinnick, a fermement rejete\u0301 les accusatio ...\" \/>\n<meta property=\"og:url\" content=\"https:\/\/www.africa-press.net\/senegal\/sports\/amaju-pinnick-rejette-accusations-de-mauvaise-gestion\" \/>\n<meta property=\"og:site_name\" content=\"Senegal\" \/>\n<meta property=\"article:published_time\" content=\"2025-10-30T12:10:00+00:00\" \/>\n<meta property=\"article:modified_time\" content=\"2025-10-31T02:01:04+00:00\" \/>\n<meta property=\"og:image\" content=\"https:\/\/static.africa-press.net\/senegal\/sites\/13\/2025\/10\/sm_1761904641.902845.jpg\" \/>\n\t<meta property=\"og:image:width\" content=\"720\" \/>\n\t<meta property=\"og:image:height\" content=\"405\" \/>\n\t<meta property=\"og:image:type\" content=\"image\/jpeg\" \/>\n<meta name=\"author\" content=\"cfeditorfr\" \/>\n<meta name=\"twitter:card\" content=\"summary_large_image\" \/>\n<meta name=\"twitter:label1\" content=\"\u00c9crit par\" \/>\n\t<meta name=\"twitter:data1\" content=\"cfeditorfr\" \/>\n\t<meta name=\"twitter:label2\" content=\"Dur\u00e9e de lecture estim\u00e9e\" \/>\n\t<meta name=\"twitter:data2\" content=\"2 minutes\" \/>\n<script type=\"application\/ld+json\" class=\"yoast-schema-graph\">{\"@context\":\"https:\/\/schema.org\",\"@graph\":[{\"@type\":\"Article\",\"@id\":\"https:\/\/www.africa-press.net\/senegal\/sports\/amaju-pinnick-rejette-accusations-de-mauvaise-gestion#article\",\"isPartOf\":{\"@id\":\"https:\/\/www.africa-press.net\/senegal\/sports\/amaju-pinnick-rejette-accusations-de-mauvaise-gestion\"},\"author\":{\"name\":\"cfeditorfr\",\"@id\":\"https:\/\/www.africa-press.net\/senegal\/#\/schema\/person\/2b1cf3cd81a31e3cd26889ca66d677f1\"},\"headline\":\"Amaju Pinnick Rejette Accusations de Mauvaise Gestion\",\"datePublished\":\"2025-10-30T12:10:00+00:00\",\"dateModified\":\"2025-10-31T02:01:04+00:00\",\"mainEntityOfPage\":{\"@id\":\"https:\/\/www.africa-press.net\/senegal\/sports\/amaju-pinnick-rejette-accusations-de-mauvaise-gestion\"},\"wordCount\":383,\"commentCount\":0,\"image\":{\"@id\":\"https:\/\/www.africa-press.net\/senegal\/sports\/amaju-pinnick-rejette-accusations-de-mauvaise-gestion#primaryimage\"},\"thumbnailUrl\":\"https:\/\/static.africa-press.net\/senegal\/sites\/13\/2025\/10\/sm_1761904641.902845.jpg\",\"keywords\":[\"Senegal\"],\"articleSection\":[\"Sports\",\"Toutes les actualit\u00e9s\"],\"inLanguage\":\"fr-FR\",\"potentialAction\":[{\"@type\":\"CommentAction\",\"name\":\"Comment\",\"target\":[\"https:\/\/www.africa-press.net\/senegal\/sports\/amaju-pinnick-rejette-accusations-de-mauvaise-gestion#respond\"]}]},{\"@type\":\"WebPage\",\"@id\":\"https:\/\/www.africa-press.net\/senegal\/sports\/amaju-pinnick-rejette-accusations-de-mauvaise-gestion\",\"url\":\"https:\/\/www.africa-press.net\/senegal\/sports\/amaju-pinnick-rejette-accusations-de-mauvaise-gestion\",\"name\":\"Amaju Pinnick Rejette Accusations de Mauvaise Gestion - Senegal\",\"isPartOf\":{\"@id\":\"https:\/\/www.africa-press.net\/senegal\/#website\"},\"primaryImageOfPage\":{\"@id\":\"https:\/\/www.africa-press.net\/senegal\/sports\/amaju-pinnick-rejette-accusations-de-mauvaise-gestion#primaryimage\"},\"image\":{\"@id\":\"https:\/\/www.africa-press.net\/senegal\/sports\/amaju-pinnick-rejette-accusations-de-mauvaise-gestion#primaryimage\"},\"thumbnailUrl\":\"https:\/\/static.africa-press.net\/senegal\/sites\/13\/2025\/10\/sm_1761904641.902845.jpg\",\"datePublished\":\"2025-10-30T12:10:00+00:00\",\"dateModified\":\"2025-10-31T02:01:04+00:00\",\"author\":{\"@id\":\"https:\/\/www.africa-press.net\/senegal\/#\/schema\/person\/2b1cf3cd81a31e3cd26889ca66d677f1\"},\"description\":\"L\u2019ancien pre\u0301sident de la Fe\u0301de\u0301ration nige\u0301riane de football (NFF), Amaju Pinnick, a fermement rejete\u0301 les accusatio ...\",\"breadcrumb\":{\"@id\":\"https:\/\/www.africa-press.net\/senegal\/sports\/amaju-pinnick-rejette-accusations-de-mauvaise-gestion#breadcrumb\"},\"inLanguage\":\"fr-FR\",\"potentialAction\":[{\"@type\":\"ReadAction\",\"target\":[\"https:\/\/www.africa-press.net\/senegal\/sports\/amaju-pinnick-rejette-accusations-de-mauvaise-gestion\"]}]},{\"@type\":\"ImageObject\",\"inLanguage\":\"fr-FR\",\"@id\":\"https:\/\/www.africa-press.net\/senegal\/sports\/amaju-pinnick-rejette-accusations-de-mauvaise-gestion#primaryimage\",\"url\":\"https:\/\/static.africa-press.net\/senegal\/sites\/13\/2025\/10\/sm_1761904641.902845.jpg\",\"contentUrl\":\"https:\/\/static.africa-press.net\/senegal\/sites\/13\/2025\/10\/sm_1761904641.902845.jpg\",\"width\":720,\"height\":405,\"caption\":\"Amaju Pinnick Rejette Accusations de Mauvaise Gestion\"},{\"@type\":\"BreadcrumbList\",\"@id\":\"https:\/\/www.africa-press.net\/senegal\/sports\/amaju-pinnick-rejette-accusations-de-mauvaise-gestion#breadcrumb\",\"itemListElement\":[{\"@type\":\"ListItem\",\"position\":1,\"name\":\"Accueil\",\"item\":\"https:\/\/www.africa-press.net\/senegal\/\"},{\"@type\":\"ListItem\",\"position\":2,\"name\":\"Amaju Pinnick Rejette Accusations de Mauvaise Gestion\"}]},{\"@type\":\"WebSite\",\"@id\":\"https:\/\/www.africa-press.net\/senegal\/#website\",\"url\":\"https:\/\/www.africa-press.net\/senegal\/\",\"name\":\"Africa Press | Senegal | Homepage\",\"description\":\"Just another Africa News Agency Sites site\",\"potentialAction\":[{\"@type\":\"SearchAction\",\"target\":{\"@type\":\"EntryPoint\",\"urlTemplate\":\"https:\/\/www.africa-press.net\/senegal\/?s={search_term_string}\"},\"query-input\":{\"@type\":\"PropertyValueSpecification\",\"valueRequired\":true,\"valueName\":\"search_term_string\"}}],\"inLanguage\":\"fr-FR\"},{\"@type\":\"Person\",\"@id\":\"https:\/\/www.africa-press.net\/senegal\/#\/schema\/person\/2b1cf3cd81a31e3cd26889ca66d677f1\",\"name\":\"cfeditorfr\",\"url\":\"https:\/\/www.africa-press.net\/senegal\/author\/cfeditorfr\"}]}<\/script>\n<!-- \/ Yoast SEO Premium plugin. -->","yoast_head_json":{"title":"Amaju Pinnick Rejette Accusations de Mauvaise Gestion - Senegal","description":"L\u2019ancien pre\u0301sident de la Fe\u0301de\u0301ration nige\u0301riane de football (NFF), Amaju Pinnick, a fermement rejete\u0301 les accusatio ...","robots":{"index":"index","follow":"follow","max-snippet":"max-snippet:-1","max-image-preview":"max-image-preview:large","max-video-preview":"max-video-preview:-1"},"canonical":"https:\/\/www.africa-press.net\/senegal\/sports\/amaju-pinnick-rejette-accusations-de-mauvaise-gestion","og_locale":"fr_FR","og_type":"article","og_title":"Amaju Pinnick Rejette Accusations de Mauvaise Gestion","og_description":"L\u2019ancien pre\u0301sident de la Fe\u0301de\u0301ration nige\u0301riane de football (NFF), Amaju Pinnick, a fermement rejete\u0301 les accusatio ...","og_url":"https:\/\/www.africa-press.net\/senegal\/sports\/amaju-pinnick-rejette-accusations-de-mauvaise-gestion","og_site_name":"Senegal","article_published_time":"2025-10-30T12:10:00+00:00","article_modified_time":"2025-10-31T02:01:04+00:00","og_image":[{"width":720,"height":405,"url":"https:\/\/static.africa-press.net\/senegal\/sites\/13\/2025\/10\/sm_1761904641.902845.jpg","type":"image\/jpeg"}],"author":"cfeditorfr","twitter_card":"summary_large_image","twitter_misc":{"\u00c9crit par":"cfeditorfr","Dur\u00e9e de lecture estim\u00e9e":"2 minutes"},"schema":{"@context":"https:\/\/schema.org","@graph":[{"@type":"Article","@id":"https:\/\/www.africa-press.net\/senegal\/sports\/amaju-pinnick-rejette-accusations-de-mauvaise-gestion#article","isPartOf":{"@id":"https:\/\/www.africa-press.net\/senegal\/sports\/amaju-pinnick-rejette-accusations-de-mauvaise-gestion"},"author":{"name":"cfeditorfr","@id":"https:\/\/www.africa-press.net\/senegal\/#\/schema\/person\/2b1cf3cd81a31e3cd26889ca66d677f1"},"headline":"Amaju Pinnick Rejette Accusations de Mauvaise Gestion","datePublished":"2025-10-30T12:10:00+00:00","dateModified":"2025-10-31T02:01:04+00:00","mainEntityOfPage":{"@id":"https:\/\/www.africa-press.net\/senegal\/sports\/amaju-pinnick-rejette-accusations-de-mauvaise-gestion"},"wordCount":383,"commentCount":0,"image":{"@id":"https:\/\/www.africa-press.net\/senegal\/sports\/amaju-pinnick-rejette-accusations-de-mauvaise-gestion#primaryimage"},"thumbnailUrl":"https:\/\/static.africa-press.net\/senegal\/sites\/13\/2025\/10\/sm_1761904641.902845.jpg","keywords":["Senegal"],"articleSection":["Sports","Toutes les actualit\u00e9s"],"inLanguage":"fr-FR","potentialAction":[{"@type":"CommentAction","name":"Comment","target":["https:\/\/www.africa-press.net\/senegal\/sports\/amaju-pinnick-rejette-accusations-de-mauvaise-gestion#respond"]}]},{"@type":"WebPage","@id":"https:\/\/www.africa-press.net\/senegal\/sports\/amaju-pinnick-rejette-accusations-de-mauvaise-gestion","url":"https:\/\/www.africa-press.net\/senegal\/sports\/amaju-pinnick-rejette-accusations-de-mauvaise-gestion","name":"Amaju Pinnick Rejette Accusations de Mauvaise Gestion - Senegal","isPartOf":{"@id":"https:\/\/www.africa-press.net\/senegal\/#website"},"primaryImageOfPage":{"@id":"https:\/\/www.africa-press.net\/senegal\/sports\/amaju-pinnick-rejette-accusations-de-mauvaise-gestion#primaryimage"},"image":{"@id":"https:\/\/www.africa-press.net\/senegal\/sports\/amaju-pinnick-rejette-accusations-de-mauvaise-gestion#primaryimage"},"thumbnailUrl":"https:\/\/static.africa-press.net\/senegal\/sites\/13\/2025\/10\/sm_1761904641.902845.jpg","datePublished":"2025-10-30T12:10:00+00:00","dateModified":"2025-10-31T02:01:04+00:00","author":{"@id":"https:\/\/www.africa-press.net\/senegal\/#\/schema\/person\/2b1cf3cd81a31e3cd26889ca66d677f1"},"description":"L\u2019ancien pre\u0301sident de la Fe\u0301de\u0301ration nige\u0301riane de football (NFF), Amaju Pinnick, a fermement rejete\u0301 les accusatio ...","breadcrumb":{"@id":"https:\/\/www.africa-press.net\/senegal\/sports\/amaju-pinnick-rejette-accusations-de-mauvaise-gestion#breadcrumb"},"inLanguage":"fr-FR","potentialAction":[{"@type":"ReadAction","target":["https:\/\/www.africa-press.net\/senegal\/sports\/amaju-pinnick-rejette-accusations-de-mauvaise-gestion"]}]},{"@type":"ImageObject","inLanguage":"fr-FR","@id":"https:\/\/www.africa-press.net\/senegal\/sports\/amaju-pinnick-rejette-accusations-de-mauvaise-gestion#primaryimage","url":"https:\/\/static.africa-press.net\/senegal\/sites\/13\/2025\/10\/sm_1761904641.902845.jpg","contentUrl":"https:\/\/static.africa-press.net\/senegal\/sites\/13\/2025\/10\/sm_1761904641.902845.jpg","width":720,"height":405,"caption":"Amaju Pinnick Rejette Accusations de Mauvaise Gestion"},{"@type":"BreadcrumbList","@id":"https:\/\/www.africa-press.net\/senegal\/sports\/amaju-pinnick-rejette-accusations-de-mauvaise-gestion#breadcrumb","itemListElement":[{"@type":"ListItem","position":1,"name":"Accueil","item":"https:\/\/www.africa-press.net\/senegal\/"},{"@type":"ListItem","position":2,"name":"Amaju Pinnick Rejette Accusations de Mauvaise Gestion"}]},{"@type":"WebSite","@id":"https:\/\/www.africa-press.net\/senegal\/#website","url":"https:\/\/www.africa-press.net\/senegal\/","name":"Africa Press | Senegal | Homepage","description":"Just another Africa News Agency Sites site","potentialAction":[{"@type":"SearchAction","target":{"@type":"EntryPoint","urlTemplate":"https:\/\/www.africa-press.net\/senegal\/?s={search_term_string}"},"query-input":{"@type":"PropertyValueSpecification","valueRequired":true,"valueName":"search_term_string"}}],"inLanguage":"fr-FR"},{"@type":"Person","@id":"https:\/\/www.africa-press.net\/senegal\/#\/schema\/person\/2b1cf3cd81a31e3cd26889ca66d677f1","name":"cfeditorfr","url":"https:\/\/www.africa-press.net\/senegal\/author\/cfeditorfr"}]}},"_links":{"self":[{"href":"https:\/\/www.africa-press.net\/senegal\/wp-json\/wp\/v2\/posts\/72179","targetHints":{"allow":["GET"]}}],"collection":[{"href":"https:\/\/www.africa-press.net\/senegal\/wp-json\/wp\/v2\/posts"}],"about":[{"href":"https:\/\/www.africa-press.net\/senegal\/wp-json\/wp\/v2\/types\/post"}],"author":[{"embeddable":true,"href":"https:\/\/www.africa-press.net\/senegal\/wp-json\/wp\/v2\/users\/82"}],"replies":[{"embeddable":true,"href":"https:\/\/www.africa-press.net\/senegal\/wp-json\/wp\/v2\/comments?post=72179"}],"version-history":[{"count":0,"href":"https:\/\/www.africa-press.net\/senegal\/wp-json\/wp\/v2\/posts\/72179\/revisions"}],"wp:featuredmedia":[{"embeddable":true,"href":"https:\/\/www.africa-press.net\/senegal\/wp-json\/wp\/v2\/media\/72178"}],"wp:attachment":[{"href":"https:\/\/www.africa-press.net\/senegal\/wp-json\/wp\/v2\/media?parent=72179"}],"wp:term":[{"taxonomy":"category","embeddable":true,"href":"https:\/\/www.africa-press.net\/senegal\/wp-json\/wp\/v2\/categories?post=72179"},{"taxonomy":"post_tag","embeddable":true,"href":"https:\/\/www.africa-press.net\/senegal\/wp-json\/wp\/v2\/tags?post=72179"}],"curies":[{"name":"wp","href":"https:\/\/api.w.org\/{rel}","templated":true}]}}