{"id":72220,"date":"2025-11-01T12:00:00","date_gmt":"2025-11-01T12:00:00","guid":{"rendered":"https:\/\/www.africa-press.net\/senegal\/politique\/epidemie-de-bronchiolite-commence-en-france"},"modified":"2025-11-01T20:10:06","modified_gmt":"2025-11-01T20:10:06","slug":"epidemie-de-bronchiolite-commence-en-france","status":"publish","type":"post","link":"https:\/\/www.africa-press.net\/senegal\/toutes-les-actualites\/epidemie-de-bronchiolite-commence-en-france","title":{"rendered":"\u00c9pid\u00e9mie de Bronchiolite Commence en France"},"content":{"rendered":"<p><span style=\"color: #ff6600\"><strong>Africa-Press &#8211; Senegal. <\/strong><\/span>L\u2019e\u0301pide\u0301mie annuelle de bronchiolite, qui frappe notamment les be\u0301be\u0301s, a de\u0301sormais commence\u0301 en France, la re\u0301gion parisienne e\u0301tant la premie\u0300re a\u0300 e\u0302tre touche\u0301e, a annonce\u0301 le 29 octobre l\u2019agence de sante\u0301 publique.<\/p>\n<p>Lors de la semaine e\u0301coule\u0301e au 26 octobre, \u00ab les indicateurs syndromiques lie\u0301s a\u0300 la bronchiolite augmentaient en ville et a\u0300 l\u2019ho\u0302pital, a\u0300 des niveaux proches de la saison pre\u0301ce\u0301dente a\u0300 la me\u0302me pe\u0301riode \u00bb, re\u0301sume Sante\u0301 publique France (SPF) dans un bilan hebdomadaire des principales maladies respiratoires de l\u2019automne-hiver.<\/p>\n<p>L\u2019I\u0302le-de-France est de\u0301sormais passe\u0301e en phase e\u0301pide\u0301mique pour cette maladie ge\u0301ne\u0301ralement sans gravite\u0301 mais susceptible de provoquer des complications chez les nourrissons et de les conduire a\u0300 l\u2019ho\u0302pital. Comme chaque anne\u0301e, les autres re\u0301gions de me\u0301tropole devraient e\u0302tre gagne\u0301es a\u0300 plus ou moins long terme par l\u2019e\u0301pide\u0301mie, a\u0300 commencer par la Normandie qui reste pour l\u2019heure en phase \u00ab pre\u0301-e\u0301pide\u0301mique \u00bb pour la troisie\u0300me semaine conse\u0301cutive.<\/p>\n<p><b>\u00ab D\u2019autres virus susceptibles d\u2019induire des bronchiolites circulent \u00bb<\/b><\/p>\n<p>Chaque anne\u0301e, au moment de l\u2019automne et de l\u2019hiver, la bronchiolite frappe de nombreux be\u0301be\u0301s en France, le plus souvent a\u0300 la suite d\u2019une infection au virus respiratoire syncytial (VRS) qui peut aussi menacer des personnes a\u0302ge\u0301es.<\/p>\n<p>Dore\u0301navant, une campagne d\u2019immunisation contre le VRS est lance\u0301e chaque anne\u0301e. Deux strate\u0301gies sont possibles a\u0300 l\u2019aide de deux traitements distincts: la vaccination de la femme enceinte par l\u2019Abrysvo de Pfizer, ou l\u2019immunisation des nourrissons par le Beyfortus de Sanofi et AstraZeneca.<\/p>\n<p>Reste que \u00ab d\u2019autres virus susceptibles d\u2019induire des bronchiolites circulent dans l\u2019Hexagone, notamment les rhinovirus \u00bb, pre\u0301vient Sante\u0301 publique France. L\u2019agence fait aussi le point sur le Covid et la grippe, pour lesquels une campagne de vaccination couple\u0301e a commence\u0301 mi-octobre aupre\u0300s des plus a\u0300 risque, principalement les plus de 65 ans mais aussi les femmes enceintes et beaucoup de malades chroniques. Co\u0302te\u0301 Covid, les indicateurs ont diminue\u0301 en me\u0301decine de ville et sont reste\u0301s stables a\u0300 l\u2019ho\u0302pital. Quant a\u0300 la grippe, particulie\u0300rement se\u0301ve\u0300re la saison pre\u0301ce\u0301dente, seuls quelques cas \u00ab sporadiques \u00bb sont enregistre\u0301s.<\/p>\n<p>Sante\u0301 publique France a lance\u0301 la semaine dernie\u0300re une campagne de communication \u2013 spots TV et radio, affichage&#8230; \u2013 pour inciter a\u0300 respecter les trois principaux gestes de protection contre l\u2019ensemble de ces maladies. Il s\u2019agit de mettre un masque \u00ab de\u0300s les premiers sympto\u0302mes \u00bb, de se laver souvent et correctement les mains, et d\u2019ae\u0301rer re\u0301gulie\u0300rement les pie\u0300ces.<\/p>\n<p><strong>Pour plus d&rsquo;informations et d&rsquo;analyses sur la <span style=\"color: #ff6600\">Senegal<\/span>, suivez <span style=\"color: #ff6600\">Africa-Press<\/span><\/strong><\/p>\n","protected":false},"excerpt":{"rendered":"<p>Africa-Press &#8211; Senegal. L\u2019e\u0301pide\u0301mie annuelle de bronchiolite, qui frappe notamment les be\u0301be\u0301s, a de\u0301sormais commence\u0301 en France, la re\u0301gion parisienne e\u0301tant la premie\u0300re a\u0300 e\u0302tre touche\u0301e, a annonce\u0301 le 29 octobre l\u2019agence de sante\u0301 publique. Lors de la semaine e\u0301coule\u0301e au 26 octobre, \u00ab les indicateurs syndromiques lie\u0301s a\u0300 la bronchiolite augmentaient en ville et [&hellip;]<\/p>\n","protected":false},"author":82,"featured_media":72219,"comment_status":"open","ping_status":"closed","sticky":false,"template":"","format":"standard","meta":{"footnotes":""},"categories":[22,10],"tags":[44],"class_list":["post-72220","post","type-post","status-publish","format-standard","has-post-thumbnail","hentry","category-divers","category-toutes-les-actualites","tag-senegal-2"],"yoast_head":"<!-- This site is optimized with the Yoast SEO Premium plugin v26.1 (Yoast SEO v27.0) - https:\/\/yoast.com\/product\/yoast-seo-premium-wordpress\/ -->\n<title>\u00c9pid\u00e9mie de Bronchiolite Commence en France - Senegal<\/title>\n<meta name=\"description\" content=\"L\u2019e\u0301pide\u0301mie annuelle de bronchiolite, qui frappe notamment les be\u0301be\u0301s, a de\u0301sormais commence\u0301 en France, la re\u0301gion pa ...\" \/>\n<meta name=\"robots\" content=\"index, follow, max-snippet:-1, max-image-preview:large, max-video-preview:-1\" \/>\n<link rel=\"canonical\" href=\"https:\/\/www.africa-press.net\/senegal\/toutes-les-actualites\/epidemie-de-bronchiolite-commence-en-france\" \/>\n<meta property=\"og:locale\" content=\"fr_FR\" \/>\n<meta property=\"og:type\" content=\"article\" \/>\n<meta property=\"og:title\" content=\"\u00c9pid\u00e9mie de Bronchiolite Commence en France\" \/>\n<meta property=\"og:description\" content=\"L\u2019e\u0301pide\u0301mie annuelle de bronchiolite, qui frappe notamment les be\u0301be\u0301s, a de\u0301sormais commence\u0301 en France, la re\u0301gion pa ...\" \/>\n<meta property=\"og:url\" content=\"https:\/\/www.africa-press.net\/senegal\/toutes-les-actualites\/epidemie-de-bronchiolite-commence-en-france\" \/>\n<meta property=\"og:site_name\" content=\"Senegal\" \/>\n<meta property=\"article:published_time\" content=\"2025-11-01T12:00:00+00:00\" \/>\n<meta property=\"article:modified_time\" content=\"2025-11-01T20:10:06+00:00\" \/>\n<meta property=\"og:image\" content=\"https:\/\/static.africa-press.net\/senegal\/sites\/13\/2025\/11\/sm_1762056296.260578.jpg\" \/>\n\t<meta property=\"og:image:width\" content=\"1280\" \/>\n\t<meta property=\"og:image:height\" content=\"720\" \/>\n\t<meta property=\"og:image:type\" content=\"image\/jpeg\" \/>\n<meta name=\"author\" content=\"cfeditorfr\" \/>\n<meta name=\"twitter:card\" content=\"summary_large_image\" \/>\n<meta name=\"twitter:label1\" content=\"\u00c9crit par\" \/>\n\t<meta name=\"twitter:data1\" content=\"cfeditorfr\" \/>\n\t<meta name=\"twitter:label2\" content=\"Dur\u00e9e de lecture estim\u00e9e\" \/>\n\t<meta name=\"twitter:data2\" content=\"2 minutes\" \/>\n<script type=\"application\/ld+json\" class=\"yoast-schema-graph\">{\"@context\":\"https:\/\/schema.org\",\"@graph\":[{\"@type\":\"Article\",\"@id\":\"https:\/\/www.africa-press.net\/senegal\/toutes-les-actualites\/epidemie-de-bronchiolite-commence-en-france#article\",\"isPartOf\":{\"@id\":\"https:\/\/www.africa-press.net\/senegal\/toutes-les-actualites\/epidemie-de-bronchiolite-commence-en-france\"},\"author\":{\"name\":\"cfeditorfr\",\"@id\":\"https:\/\/www.africa-press.net\/senegal\/#\/schema\/person\/2b1cf3cd81a31e3cd26889ca66d677f1\"},\"headline\":\"\u00c9pid\u00e9mie de Bronchiolite Commence en France\",\"datePublished\":\"2025-11-01T12:00:00+00:00\",\"dateModified\":\"2025-11-01T20:10:06+00:00\",\"mainEntityOfPage\":{\"@id\":\"https:\/\/www.africa-press.net\/senegal\/toutes-les-actualites\/epidemie-de-bronchiolite-commence-en-france\"},\"wordCount\":488,\"commentCount\":0,\"image\":{\"@id\":\"https:\/\/www.africa-press.net\/senegal\/toutes-les-actualites\/epidemie-de-bronchiolite-commence-en-france#primaryimage\"},\"thumbnailUrl\":\"https:\/\/static.africa-press.net\/senegal\/sites\/13\/2025\/11\/sm_1762056296.260578.jpg\",\"keywords\":[\"Senegal\"],\"articleSection\":[\"Divers\",\"Toutes les actualit\u00e9s\"],\"inLanguage\":\"fr-FR\",\"potentialAction\":[{\"@type\":\"CommentAction\",\"name\":\"Comment\",\"target\":[\"https:\/\/www.africa-press.net\/senegal\/toutes-les-actualites\/epidemie-de-bronchiolite-commence-en-france#respond\"]}]},{\"@type\":\"WebPage\",\"@id\":\"https:\/\/www.africa-press.net\/senegal\/toutes-les-actualites\/epidemie-de-bronchiolite-commence-en-france\",\"url\":\"https:\/\/www.africa-press.net\/senegal\/toutes-les-actualites\/epidemie-de-bronchiolite-commence-en-france\",\"name\":\"\u00c9pid\u00e9mie de Bronchiolite Commence en France - Senegal\",\"isPartOf\":{\"@id\":\"https:\/\/www.africa-press.net\/senegal\/#website\"},\"primaryImageOfPage\":{\"@id\":\"https:\/\/www.africa-press.net\/senegal\/toutes-les-actualites\/epidemie-de-bronchiolite-commence-en-france#primaryimage\"},\"image\":{\"@id\":\"https:\/\/www.africa-press.net\/senegal\/toutes-les-actualites\/epidemie-de-bronchiolite-commence-en-france#primaryimage\"},\"thumbnailUrl\":\"https:\/\/static.africa-press.net\/senegal\/sites\/13\/2025\/11\/sm_1762056296.260578.jpg\",\"datePublished\":\"2025-11-01T12:00:00+00:00\",\"dateModified\":\"2025-11-01T20:10:06+00:00\",\"author\":{\"@id\":\"https:\/\/www.africa-press.net\/senegal\/#\/schema\/person\/2b1cf3cd81a31e3cd26889ca66d677f1\"},\"description\":\"L\u2019e\u0301pide\u0301mie annuelle de bronchiolite, qui frappe notamment les be\u0301be\u0301s, a de\u0301sormais commence\u0301 en France, la re\u0301gion pa ...\",\"breadcrumb\":{\"@id\":\"https:\/\/www.africa-press.net\/senegal\/toutes-les-actualites\/epidemie-de-bronchiolite-commence-en-france#breadcrumb\"},\"inLanguage\":\"fr-FR\",\"potentialAction\":[{\"@type\":\"ReadAction\",\"target\":[\"https:\/\/www.africa-press.net\/senegal\/toutes-les-actualites\/epidemie-de-bronchiolite-commence-en-france\"]}]},{\"@type\":\"ImageObject\",\"inLanguage\":\"fr-FR\",\"@id\":\"https:\/\/www.africa-press.net\/senegal\/toutes-les-actualites\/epidemie-de-bronchiolite-commence-en-france#primaryimage\",\"url\":\"https:\/\/static.africa-press.net\/senegal\/sites\/13\/2025\/11\/sm_1762056296.260578.jpg\",\"contentUrl\":\"https:\/\/static.africa-press.net\/senegal\/sites\/13\/2025\/11\/sm_1762056296.260578.jpg\",\"width\":1280,\"height\":720,\"caption\":\"\u00c9pid\u00e9mie de Bronchiolite Commence en France\"},{\"@type\":\"BreadcrumbList\",\"@id\":\"https:\/\/www.africa-press.net\/senegal\/toutes-les-actualites\/epidemie-de-bronchiolite-commence-en-france#breadcrumb\",\"itemListElement\":[{\"@type\":\"ListItem\",\"position\":1,\"name\":\"Accueil\",\"item\":\"https:\/\/www.africa-press.net\/senegal\/\"},{\"@type\":\"ListItem\",\"position\":2,\"name\":\"\u00c9pid\u00e9mie de Bronchiolite Commence en France\"}]},{\"@type\":\"WebSite\",\"@id\":\"https:\/\/www.africa-press.net\/senegal\/#website\",\"url\":\"https:\/\/www.africa-press.net\/senegal\/\",\"name\":\"Africa Press | Senegal | Homepage\",\"description\":\"Just another Africa News Agency Sites site\",\"potentialAction\":[{\"@type\":\"SearchAction\",\"target\":{\"@type\":\"EntryPoint\",\"urlTemplate\":\"https:\/\/www.africa-press.net\/senegal\/?s={search_term_string}\"},\"query-input\":{\"@type\":\"PropertyValueSpecification\",\"valueRequired\":true,\"valueName\":\"search_term_string\"}}],\"inLanguage\":\"fr-FR\"},{\"@type\":\"Person\",\"@id\":\"https:\/\/www.africa-press.net\/senegal\/#\/schema\/person\/2b1cf3cd81a31e3cd26889ca66d677f1\",\"name\":\"cfeditorfr\",\"url\":\"https:\/\/www.africa-press.net\/senegal\/author\/cfeditorfr\"}]}<\/script>\n<!-- \/ Yoast SEO Premium plugin. -->","yoast_head_json":{"title":"\u00c9pid\u00e9mie de Bronchiolite Commence en France - Senegal","description":"L\u2019e\u0301pide\u0301mie annuelle de bronchiolite, qui frappe notamment les be\u0301be\u0301s, a de\u0301sormais commence\u0301 en France, la re\u0301gion pa ...","robots":{"index":"index","follow":"follow","max-snippet":"max-snippet:-1","max-image-preview":"max-image-preview:large","max-video-preview":"max-video-preview:-1"},"canonical":"https:\/\/www.africa-press.net\/senegal\/toutes-les-actualites\/epidemie-de-bronchiolite-commence-en-france","og_locale":"fr_FR","og_type":"article","og_title":"\u00c9pid\u00e9mie de Bronchiolite Commence en France","og_description":"L\u2019e\u0301pide\u0301mie annuelle de bronchiolite, qui frappe notamment les be\u0301be\u0301s, a de\u0301sormais commence\u0301 en France, la re\u0301gion pa ...","og_url":"https:\/\/www.africa-press.net\/senegal\/toutes-les-actualites\/epidemie-de-bronchiolite-commence-en-france","og_site_name":"Senegal","article_published_time":"2025-11-01T12:00:00+00:00","article_modified_time":"2025-11-01T20:10:06+00:00","og_image":[{"width":1280,"height":720,"url":"https:\/\/static.africa-press.net\/senegal\/sites\/13\/2025\/11\/sm_1762056296.260578.jpg","type":"image\/jpeg"}],"author":"cfeditorfr","twitter_card":"summary_large_image","twitter_misc":{"\u00c9crit par":"cfeditorfr","Dur\u00e9e de lecture estim\u00e9e":"2 minutes"},"schema":{"@context":"https:\/\/schema.org","@graph":[{"@type":"Article","@id":"https:\/\/www.africa-press.net\/senegal\/toutes-les-actualites\/epidemie-de-bronchiolite-commence-en-france#article","isPartOf":{"@id":"https:\/\/www.africa-press.net\/senegal\/toutes-les-actualites\/epidemie-de-bronchiolite-commence-en-france"},"author":{"name":"cfeditorfr","@id":"https:\/\/www.africa-press.net\/senegal\/#\/schema\/person\/2b1cf3cd81a31e3cd26889ca66d677f1"},"headline":"\u00c9pid\u00e9mie de Bronchiolite Commence en France","datePublished":"2025-11-01T12:00:00+00:00","dateModified":"2025-11-01T20:10:06+00:00","mainEntityOfPage":{"@id":"https:\/\/www.africa-press.net\/senegal\/toutes-les-actualites\/epidemie-de-bronchiolite-commence-en-france"},"wordCount":488,"commentCount":0,"image":{"@id":"https:\/\/www.africa-press.net\/senegal\/toutes-les-actualites\/epidemie-de-bronchiolite-commence-en-france#primaryimage"},"thumbnailUrl":"https:\/\/static.africa-press.net\/senegal\/sites\/13\/2025\/11\/sm_1762056296.260578.jpg","keywords":["Senegal"],"articleSection":["Divers","Toutes les actualit\u00e9s"],"inLanguage":"fr-FR","potentialAction":[{"@type":"CommentAction","name":"Comment","target":["https:\/\/www.africa-press.net\/senegal\/toutes-les-actualites\/epidemie-de-bronchiolite-commence-en-france#respond"]}]},{"@type":"WebPage","@id":"https:\/\/www.africa-press.net\/senegal\/toutes-les-actualites\/epidemie-de-bronchiolite-commence-en-france","url":"https:\/\/www.africa-press.net\/senegal\/toutes-les-actualites\/epidemie-de-bronchiolite-commence-en-france","name":"\u00c9pid\u00e9mie de Bronchiolite Commence en France - Senegal","isPartOf":{"@id":"https:\/\/www.africa-press.net\/senegal\/#website"},"primaryImageOfPage":{"@id":"https:\/\/www.africa-press.net\/senegal\/toutes-les-actualites\/epidemie-de-bronchiolite-commence-en-france#primaryimage"},"image":{"@id":"https:\/\/www.africa-press.net\/senegal\/toutes-les-actualites\/epidemie-de-bronchiolite-commence-en-france#primaryimage"},"thumbnailUrl":"https:\/\/static.africa-press.net\/senegal\/sites\/13\/2025\/11\/sm_1762056296.260578.jpg","datePublished":"2025-11-01T12:00:00+00:00","dateModified":"2025-11-01T20:10:06+00:00","author":{"@id":"https:\/\/www.africa-press.net\/senegal\/#\/schema\/person\/2b1cf3cd81a31e3cd26889ca66d677f1"},"description":"L\u2019e\u0301pide\u0301mie annuelle de bronchiolite, qui frappe notamment les be\u0301be\u0301s, a de\u0301sormais commence\u0301 en France, la re\u0301gion pa ...","breadcrumb":{"@id":"https:\/\/www.africa-press.net\/senegal\/toutes-les-actualites\/epidemie-de-bronchiolite-commence-en-france#breadcrumb"},"inLanguage":"fr-FR","potentialAction":[{"@type":"ReadAction","target":["https:\/\/www.africa-press.net\/senegal\/toutes-les-actualites\/epidemie-de-bronchiolite-commence-en-france"]}]},{"@type":"ImageObject","inLanguage":"fr-FR","@id":"https:\/\/www.africa-press.net\/senegal\/toutes-les-actualites\/epidemie-de-bronchiolite-commence-en-france#primaryimage","url":"https:\/\/static.africa-press.net\/senegal\/sites\/13\/2025\/11\/sm_1762056296.260578.jpg","contentUrl":"https:\/\/static.africa-press.net\/senegal\/sites\/13\/2025\/11\/sm_1762056296.260578.jpg","width":1280,"height":720,"caption":"\u00c9pid\u00e9mie de Bronchiolite Commence en France"},{"@type":"BreadcrumbList","@id":"https:\/\/www.africa-press.net\/senegal\/toutes-les-actualites\/epidemie-de-bronchiolite-commence-en-france#breadcrumb","itemListElement":[{"@type":"ListItem","position":1,"name":"Accueil","item":"https:\/\/www.africa-press.net\/senegal\/"},{"@type":"ListItem","position":2,"name":"\u00c9pid\u00e9mie de Bronchiolite Commence en France"}]},{"@type":"WebSite","@id":"https:\/\/www.africa-press.net\/senegal\/#website","url":"https:\/\/www.africa-press.net\/senegal\/","name":"Africa Press | Senegal | Homepage","description":"Just another Africa News Agency Sites site","potentialAction":[{"@type":"SearchAction","target":{"@type":"EntryPoint","urlTemplate":"https:\/\/www.africa-press.net\/senegal\/?s={search_term_string}"},"query-input":{"@type":"PropertyValueSpecification","valueRequired":true,"valueName":"search_term_string"}}],"inLanguage":"fr-FR"},{"@type":"Person","@id":"https:\/\/www.africa-press.net\/senegal\/#\/schema\/person\/2b1cf3cd81a31e3cd26889ca66d677f1","name":"cfeditorfr","url":"https:\/\/www.africa-press.net\/senegal\/author\/cfeditorfr"}]}},"_links":{"self":[{"href":"https:\/\/www.africa-press.net\/senegal\/wp-json\/wp\/v2\/posts\/72220","targetHints":{"allow":["GET"]}}],"collection":[{"href":"https:\/\/www.africa-press.net\/senegal\/wp-json\/wp\/v2\/posts"}],"about":[{"href":"https:\/\/www.africa-press.net\/senegal\/wp-json\/wp\/v2\/types\/post"}],"author":[{"embeddable":true,"href":"https:\/\/www.africa-press.net\/senegal\/wp-json\/wp\/v2\/users\/82"}],"replies":[{"embeddable":true,"href":"https:\/\/www.africa-press.net\/senegal\/wp-json\/wp\/v2\/comments?post=72220"}],"version-history":[{"count":0,"href":"https:\/\/www.africa-press.net\/senegal\/wp-json\/wp\/v2\/posts\/72220\/revisions"}],"wp:featuredmedia":[{"embeddable":true,"href":"https:\/\/www.africa-press.net\/senegal\/wp-json\/wp\/v2\/media\/72219"}],"wp:attachment":[{"href":"https:\/\/www.africa-press.net\/senegal\/wp-json\/wp\/v2\/media?parent=72220"}],"wp:term":[{"taxonomy":"category","embeddable":true,"href":"https:\/\/www.africa-press.net\/senegal\/wp-json\/wp\/v2\/categories?post=72220"},{"taxonomy":"post_tag","embeddable":true,"href":"https:\/\/www.africa-press.net\/senegal\/wp-json\/wp\/v2\/tags?post=72220"}],"curies":[{"name":"wp","href":"https:\/\/api.w.org\/{rel}","templated":true}]}}