{"id":72228,"date":"2025-11-01T12:00:00","date_gmt":"2025-11-01T12:00:00","guid":{"rendered":"https:\/\/www.africa-press.net\/senegal\/politique\/26-millions-de-congolais-menaces-de-sous-nutrition-en-2026"},"modified":"2025-11-01T21:27:24","modified_gmt":"2025-11-01T21:27:24","slug":"26-millions-de-congolais-menaces-de-sous-nutrition-en-2026","status":"publish","type":"post","link":"https:\/\/www.africa-press.net\/senegal\/toutes-les-actualites\/26-millions-de-congolais-menaces-de-sous-nutrition-en-2026","title":{"rendered":"26 Millions de Congolais Menac\u00e9s de Sous-Nutrition en 2026"},"content":{"rendered":"<p><span style=\"color: #ff6600\"><strong>Africa-Press &#8211; Senegal. <\/strong><\/span>Plus de 26 millions de personnes risquent de se trouver en situation d\u2019inse\u0301curite\u0301 alimentaire se\u0301ve\u0300re d\u2019ici de\u0301but 2026 en Re\u0301publique de\u0301mocratique du Congo (RDC), dans un contexte de baisse drastique de l\u2019aide internationale, a alerte\u0301 l\u2019ONU jeudi.<\/p>\n<p>L\u2019est de la RDC, riche en ressources naturelles et frontalier du Rwanda, est en proie a\u0300 des conflits depuis 30 ans. Les violences se sont intensifie\u0301es depuis janvier avec la prise des villes de Goma et de Bukavu par le groupe arme\u0301 M23, soutenu par Kigali.<\/p>\n<p>Ces violences ont cause\u0301 des milliers de morts et de\u0301place\u0301 des millions de personnes, aggravant une crise alimentaire de\u0301ja\u0300 se\u0301ve\u0300re.<\/p>\n<p>26,6 millions de personnes dans le pays devraient e\u0302tre confronte\u0301es \u00ab a\u0300 des niveaux de crise alimentaire se\u0301ve\u0300re ou pire d\u2019ici de\u0301but 2026 \u00bb, contre 24,8 millions en 2025, ont de\u0301clare\u0301 l\u2019Organisation des Nations Unies pour l\u2019alimentation et l\u2019agriculture (FAO) et le Programme alimentaire mondial (PAM) dans un communique\u0301 conjoint parvenu jeudi a\u0300 l\u2019AFP.<\/p>\n<p>Parmi elles, 3,9 millions devraient se trouver en situation \u00ab d\u2019urgence alimentaire \u00bb, contre 3,2 millions en 2025, pre\u0301cise le communique\u0301, qui s\u2019appuie sur la dernie\u0300re analyse de l\u2019IPC (Cadre inte\u0301gre\u0301 de classification de la se\u0301curite\u0301 alimentaire), un organisme mandate\u0301 par les Nations unies.<\/p>\n<p>Les provinces orientales du Nord-Kivu, du Sud-Kivu, de l\u2019Ituri et du Tanganyika concentrent 75% de ces cas d\u2019urgence, ajoute le texte.<\/p>\n<p><b>Baisse des financements humanitaires<\/b><\/p>\n<p>A l\u2019instar d\u2019autres organisations internationales, les deux agences alertent sur la nette baisse des financements humanitaires alors que se tenait jeudi a\u0300 Paris une confe\u0301rence internationale ayant pour objectif de mobiliser la communaute\u0301 mondiale face a\u0300 l\u2019urgence dans l\u2019est de la RDC.<\/p>\n<p>La FAO dit n\u2019avoir pu assister que 217.000 personnes sur les 3,6 millions pre\u0301vues fin aou\u0302t, faute de financement. Elle sollicite 127 millions de dollars pour soutenir 2,4 millions de personnes en 2026.<\/p>\n<p>Confronte\u0301 a\u0300 un de\u0301ficit de 349 millions de dollars jusqu\u2019en avril, le PAM a re\u0301duit son aide de 2,3 millions a\u0300 600.000 be\u0301ne\u0301ficiaires cette anne\u0301e, et une rupture totale de l\u2019approvisionnement est attendue de\u0300s fe\u0301vrier, selon l\u2019organisation.<\/p>\n<p>\u00ab Sans ressources et actions urgentes, des millions de vies sont en danger \u00bb, a estime\u0301 Cynthia Jones, directrice pays par inte\u0301rim du PAM.<\/p>\n<p>La malnutrition infantile reste e\u0301galement pre\u0301occupante, avec 3,2 millions d\u2019enfants souffrant de retard de croissance lie\u0301 a\u0300 la sous-nutrition chronique, ajoute le texte.<\/p>\n<p>\u00ab L\u2019aide agricole d\u2019urgence est l\u2019un des moyens les plus rentables pour re\u0301pondre aux besoins humanitaires \u00bb, a plaide\u0301 Athman Mravili, repre\u0301sentant par inte\u0301rim de la FAO en RDC, cite\u0301 dans le communique\u0301.<\/p>\n<p><strong>Pour plus d&rsquo;informations et d&rsquo;analyses sur la <span style=\"color: #ff6600\">Senegal<\/span>, suivez <span style=\"color: #ff6600\">Africa-Press<\/span><\/strong><\/p>\n","protected":false},"excerpt":{"rendered":"<p>Africa-Press &#8211; Senegal. Plus de 26 millions de personnes risquent de se trouver en situation d\u2019inse\u0301curite\u0301 alimentaire se\u0301ve\u0300re d\u2019ici de\u0301but 2026 en Re\u0301publique de\u0301mocratique du Congo (RDC), dans un contexte de baisse drastique de l\u2019aide internationale, a alerte\u0301 l\u2019ONU jeudi. L\u2019est de la RDC, riche en ressources naturelles et frontalier du Rwanda, est en proie [&hellip;]<\/p>\n","protected":false},"author":82,"featured_media":72227,"comment_status":"open","ping_status":"closed","sticky":false,"template":"","format":"standard","meta":{"footnotes":""},"categories":[22,10],"tags":[44],"class_list":["post-72228","post","type-post","status-publish","format-standard","has-post-thumbnail","hentry","category-divers","category-toutes-les-actualites","tag-senegal-2"],"yoast_head":"<!-- This site is optimized with the Yoast SEO Premium plugin v26.1 (Yoast SEO v27.0) - https:\/\/yoast.com\/product\/yoast-seo-premium-wordpress\/ -->\n<title>26 Millions de Congolais Menac\u00e9s de Sous-Nutrition en 2026 - Senegal<\/title>\n<meta name=\"description\" content=\"Plus de 26 millions de personnes risquent de se trouver en situation d\u2019inse\u0301curite\u0301 alimentaire se\u0301ve\u0300re d\u2019ici de\u0301but 20 ...\" \/>\n<meta name=\"robots\" content=\"index, follow, max-snippet:-1, max-image-preview:large, max-video-preview:-1\" \/>\n<link rel=\"canonical\" href=\"https:\/\/www.africa-press.net\/senegal\/toutes-les-actualites\/26-millions-de-congolais-menaces-de-sous-nutrition-en-2026\" \/>\n<meta property=\"og:locale\" content=\"fr_FR\" \/>\n<meta property=\"og:type\" content=\"article\" \/>\n<meta property=\"og:title\" content=\"26 Millions de Congolais Menac\u00e9s de Sous-Nutrition en 2026\" \/>\n<meta property=\"og:description\" content=\"Plus de 26 millions de personnes risquent de se trouver en situation d\u2019inse\u0301curite\u0301 alimentaire se\u0301ve\u0300re d\u2019ici de\u0301but 20 ...\" \/>\n<meta property=\"og:url\" content=\"https:\/\/www.africa-press.net\/senegal\/toutes-les-actualites\/26-millions-de-congolais-menaces-de-sous-nutrition-en-2026\" \/>\n<meta property=\"og:site_name\" content=\"Senegal\" \/>\n<meta property=\"article:published_time\" content=\"2025-11-01T12:00:00+00:00\" \/>\n<meta property=\"article:modified_time\" content=\"2025-11-01T21:27:24+00:00\" \/>\n<meta property=\"og:image\" content=\"https:\/\/static.africa-press.net\/senegal\/sites\/13\/2025\/11\/sm_1762060973.839148.jpg\" \/>\n\t<meta property=\"og:image:width\" content=\"1280\" \/>\n\t<meta property=\"og:image:height\" content=\"720\" \/>\n\t<meta property=\"og:image:type\" content=\"image\/jpeg\" \/>\n<meta name=\"author\" content=\"cfeditorfr\" \/>\n<meta name=\"twitter:card\" content=\"summary_large_image\" \/>\n<meta name=\"twitter:label1\" content=\"\u00c9crit par\" \/>\n\t<meta name=\"twitter:data1\" content=\"cfeditorfr\" \/>\n\t<meta name=\"twitter:label2\" content=\"Dur\u00e9e de lecture estim\u00e9e\" \/>\n\t<meta name=\"twitter:data2\" content=\"2 minutes\" \/>\n<script type=\"application\/ld+json\" class=\"yoast-schema-graph\">{\"@context\":\"https:\/\/schema.org\",\"@graph\":[{\"@type\":\"Article\",\"@id\":\"https:\/\/www.africa-press.net\/senegal\/toutes-les-actualites\/26-millions-de-congolais-menaces-de-sous-nutrition-en-2026#article\",\"isPartOf\":{\"@id\":\"https:\/\/www.africa-press.net\/senegal\/toutes-les-actualites\/26-millions-de-congolais-menaces-de-sous-nutrition-en-2026\"},\"author\":{\"name\":\"cfeditorfr\",\"@id\":\"https:\/\/www.africa-press.net\/senegal\/#\/schema\/person\/2b1cf3cd81a31e3cd26889ca66d677f1\"},\"headline\":\"26 Millions de Congolais Menac\u00e9s de Sous-Nutrition en 2026\",\"datePublished\":\"2025-11-01T12:00:00+00:00\",\"dateModified\":\"2025-11-01T21:27:24+00:00\",\"mainEntityOfPage\":{\"@id\":\"https:\/\/www.africa-press.net\/senegal\/toutes-les-actualites\/26-millions-de-congolais-menaces-de-sous-nutrition-en-2026\"},\"wordCount\":477,\"commentCount\":0,\"image\":{\"@id\":\"https:\/\/www.africa-press.net\/senegal\/toutes-les-actualites\/26-millions-de-congolais-menaces-de-sous-nutrition-en-2026#primaryimage\"},\"thumbnailUrl\":\"https:\/\/static.africa-press.net\/senegal\/sites\/13\/2025\/11\/sm_1762060973.839148.jpg\",\"keywords\":[\"Senegal\"],\"articleSection\":[\"Divers\",\"Toutes les actualit\u00e9s\"],\"inLanguage\":\"fr-FR\",\"potentialAction\":[{\"@type\":\"CommentAction\",\"name\":\"Comment\",\"target\":[\"https:\/\/www.africa-press.net\/senegal\/toutes-les-actualites\/26-millions-de-congolais-menaces-de-sous-nutrition-en-2026#respond\"]}]},{\"@type\":\"WebPage\",\"@id\":\"https:\/\/www.africa-press.net\/senegal\/toutes-les-actualites\/26-millions-de-congolais-menaces-de-sous-nutrition-en-2026\",\"url\":\"https:\/\/www.africa-press.net\/senegal\/toutes-les-actualites\/26-millions-de-congolais-menaces-de-sous-nutrition-en-2026\",\"name\":\"26 Millions de Congolais Menac\u00e9s de Sous-Nutrition en 2026 - Senegal\",\"isPartOf\":{\"@id\":\"https:\/\/www.africa-press.net\/senegal\/#website\"},\"primaryImageOfPage\":{\"@id\":\"https:\/\/www.africa-press.net\/senegal\/toutes-les-actualites\/26-millions-de-congolais-menaces-de-sous-nutrition-en-2026#primaryimage\"},\"image\":{\"@id\":\"https:\/\/www.africa-press.net\/senegal\/toutes-les-actualites\/26-millions-de-congolais-menaces-de-sous-nutrition-en-2026#primaryimage\"},\"thumbnailUrl\":\"https:\/\/static.africa-press.net\/senegal\/sites\/13\/2025\/11\/sm_1762060973.839148.jpg\",\"datePublished\":\"2025-11-01T12:00:00+00:00\",\"dateModified\":\"2025-11-01T21:27:24+00:00\",\"author\":{\"@id\":\"https:\/\/www.africa-press.net\/senegal\/#\/schema\/person\/2b1cf3cd81a31e3cd26889ca66d677f1\"},\"description\":\"Plus de 26 millions de personnes risquent de se trouver en situation d\u2019inse\u0301curite\u0301 alimentaire se\u0301ve\u0300re d\u2019ici de\u0301but 20 ...\",\"breadcrumb\":{\"@id\":\"https:\/\/www.africa-press.net\/senegal\/toutes-les-actualites\/26-millions-de-congolais-menaces-de-sous-nutrition-en-2026#breadcrumb\"},\"inLanguage\":\"fr-FR\",\"potentialAction\":[{\"@type\":\"ReadAction\",\"target\":[\"https:\/\/www.africa-press.net\/senegal\/toutes-les-actualites\/26-millions-de-congolais-menaces-de-sous-nutrition-en-2026\"]}]},{\"@type\":\"ImageObject\",\"inLanguage\":\"fr-FR\",\"@id\":\"https:\/\/www.africa-press.net\/senegal\/toutes-les-actualites\/26-millions-de-congolais-menaces-de-sous-nutrition-en-2026#primaryimage\",\"url\":\"https:\/\/static.africa-press.net\/senegal\/sites\/13\/2025\/11\/sm_1762060973.839148.jpg\",\"contentUrl\":\"https:\/\/static.africa-press.net\/senegal\/sites\/13\/2025\/11\/sm_1762060973.839148.jpg\",\"width\":1280,\"height\":720,\"caption\":\"26 Millions de Congolais Menac\u00e9s de Sous-Nutrition en 2026\"},{\"@type\":\"BreadcrumbList\",\"@id\":\"https:\/\/www.africa-press.net\/senegal\/toutes-les-actualites\/26-millions-de-congolais-menaces-de-sous-nutrition-en-2026#breadcrumb\",\"itemListElement\":[{\"@type\":\"ListItem\",\"position\":1,\"name\":\"Accueil\",\"item\":\"https:\/\/www.africa-press.net\/senegal\/\"},{\"@type\":\"ListItem\",\"position\":2,\"name\":\"26 Millions de Congolais Menac\u00e9s de Sous-Nutrition en 2026\"}]},{\"@type\":\"WebSite\",\"@id\":\"https:\/\/www.africa-press.net\/senegal\/#website\",\"url\":\"https:\/\/www.africa-press.net\/senegal\/\",\"name\":\"Africa Press | Senegal | Homepage\",\"description\":\"Just another Africa News Agency Sites site\",\"potentialAction\":[{\"@type\":\"SearchAction\",\"target\":{\"@type\":\"EntryPoint\",\"urlTemplate\":\"https:\/\/www.africa-press.net\/senegal\/?s={search_term_string}\"},\"query-input\":{\"@type\":\"PropertyValueSpecification\",\"valueRequired\":true,\"valueName\":\"search_term_string\"}}],\"inLanguage\":\"fr-FR\"},{\"@type\":\"Person\",\"@id\":\"https:\/\/www.africa-press.net\/senegal\/#\/schema\/person\/2b1cf3cd81a31e3cd26889ca66d677f1\",\"name\":\"cfeditorfr\",\"url\":\"https:\/\/www.africa-press.net\/senegal\/author\/cfeditorfr\"}]}<\/script>\n<!-- \/ Yoast SEO Premium plugin. -->","yoast_head_json":{"title":"26 Millions de Congolais Menac\u00e9s de Sous-Nutrition en 2026 - Senegal","description":"Plus de 26 millions de personnes risquent de se trouver en situation d\u2019inse\u0301curite\u0301 alimentaire se\u0301ve\u0300re d\u2019ici de\u0301but 20 ...","robots":{"index":"index","follow":"follow","max-snippet":"max-snippet:-1","max-image-preview":"max-image-preview:large","max-video-preview":"max-video-preview:-1"},"canonical":"https:\/\/www.africa-press.net\/senegal\/toutes-les-actualites\/26-millions-de-congolais-menaces-de-sous-nutrition-en-2026","og_locale":"fr_FR","og_type":"article","og_title":"26 Millions de Congolais Menac\u00e9s de Sous-Nutrition en 2026","og_description":"Plus de 26 millions de personnes risquent de se trouver en situation d\u2019inse\u0301curite\u0301 alimentaire se\u0301ve\u0300re d\u2019ici de\u0301but 20 ...","og_url":"https:\/\/www.africa-press.net\/senegal\/toutes-les-actualites\/26-millions-de-congolais-menaces-de-sous-nutrition-en-2026","og_site_name":"Senegal","article_published_time":"2025-11-01T12:00:00+00:00","article_modified_time":"2025-11-01T21:27:24+00:00","og_image":[{"width":1280,"height":720,"url":"https:\/\/static.africa-press.net\/senegal\/sites\/13\/2025\/11\/sm_1762060973.839148.jpg","type":"image\/jpeg"}],"author":"cfeditorfr","twitter_card":"summary_large_image","twitter_misc":{"\u00c9crit par":"cfeditorfr","Dur\u00e9e de lecture estim\u00e9e":"2 minutes"},"schema":{"@context":"https:\/\/schema.org","@graph":[{"@type":"Article","@id":"https:\/\/www.africa-press.net\/senegal\/toutes-les-actualites\/26-millions-de-congolais-menaces-de-sous-nutrition-en-2026#article","isPartOf":{"@id":"https:\/\/www.africa-press.net\/senegal\/toutes-les-actualites\/26-millions-de-congolais-menaces-de-sous-nutrition-en-2026"},"author":{"name":"cfeditorfr","@id":"https:\/\/www.africa-press.net\/senegal\/#\/schema\/person\/2b1cf3cd81a31e3cd26889ca66d677f1"},"headline":"26 Millions de Congolais Menac\u00e9s de Sous-Nutrition en 2026","datePublished":"2025-11-01T12:00:00+00:00","dateModified":"2025-11-01T21:27:24+00:00","mainEntityOfPage":{"@id":"https:\/\/www.africa-press.net\/senegal\/toutes-les-actualites\/26-millions-de-congolais-menaces-de-sous-nutrition-en-2026"},"wordCount":477,"commentCount":0,"image":{"@id":"https:\/\/www.africa-press.net\/senegal\/toutes-les-actualites\/26-millions-de-congolais-menaces-de-sous-nutrition-en-2026#primaryimage"},"thumbnailUrl":"https:\/\/static.africa-press.net\/senegal\/sites\/13\/2025\/11\/sm_1762060973.839148.jpg","keywords":["Senegal"],"articleSection":["Divers","Toutes les actualit\u00e9s"],"inLanguage":"fr-FR","potentialAction":[{"@type":"CommentAction","name":"Comment","target":["https:\/\/www.africa-press.net\/senegal\/toutes-les-actualites\/26-millions-de-congolais-menaces-de-sous-nutrition-en-2026#respond"]}]},{"@type":"WebPage","@id":"https:\/\/www.africa-press.net\/senegal\/toutes-les-actualites\/26-millions-de-congolais-menaces-de-sous-nutrition-en-2026","url":"https:\/\/www.africa-press.net\/senegal\/toutes-les-actualites\/26-millions-de-congolais-menaces-de-sous-nutrition-en-2026","name":"26 Millions de Congolais Menac\u00e9s de Sous-Nutrition en 2026 - Senegal","isPartOf":{"@id":"https:\/\/www.africa-press.net\/senegal\/#website"},"primaryImageOfPage":{"@id":"https:\/\/www.africa-press.net\/senegal\/toutes-les-actualites\/26-millions-de-congolais-menaces-de-sous-nutrition-en-2026#primaryimage"},"image":{"@id":"https:\/\/www.africa-press.net\/senegal\/toutes-les-actualites\/26-millions-de-congolais-menaces-de-sous-nutrition-en-2026#primaryimage"},"thumbnailUrl":"https:\/\/static.africa-press.net\/senegal\/sites\/13\/2025\/11\/sm_1762060973.839148.jpg","datePublished":"2025-11-01T12:00:00+00:00","dateModified":"2025-11-01T21:27:24+00:00","author":{"@id":"https:\/\/www.africa-press.net\/senegal\/#\/schema\/person\/2b1cf3cd81a31e3cd26889ca66d677f1"},"description":"Plus de 26 millions de personnes risquent de se trouver en situation d\u2019inse\u0301curite\u0301 alimentaire se\u0301ve\u0300re d\u2019ici de\u0301but 20 ...","breadcrumb":{"@id":"https:\/\/www.africa-press.net\/senegal\/toutes-les-actualites\/26-millions-de-congolais-menaces-de-sous-nutrition-en-2026#breadcrumb"},"inLanguage":"fr-FR","potentialAction":[{"@type":"ReadAction","target":["https:\/\/www.africa-press.net\/senegal\/toutes-les-actualites\/26-millions-de-congolais-menaces-de-sous-nutrition-en-2026"]}]},{"@type":"ImageObject","inLanguage":"fr-FR","@id":"https:\/\/www.africa-press.net\/senegal\/toutes-les-actualites\/26-millions-de-congolais-menaces-de-sous-nutrition-en-2026#primaryimage","url":"https:\/\/static.africa-press.net\/senegal\/sites\/13\/2025\/11\/sm_1762060973.839148.jpg","contentUrl":"https:\/\/static.africa-press.net\/senegal\/sites\/13\/2025\/11\/sm_1762060973.839148.jpg","width":1280,"height":720,"caption":"26 Millions de Congolais Menac\u00e9s de Sous-Nutrition en 2026"},{"@type":"BreadcrumbList","@id":"https:\/\/www.africa-press.net\/senegal\/toutes-les-actualites\/26-millions-de-congolais-menaces-de-sous-nutrition-en-2026#breadcrumb","itemListElement":[{"@type":"ListItem","position":1,"name":"Accueil","item":"https:\/\/www.africa-press.net\/senegal\/"},{"@type":"ListItem","position":2,"name":"26 Millions de Congolais Menac\u00e9s de Sous-Nutrition en 2026"}]},{"@type":"WebSite","@id":"https:\/\/www.africa-press.net\/senegal\/#website","url":"https:\/\/www.africa-press.net\/senegal\/","name":"Africa Press | Senegal | Homepage","description":"Just another Africa News Agency Sites site","potentialAction":[{"@type":"SearchAction","target":{"@type":"EntryPoint","urlTemplate":"https:\/\/www.africa-press.net\/senegal\/?s={search_term_string}"},"query-input":{"@type":"PropertyValueSpecification","valueRequired":true,"valueName":"search_term_string"}}],"inLanguage":"fr-FR"},{"@type":"Person","@id":"https:\/\/www.africa-press.net\/senegal\/#\/schema\/person\/2b1cf3cd81a31e3cd26889ca66d677f1","name":"cfeditorfr","url":"https:\/\/www.africa-press.net\/senegal\/author\/cfeditorfr"}]}},"_links":{"self":[{"href":"https:\/\/www.africa-press.net\/senegal\/wp-json\/wp\/v2\/posts\/72228","targetHints":{"allow":["GET"]}}],"collection":[{"href":"https:\/\/www.africa-press.net\/senegal\/wp-json\/wp\/v2\/posts"}],"about":[{"href":"https:\/\/www.africa-press.net\/senegal\/wp-json\/wp\/v2\/types\/post"}],"author":[{"embeddable":true,"href":"https:\/\/www.africa-press.net\/senegal\/wp-json\/wp\/v2\/users\/82"}],"replies":[{"embeddable":true,"href":"https:\/\/www.africa-press.net\/senegal\/wp-json\/wp\/v2\/comments?post=72228"}],"version-history":[{"count":0,"href":"https:\/\/www.africa-press.net\/senegal\/wp-json\/wp\/v2\/posts\/72228\/revisions"}],"wp:featuredmedia":[{"embeddable":true,"href":"https:\/\/www.africa-press.net\/senegal\/wp-json\/wp\/v2\/media\/72227"}],"wp:attachment":[{"href":"https:\/\/www.africa-press.net\/senegal\/wp-json\/wp\/v2\/media?parent=72228"}],"wp:term":[{"taxonomy":"category","embeddable":true,"href":"https:\/\/www.africa-press.net\/senegal\/wp-json\/wp\/v2\/categories?post=72228"},{"taxonomy":"post_tag","embeddable":true,"href":"https:\/\/www.africa-press.net\/senegal\/wp-json\/wp\/v2\/tags?post=72228"}],"curies":[{"name":"wp","href":"https:\/\/api.w.org\/{rel}","templated":true}]}}