{"id":72433,"date":"2025-11-08T12:10:00","date_gmt":"2025-11-08T12:10:00","guid":{"rendered":"https:\/\/www.africa-press.net\/senegal\/politique\/deuxieme-edition-du-congres-africain-de-pharmacie"},"modified":"2025-11-09T00:53:28","modified_gmt":"2025-11-09T00:53:28","slug":"deuxieme-edition-du-congres-africain-de-pharmacie","status":"publish","type":"post","link":"https:\/\/www.africa-press.net\/senegal\/toutes-les-actualites\/deuxieme-edition-du-congres-africain-de-pharmacie","title":{"rendered":"Deuxi\u00e8me \u00c9dition du Congr\u00e8s Africain de Pharmacie"},"content":{"rendered":"<p><span style=\"color: #ff6600\"><strong>Africa-Press &#8211; Senegal. <\/strong><\/span>Des universitaires, chercheurs, pharmaciens et des professionnels de la sante\u0301 venus de plusieurs pays d\u2019Afrique ont pris part a\u0300 l\u2019ouverture de la deuxie\u0300me e\u0301dition du Congre\u0300s africain de pharmacie hospitalie\u0300re, vendredi soir, a\u0300 Saly (ouest) a constate\u0301 l\u2019APS.<\/p>\n<p>Cette rencontre qui se tient en terre se\u0301ne\u0301galaise a e\u0301te\u0301 coorganise\u0301e avec le Maroc et le Cameroun.<\/p>\n<p>\u201cNous Africains, [partions] souvent a\u0300 des congre\u0300s dans les pays europe\u0301ens. Et on s\u2019est dit pourquoi ne pas organiser ici en Afrique, notre propre congre\u0300s. C\u2019est la\u0300 que nous avons organise\u0301 en 2023 au Maroc la premie\u0300re e\u0301dition\u201d, a explique\u0301 Mor Fall, pre\u0301sident des pharmacies hospitalie\u0300res du Se\u0301ne\u0301gal.<\/p>\n<p>\u201dPharmacie hospitalie\u0300re et innovation\u201d, est le the\u0300me central de cette rencontre, dont les sous-the\u0300mes portent sur la reconstruction des me\u0301dicaments anti-cance\u0301reux, la vigilance sanitaire, la ste\u0301rilisation hospitalie\u0300re et la souverainete\u0301 pharmaceutique.<\/p>\n<p>\u201dSi nous parvenons a\u0300 harmoniser tous les actes professionnels et tout ce qui touche a\u0300 la re\u0301glementation et a\u0300 l\u2019environnement de notre syste\u0300me de sante\u0301, cela nous aidera a\u0300 garantir une meilleure prise en charge des besoins de sante\u0301 des populations\u201d, a souligne\u0301 Amath Niang, pre\u0301sident de l\u2019Ordre des pharmaciens et pre\u0301sident du comite\u0301 de lutte contre le trafic illicite des me\u0301dicaments.<\/p>\n<p>Le directeur de cabinet du ministe\u0300re de la Sante\u0301 et de l\u2019Hygie\u0300ne publique, docteur Samba Cor Sarr, en pre\u0301sidant la rencontre, a exprime\u0301 le soutien de la tutelle a\u0300 ces initiatives qui, selon lui, contribuent a\u0300 la \u201ctransformation syste\u0301mique du secteur de la sante\u0301\u201d.<\/p>\n<p>La Pharmacie nationale d\u2019approvisionnement (PNA) a e\u0301te\u0301 choisie comme le parrain de la deuxie\u0300me e\u0301dition du Congre\u0300s africain de pharmacie hospitalie\u0300re.<\/p>\n<p><strong>Pour plus d&rsquo;informations et d&rsquo;analyses sur la <span style=\"color: #ff6600\">Senegal<\/span>, suivez <span style=\"color: #ff6600\">Africa-Press<\/span><\/strong><\/p>\n","protected":false},"excerpt":{"rendered":"<p>Africa-Press &#8211; Senegal. Des universitaires, chercheurs, pharmaciens et des professionnels de la sante\u0301 venus de plusieurs pays d\u2019Afrique ont pris part a\u0300 l\u2019ouverture de la deuxie\u0300me e\u0301dition du Congre\u0300s africain de pharmacie hospitalie\u0300re, vendredi soir, a\u0300 Saly (ouest) a constate\u0301 l\u2019APS. Cette rencontre qui se tient en terre se\u0301ne\u0301galaise a e\u0301te\u0301 coorganise\u0301e avec le Maroc [&hellip;]<\/p>\n","protected":false},"author":82,"featured_media":72432,"comment_status":"open","ping_status":"closed","sticky":false,"template":"","format":"standard","meta":{"footnotes":""},"categories":[21,10],"tags":[44],"class_list":["post-72433","post","type-post","status-publish","format-standard","has-post-thumbnail","hentry","category-communaute","category-toutes-les-actualites","tag-senegal-2"],"yoast_head":"<!-- This site is optimized with the Yoast SEO Premium plugin v26.1 (Yoast SEO v27.0) - https:\/\/yoast.com\/product\/yoast-seo-premium-wordpress\/ -->\n<title>Deuxi\u00e8me \u00c9dition du Congr\u00e8s Africain de Pharmacie - Senegal<\/title>\n<meta name=\"description\" content=\"Des universitaires, chercheurs, pharmaciens et des professionnels de la sante\u0301 venus de plusieurs pays d\u2019Afrique ont pri ...\" \/>\n<meta name=\"robots\" content=\"index, follow, max-snippet:-1, max-image-preview:large, max-video-preview:-1\" \/>\n<link rel=\"canonical\" href=\"https:\/\/www.africa-press.net\/senegal\/toutes-les-actualites\/deuxieme-edition-du-congres-africain-de-pharmacie\" \/>\n<meta property=\"og:locale\" content=\"fr_FR\" \/>\n<meta property=\"og:type\" content=\"article\" \/>\n<meta property=\"og:title\" content=\"Deuxi\u00e8me \u00c9dition du Congr\u00e8s Africain de Pharmacie\" \/>\n<meta property=\"og:description\" content=\"Des universitaires, chercheurs, pharmaciens et des professionnels de la sante\u0301 venus de plusieurs pays d\u2019Afrique ont pri ...\" \/>\n<meta property=\"og:url\" content=\"https:\/\/www.africa-press.net\/senegal\/toutes-les-actualites\/deuxieme-edition-du-congres-africain-de-pharmacie\" \/>\n<meta property=\"og:site_name\" content=\"Senegal\" \/>\n<meta property=\"article:published_time\" content=\"2025-11-08T12:10:00+00:00\" \/>\n<meta property=\"article:modified_time\" content=\"2025-11-09T00:53:28+00:00\" \/>\n<meta property=\"og:image\" content=\"https:\/\/static.africa-press.net\/senegal\/sites\/13\/2025\/11\/sm_1762678292.8442.jpg\" \/>\n\t<meta property=\"og:image:width\" content=\"877\" \/>\n\t<meta property=\"og:image:height\" content=\"451\" \/>\n\t<meta property=\"og:image:type\" content=\"image\/jpeg\" \/>\n<meta name=\"author\" content=\"cfeditorfr\" \/>\n<meta name=\"twitter:card\" content=\"summary_large_image\" \/>\n<meta name=\"twitter:label1\" content=\"\u00c9crit par\" \/>\n\t<meta name=\"twitter:data1\" content=\"cfeditorfr\" \/>\n\t<meta name=\"twitter:label2\" content=\"Dur\u00e9e de lecture estim\u00e9e\" \/>\n\t<meta name=\"twitter:data2\" content=\"2 minutes\" \/>\n<script type=\"application\/ld+json\" class=\"yoast-schema-graph\">{\"@context\":\"https:\/\/schema.org\",\"@graph\":[{\"@type\":\"Article\",\"@id\":\"https:\/\/www.africa-press.net\/senegal\/toutes-les-actualites\/deuxieme-edition-du-congres-africain-de-pharmacie#article\",\"isPartOf\":{\"@id\":\"https:\/\/www.africa-press.net\/senegal\/toutes-les-actualites\/deuxieme-edition-du-congres-africain-de-pharmacie\"},\"author\":{\"name\":\"cfeditorfr\",\"@id\":\"https:\/\/www.africa-press.net\/senegal\/#\/schema\/person\/2b1cf3cd81a31e3cd26889ca66d677f1\"},\"headline\":\"Deuxi\u00e8me \u00c9dition du Congr\u00e8s Africain de Pharmacie\",\"datePublished\":\"2025-11-08T12:10:00+00:00\",\"dateModified\":\"2025-11-09T00:53:28+00:00\",\"mainEntityOfPage\":{\"@id\":\"https:\/\/www.africa-press.net\/senegal\/toutes-les-actualites\/deuxieme-edition-du-congres-africain-de-pharmacie\"},\"wordCount\":331,\"commentCount\":0,\"image\":{\"@id\":\"https:\/\/www.africa-press.net\/senegal\/toutes-les-actualites\/deuxieme-edition-du-congres-africain-de-pharmacie#primaryimage\"},\"thumbnailUrl\":\"https:\/\/static.africa-press.net\/senegal\/sites\/13\/2025\/11\/sm_1762678292.8442.jpg\",\"keywords\":[\"Senegal\"],\"articleSection\":[\"Communaut\u00e9\",\"Toutes les actualit\u00e9s\"],\"inLanguage\":\"fr-FR\",\"potentialAction\":[{\"@type\":\"CommentAction\",\"name\":\"Comment\",\"target\":[\"https:\/\/www.africa-press.net\/senegal\/toutes-les-actualites\/deuxieme-edition-du-congres-africain-de-pharmacie#respond\"]}]},{\"@type\":\"WebPage\",\"@id\":\"https:\/\/www.africa-press.net\/senegal\/toutes-les-actualites\/deuxieme-edition-du-congres-africain-de-pharmacie\",\"url\":\"https:\/\/www.africa-press.net\/senegal\/toutes-les-actualites\/deuxieme-edition-du-congres-africain-de-pharmacie\",\"name\":\"Deuxi\u00e8me \u00c9dition du Congr\u00e8s Africain de Pharmacie - Senegal\",\"isPartOf\":{\"@id\":\"https:\/\/www.africa-press.net\/senegal\/#website\"},\"primaryImageOfPage\":{\"@id\":\"https:\/\/www.africa-press.net\/senegal\/toutes-les-actualites\/deuxieme-edition-du-congres-africain-de-pharmacie#primaryimage\"},\"image\":{\"@id\":\"https:\/\/www.africa-press.net\/senegal\/toutes-les-actualites\/deuxieme-edition-du-congres-africain-de-pharmacie#primaryimage\"},\"thumbnailUrl\":\"https:\/\/static.africa-press.net\/senegal\/sites\/13\/2025\/11\/sm_1762678292.8442.jpg\",\"datePublished\":\"2025-11-08T12:10:00+00:00\",\"dateModified\":\"2025-11-09T00:53:28+00:00\",\"author\":{\"@id\":\"https:\/\/www.africa-press.net\/senegal\/#\/schema\/person\/2b1cf3cd81a31e3cd26889ca66d677f1\"},\"description\":\"Des universitaires, chercheurs, pharmaciens et des professionnels de la sante\u0301 venus de plusieurs pays d\u2019Afrique ont pri ...\",\"breadcrumb\":{\"@id\":\"https:\/\/www.africa-press.net\/senegal\/toutes-les-actualites\/deuxieme-edition-du-congres-africain-de-pharmacie#breadcrumb\"},\"inLanguage\":\"fr-FR\",\"potentialAction\":[{\"@type\":\"ReadAction\",\"target\":[\"https:\/\/www.africa-press.net\/senegal\/toutes-les-actualites\/deuxieme-edition-du-congres-africain-de-pharmacie\"]}]},{\"@type\":\"ImageObject\",\"inLanguage\":\"fr-FR\",\"@id\":\"https:\/\/www.africa-press.net\/senegal\/toutes-les-actualites\/deuxieme-edition-du-congres-africain-de-pharmacie#primaryimage\",\"url\":\"https:\/\/static.africa-press.net\/senegal\/sites\/13\/2025\/11\/sm_1762678292.8442.jpg\",\"contentUrl\":\"https:\/\/static.africa-press.net\/senegal\/sites\/13\/2025\/11\/sm_1762678292.8442.jpg\",\"width\":877,\"height\":451,\"caption\":\"Deuxi\u00e8me \u00c9dition du Congr\u00e8s Africain de Pharmacie\"},{\"@type\":\"BreadcrumbList\",\"@id\":\"https:\/\/www.africa-press.net\/senegal\/toutes-les-actualites\/deuxieme-edition-du-congres-africain-de-pharmacie#breadcrumb\",\"itemListElement\":[{\"@type\":\"ListItem\",\"position\":1,\"name\":\"Accueil\",\"item\":\"https:\/\/www.africa-press.net\/senegal\/\"},{\"@type\":\"ListItem\",\"position\":2,\"name\":\"Deuxi\u00e8me \u00c9dition du Congr\u00e8s Africain de Pharmacie\"}]},{\"@type\":\"WebSite\",\"@id\":\"https:\/\/www.africa-press.net\/senegal\/#website\",\"url\":\"https:\/\/www.africa-press.net\/senegal\/\",\"name\":\"Africa Press | Senegal | Homepage\",\"description\":\"Just another Africa News Agency Sites site\",\"potentialAction\":[{\"@type\":\"SearchAction\",\"target\":{\"@type\":\"EntryPoint\",\"urlTemplate\":\"https:\/\/www.africa-press.net\/senegal\/?s={search_term_string}\"},\"query-input\":{\"@type\":\"PropertyValueSpecification\",\"valueRequired\":true,\"valueName\":\"search_term_string\"}}],\"inLanguage\":\"fr-FR\"},{\"@type\":\"Person\",\"@id\":\"https:\/\/www.africa-press.net\/senegal\/#\/schema\/person\/2b1cf3cd81a31e3cd26889ca66d677f1\",\"name\":\"cfeditorfr\",\"url\":\"https:\/\/www.africa-press.net\/senegal\/author\/cfeditorfr\"}]}<\/script>\n<!-- \/ Yoast SEO Premium plugin. -->","yoast_head_json":{"title":"Deuxi\u00e8me \u00c9dition du Congr\u00e8s Africain de Pharmacie - Senegal","description":"Des universitaires, chercheurs, pharmaciens et des professionnels de la sante\u0301 venus de plusieurs pays d\u2019Afrique ont pri ...","robots":{"index":"index","follow":"follow","max-snippet":"max-snippet:-1","max-image-preview":"max-image-preview:large","max-video-preview":"max-video-preview:-1"},"canonical":"https:\/\/www.africa-press.net\/senegal\/toutes-les-actualites\/deuxieme-edition-du-congres-africain-de-pharmacie","og_locale":"fr_FR","og_type":"article","og_title":"Deuxi\u00e8me \u00c9dition du Congr\u00e8s Africain de Pharmacie","og_description":"Des universitaires, chercheurs, pharmaciens et des professionnels de la sante\u0301 venus de plusieurs pays d\u2019Afrique ont pri ...","og_url":"https:\/\/www.africa-press.net\/senegal\/toutes-les-actualites\/deuxieme-edition-du-congres-africain-de-pharmacie","og_site_name":"Senegal","article_published_time":"2025-11-08T12:10:00+00:00","article_modified_time":"2025-11-09T00:53:28+00:00","og_image":[{"width":877,"height":451,"url":"https:\/\/static.africa-press.net\/senegal\/sites\/13\/2025\/11\/sm_1762678292.8442.jpg","type":"image\/jpeg"}],"author":"cfeditorfr","twitter_card":"summary_large_image","twitter_misc":{"\u00c9crit par":"cfeditorfr","Dur\u00e9e de lecture estim\u00e9e":"2 minutes"},"schema":{"@context":"https:\/\/schema.org","@graph":[{"@type":"Article","@id":"https:\/\/www.africa-press.net\/senegal\/toutes-les-actualites\/deuxieme-edition-du-congres-africain-de-pharmacie#article","isPartOf":{"@id":"https:\/\/www.africa-press.net\/senegal\/toutes-les-actualites\/deuxieme-edition-du-congres-africain-de-pharmacie"},"author":{"name":"cfeditorfr","@id":"https:\/\/www.africa-press.net\/senegal\/#\/schema\/person\/2b1cf3cd81a31e3cd26889ca66d677f1"},"headline":"Deuxi\u00e8me \u00c9dition du Congr\u00e8s Africain de Pharmacie","datePublished":"2025-11-08T12:10:00+00:00","dateModified":"2025-11-09T00:53:28+00:00","mainEntityOfPage":{"@id":"https:\/\/www.africa-press.net\/senegal\/toutes-les-actualites\/deuxieme-edition-du-congres-africain-de-pharmacie"},"wordCount":331,"commentCount":0,"image":{"@id":"https:\/\/www.africa-press.net\/senegal\/toutes-les-actualites\/deuxieme-edition-du-congres-africain-de-pharmacie#primaryimage"},"thumbnailUrl":"https:\/\/static.africa-press.net\/senegal\/sites\/13\/2025\/11\/sm_1762678292.8442.jpg","keywords":["Senegal"],"articleSection":["Communaut\u00e9","Toutes les actualit\u00e9s"],"inLanguage":"fr-FR","potentialAction":[{"@type":"CommentAction","name":"Comment","target":["https:\/\/www.africa-press.net\/senegal\/toutes-les-actualites\/deuxieme-edition-du-congres-africain-de-pharmacie#respond"]}]},{"@type":"WebPage","@id":"https:\/\/www.africa-press.net\/senegal\/toutes-les-actualites\/deuxieme-edition-du-congres-africain-de-pharmacie","url":"https:\/\/www.africa-press.net\/senegal\/toutes-les-actualites\/deuxieme-edition-du-congres-africain-de-pharmacie","name":"Deuxi\u00e8me \u00c9dition du Congr\u00e8s Africain de Pharmacie - Senegal","isPartOf":{"@id":"https:\/\/www.africa-press.net\/senegal\/#website"},"primaryImageOfPage":{"@id":"https:\/\/www.africa-press.net\/senegal\/toutes-les-actualites\/deuxieme-edition-du-congres-africain-de-pharmacie#primaryimage"},"image":{"@id":"https:\/\/www.africa-press.net\/senegal\/toutes-les-actualites\/deuxieme-edition-du-congres-africain-de-pharmacie#primaryimage"},"thumbnailUrl":"https:\/\/static.africa-press.net\/senegal\/sites\/13\/2025\/11\/sm_1762678292.8442.jpg","datePublished":"2025-11-08T12:10:00+00:00","dateModified":"2025-11-09T00:53:28+00:00","author":{"@id":"https:\/\/www.africa-press.net\/senegal\/#\/schema\/person\/2b1cf3cd81a31e3cd26889ca66d677f1"},"description":"Des universitaires, chercheurs, pharmaciens et des professionnels de la sante\u0301 venus de plusieurs pays d\u2019Afrique ont pri ...","breadcrumb":{"@id":"https:\/\/www.africa-press.net\/senegal\/toutes-les-actualites\/deuxieme-edition-du-congres-africain-de-pharmacie#breadcrumb"},"inLanguage":"fr-FR","potentialAction":[{"@type":"ReadAction","target":["https:\/\/www.africa-press.net\/senegal\/toutes-les-actualites\/deuxieme-edition-du-congres-africain-de-pharmacie"]}]},{"@type":"ImageObject","inLanguage":"fr-FR","@id":"https:\/\/www.africa-press.net\/senegal\/toutes-les-actualites\/deuxieme-edition-du-congres-africain-de-pharmacie#primaryimage","url":"https:\/\/static.africa-press.net\/senegal\/sites\/13\/2025\/11\/sm_1762678292.8442.jpg","contentUrl":"https:\/\/static.africa-press.net\/senegal\/sites\/13\/2025\/11\/sm_1762678292.8442.jpg","width":877,"height":451,"caption":"Deuxi\u00e8me \u00c9dition du Congr\u00e8s Africain de Pharmacie"},{"@type":"BreadcrumbList","@id":"https:\/\/www.africa-press.net\/senegal\/toutes-les-actualites\/deuxieme-edition-du-congres-africain-de-pharmacie#breadcrumb","itemListElement":[{"@type":"ListItem","position":1,"name":"Accueil","item":"https:\/\/www.africa-press.net\/senegal\/"},{"@type":"ListItem","position":2,"name":"Deuxi\u00e8me \u00c9dition du Congr\u00e8s Africain de Pharmacie"}]},{"@type":"WebSite","@id":"https:\/\/www.africa-press.net\/senegal\/#website","url":"https:\/\/www.africa-press.net\/senegal\/","name":"Africa Press | Senegal | Homepage","description":"Just another Africa News Agency Sites site","potentialAction":[{"@type":"SearchAction","target":{"@type":"EntryPoint","urlTemplate":"https:\/\/www.africa-press.net\/senegal\/?s={search_term_string}"},"query-input":{"@type":"PropertyValueSpecification","valueRequired":true,"valueName":"search_term_string"}}],"inLanguage":"fr-FR"},{"@type":"Person","@id":"https:\/\/www.africa-press.net\/senegal\/#\/schema\/person\/2b1cf3cd81a31e3cd26889ca66d677f1","name":"cfeditorfr","url":"https:\/\/www.africa-press.net\/senegal\/author\/cfeditorfr"}]}},"_links":{"self":[{"href":"https:\/\/www.africa-press.net\/senegal\/wp-json\/wp\/v2\/posts\/72433","targetHints":{"allow":["GET"]}}],"collection":[{"href":"https:\/\/www.africa-press.net\/senegal\/wp-json\/wp\/v2\/posts"}],"about":[{"href":"https:\/\/www.africa-press.net\/senegal\/wp-json\/wp\/v2\/types\/post"}],"author":[{"embeddable":true,"href":"https:\/\/www.africa-press.net\/senegal\/wp-json\/wp\/v2\/users\/82"}],"replies":[{"embeddable":true,"href":"https:\/\/www.africa-press.net\/senegal\/wp-json\/wp\/v2\/comments?post=72433"}],"version-history":[{"count":0,"href":"https:\/\/www.africa-press.net\/senegal\/wp-json\/wp\/v2\/posts\/72433\/revisions"}],"wp:featuredmedia":[{"embeddable":true,"href":"https:\/\/www.africa-press.net\/senegal\/wp-json\/wp\/v2\/media\/72432"}],"wp:attachment":[{"href":"https:\/\/www.africa-press.net\/senegal\/wp-json\/wp\/v2\/media?parent=72433"}],"wp:term":[{"taxonomy":"category","embeddable":true,"href":"https:\/\/www.africa-press.net\/senegal\/wp-json\/wp\/v2\/categories?post=72433"},{"taxonomy":"post_tag","embeddable":true,"href":"https:\/\/www.africa-press.net\/senegal\/wp-json\/wp\/v2\/tags?post=72433"}],"curies":[{"name":"wp","href":"https:\/\/api.w.org\/{rel}","templated":true}]}}