{"id":72437,"date":"2025-11-09T12:00:00","date_gmt":"2025-11-09T12:00:00","guid":{"rendered":"https:\/\/www.africa-press.net\/senegal\/politique\/13-novembre-un-traumatisme-collectif-dun-genre-inedit"},"modified":"2025-11-09T21:51:51","modified_gmt":"2025-11-09T21:51:51","slug":"13-novembre-un-traumatisme-collectif-dun-genre-inedit","status":"publish","type":"post","link":"https:\/\/www.africa-press.net\/senegal\/toutes-les-actualites\/13-novembre-un-traumatisme-collectif-dun-genre-inedit","title":{"rendered":"13-Novembre: \u00ab un Traumatisme Collectif D\u2019Un Genre Ine\u0301dit \u00bb"},"content":{"rendered":"<p><span style=\"color: #ff6600\"><strong>Africa-Press &#8211; Senegal. <\/strong><\/span>Professeur de psychiatrie de l\u2019enfant et de l\u2019adolescent, Jacques Dayan intervient dans l\u2019e\u0301tude Care-13-11 du programme 13-Novembre qui explore la transmission du traumatisme.<\/p>\n<p><b>Sciences et Avenir: Quel est l\u2019objectif du programme de recherche cre\u0301e\u0301 a\u0300 la suite des attentats de 2015?<\/b><br \/>\n<b>Jacques Dayan:<\/b> Le programme 13-Novembre a pour objectif de mieux comprendre les effets du traumatisme sur le cerveau, le langage et le comportement afin de mieux l\u2019appre\u0301hender, au travers des the\u0301rapies par exemple. Comme ce champ de recherche est tre\u0300s large, le programme a e\u0301te\u0301 divise\u0301 en plusieurs e\u0301tudes: 1000 s\u2019inte\u0301resse aux te\u0301moignages des victimes ; Espa se consacre a\u0300 la sante\u0301 mentale et a\u0300 la prise en charge ; Remember e\u0301tudie les re\u0301percussions du traumatisme sur le fonctionnement du cerveau, les facteurs de re\u0301silience notamment ; quant a\u0300 l\u2019e\u0301tude Care 13-11, dans laquelle j\u2019interviens, elle explore la transmission du traumatisme.<\/p>\n<p>L\u2019ensemble est conduit par des scientifiques de l\u2019universite\u0301 Paris-I Panthe\u0301on Sorbonne, du CNRS et de l\u2019Inserm, et plus d\u2019un millier de personnes y participent. Les derniers re\u0301sultats devraient e\u0302tre publie\u0301s d\u2019ici a\u0300 deux ans.<\/p>\n<p><b>Quelles sont les particularite\u0301s de ce traumatisme collectif?<\/b><\/p>\n<p>C\u2019est tre\u0300s diffe\u0301rent de vivre un traumatisme seul ou a\u0300 plusieurs, et on en voit les particularite\u0301s dans l\u2019expe\u0301rience post-traumatique. Apre\u0300s la Premie\u0300re Guerre mondiale, quand les soldats commenc\u0327aient a\u0300 raconter les tranche\u0301es en famille, l\u2019entourage \u2013 me\u0302me les plus proches \u2013 les faisait souvent taire, sous pre\u0301texte que le moment e\u0301tait festif. Ce refus d\u2019entendre s\u2019est re\u0301pe\u0301te\u0301 avec les de\u0301porte\u0301s de la Seconde Guerre mondiale, puis avec les traumatise\u0301s de la guerre d\u2019Alge\u0301rie. Comme si, pour aller mieux, la population avait besoin de passer a\u0300 autre chose, impliquant de ne pas e\u0301couter les blesse\u0301s.<\/p>\n<p>Le cas des attentats du 13-Novembre est un peu a\u0300 part car, bien que n\u2019engageant pas directement tout le pays mais seulement une partie de la population, il a eu les caracte\u0300res d\u2019un traumatisme collectif.<\/p>\n<p><b>\u00ab Cette visibilite\u0301 a pu soutenir ou bien heurter les victimes \u00bb<\/b><br \/>\n<b>C\u2019est-a\u0300-dire?<\/b><\/p>\n<p>Les attentats ont touche\u0301 des personnes de tous a\u0302ges, de toutes classes&#8230; Quand des dealers s\u2019entretuent, on se rassure en se disant: \u00ab C\u0327a ne nous concerne pas. \u00bb Idem lorsqu\u2019il y a des meurtres de diplomates, de journalistes, ou de religieux, cela ne concerne pas la majorite\u0301 des Franc\u0327ais.<\/p>\n<p>En revanche, si c\u2019est une population he\u0301te\u0301roge\u0300ne, sans grande particularite\u0301, qui est touche\u0301e, a\u0300 qui on peut s\u2019identifier, comme des employe\u0301s qui venaient e\u0301couter de la musique ou boire un verre en terrasse, comme tout le monde, la France entie\u0300re s\u2019est sentie implique\u0301e.<\/p>\n<p>Les me\u0301dias ont donne\u0301 e\u0301norme\u0301ment de visibilite\u0301 a\u0300 l\u2019e\u0301ve\u0301nement. Les images ont tourne\u0301 en boucle, des de\u0301bats ont e\u0301te\u0301 organise\u0301s sur tous les plateaux&#8230; Cette visibilite\u0301 a pu soutenir ou bien heurter les victimes. Elle a aide\u0301 les personnes en demande d\u2019e\u0301coute, afin que leur parole soit reconnue. En revanche, pour celles qui e\u0301taient dans une phase d\u2019e\u0301vitement, cela a e\u0301te\u0301 tre\u0300s difficile.<\/p>\n<p><b>Sur la totalite\u0301 des participants aux e\u0301tudes qui ont e\u0301te\u0301 expose\u0301s aux attentats, une moitie\u0301 a de\u0301veloppe\u0301 un trouble de stress post-traumatique. Qu\u2019est-ce qui fait que nous ne sommes pas tous e\u0301gaux face a\u0300 un traumatisme?<\/b><\/p>\n<p>Quand on subit un traumatisme, diffe\u0301rents me\u0301canismes de de\u0301fense spontane\u0301s se mettent en place, tels que l\u2019hypervigilance, le refoulement, jusqu\u2019a\u0300 la dissociation dont on trouve parfois la trace dans le cerveau. S\u2019ils persistent, ils deviennent pe\u0301nalisants et peuvent conduire a\u0300 des troubles tre\u0300s varie\u0301s, comme des phobies ou des attaques de panique, mais le trouble le plus caracte\u0301ristique est, au-dela\u0300 de quatre semaines, le trouble de stress post-traumatique (TSPT).<\/p>\n<p>La vulne\u0301rabilite\u0301 a\u0300 ce syndrome de\u0301pend de facteurs environnementaux lie\u0301s au contexte du traumatisme en lui-me\u0302me, mais aussi personnels. Des facteurs ge\u0301ne\u0301tiques et biologiques, comme la taille de l\u2019hippocampe, peuvent influer sur la capacite\u0301 a\u0300 affronter l\u2019adversite\u0301: la re\u0301silience. On s\u2019est aussi rendu compte que plus les sympto\u0302mes physiques \u2013 comme l\u2019acce\u0301le\u0301ration du rythme cardiaque ou les tremblements \u2013 e\u0301taient aigus durant l\u2019e\u0301ve\u0301nement traumatique, plus le risque de de\u0301velopper un trouble de stress post-traumatique chronique e\u0301tait e\u0301leve\u0301. Ce constat n\u2019est pas nouveau, il date des anne\u0301es 1960, mais il a e\u0301te\u0301 de\u0301montre\u0301 scientifiquement dans ce programme.<\/p>\n<p>Et puis, la re\u0301silience de\u0301pend e\u0301galement de nos expe\u0301riences ante\u0301rieures. Nous avons remarque\u0301 que les personnes qui avaient de\u0301ja\u0300 subi un premier traumatisme e\u0301taient plus sujettes au trouble de stress post-traumatique et a\u0300 l\u2019anxie\u0301te\u0301 pathologique. Pendant l\u2019e\u0301pide\u0301mie de Covid-19, par exemple, l\u2019anxie\u0301te\u0301 des personnes traumatise\u0301es par les attentats du 13-Novembre atteignait bien plus souvent un niveau pathologique que celle des participants non expose\u0301s.<\/p>\n<p><b>Comment les enfants peuvent-ils e\u0302tre touche\u0301s par le ve\u0301cu de leurs parents?<\/b><\/p>\n<p>Cette question est l\u2019objet de l\u2019e\u0301tude Care 13-11. Pour l\u2019instant, ce qui est observe\u0301 est qu\u2019il y a effectivement une transmission possible d\u2019une ge\u0301ne\u0301ration a\u0300 l\u2019autre, non pas du syndrome de stress post-traumatique en lui-me\u0302me, mais de sympto\u0302mes. Le fait que des parents ne se remettent pas d\u2019une de\u0301pression qui suit le traumatisme peut avoir un effet sur la famille, comme n\u2019importe quelle de\u0301pression. Mais il peut aussi y avoir des choses plus spe\u0301cifiques, comme des images, des peurs.<\/p>\n<p>Et les enfants peuvent e\u0302tre touche\u0301s par la pre\u0301sence, mais aussi par l\u2019absence de comportements attendus: si les parents sont dans une phase d\u2019e\u0301vitement, qu\u2019ils e\u0301teignent la te\u0301le\u0301 quand les attentats sont e\u0301voque\u0301s par exemple, l\u2019enfant peut a\u0300 son tour, consciemment ou inconsciemment, e\u0301viter ou au contraire de\u0301velopper un inte\u0301re\u0302t pousse\u0301 pour ce sujet. Mais cette transmission n\u2019est pas syste\u0301matique et, surtout, elle n\u2019est pas seulement ne\u0301gative ! Les parents expose\u0301s peuvent aussi transmettre ce qui leur a permis de re\u0301sister: des facteurs de re\u0301silience qui transparaissent dans leur fac\u0327on d\u2019appre\u0301hender la vie dont les enfants sont te\u0301moins et dont ils be\u0301ne\u0301ficieront.<\/p>\n<p><strong>Pour plus d&rsquo;informations et d&rsquo;analyses sur la <span style=\"color: #ff6600\">Senegal<\/span>, suivez <span style=\"color: #ff6600\">Africa-Press<\/span><\/strong><\/p>\n","protected":false},"excerpt":{"rendered":"<p>Africa-Press &#8211; Senegal. Professeur de psychiatrie de l\u2019enfant et de l\u2019adolescent, Jacques Dayan intervient dans l\u2019e\u0301tude Care-13-11 du programme 13-Novembre qui explore la transmission du traumatisme. Sciences et Avenir: Quel est l\u2019objectif du programme de recherche cre\u0301e\u0301 a\u0300 la suite des attentats de 2015? Jacques Dayan: Le programme 13-Novembre a pour objectif de mieux comprendre [&hellip;]<\/p>\n","protected":false},"author":82,"featured_media":72436,"comment_status":"open","ping_status":"closed","sticky":false,"template":"","format":"standard","meta":{"footnotes":""},"categories":[22,10],"tags":[44],"class_list":["post-72437","post","type-post","status-publish","format-standard","has-post-thumbnail","hentry","category-divers","category-toutes-les-actualites","tag-senegal-2"],"yoast_head":"<!-- This site is optimized with the Yoast SEO Premium plugin v26.1 (Yoast SEO v27.0) - https:\/\/yoast.com\/product\/yoast-seo-premium-wordpress\/ -->\n<title>13-Novembre: \u00ab un Traumatisme Collectif D\u2019Un Genre Ine\u0301dit \u00bb - Senegal<\/title>\n<meta name=\"description\" content=\"Professeur de psychiatrie de l\u2019enfant et de l\u2019adolescent, Jacques Dayan intervient dans l\u2019e\u0301tude Care-13-11 du programme ...\" \/>\n<meta name=\"robots\" content=\"index, follow, max-snippet:-1, max-image-preview:large, max-video-preview:-1\" \/>\n<link rel=\"canonical\" href=\"https:\/\/www.africa-press.net\/senegal\/toutes-les-actualites\/13-novembre-un-traumatisme-collectif-dun-genre-inedit\" \/>\n<meta property=\"og:locale\" content=\"fr_FR\" \/>\n<meta property=\"og:type\" content=\"article\" \/>\n<meta property=\"og:title\" content=\"13-Novembre: \u00ab un Traumatisme Collectif D\u2019Un Genre Ine\u0301dit \u00bb\" \/>\n<meta property=\"og:description\" content=\"Professeur de psychiatrie de l\u2019enfant et de l\u2019adolescent, Jacques Dayan intervient dans l\u2019e\u0301tude Care-13-11 du programme ...\" \/>\n<meta property=\"og:url\" content=\"https:\/\/www.africa-press.net\/senegal\/toutes-les-actualites\/13-novembre-un-traumatisme-collectif-dun-genre-inedit\" \/>\n<meta property=\"og:site_name\" content=\"Senegal\" \/>\n<meta property=\"article:published_time\" content=\"2025-11-09T12:00:00+00:00\" \/>\n<meta property=\"article:modified_time\" content=\"2025-11-09T21:51:51+00:00\" \/>\n<meta property=\"og:image\" content=\"https:\/\/static.africa-press.net\/senegal\/sites\/13\/2025\/11\/sm_1762753843.388129.jpg\" \/>\n\t<meta property=\"og:image:width\" content=\"1280\" \/>\n\t<meta property=\"og:image:height\" content=\"720\" \/>\n\t<meta property=\"og:image:type\" content=\"image\/jpeg\" \/>\n<meta name=\"author\" content=\"cfeditorfr\" \/>\n<meta name=\"twitter:card\" content=\"summary_large_image\" \/>\n<meta name=\"twitter:label1\" content=\"\u00c9crit par\" \/>\n\t<meta name=\"twitter:data1\" content=\"cfeditorfr\" \/>\n\t<meta name=\"twitter:label2\" content=\"Dur\u00e9e de lecture estim\u00e9e\" \/>\n\t<meta name=\"twitter:data2\" content=\"6 minutes\" \/>\n<script type=\"application\/ld+json\" class=\"yoast-schema-graph\">{\"@context\":\"https:\/\/schema.org\",\"@graph\":[{\"@type\":\"Article\",\"@id\":\"https:\/\/www.africa-press.net\/senegal\/toutes-les-actualites\/13-novembre-un-traumatisme-collectif-dun-genre-inedit#article\",\"isPartOf\":{\"@id\":\"https:\/\/www.africa-press.net\/senegal\/toutes-les-actualites\/13-novembre-un-traumatisme-collectif-dun-genre-inedit\"},\"author\":{\"name\":\"cfeditorfr\",\"@id\":\"https:\/\/www.africa-press.net\/senegal\/#\/schema\/person\/2b1cf3cd81a31e3cd26889ca66d677f1\"},\"headline\":\"13-Novembre: \u00ab un Traumatisme Collectif D\u2019Un Genre Ine\u0301dit \u00bb\",\"datePublished\":\"2025-11-09T12:00:00+00:00\",\"dateModified\":\"2025-11-09T21:51:51+00:00\",\"mainEntityOfPage\":{\"@id\":\"https:\/\/www.africa-press.net\/senegal\/toutes-les-actualites\/13-novembre-un-traumatisme-collectif-dun-genre-inedit\"},\"wordCount\":1149,\"commentCount\":0,\"image\":{\"@id\":\"https:\/\/www.africa-press.net\/senegal\/toutes-les-actualites\/13-novembre-un-traumatisme-collectif-dun-genre-inedit#primaryimage\"},\"thumbnailUrl\":\"https:\/\/static.africa-press.net\/senegal\/sites\/13\/2025\/11\/sm_1762753843.388129.jpg\",\"keywords\":[\"Senegal\"],\"articleSection\":[\"Divers\",\"Toutes les actualit\u00e9s\"],\"inLanguage\":\"fr-FR\",\"potentialAction\":[{\"@type\":\"CommentAction\",\"name\":\"Comment\",\"target\":[\"https:\/\/www.africa-press.net\/senegal\/toutes-les-actualites\/13-novembre-un-traumatisme-collectif-dun-genre-inedit#respond\"]}]},{\"@type\":\"WebPage\",\"@id\":\"https:\/\/www.africa-press.net\/senegal\/toutes-les-actualites\/13-novembre-un-traumatisme-collectif-dun-genre-inedit\",\"url\":\"https:\/\/www.africa-press.net\/senegal\/toutes-les-actualites\/13-novembre-un-traumatisme-collectif-dun-genre-inedit\",\"name\":\"13-Novembre: \u00ab un Traumatisme Collectif D\u2019Un Genre Ine\u0301dit \u00bb - Senegal\",\"isPartOf\":{\"@id\":\"https:\/\/www.africa-press.net\/senegal\/#website\"},\"primaryImageOfPage\":{\"@id\":\"https:\/\/www.africa-press.net\/senegal\/toutes-les-actualites\/13-novembre-un-traumatisme-collectif-dun-genre-inedit#primaryimage\"},\"image\":{\"@id\":\"https:\/\/www.africa-press.net\/senegal\/toutes-les-actualites\/13-novembre-un-traumatisme-collectif-dun-genre-inedit#primaryimage\"},\"thumbnailUrl\":\"https:\/\/static.africa-press.net\/senegal\/sites\/13\/2025\/11\/sm_1762753843.388129.jpg\",\"datePublished\":\"2025-11-09T12:00:00+00:00\",\"dateModified\":\"2025-11-09T21:51:51+00:00\",\"author\":{\"@id\":\"https:\/\/www.africa-press.net\/senegal\/#\/schema\/person\/2b1cf3cd81a31e3cd26889ca66d677f1\"},\"description\":\"Professeur de psychiatrie de l\u2019enfant et de l\u2019adolescent, Jacques Dayan intervient dans l\u2019e\u0301tude Care-13-11 du programme ...\",\"breadcrumb\":{\"@id\":\"https:\/\/www.africa-press.net\/senegal\/toutes-les-actualites\/13-novembre-un-traumatisme-collectif-dun-genre-inedit#breadcrumb\"},\"inLanguage\":\"fr-FR\",\"potentialAction\":[{\"@type\":\"ReadAction\",\"target\":[\"https:\/\/www.africa-press.net\/senegal\/toutes-les-actualites\/13-novembre-un-traumatisme-collectif-dun-genre-inedit\"]}]},{\"@type\":\"ImageObject\",\"inLanguage\":\"fr-FR\",\"@id\":\"https:\/\/www.africa-press.net\/senegal\/toutes-les-actualites\/13-novembre-un-traumatisme-collectif-dun-genre-inedit#primaryimage\",\"url\":\"https:\/\/static.africa-press.net\/senegal\/sites\/13\/2025\/11\/sm_1762753843.388129.jpg\",\"contentUrl\":\"https:\/\/static.africa-press.net\/senegal\/sites\/13\/2025\/11\/sm_1762753843.388129.jpg\",\"width\":1280,\"height\":720,\"caption\":\"13-Novembre: \u00ab un Traumatisme Collectif D\u2019Un Genre Ine\u0301dit \u00bb\"},{\"@type\":\"BreadcrumbList\",\"@id\":\"https:\/\/www.africa-press.net\/senegal\/toutes-les-actualites\/13-novembre-un-traumatisme-collectif-dun-genre-inedit#breadcrumb\",\"itemListElement\":[{\"@type\":\"ListItem\",\"position\":1,\"name\":\"Accueil\",\"item\":\"https:\/\/www.africa-press.net\/senegal\/\"},{\"@type\":\"ListItem\",\"position\":2,\"name\":\"13-Novembre: \u00ab un Traumatisme Collectif D\u2019Un Genre Ine\u0301dit \u00bb\"}]},{\"@type\":\"WebSite\",\"@id\":\"https:\/\/www.africa-press.net\/senegal\/#website\",\"url\":\"https:\/\/www.africa-press.net\/senegal\/\",\"name\":\"Africa Press | Senegal | Homepage\",\"description\":\"Just another Africa News Agency Sites site\",\"potentialAction\":[{\"@type\":\"SearchAction\",\"target\":{\"@type\":\"EntryPoint\",\"urlTemplate\":\"https:\/\/www.africa-press.net\/senegal\/?s={search_term_string}\"},\"query-input\":{\"@type\":\"PropertyValueSpecification\",\"valueRequired\":true,\"valueName\":\"search_term_string\"}}],\"inLanguage\":\"fr-FR\"},{\"@type\":\"Person\",\"@id\":\"https:\/\/www.africa-press.net\/senegal\/#\/schema\/person\/2b1cf3cd81a31e3cd26889ca66d677f1\",\"name\":\"cfeditorfr\",\"url\":\"https:\/\/www.africa-press.net\/senegal\/author\/cfeditorfr\"}]}<\/script>\n<!-- \/ Yoast SEO Premium plugin. -->","yoast_head_json":{"title":"13-Novembre: \u00ab un Traumatisme Collectif D\u2019Un Genre Ine\u0301dit \u00bb - Senegal","description":"Professeur de psychiatrie de l\u2019enfant et de l\u2019adolescent, Jacques Dayan intervient dans l\u2019e\u0301tude Care-13-11 du programme ...","robots":{"index":"index","follow":"follow","max-snippet":"max-snippet:-1","max-image-preview":"max-image-preview:large","max-video-preview":"max-video-preview:-1"},"canonical":"https:\/\/www.africa-press.net\/senegal\/toutes-les-actualites\/13-novembre-un-traumatisme-collectif-dun-genre-inedit","og_locale":"fr_FR","og_type":"article","og_title":"13-Novembre: \u00ab un Traumatisme Collectif D\u2019Un Genre Ine\u0301dit \u00bb","og_description":"Professeur de psychiatrie de l\u2019enfant et de l\u2019adolescent, Jacques Dayan intervient dans l\u2019e\u0301tude Care-13-11 du programme ...","og_url":"https:\/\/www.africa-press.net\/senegal\/toutes-les-actualites\/13-novembre-un-traumatisme-collectif-dun-genre-inedit","og_site_name":"Senegal","article_published_time":"2025-11-09T12:00:00+00:00","article_modified_time":"2025-11-09T21:51:51+00:00","og_image":[{"width":1280,"height":720,"url":"https:\/\/static.africa-press.net\/senegal\/sites\/13\/2025\/11\/sm_1762753843.388129.jpg","type":"image\/jpeg"}],"author":"cfeditorfr","twitter_card":"summary_large_image","twitter_misc":{"\u00c9crit par":"cfeditorfr","Dur\u00e9e de lecture estim\u00e9e":"6 minutes"},"schema":{"@context":"https:\/\/schema.org","@graph":[{"@type":"Article","@id":"https:\/\/www.africa-press.net\/senegal\/toutes-les-actualites\/13-novembre-un-traumatisme-collectif-dun-genre-inedit#article","isPartOf":{"@id":"https:\/\/www.africa-press.net\/senegal\/toutes-les-actualites\/13-novembre-un-traumatisme-collectif-dun-genre-inedit"},"author":{"name":"cfeditorfr","@id":"https:\/\/www.africa-press.net\/senegal\/#\/schema\/person\/2b1cf3cd81a31e3cd26889ca66d677f1"},"headline":"13-Novembre: \u00ab un Traumatisme Collectif D\u2019Un Genre Ine\u0301dit \u00bb","datePublished":"2025-11-09T12:00:00+00:00","dateModified":"2025-11-09T21:51:51+00:00","mainEntityOfPage":{"@id":"https:\/\/www.africa-press.net\/senegal\/toutes-les-actualites\/13-novembre-un-traumatisme-collectif-dun-genre-inedit"},"wordCount":1149,"commentCount":0,"image":{"@id":"https:\/\/www.africa-press.net\/senegal\/toutes-les-actualites\/13-novembre-un-traumatisme-collectif-dun-genre-inedit#primaryimage"},"thumbnailUrl":"https:\/\/static.africa-press.net\/senegal\/sites\/13\/2025\/11\/sm_1762753843.388129.jpg","keywords":["Senegal"],"articleSection":["Divers","Toutes les actualit\u00e9s"],"inLanguage":"fr-FR","potentialAction":[{"@type":"CommentAction","name":"Comment","target":["https:\/\/www.africa-press.net\/senegal\/toutes-les-actualites\/13-novembre-un-traumatisme-collectif-dun-genre-inedit#respond"]}]},{"@type":"WebPage","@id":"https:\/\/www.africa-press.net\/senegal\/toutes-les-actualites\/13-novembre-un-traumatisme-collectif-dun-genre-inedit","url":"https:\/\/www.africa-press.net\/senegal\/toutes-les-actualites\/13-novembre-un-traumatisme-collectif-dun-genre-inedit","name":"13-Novembre: \u00ab un Traumatisme Collectif D\u2019Un Genre Ine\u0301dit \u00bb - Senegal","isPartOf":{"@id":"https:\/\/www.africa-press.net\/senegal\/#website"},"primaryImageOfPage":{"@id":"https:\/\/www.africa-press.net\/senegal\/toutes-les-actualites\/13-novembre-un-traumatisme-collectif-dun-genre-inedit#primaryimage"},"image":{"@id":"https:\/\/www.africa-press.net\/senegal\/toutes-les-actualites\/13-novembre-un-traumatisme-collectif-dun-genre-inedit#primaryimage"},"thumbnailUrl":"https:\/\/static.africa-press.net\/senegal\/sites\/13\/2025\/11\/sm_1762753843.388129.jpg","datePublished":"2025-11-09T12:00:00+00:00","dateModified":"2025-11-09T21:51:51+00:00","author":{"@id":"https:\/\/www.africa-press.net\/senegal\/#\/schema\/person\/2b1cf3cd81a31e3cd26889ca66d677f1"},"description":"Professeur de psychiatrie de l\u2019enfant et de l\u2019adolescent, Jacques Dayan intervient dans l\u2019e\u0301tude Care-13-11 du programme ...","breadcrumb":{"@id":"https:\/\/www.africa-press.net\/senegal\/toutes-les-actualites\/13-novembre-un-traumatisme-collectif-dun-genre-inedit#breadcrumb"},"inLanguage":"fr-FR","potentialAction":[{"@type":"ReadAction","target":["https:\/\/www.africa-press.net\/senegal\/toutes-les-actualites\/13-novembre-un-traumatisme-collectif-dun-genre-inedit"]}]},{"@type":"ImageObject","inLanguage":"fr-FR","@id":"https:\/\/www.africa-press.net\/senegal\/toutes-les-actualites\/13-novembre-un-traumatisme-collectif-dun-genre-inedit#primaryimage","url":"https:\/\/static.africa-press.net\/senegal\/sites\/13\/2025\/11\/sm_1762753843.388129.jpg","contentUrl":"https:\/\/static.africa-press.net\/senegal\/sites\/13\/2025\/11\/sm_1762753843.388129.jpg","width":1280,"height":720,"caption":"13-Novembre: \u00ab un Traumatisme Collectif D\u2019Un Genre Ine\u0301dit \u00bb"},{"@type":"BreadcrumbList","@id":"https:\/\/www.africa-press.net\/senegal\/toutes-les-actualites\/13-novembre-un-traumatisme-collectif-dun-genre-inedit#breadcrumb","itemListElement":[{"@type":"ListItem","position":1,"name":"Accueil","item":"https:\/\/www.africa-press.net\/senegal\/"},{"@type":"ListItem","position":2,"name":"13-Novembre: \u00ab un Traumatisme Collectif D\u2019Un Genre Ine\u0301dit \u00bb"}]},{"@type":"WebSite","@id":"https:\/\/www.africa-press.net\/senegal\/#website","url":"https:\/\/www.africa-press.net\/senegal\/","name":"Africa Press | Senegal | Homepage","description":"Just another Africa News Agency Sites site","potentialAction":[{"@type":"SearchAction","target":{"@type":"EntryPoint","urlTemplate":"https:\/\/www.africa-press.net\/senegal\/?s={search_term_string}"},"query-input":{"@type":"PropertyValueSpecification","valueRequired":true,"valueName":"search_term_string"}}],"inLanguage":"fr-FR"},{"@type":"Person","@id":"https:\/\/www.africa-press.net\/senegal\/#\/schema\/person\/2b1cf3cd81a31e3cd26889ca66d677f1","name":"cfeditorfr","url":"https:\/\/www.africa-press.net\/senegal\/author\/cfeditorfr"}]}},"_links":{"self":[{"href":"https:\/\/www.africa-press.net\/senegal\/wp-json\/wp\/v2\/posts\/72437","targetHints":{"allow":["GET"]}}],"collection":[{"href":"https:\/\/www.africa-press.net\/senegal\/wp-json\/wp\/v2\/posts"}],"about":[{"href":"https:\/\/www.africa-press.net\/senegal\/wp-json\/wp\/v2\/types\/post"}],"author":[{"embeddable":true,"href":"https:\/\/www.africa-press.net\/senegal\/wp-json\/wp\/v2\/users\/82"}],"replies":[{"embeddable":true,"href":"https:\/\/www.africa-press.net\/senegal\/wp-json\/wp\/v2\/comments?post=72437"}],"version-history":[{"count":0,"href":"https:\/\/www.africa-press.net\/senegal\/wp-json\/wp\/v2\/posts\/72437\/revisions"}],"wp:featuredmedia":[{"embeddable":true,"href":"https:\/\/www.africa-press.net\/senegal\/wp-json\/wp\/v2\/media\/72436"}],"wp:attachment":[{"href":"https:\/\/www.africa-press.net\/senegal\/wp-json\/wp\/v2\/media?parent=72437"}],"wp:term":[{"taxonomy":"category","embeddable":true,"href":"https:\/\/www.africa-press.net\/senegal\/wp-json\/wp\/v2\/categories?post=72437"},{"taxonomy":"post_tag","embeddable":true,"href":"https:\/\/www.africa-press.net\/senegal\/wp-json\/wp\/v2\/tags?post=72437"}],"curies":[{"name":"wp","href":"https:\/\/api.w.org\/{rel}","templated":true}]}}