{"id":72563,"date":"2025-11-12T12:00:00","date_gmt":"2025-11-12T12:00:00","guid":{"rendered":"https:\/\/www.africa-press.net\/senegal\/politique\/eczema-frequence-de-lavage-naffecte-pas-les-symptomes"},"modified":"2025-11-13T01:04:02","modified_gmt":"2025-11-13T01:04:02","slug":"eczema-frequence-de-lavage-naffecte-pas-les-symptomes","status":"publish","type":"post","link":"https:\/\/www.africa-press.net\/senegal\/toutes-les-actualites\/eczema-frequence-de-lavage-naffecte-pas-les-symptomes","title":{"rendered":"Ecze\u0301ma: Fre\u0301quence de Lavage N\u2019Affecte pas les Sympto\u0302Mes"},"content":{"rendered":"<p><span style=\"color: #ff6600\"><strong>Africa-Press &#8211; Senegal. <\/strong><\/span>A l\u2019origine de l\u2019e\u0301tude, la question re\u0301currente des patients souffrant d\u2019ecze\u0301ma recueillie par un groupe de recherche britannique de\u0301die\u0301, le Rapid Eczema Trials: a\u0300 quelle fre\u0301quence devrais-je me laver? A cette question, une nouvelle e\u0301tude re\u0301pond que cela n\u2019a pas d\u2019importance.<\/p>\n<p><b>La fre\u0301quence du bain ou douche n\u2019influe pas sur la se\u0301ve\u0301rite\u0301 de l\u2019ecze\u0301ma<\/b><\/p>\n<p>Faut-il garder une peau bien propre et se laver tous les jours pour minimiser les sympto\u0302mes de l\u2019ecze\u0301ma, ou au contraire e\u0301viter de l\u2019asse\u0301cher par des bains et douches trop fre\u0301quents? Sur les presque 500 personnes souffrant d\u2019ecze\u0301ma inclues dans l\u2019e\u0301tude, 55% n\u2019en savaient rien, 29% estimaient qu\u2019il valait mieux e\u0301viter de se laver trop souvent, et 13% le contraire (les autres ont e\u0301te\u0301 perdus de vue au cours de l\u2019e\u0301tude).<\/p>\n<p>Pendant un mois, la moitie\u0301 des participants se sont lave\u0301s (bain ou douche) au moins six fois par semaine, et l\u2019autre moitie\u0301 une ou deux fois seulement. Chaque semaine, ils rapportaient leurs sympto\u0302mes par questionnaire. Re\u0301sultat, le score de se\u0301ve\u0301rite\u0301 de l\u2019ecze\u0301ma n\u2019a pas varie\u0301 entre les groupes. \u00ab Les re\u0301sultats de notre e\u0301tude sont une excellente nouvelle pour les personnes souffrant d\u2019ecze\u0301ma. Cela signifie qu\u2019elles peuvent choisir la fre\u0301quence de bain qui leur convient \u00bb, commente la statisticienne en me\u0301decine Lucy Bradshaw, premie\u0300re autrice de ces travaux.<\/p>\n<p><b>Des douches et bains courts et tie\u0300des<\/b><\/p>\n<p>Cette e\u0301tude, une des rares a\u0300 e\u0302tre de\u0301die\u0301es spe\u0301cifiquement aux effets de la fre\u0301quence des pratiques d\u2019hygie\u0300ne sur la dermatite atopique (nom me\u0301dical de l\u2019ecze\u0301ma), confirme les dernie\u0300res recommandations en vigueur sur notre territoire. En France et en Europe, la version 2025 pour adultes comme pour enfants mentionne ainsi que \u00ab le fait de se doucher ou se baigner tous les jours ne modifie pas la se\u0301ve\u0301rite\u0301 de la dermatite atopique \u00bb.<\/p>\n<p>Outre la fre\u0301quence, les socie\u0301te\u0301s savantes recommandent e\u0301galement aux patients de privile\u0301gier les bains ou douches tie\u0300des (surtout pas trop chauds), de cinq minutes maximum, avec des produits lavants sans allerge\u0300nes ou irritants au pH entre 5 et 6. Les hydratants doivent e\u0302tre applique\u0301s juste apre\u0300s, lorsque la peau est encore le\u0301ge\u0300rement humide.<\/p>\n<p><strong>Pour plus d&rsquo;informations et d&rsquo;analyses sur la <span style=\"color: #ff6600\">Senegal<\/span>, suivez <span style=\"color: #ff6600\">Africa-Press<\/span><\/strong><\/p>\n","protected":false},"excerpt":{"rendered":"<p>Africa-Press &#8211; Senegal. A l\u2019origine de l\u2019e\u0301tude, la question re\u0301currente des patients souffrant d\u2019ecze\u0301ma recueillie par un groupe de recherche britannique de\u0301die\u0301, le Rapid Eczema Trials: a\u0300 quelle fre\u0301quence devrais-je me laver? A cette question, une nouvelle e\u0301tude re\u0301pond que cela n\u2019a pas d\u2019importance. La fre\u0301quence du bain ou douche n\u2019influe pas sur la se\u0301ve\u0301rite\u0301 [&hellip;]<\/p>\n","protected":false},"author":82,"featured_media":72562,"comment_status":"open","ping_status":"closed","sticky":false,"template":"","format":"standard","meta":{"footnotes":""},"categories":[22,10],"tags":[44],"class_list":["post-72563","post","type-post","status-publish","format-standard","has-post-thumbnail","hentry","category-divers","category-toutes-les-actualites","tag-senegal-2"],"yoast_head":"<!-- This site is optimized with the Yoast SEO Premium plugin v26.1 (Yoast SEO v27.0) - https:\/\/yoast.com\/product\/yoast-seo-premium-wordpress\/ -->\n<title>Ecze\u0301ma: Fre\u0301quence de Lavage N\u2019Affecte pas les Sympto\u0302Mes - Senegal<\/title>\n<meta name=\"description\" content=\"A l\u2019origine de l\u2019e\u0301tude, la question re\u0301currente des patients souffrant d\u2019ecze\u0301ma recueillie par un groupe de recherche ...\" \/>\n<meta name=\"robots\" content=\"index, follow, max-snippet:-1, max-image-preview:large, max-video-preview:-1\" \/>\n<link rel=\"canonical\" href=\"https:\/\/www.africa-press.net\/senegal\/toutes-les-actualites\/eczema-frequence-de-lavage-naffecte-pas-les-symptomes\" \/>\n<meta property=\"og:locale\" content=\"fr_FR\" \/>\n<meta property=\"og:type\" content=\"article\" \/>\n<meta property=\"og:title\" content=\"Ecze\u0301ma: Fre\u0301quence de Lavage N\u2019Affecte pas les Sympto\u0302Mes\" \/>\n<meta property=\"og:description\" content=\"A l\u2019origine de l\u2019e\u0301tude, la question re\u0301currente des patients souffrant d\u2019ecze\u0301ma recueillie par un groupe de recherche ...\" \/>\n<meta property=\"og:url\" content=\"https:\/\/www.africa-press.net\/senegal\/toutes-les-actualites\/eczema-frequence-de-lavage-naffecte-pas-les-symptomes\" \/>\n<meta property=\"og:site_name\" content=\"Senegal\" \/>\n<meta property=\"article:published_time\" content=\"2025-11-12T12:00:00+00:00\" \/>\n<meta property=\"article:modified_time\" content=\"2025-11-13T01:04:02+00:00\" \/>\n<meta property=\"og:image\" content=\"https:\/\/static.africa-press.net\/senegal\/sites\/13\/2025\/11\/sm_1763024084.841739.jpg\" \/>\n\t<meta property=\"og:image:width\" content=\"1620\" \/>\n\t<meta property=\"og:image:height\" content=\"1080\" \/>\n\t<meta property=\"og:image:type\" content=\"image\/jpeg\" \/>\n<meta name=\"author\" content=\"cfeditorfr\" \/>\n<meta name=\"twitter:card\" content=\"summary_large_image\" \/>\n<meta name=\"twitter:label1\" content=\"\u00c9crit par\" \/>\n\t<meta name=\"twitter:data1\" content=\"cfeditorfr\" \/>\n\t<meta name=\"twitter:label2\" content=\"Dur\u00e9e de lecture estim\u00e9e\" \/>\n\t<meta name=\"twitter:data2\" content=\"2 minutes\" \/>\n<script type=\"application\/ld+json\" class=\"yoast-schema-graph\">{\"@context\":\"https:\/\/schema.org\",\"@graph\":[{\"@type\":\"Article\",\"@id\":\"https:\/\/www.africa-press.net\/senegal\/toutes-les-actualites\/eczema-frequence-de-lavage-naffecte-pas-les-symptomes#article\",\"isPartOf\":{\"@id\":\"https:\/\/www.africa-press.net\/senegal\/toutes-les-actualites\/eczema-frequence-de-lavage-naffecte-pas-les-symptomes\"},\"author\":{\"name\":\"cfeditorfr\",\"@id\":\"https:\/\/www.africa-press.net\/senegal\/#\/schema\/person\/2b1cf3cd81a31e3cd26889ca66d677f1\"},\"headline\":\"Ecze\u0301ma: Fre\u0301quence de Lavage N\u2019Affecte pas les Sympto\u0302Mes\",\"datePublished\":\"2025-11-12T12:00:00+00:00\",\"dateModified\":\"2025-11-13T01:04:02+00:00\",\"mainEntityOfPage\":{\"@id\":\"https:\/\/www.africa-press.net\/senegal\/toutes-les-actualites\/eczema-frequence-de-lavage-naffecte-pas-les-symptomes\"},\"wordCount\":440,\"commentCount\":0,\"image\":{\"@id\":\"https:\/\/www.africa-press.net\/senegal\/toutes-les-actualites\/eczema-frequence-de-lavage-naffecte-pas-les-symptomes#primaryimage\"},\"thumbnailUrl\":\"https:\/\/static.africa-press.net\/senegal\/sites\/13\/2025\/11\/sm_1763024084.841739.jpg\",\"keywords\":[\"Senegal\"],\"articleSection\":[\"Divers\",\"Toutes les actualit\u00e9s\"],\"inLanguage\":\"fr-FR\",\"potentialAction\":[{\"@type\":\"CommentAction\",\"name\":\"Comment\",\"target\":[\"https:\/\/www.africa-press.net\/senegal\/toutes-les-actualites\/eczema-frequence-de-lavage-naffecte-pas-les-symptomes#respond\"]}]},{\"@type\":\"WebPage\",\"@id\":\"https:\/\/www.africa-press.net\/senegal\/toutes-les-actualites\/eczema-frequence-de-lavage-naffecte-pas-les-symptomes\",\"url\":\"https:\/\/www.africa-press.net\/senegal\/toutes-les-actualites\/eczema-frequence-de-lavage-naffecte-pas-les-symptomes\",\"name\":\"Ecze\u0301ma: Fre\u0301quence de Lavage N\u2019Affecte pas les Sympto\u0302Mes - Senegal\",\"isPartOf\":{\"@id\":\"https:\/\/www.africa-press.net\/senegal\/#website\"},\"primaryImageOfPage\":{\"@id\":\"https:\/\/www.africa-press.net\/senegal\/toutes-les-actualites\/eczema-frequence-de-lavage-naffecte-pas-les-symptomes#primaryimage\"},\"image\":{\"@id\":\"https:\/\/www.africa-press.net\/senegal\/toutes-les-actualites\/eczema-frequence-de-lavage-naffecte-pas-les-symptomes#primaryimage\"},\"thumbnailUrl\":\"https:\/\/static.africa-press.net\/senegal\/sites\/13\/2025\/11\/sm_1763024084.841739.jpg\",\"datePublished\":\"2025-11-12T12:00:00+00:00\",\"dateModified\":\"2025-11-13T01:04:02+00:00\",\"author\":{\"@id\":\"https:\/\/www.africa-press.net\/senegal\/#\/schema\/person\/2b1cf3cd81a31e3cd26889ca66d677f1\"},\"description\":\"A l\u2019origine de l\u2019e\u0301tude, la question re\u0301currente des patients souffrant d\u2019ecze\u0301ma recueillie par un groupe de recherche ...\",\"breadcrumb\":{\"@id\":\"https:\/\/www.africa-press.net\/senegal\/toutes-les-actualites\/eczema-frequence-de-lavage-naffecte-pas-les-symptomes#breadcrumb\"},\"inLanguage\":\"fr-FR\",\"potentialAction\":[{\"@type\":\"ReadAction\",\"target\":[\"https:\/\/www.africa-press.net\/senegal\/toutes-les-actualites\/eczema-frequence-de-lavage-naffecte-pas-les-symptomes\"]}]},{\"@type\":\"ImageObject\",\"inLanguage\":\"fr-FR\",\"@id\":\"https:\/\/www.africa-press.net\/senegal\/toutes-les-actualites\/eczema-frequence-de-lavage-naffecte-pas-les-symptomes#primaryimage\",\"url\":\"https:\/\/static.africa-press.net\/senegal\/sites\/13\/2025\/11\/sm_1763024084.841739.jpg\",\"contentUrl\":\"https:\/\/static.africa-press.net\/senegal\/sites\/13\/2025\/11\/sm_1763024084.841739.jpg\",\"width\":1620,\"height\":1080,\"caption\":\"Ecze\u0301ma: Fre\u0301quence de Lavage N\u2019Affecte pas les Sympto\u0302Mes\"},{\"@type\":\"BreadcrumbList\",\"@id\":\"https:\/\/www.africa-press.net\/senegal\/toutes-les-actualites\/eczema-frequence-de-lavage-naffecte-pas-les-symptomes#breadcrumb\",\"itemListElement\":[{\"@type\":\"ListItem\",\"position\":1,\"name\":\"Accueil\",\"item\":\"https:\/\/www.africa-press.net\/senegal\/\"},{\"@type\":\"ListItem\",\"position\":2,\"name\":\"Ecze\u0301ma: Fre\u0301quence de Lavage N\u2019Affecte pas les Sympto\u0302Mes\"}]},{\"@type\":\"WebSite\",\"@id\":\"https:\/\/www.africa-press.net\/senegal\/#website\",\"url\":\"https:\/\/www.africa-press.net\/senegal\/\",\"name\":\"Africa Press | Senegal | Homepage\",\"description\":\"Just another Africa News Agency Sites site\",\"potentialAction\":[{\"@type\":\"SearchAction\",\"target\":{\"@type\":\"EntryPoint\",\"urlTemplate\":\"https:\/\/www.africa-press.net\/senegal\/?s={search_term_string}\"},\"query-input\":{\"@type\":\"PropertyValueSpecification\",\"valueRequired\":true,\"valueName\":\"search_term_string\"}}],\"inLanguage\":\"fr-FR\"},{\"@type\":\"Person\",\"@id\":\"https:\/\/www.africa-press.net\/senegal\/#\/schema\/person\/2b1cf3cd81a31e3cd26889ca66d677f1\",\"name\":\"cfeditorfr\",\"url\":\"https:\/\/www.africa-press.net\/senegal\/author\/cfeditorfr\"}]}<\/script>\n<!-- \/ Yoast SEO Premium plugin. -->","yoast_head_json":{"title":"Ecze\u0301ma: Fre\u0301quence de Lavage N\u2019Affecte pas les Sympto\u0302Mes - Senegal","description":"A l\u2019origine de l\u2019e\u0301tude, la question re\u0301currente des patients souffrant d\u2019ecze\u0301ma recueillie par un groupe de recherche ...","robots":{"index":"index","follow":"follow","max-snippet":"max-snippet:-1","max-image-preview":"max-image-preview:large","max-video-preview":"max-video-preview:-1"},"canonical":"https:\/\/www.africa-press.net\/senegal\/toutes-les-actualites\/eczema-frequence-de-lavage-naffecte-pas-les-symptomes","og_locale":"fr_FR","og_type":"article","og_title":"Ecze\u0301ma: Fre\u0301quence de Lavage N\u2019Affecte pas les Sympto\u0302Mes","og_description":"A l\u2019origine de l\u2019e\u0301tude, la question re\u0301currente des patients souffrant d\u2019ecze\u0301ma recueillie par un groupe de recherche ...","og_url":"https:\/\/www.africa-press.net\/senegal\/toutes-les-actualites\/eczema-frequence-de-lavage-naffecte-pas-les-symptomes","og_site_name":"Senegal","article_published_time":"2025-11-12T12:00:00+00:00","article_modified_time":"2025-11-13T01:04:02+00:00","og_image":[{"width":1620,"height":1080,"url":"https:\/\/static.africa-press.net\/senegal\/sites\/13\/2025\/11\/sm_1763024084.841739.jpg","type":"image\/jpeg"}],"author":"cfeditorfr","twitter_card":"summary_large_image","twitter_misc":{"\u00c9crit par":"cfeditorfr","Dur\u00e9e de lecture estim\u00e9e":"2 minutes"},"schema":{"@context":"https:\/\/schema.org","@graph":[{"@type":"Article","@id":"https:\/\/www.africa-press.net\/senegal\/toutes-les-actualites\/eczema-frequence-de-lavage-naffecte-pas-les-symptomes#article","isPartOf":{"@id":"https:\/\/www.africa-press.net\/senegal\/toutes-les-actualites\/eczema-frequence-de-lavage-naffecte-pas-les-symptomes"},"author":{"name":"cfeditorfr","@id":"https:\/\/www.africa-press.net\/senegal\/#\/schema\/person\/2b1cf3cd81a31e3cd26889ca66d677f1"},"headline":"Ecze\u0301ma: Fre\u0301quence de Lavage N\u2019Affecte pas les Sympto\u0302Mes","datePublished":"2025-11-12T12:00:00+00:00","dateModified":"2025-11-13T01:04:02+00:00","mainEntityOfPage":{"@id":"https:\/\/www.africa-press.net\/senegal\/toutes-les-actualites\/eczema-frequence-de-lavage-naffecte-pas-les-symptomes"},"wordCount":440,"commentCount":0,"image":{"@id":"https:\/\/www.africa-press.net\/senegal\/toutes-les-actualites\/eczema-frequence-de-lavage-naffecte-pas-les-symptomes#primaryimage"},"thumbnailUrl":"https:\/\/static.africa-press.net\/senegal\/sites\/13\/2025\/11\/sm_1763024084.841739.jpg","keywords":["Senegal"],"articleSection":["Divers","Toutes les actualit\u00e9s"],"inLanguage":"fr-FR","potentialAction":[{"@type":"CommentAction","name":"Comment","target":["https:\/\/www.africa-press.net\/senegal\/toutes-les-actualites\/eczema-frequence-de-lavage-naffecte-pas-les-symptomes#respond"]}]},{"@type":"WebPage","@id":"https:\/\/www.africa-press.net\/senegal\/toutes-les-actualites\/eczema-frequence-de-lavage-naffecte-pas-les-symptomes","url":"https:\/\/www.africa-press.net\/senegal\/toutes-les-actualites\/eczema-frequence-de-lavage-naffecte-pas-les-symptomes","name":"Ecze\u0301ma: Fre\u0301quence de Lavage N\u2019Affecte pas les Sympto\u0302Mes - Senegal","isPartOf":{"@id":"https:\/\/www.africa-press.net\/senegal\/#website"},"primaryImageOfPage":{"@id":"https:\/\/www.africa-press.net\/senegal\/toutes-les-actualites\/eczema-frequence-de-lavage-naffecte-pas-les-symptomes#primaryimage"},"image":{"@id":"https:\/\/www.africa-press.net\/senegal\/toutes-les-actualites\/eczema-frequence-de-lavage-naffecte-pas-les-symptomes#primaryimage"},"thumbnailUrl":"https:\/\/static.africa-press.net\/senegal\/sites\/13\/2025\/11\/sm_1763024084.841739.jpg","datePublished":"2025-11-12T12:00:00+00:00","dateModified":"2025-11-13T01:04:02+00:00","author":{"@id":"https:\/\/www.africa-press.net\/senegal\/#\/schema\/person\/2b1cf3cd81a31e3cd26889ca66d677f1"},"description":"A l\u2019origine de l\u2019e\u0301tude, la question re\u0301currente des patients souffrant d\u2019ecze\u0301ma recueillie par un groupe de recherche ...","breadcrumb":{"@id":"https:\/\/www.africa-press.net\/senegal\/toutes-les-actualites\/eczema-frequence-de-lavage-naffecte-pas-les-symptomes#breadcrumb"},"inLanguage":"fr-FR","potentialAction":[{"@type":"ReadAction","target":["https:\/\/www.africa-press.net\/senegal\/toutes-les-actualites\/eczema-frequence-de-lavage-naffecte-pas-les-symptomes"]}]},{"@type":"ImageObject","inLanguage":"fr-FR","@id":"https:\/\/www.africa-press.net\/senegal\/toutes-les-actualites\/eczema-frequence-de-lavage-naffecte-pas-les-symptomes#primaryimage","url":"https:\/\/static.africa-press.net\/senegal\/sites\/13\/2025\/11\/sm_1763024084.841739.jpg","contentUrl":"https:\/\/static.africa-press.net\/senegal\/sites\/13\/2025\/11\/sm_1763024084.841739.jpg","width":1620,"height":1080,"caption":"Ecze\u0301ma: Fre\u0301quence de Lavage N\u2019Affecte pas les Sympto\u0302Mes"},{"@type":"BreadcrumbList","@id":"https:\/\/www.africa-press.net\/senegal\/toutes-les-actualites\/eczema-frequence-de-lavage-naffecte-pas-les-symptomes#breadcrumb","itemListElement":[{"@type":"ListItem","position":1,"name":"Accueil","item":"https:\/\/www.africa-press.net\/senegal\/"},{"@type":"ListItem","position":2,"name":"Ecze\u0301ma: Fre\u0301quence de Lavage N\u2019Affecte pas les Sympto\u0302Mes"}]},{"@type":"WebSite","@id":"https:\/\/www.africa-press.net\/senegal\/#website","url":"https:\/\/www.africa-press.net\/senegal\/","name":"Africa Press | Senegal | Homepage","description":"Just another Africa News Agency Sites site","potentialAction":[{"@type":"SearchAction","target":{"@type":"EntryPoint","urlTemplate":"https:\/\/www.africa-press.net\/senegal\/?s={search_term_string}"},"query-input":{"@type":"PropertyValueSpecification","valueRequired":true,"valueName":"search_term_string"}}],"inLanguage":"fr-FR"},{"@type":"Person","@id":"https:\/\/www.africa-press.net\/senegal\/#\/schema\/person\/2b1cf3cd81a31e3cd26889ca66d677f1","name":"cfeditorfr","url":"https:\/\/www.africa-press.net\/senegal\/author\/cfeditorfr"}]}},"_links":{"self":[{"href":"https:\/\/www.africa-press.net\/senegal\/wp-json\/wp\/v2\/posts\/72563","targetHints":{"allow":["GET"]}}],"collection":[{"href":"https:\/\/www.africa-press.net\/senegal\/wp-json\/wp\/v2\/posts"}],"about":[{"href":"https:\/\/www.africa-press.net\/senegal\/wp-json\/wp\/v2\/types\/post"}],"author":[{"embeddable":true,"href":"https:\/\/www.africa-press.net\/senegal\/wp-json\/wp\/v2\/users\/82"}],"replies":[{"embeddable":true,"href":"https:\/\/www.africa-press.net\/senegal\/wp-json\/wp\/v2\/comments?post=72563"}],"version-history":[{"count":0,"href":"https:\/\/www.africa-press.net\/senegal\/wp-json\/wp\/v2\/posts\/72563\/revisions"}],"wp:featuredmedia":[{"embeddable":true,"href":"https:\/\/www.africa-press.net\/senegal\/wp-json\/wp\/v2\/media\/72562"}],"wp:attachment":[{"href":"https:\/\/www.africa-press.net\/senegal\/wp-json\/wp\/v2\/media?parent=72563"}],"wp:term":[{"taxonomy":"category","embeddable":true,"href":"https:\/\/www.africa-press.net\/senegal\/wp-json\/wp\/v2\/categories?post=72563"},{"taxonomy":"post_tag","embeddable":true,"href":"https:\/\/www.africa-press.net\/senegal\/wp-json\/wp\/v2\/tags?post=72563"}],"curies":[{"name":"wp","href":"https:\/\/api.w.org\/{rel}","templated":true}]}}