{"id":72685,"date":"2025-11-16T12:00:00","date_gmt":"2025-11-16T12:00:00","guid":{"rendered":"https:\/\/www.africa-press.net\/senegal\/politique\/cop-30-difficulte-du-financement-contre-la-deforestation"},"modified":"2025-11-17T04:16:01","modified_gmt":"2025-11-17T04:16:01","slug":"cop-30-difficulte-du-financement-contre-la-deforestation","status":"publish","type":"post","link":"https:\/\/www.africa-press.net\/senegal\/toutes-les-actualites\/cop-30-difficulte-du-financement-contre-la-deforestation","title":{"rendered":"COP 30 Difficult\u00e9 du Financement Contre la D\u00e9forestation"},"content":{"rendered":"<p><span style=\"color: #ff6600\"><strong>Africa-Press &#8211; Senegal. <\/strong><\/span>Le puits de carbone terrestre a capte\u0301 21% des e\u0301missions humaines de CO2 au cours de la dernie\u0300re de\u0301cennie. La photosynthe\u0300se ope\u0301re\u0301e par les plantes en ge\u0301ne\u0301ral, les arbres en particulier, reste donc un outil puissant d\u2019atte\u0301nuation de l\u2019effet de gaz a\u0300 effet de serre. Mais il pourrait e\u0302tre bien plus efficace s\u2019il n\u2019e\u0301tait affaibli par l\u2019action de l\u2019humain. Selon le dernier bilan du Global carbon Project (GCP), entre 2015 et 2024, le puits terrestre s\u2019est effondre\u0301 de 25%.<\/p>\n<p>En cause: la de\u0301forestation et le changement d\u2019affectation des sols, c\u2019est-a\u0300-dire la conversion de milieux naturels en zones agricoles ou anthropise\u0301es. \u00ab C\u2019est dans la bande tropicale que les e\u0301missions provenant du changement d\u2019affectation des terres sont les plus importantes du fait de la de\u0301forestation alors que des puits nets re\u0301apparaissent dans des re\u0301gions de reforestation ou d\u2019afforestation (gain de la fore\u0302t sur des terres abandonne\u0301es par l\u2019agriculture) comme une grande partie de l\u2019Europe et la Chine \u00bb, de\u0301taille Corinne le Que\u0301re\u0301, chercheuse a\u0300 l\u2019universite\u0301 East Anglia (Royaume-Uni) et co-auteur du GCP.<\/p>\n<p>Le Bre\u0301sil, l\u2019Indone\u0301sie et la Re\u0301publique de\u0301mocratique du Congo (RDC) repre\u0301sentent a\u0300 eux trois 57% des e\u0301missions nettes lie\u0301es a\u0300 l\u2019usage des terres. Des pays africains et asiatiques, qui e\u0301taient auparavant des pays capteurs de CO2, sont devenus e\u0301metteurs du fait de la de\u0301gradation de leurs fore\u0302ts et de leur de\u0301veloppement base\u0301 sur les e\u0301nergies fossiles. A l\u2019inverse, la Chine qui contribuait fortement a\u0300 ce de\u0301se\u0301quilibre est aujourd\u2019hui devenue le premier pays a\u0300 contribuer a\u0300 combler une partie des e\u0301missions nettes, et ce gra\u0302ce a\u0300 la plantation de milliards d\u2019arbres au cours de ces trente dernie\u0300res anne\u0301es. La bonne nouvelle, c\u2019est que les e\u0301missions provenant de de\u0301forestations permanentes de\u0301clinent depuis 2015. La mauvaise, c\u2019est qu\u2019elles restent hautes avec en moyenne 3,9 milliards de tonnes rela\u0302che\u0301es par an depuis 2015 et repre\u0301sentent de\u0301sormais un partage e\u0301gal de responsabilite\u0301 entre l\u2019action humaine et les impacts du changement climatique sur les arbres.<\/p>\n<p><b>De nombreuses e\u0301tudes mettent en doute l\u2019efficacite\u0301 des cre\u0301dits carbone<\/b><\/p>\n<p>Bele\u0301m est e\u0301videmment le lieu choisi par le Bre\u0301sil pour parler fore\u0302t. Et donc cre\u0301dit carbone. A Bakou (Azerbai\u0308djan), lors de la COP29 en 2024, les Etats ont adopte\u0301 les me\u0301canismes de fonctionnement du marche\u0301 carbone pre\u0301vu par l\u2019article 6 de l\u2019Accord de Paris. Sous le regard dubitatif, voire hostile, de la communaute\u0301 scientifique. Le principe est simple: un me\u0300tre cube de bois stocke une tonne de CO2. Un e\u0301metteur cherchant a\u0300 compenser les e\u0301missions de son activite\u0301 peut ainsi acheter sur le marche\u0301 des cre\u0301dits d\u2019une valeur d\u2019une tonne chacun correspondant a\u0300 la croissance d\u2019arbres qui ont e\u0301te\u0301 plante\u0301s ou pre\u0301serve\u0301s. L\u2019adoption de l\u2019article 6 ainsi que les accords volontaires sur la de\u0301carbonation du transport ae\u0301rien devraient doper les e\u0301changes.<\/p>\n<p>Un premier article de la revue Science en 2023 de\u0301montrait cependant que sur 26 projets de certification carbone\u0301 e\u0301tudie\u0301s en Ame\u0301rique latine et en Afrique e\u0301quatoriale, un seul avait tenu ses promesses de stockage de carbone. Le principal auteur de l\u2019e\u0301tude est Thale\u0300s West, un inge\u0301nieur forestier bre\u0301silien qui dispose d\u2019une vaste expe\u0301rience dans les projets carbone en fore\u0302ts tropicales a\u0300 travers le monde. Par ailleurs docteur en e\u0301conomie des ressources et de l\u2019alimentation de l\u2019Universite\u0301 de Floride (Etats-Unis), Thale\u0300s West a enfonce\u0301 le clou dans une e\u0301tude parue le 13 octobre 2025 dans Global Change Biology au titre e\u0301vocateur: \u00ab De\u0301mystifier les re\u0301cits ide\u0301alise\u0301s sur les cre\u0301dits carbone issus de la conservation forestie\u0300re volontaire \u00bb. \u00ab Ces cre\u0301dits sont en effet e\u0301mis a\u0300 partir de la diffe\u0301rence entre deux sce\u0301narios, l\u2019un avec protection, l\u2019autre sans, explique Philippe Delacote, chercheur Inrae a\u0300 l\u2019Universite\u0301 de Lorraine et co-auteur de l\u2019article. C\u2019est un pari sur l\u2019e\u0301volution future d\u2019une zone portant sur des dizaines d\u2019anne\u0301es, c\u2019est donc tre\u0300s hasardeux \u00bb.<\/p>\n<p><b>L\u2019Union europe\u0301enne mise malgre\u0301 tout sur les cre\u0301dits carbone<\/b><\/p>\n<p>Ce me\u0302me mois d\u2019octobre, deux autres publications scientifiques ont enfonce\u0301 le clou. Dans Science, une e\u0301quipe de l\u2019Universite\u0301 de Shenzen (Chine) affirme qu\u2019elle a trouve\u0301 des gains partiaux de stockage de carbone chez les 53 projets qu\u2019elle a e\u0301tudie\u0301s \u00ab au milieu d\u2019une surestimation persistante \u00bb. \u00ab Nous avons trouve\u0301 des be\u0301ne\u0301fices climatiques plus e\u0301leve\u0301s que dans d\u2019autres e\u0301tudes pre\u0301ce\u0301dentes, mais l\u2019efficacite\u0301 ge\u0301ne\u0301rale est basse: moins de 20% des projets ont rempli leurs objectifs \u00bb, concluent les auteurs.<\/p>\n<p>Dans Annual Review of Environment, Joseph Romm, chercheur a\u0300 l\u2019Universite\u0301 de Pennsylvanie (Etats-Unis) se demande, lui, si \u00ab la compensation carbone est re\u0301parable \u00bb. \u00ab La COP29 n\u2019a pas re\u0301solu le proble\u0300me de la qualite\u0301 des cre\u0301dits, cre\u0301ant le risque que ce marche\u0301 soit inonde\u0301 par des compensations sure\u0301value\u0301es \u00bb, affirme-t-il. Enfin, dans un commentaire publie\u0301 dans Nature du 14 octobre 2025, Andrew McIntosh, chercheur a\u0300 l\u2019Universite\u0301 nationale australienne, affirme que \u00ab l\u2019ide\u0301e que les e\u0301missions puissent e\u0302tre compense\u0301es a\u0300 travers des projets qui proclament pouvoir e\u0301viter les rejets ou stocker le carbone est irre\u0301me\u0301diablement errone\u0301e \u00bb.<\/p>\n<p>Ces avertissements n\u2019ont pas e\u0301te\u0301 pris en compte par l\u2019Union europe\u0301enne. Le 4 novembre 2025, le conseil des ministres de l\u2019Environnement des 27 Etats membres a en effet adopte\u0301 un objectif de -90% des e\u0301missions de carbone en 2040, mais en l\u2019assortissant d\u2019un \u00ab e\u0301le\u0301ment de flexibilite\u0301 \u00bb en cas d\u2019affaiblissement du puits de carbone europe\u0301en du fait des se\u0301cheresses et maladies re\u0301currentes frappant les fore\u0302ts de l\u2019Union. 5% de l\u2019objectif pourront ainsi e\u0302tre obtenus en financ\u0327ant des cre\u0301dits carbone a\u0300 l\u2019e\u0301tranger. \u00ab Compte tenu du fait que c\u2019est un me\u0301canisme nouveau, la France a plaide\u0301 pluto\u0302t pour 1 % a\u0300 partir de 2031 pour voir comment c\u0327a pourrait fonctionner et se mettre d\u2019accord sur un certain nombre de crite\u0300res qui nous permettraient en particulier de nous assurer de l\u2019inte\u0301grite\u0301 environnementale de ces cre\u0301dits carbone \u00bb, a affirme\u0301 Monique Barbut, ministre franc\u0327aise de la Transition e\u0301cologique a\u0300 la sortie de la re\u0301union des ministres. \u00ab Si c\u2019est plus efficace, pourquoi pas, mais la re\u0301alite\u0301 c\u2019est qu\u2019a\u0300 l\u2019heure actuelle les cre\u0301dits carbone n\u2019ont aucune cre\u0301dibilite\u0301 \u00bb, asse\u0300ne Philippe Delacote.<\/p>\n<p><b>Un fonds forestier spe\u0301culant sur les marche\u0301s internationaux<\/b><\/p>\n<p>Le pre\u0301sident de la Re\u0301publique bre\u0301silienne, Lula, porte lui un autre projet: le Tropical Forest Forever Facility, ou \u00ab fonds permanent pour la fore\u0302t tropicale \u00bb. Ce TFFF consiste a\u0300 utiliser des fonds fournis par des donateurs \u2013 pays industriels ou fondations philanthropiques par exemple \u2013 sur les marche\u0301s financiers pour utiliser les inte\u0301re\u0302ts ainsi capte\u0301s au profit de la pre\u0301servation des fore\u0302ts. \u00ab Des pays de\u0301veloppe\u0301s partenaires apporteraient des financements a\u0300 long terme de 25 milliards de dollars, et porteraient entie\u0300rement le risque financier en cas de mauvaise performance des placements du fonds. Les 80% restants, soit 100 milliards, seraient constitue\u0301s de pre\u0302ts \u00bb, re\u0301sume Alain Karsenty, e\u0301conomiste au centre international de coope\u0301ration en recherche agronomique (Cirad).<\/p>\n<p>Les sommes ainsi de\u0301bloque\u0301es serviraient a\u0300 re\u0301mune\u0301rer les Etats s\u2019engageant a\u0300 ne pas toucher a\u0300 leurs fore\u0302ts a\u0300 un tarif de 4 dollars par hectare. Pour attirer les investisseurs, le TFFF offrirait des retours annuels un peu supe\u0301rieurs aux bonds a\u0300 long terme du Tre\u0301sor des Etats-Unis, soit plus de 5% d\u2019inte\u0301re\u0302t. Ce qui oblige a\u0300 aller chercher des placements a\u0300 8 ou 9%, qui sont tre\u0300s bien re\u0301mune\u0301re\u0301s parce qu\u2019ils sont tre\u0300s risque\u0301s. Me\u0302me si c\u2019est la Banque Mondiale qui ge\u0301rerait le TFFF, c\u2019est ce risque qui fait tiquer nombre de donateurs potentiels. Jusqu\u2019ici, 5 milliards de dollars seulement ont e\u0301te\u0301 promis.<\/p>\n<p><b>Une e\u0301valuation par satellite de la croissance des arbres permettrait d\u2019e\u0301mettre des cre\u0301dits se\u0301rieux<\/b><\/p>\n<p>Mais un autre proble\u0300me se pose: le choix de l\u2019emplacement des 500 millions d\u2019hectares qui pourraient ainsi e\u0302tre pre\u0301serve\u0301s. Dans bon nombre d\u2019endroits du monde, les espaces forestiers peuvent potentiellement produire bien plus de 4 dollars par hectare si on les remplace par des cultures. Le TFFF devient ainsi inefficace devant la pression de\u0301mographique et les besoins de de\u0301veloppement. \u00ab Si ces 4 dollars servent a\u0300 prote\u0301ger des fore\u0302ts peu accessibles et difficiles a\u0300 exploiter, on aura loupe\u0301 la cible, argue Alain Karsenty. Cette re\u0301mune\u0301ration doit aller en priorite\u0301 a\u0300 des zones que l\u2019on peut rejoindre par la route et qui sont convoite\u0301es par l\u2019agriculture \u00bb. Par ailleurs, l\u2019utilisation des fonds reste a\u0300 la discre\u0301tion des Etats. Or l\u2019argent devrait en priorite\u0301 servir a\u0300 proposer un de\u0301veloppement respectueux de l\u2019environnement aux populations locales. Dans sa dernie\u0300re version, le TFFF doit obliger le pays a\u0300 allouer un minimum de 20% des aides aux communaute\u0301s locales et autochtones et a\u0300 verser une partie des paiements aux gestionnaires des fore\u0302ts. Tout un fonctionnement reste a\u0300 inventer.<\/p>\n<p>Tous ces de\u0301bats et propositions de\u0301montrent que la pre\u0301servation du puits de carbone terrestre reste un proble\u0300me financier irre\u0301solu. Dans une e\u0301tude publie\u0301e dans la revue Nature Sustainability en juillet 2025, Philippe Delacote et Thales West proposent une me\u0301thode plus vertueuse mais moins attirante pour les organismes voulant pratiquer la compensation. Il s\u2019agit de proce\u0301der par comparaison d\u2019images satellites entre zones sous cre\u0301dits carbone et un espace re\u0301fe\u0301rence non prote\u0301ge\u0301. \u00ab On peut ainsi e\u0301valuer au fil des anne\u0301es la croissance des arbres, ce qui permet de comptabiliser pre\u0301cise\u0301ment le CO2 stocke\u0301 \u00bb, pre\u0301cise le chercheur franc\u0327ais. Le proble\u0300me, c\u2019est que l\u2019e\u0301dition de cre\u0301dits ne peut se faire qu\u2019a\u0300 terme, des anne\u0301es apre\u0300s qu\u2019ils ont e\u0301te\u0301 paye\u0301s. L\u2019entreprise qui finance ne peut savoir a\u0300 l\u2019avance de combien de cre\u0301dits elle va pouvoir disposer. \u00ab C\u2019est tout le de\u0301bat qui a lieu actuellement a\u0300 Bele\u0301m, reconnai\u0302t Philippe Delacote. Veut-on un marche\u0301 du cre\u0301dit carbone large mais peu ve\u0301rifiable ou bien un marche\u0301 plus resserre\u0301 mais se\u0301rieux? \u00bb.<\/p>\n<p><strong>Pour plus d&rsquo;informations et d&rsquo;analyses sur la <span style=\"color: #ff6600\">Senegal<\/span>, suivez <span style=\"color: #ff6600\">Africa-Press<\/span><\/strong><\/p>\n","protected":false},"excerpt":{"rendered":"<p>Africa-Press &#8211; Senegal. Le puits de carbone terrestre a capte\u0301 21% des e\u0301missions humaines de CO2 au cours de la dernie\u0300re de\u0301cennie. La photosynthe\u0300se ope\u0301re\u0301e par les plantes en ge\u0301ne\u0301ral, les arbres en particulier, reste donc un outil puissant d\u2019atte\u0301nuation de l\u2019effet de gaz a\u0300 effet de serre. Mais il pourrait e\u0302tre bien plus efficace [&hellip;]<\/p>\n","protected":false},"author":82,"featured_media":72684,"comment_status":"open","ping_status":"closed","sticky":false,"template":"","format":"standard","meta":{"footnotes":""},"categories":[22,10],"tags":[44],"class_list":["post-72685","post","type-post","status-publish","format-standard","has-post-thumbnail","hentry","category-divers","category-toutes-les-actualites","tag-senegal-2"],"yoast_head":"<!-- This site is optimized with the Yoast SEO Premium plugin v26.1 (Yoast SEO v27.0) - https:\/\/yoast.com\/product\/yoast-seo-premium-wordpress\/ -->\n<title>COP 30 Difficult\u00e9 du Financement Contre la D\u00e9forestation - Senegal<\/title>\n<meta name=\"description\" content=\"Le puits de carbone terrestre a capte\u0301 21% des e\u0301missions humaines de CO2 au cours de la dernie\u0300re de\u0301cennie. La photosy ...\" \/>\n<meta name=\"robots\" content=\"index, follow, max-snippet:-1, max-image-preview:large, max-video-preview:-1\" \/>\n<link rel=\"canonical\" href=\"https:\/\/www.africa-press.net\/senegal\/toutes-les-actualites\/cop-30-difficulte-du-financement-contre-la-deforestation\" \/>\n<meta property=\"og:locale\" content=\"fr_FR\" \/>\n<meta property=\"og:type\" content=\"article\" \/>\n<meta property=\"og:title\" content=\"COP 30 Difficult\u00e9 du Financement Contre la D\u00e9forestation\" \/>\n<meta property=\"og:description\" content=\"Le puits de carbone terrestre a capte\u0301 21% des e\u0301missions humaines de CO2 au cours de la dernie\u0300re de\u0301cennie. La photosy ...\" \/>\n<meta property=\"og:url\" content=\"https:\/\/www.africa-press.net\/senegal\/toutes-les-actualites\/cop-30-difficulte-du-financement-contre-la-deforestation\" \/>\n<meta property=\"og:site_name\" content=\"Senegal\" \/>\n<meta property=\"article:published_time\" content=\"2025-11-16T12:00:00+00:00\" \/>\n<meta property=\"article:modified_time\" content=\"2025-11-17T04:16:01+00:00\" \/>\n<meta property=\"og:image\" content=\"https:\/\/static.africa-press.net\/senegal\/sites\/13\/2025\/11\/sm_1763381339.711774.jpg\" \/>\n\t<meta property=\"og:image:width\" content=\"1200\" \/>\n\t<meta property=\"og:image:height\" content=\"900\" \/>\n\t<meta property=\"og:image:type\" content=\"image\/jpeg\" \/>\n<meta name=\"author\" content=\"cfeditorfr\" \/>\n<meta name=\"twitter:card\" content=\"summary_large_image\" \/>\n<meta name=\"twitter:label1\" content=\"\u00c9crit par\" \/>\n\t<meta name=\"twitter:data1\" content=\"cfeditorfr\" \/>\n\t<meta name=\"twitter:label2\" content=\"Dur\u00e9e de lecture estim\u00e9e\" \/>\n\t<meta name=\"twitter:data2\" content=\"9 minutes\" \/>\n<script type=\"application\/ld+json\" class=\"yoast-schema-graph\">{\"@context\":\"https:\/\/schema.org\",\"@graph\":[{\"@type\":\"Article\",\"@id\":\"https:\/\/www.africa-press.net\/senegal\/toutes-les-actualites\/cop-30-difficulte-du-financement-contre-la-deforestation#article\",\"isPartOf\":{\"@id\":\"https:\/\/www.africa-press.net\/senegal\/toutes-les-actualites\/cop-30-difficulte-du-financement-contre-la-deforestation\"},\"author\":{\"name\":\"cfeditorfr\",\"@id\":\"https:\/\/www.africa-press.net\/senegal\/#\/schema\/person\/2b1cf3cd81a31e3cd26889ca66d677f1\"},\"headline\":\"COP 30 Difficult\u00e9 du Financement Contre la D\u00e9forestation\",\"datePublished\":\"2025-11-16T12:00:00+00:00\",\"dateModified\":\"2025-11-17T04:16:01+00:00\",\"mainEntityOfPage\":{\"@id\":\"https:\/\/www.africa-press.net\/senegal\/toutes-les-actualites\/cop-30-difficulte-du-financement-contre-la-deforestation\"},\"wordCount\":1854,\"commentCount\":0,\"image\":{\"@id\":\"https:\/\/www.africa-press.net\/senegal\/toutes-les-actualites\/cop-30-difficulte-du-financement-contre-la-deforestation#primaryimage\"},\"thumbnailUrl\":\"https:\/\/static.africa-press.net\/senegal\/sites\/13\/2025\/11\/sm_1763381339.711774.jpg\",\"keywords\":[\"Senegal\"],\"articleSection\":[\"Divers\",\"Toutes les actualit\u00e9s\"],\"inLanguage\":\"fr-FR\",\"potentialAction\":[{\"@type\":\"CommentAction\",\"name\":\"Comment\",\"target\":[\"https:\/\/www.africa-press.net\/senegal\/toutes-les-actualites\/cop-30-difficulte-du-financement-contre-la-deforestation#respond\"]}]},{\"@type\":\"WebPage\",\"@id\":\"https:\/\/www.africa-press.net\/senegal\/toutes-les-actualites\/cop-30-difficulte-du-financement-contre-la-deforestation\",\"url\":\"https:\/\/www.africa-press.net\/senegal\/toutes-les-actualites\/cop-30-difficulte-du-financement-contre-la-deforestation\",\"name\":\"COP 30 Difficult\u00e9 du Financement Contre la D\u00e9forestation - Senegal\",\"isPartOf\":{\"@id\":\"https:\/\/www.africa-press.net\/senegal\/#website\"},\"primaryImageOfPage\":{\"@id\":\"https:\/\/www.africa-press.net\/senegal\/toutes-les-actualites\/cop-30-difficulte-du-financement-contre-la-deforestation#primaryimage\"},\"image\":{\"@id\":\"https:\/\/www.africa-press.net\/senegal\/toutes-les-actualites\/cop-30-difficulte-du-financement-contre-la-deforestation#primaryimage\"},\"thumbnailUrl\":\"https:\/\/static.africa-press.net\/senegal\/sites\/13\/2025\/11\/sm_1763381339.711774.jpg\",\"datePublished\":\"2025-11-16T12:00:00+00:00\",\"dateModified\":\"2025-11-17T04:16:01+00:00\",\"author\":{\"@id\":\"https:\/\/www.africa-press.net\/senegal\/#\/schema\/person\/2b1cf3cd81a31e3cd26889ca66d677f1\"},\"description\":\"Le puits de carbone terrestre a capte\u0301 21% des e\u0301missions humaines de CO2 au cours de la dernie\u0300re de\u0301cennie. La photosy ...\",\"breadcrumb\":{\"@id\":\"https:\/\/www.africa-press.net\/senegal\/toutes-les-actualites\/cop-30-difficulte-du-financement-contre-la-deforestation#breadcrumb\"},\"inLanguage\":\"fr-FR\",\"potentialAction\":[{\"@type\":\"ReadAction\",\"target\":[\"https:\/\/www.africa-press.net\/senegal\/toutes-les-actualites\/cop-30-difficulte-du-financement-contre-la-deforestation\"]}]},{\"@type\":\"ImageObject\",\"inLanguage\":\"fr-FR\",\"@id\":\"https:\/\/www.africa-press.net\/senegal\/toutes-les-actualites\/cop-30-difficulte-du-financement-contre-la-deforestation#primaryimage\",\"url\":\"https:\/\/static.africa-press.net\/senegal\/sites\/13\/2025\/11\/sm_1763381339.711774.jpg\",\"contentUrl\":\"https:\/\/static.africa-press.net\/senegal\/sites\/13\/2025\/11\/sm_1763381339.711774.jpg\",\"width\":1200,\"height\":900,\"caption\":\"COP 30 Difficult\u00e9 du Financement Contre la D\u00e9forestation\"},{\"@type\":\"BreadcrumbList\",\"@id\":\"https:\/\/www.africa-press.net\/senegal\/toutes-les-actualites\/cop-30-difficulte-du-financement-contre-la-deforestation#breadcrumb\",\"itemListElement\":[{\"@type\":\"ListItem\",\"position\":1,\"name\":\"Accueil\",\"item\":\"https:\/\/www.africa-press.net\/senegal\/\"},{\"@type\":\"ListItem\",\"position\":2,\"name\":\"COP 30 Difficult\u00e9 du Financement Contre la D\u00e9forestation\"}]},{\"@type\":\"WebSite\",\"@id\":\"https:\/\/www.africa-press.net\/senegal\/#website\",\"url\":\"https:\/\/www.africa-press.net\/senegal\/\",\"name\":\"Africa Press | Senegal | Homepage\",\"description\":\"Just another Africa News Agency Sites site\",\"potentialAction\":[{\"@type\":\"SearchAction\",\"target\":{\"@type\":\"EntryPoint\",\"urlTemplate\":\"https:\/\/www.africa-press.net\/senegal\/?s={search_term_string}\"},\"query-input\":{\"@type\":\"PropertyValueSpecification\",\"valueRequired\":true,\"valueName\":\"search_term_string\"}}],\"inLanguage\":\"fr-FR\"},{\"@type\":\"Person\",\"@id\":\"https:\/\/www.africa-press.net\/senegal\/#\/schema\/person\/2b1cf3cd81a31e3cd26889ca66d677f1\",\"name\":\"cfeditorfr\",\"url\":\"https:\/\/www.africa-press.net\/senegal\/author\/cfeditorfr\"}]}<\/script>\n<!-- \/ Yoast SEO Premium plugin. -->","yoast_head_json":{"title":"COP 30 Difficult\u00e9 du Financement Contre la D\u00e9forestation - Senegal","description":"Le puits de carbone terrestre a capte\u0301 21% des e\u0301missions humaines de CO2 au cours de la dernie\u0300re de\u0301cennie. La photosy ...","robots":{"index":"index","follow":"follow","max-snippet":"max-snippet:-1","max-image-preview":"max-image-preview:large","max-video-preview":"max-video-preview:-1"},"canonical":"https:\/\/www.africa-press.net\/senegal\/toutes-les-actualites\/cop-30-difficulte-du-financement-contre-la-deforestation","og_locale":"fr_FR","og_type":"article","og_title":"COP 30 Difficult\u00e9 du Financement Contre la D\u00e9forestation","og_description":"Le puits de carbone terrestre a capte\u0301 21% des e\u0301missions humaines de CO2 au cours de la dernie\u0300re de\u0301cennie. La photosy ...","og_url":"https:\/\/www.africa-press.net\/senegal\/toutes-les-actualites\/cop-30-difficulte-du-financement-contre-la-deforestation","og_site_name":"Senegal","article_published_time":"2025-11-16T12:00:00+00:00","article_modified_time":"2025-11-17T04:16:01+00:00","og_image":[{"width":1200,"height":900,"url":"https:\/\/static.africa-press.net\/senegal\/sites\/13\/2025\/11\/sm_1763381339.711774.jpg","type":"image\/jpeg"}],"author":"cfeditorfr","twitter_card":"summary_large_image","twitter_misc":{"\u00c9crit par":"cfeditorfr","Dur\u00e9e de lecture estim\u00e9e":"9 minutes"},"schema":{"@context":"https:\/\/schema.org","@graph":[{"@type":"Article","@id":"https:\/\/www.africa-press.net\/senegal\/toutes-les-actualites\/cop-30-difficulte-du-financement-contre-la-deforestation#article","isPartOf":{"@id":"https:\/\/www.africa-press.net\/senegal\/toutes-les-actualites\/cop-30-difficulte-du-financement-contre-la-deforestation"},"author":{"name":"cfeditorfr","@id":"https:\/\/www.africa-press.net\/senegal\/#\/schema\/person\/2b1cf3cd81a31e3cd26889ca66d677f1"},"headline":"COP 30 Difficult\u00e9 du Financement Contre la D\u00e9forestation","datePublished":"2025-11-16T12:00:00+00:00","dateModified":"2025-11-17T04:16:01+00:00","mainEntityOfPage":{"@id":"https:\/\/www.africa-press.net\/senegal\/toutes-les-actualites\/cop-30-difficulte-du-financement-contre-la-deforestation"},"wordCount":1854,"commentCount":0,"image":{"@id":"https:\/\/www.africa-press.net\/senegal\/toutes-les-actualites\/cop-30-difficulte-du-financement-contre-la-deforestation#primaryimage"},"thumbnailUrl":"https:\/\/static.africa-press.net\/senegal\/sites\/13\/2025\/11\/sm_1763381339.711774.jpg","keywords":["Senegal"],"articleSection":["Divers","Toutes les actualit\u00e9s"],"inLanguage":"fr-FR","potentialAction":[{"@type":"CommentAction","name":"Comment","target":["https:\/\/www.africa-press.net\/senegal\/toutes-les-actualites\/cop-30-difficulte-du-financement-contre-la-deforestation#respond"]}]},{"@type":"WebPage","@id":"https:\/\/www.africa-press.net\/senegal\/toutes-les-actualites\/cop-30-difficulte-du-financement-contre-la-deforestation","url":"https:\/\/www.africa-press.net\/senegal\/toutes-les-actualites\/cop-30-difficulte-du-financement-contre-la-deforestation","name":"COP 30 Difficult\u00e9 du Financement Contre la D\u00e9forestation - Senegal","isPartOf":{"@id":"https:\/\/www.africa-press.net\/senegal\/#website"},"primaryImageOfPage":{"@id":"https:\/\/www.africa-press.net\/senegal\/toutes-les-actualites\/cop-30-difficulte-du-financement-contre-la-deforestation#primaryimage"},"image":{"@id":"https:\/\/www.africa-press.net\/senegal\/toutes-les-actualites\/cop-30-difficulte-du-financement-contre-la-deforestation#primaryimage"},"thumbnailUrl":"https:\/\/static.africa-press.net\/senegal\/sites\/13\/2025\/11\/sm_1763381339.711774.jpg","datePublished":"2025-11-16T12:00:00+00:00","dateModified":"2025-11-17T04:16:01+00:00","author":{"@id":"https:\/\/www.africa-press.net\/senegal\/#\/schema\/person\/2b1cf3cd81a31e3cd26889ca66d677f1"},"description":"Le puits de carbone terrestre a capte\u0301 21% des e\u0301missions humaines de CO2 au cours de la dernie\u0300re de\u0301cennie. La photosy ...","breadcrumb":{"@id":"https:\/\/www.africa-press.net\/senegal\/toutes-les-actualites\/cop-30-difficulte-du-financement-contre-la-deforestation#breadcrumb"},"inLanguage":"fr-FR","potentialAction":[{"@type":"ReadAction","target":["https:\/\/www.africa-press.net\/senegal\/toutes-les-actualites\/cop-30-difficulte-du-financement-contre-la-deforestation"]}]},{"@type":"ImageObject","inLanguage":"fr-FR","@id":"https:\/\/www.africa-press.net\/senegal\/toutes-les-actualites\/cop-30-difficulte-du-financement-contre-la-deforestation#primaryimage","url":"https:\/\/static.africa-press.net\/senegal\/sites\/13\/2025\/11\/sm_1763381339.711774.jpg","contentUrl":"https:\/\/static.africa-press.net\/senegal\/sites\/13\/2025\/11\/sm_1763381339.711774.jpg","width":1200,"height":900,"caption":"COP 30 Difficult\u00e9 du Financement Contre la D\u00e9forestation"},{"@type":"BreadcrumbList","@id":"https:\/\/www.africa-press.net\/senegal\/toutes-les-actualites\/cop-30-difficulte-du-financement-contre-la-deforestation#breadcrumb","itemListElement":[{"@type":"ListItem","position":1,"name":"Accueil","item":"https:\/\/www.africa-press.net\/senegal\/"},{"@type":"ListItem","position":2,"name":"COP 30 Difficult\u00e9 du Financement Contre la D\u00e9forestation"}]},{"@type":"WebSite","@id":"https:\/\/www.africa-press.net\/senegal\/#website","url":"https:\/\/www.africa-press.net\/senegal\/","name":"Africa Press | Senegal | Homepage","description":"Just another Africa News Agency Sites site","potentialAction":[{"@type":"SearchAction","target":{"@type":"EntryPoint","urlTemplate":"https:\/\/www.africa-press.net\/senegal\/?s={search_term_string}"},"query-input":{"@type":"PropertyValueSpecification","valueRequired":true,"valueName":"search_term_string"}}],"inLanguage":"fr-FR"},{"@type":"Person","@id":"https:\/\/www.africa-press.net\/senegal\/#\/schema\/person\/2b1cf3cd81a31e3cd26889ca66d677f1","name":"cfeditorfr","url":"https:\/\/www.africa-press.net\/senegal\/author\/cfeditorfr"}]}},"_links":{"self":[{"href":"https:\/\/www.africa-press.net\/senegal\/wp-json\/wp\/v2\/posts\/72685","targetHints":{"allow":["GET"]}}],"collection":[{"href":"https:\/\/www.africa-press.net\/senegal\/wp-json\/wp\/v2\/posts"}],"about":[{"href":"https:\/\/www.africa-press.net\/senegal\/wp-json\/wp\/v2\/types\/post"}],"author":[{"embeddable":true,"href":"https:\/\/www.africa-press.net\/senegal\/wp-json\/wp\/v2\/users\/82"}],"replies":[{"embeddable":true,"href":"https:\/\/www.africa-press.net\/senegal\/wp-json\/wp\/v2\/comments?post=72685"}],"version-history":[{"count":0,"href":"https:\/\/www.africa-press.net\/senegal\/wp-json\/wp\/v2\/posts\/72685\/revisions"}],"wp:featuredmedia":[{"embeddable":true,"href":"https:\/\/www.africa-press.net\/senegal\/wp-json\/wp\/v2\/media\/72684"}],"wp:attachment":[{"href":"https:\/\/www.africa-press.net\/senegal\/wp-json\/wp\/v2\/media?parent=72685"}],"wp:term":[{"taxonomy":"category","embeddable":true,"href":"https:\/\/www.africa-press.net\/senegal\/wp-json\/wp\/v2\/categories?post=72685"},{"taxonomy":"post_tag","embeddable":true,"href":"https:\/\/www.africa-press.net\/senegal\/wp-json\/wp\/v2\/tags?post=72685"}],"curies":[{"name":"wp","href":"https:\/\/api.w.org\/{rel}","templated":true}]}}