{"id":72894,"date":"2025-11-24T12:00:00","date_gmt":"2025-11-24T12:00:00","guid":{"rendered":"https:\/\/www.africa-press.net\/senegal\/politique\/anciens-genomes-reecrivent-lhistoire-des-europeens"},"modified":"2025-11-25T03:26:05","modified_gmt":"2025-11-25T03:26:05","slug":"anciens-genomes-reecrivent-lhistoire-des-europeens","status":"publish","type":"post","link":"https:\/\/www.africa-press.net\/senegal\/toutes-les-actualites\/anciens-genomes-reecrivent-lhistoire-des-europeens","title":{"rendered":"Anciens G\u00e9nomes R\u00e9\u00e9crivent L\u2019Histoire des Europ\u00e9ens"},"content":{"rendered":"<p><span style=\"color: #ff6600\"><strong>Africa-Press &#8211; Senegal. <\/strong><\/span>Les ge\u0301nomes de Ranis13 et de Zlaty\u0301 ku\u030an\u030c repre\u0301sentent les plus anciens ge\u0301nomes humains modernes de haute qualite\u0301 se\u0301quence\u0301s a\u0300 ce jour.<\/p>\n<p>Ils re\u0301ve\u0300lent l\u2019existence d\u2019un petit groupe isole\u0301 re\u0301cemment hybride\u0301 avec les Ne\u0301andertaliens et qui n\u2019a pas laisse\u0301 de descendants actuels.<\/p>\n<p>Ils de\u0301calent e\u0301galement dans le temps le tout premier me\u0301tissage de l\u2019Homme moderne avec Ne\u0301andertal, qui aurait finalement eu lieu il y a environ 45.000 a\u0300 49.000 ans, soit bien plus tard qu\u2019on ne le pensait.<\/p>\n<p>Ce sont des travaux a\u0300 marquer d\u2019une pierre blanche en pale\u0301oge\u0301nomique. Ce 12 de\u0301cembre 2024, un article paru dans la prestigieuse revue Nature nous fait savoir qu\u2019une e\u0301quipe internationale dirige\u0301e par des chercheurs de l\u2019Institut Max-Planck d\u2019Anthropologie E\u0301volutive, en Allemagne, est parvenue a\u0300 se\u0301quencer les plus anciens ge\u0301nomes d\u2019e\u0302tres humains modernes, date\u0301s de 45.000 ans environ. Ces ge\u0301nomes, appartenant a\u0300 sept individus, mettent en e\u0301vidence une ligne\u0301e de Sapiens qui a diverge\u0301 le plus anciennement du groupe d\u2019humains modernes sorti d\u2019Afrique il y a environ 50.000 ans.<\/p>\n<p><b>Un ge\u0301nome de qualite\u0301 exceptionnelle<\/b><\/p>\n<p>Les re\u0301sultats de l\u2019e\u0301quipe de\u0301montrent e\u0301galement que ces premiers Hommes modernes d\u2019Europe se sont hybride\u0301s avec les Ne\u0301andertaliens plus tard qu\u2019on ne le pensait jusqu\u2019ici, il y a entre 45.000 et 49.000 ans, avanc\u0327ant ainsi dans le temps l\u2019e\u0301pisode de me\u0301tissage commun a\u0300 toutes les populations non-africaines, celui-la\u0300 me\u0302me qui a entrai\u0302ne\u0301 la pre\u0301sence d\u2019environ 2 a\u0300 3% d\u2019ADN ne\u0301andertalien dans le ge\u0301nome des populations non-africaines actuelles. Il s\u2019agit la\u0300 de re\u0301sultats e\u0301poustouflants, d\u2019abord parce que nos connaissances sur la ge\u0301ne\u0301tique des premiers humains modernes sont encore tre\u0300s limite\u0301es, ensuite parce que les chercheurs ont re\u0301ussi a\u0300 obtenir le ge\u0301nome de la plus haute qualite\u0301 jamais atteinte pour un individu de plus de 10.000 ans. Rappelons qu\u2019il en a 45.000 !<\/p>\n<p>Cette formidable prouesse a pu e\u0302tre re\u0301alise\u0301e a\u0300 partir d\u2019ossements retrouve\u0301s sur deux sites distincts: Zlaty\u0301 ku\u030an\u030c, en Re\u0301publique Tche\u0300que, et la Ilsenho\u0308hle a\u0300 Ranis, en Allemagne, distants l\u2019un et l\u2019autre de 230 kilome\u0300tres. En 1950, la grotte de Zlaty\u0301 ku\u030an\u030c livre un cra\u0302ne. Appartenant a\u0300 une femme, on le soupc\u0327onne d\u2019e\u0302tre tre\u0300s ancien \u2013 peut-e\u0302tre 15.000 ans -, mais en l\u2019absence de tout contexte arche\u0301ologique, il ne peut e\u0302tre date\u0301. Plus de soixante-dix ans plus tard, l\u2019Institut Max-Planck le soumet a\u0300 une se\u0301rie d\u2019analyses ge\u0301nomiques. Verdict: bien plus vieux qu\u2019on le pensait, il fournit a\u0300 la surprise ge\u0301ne\u0301rale le plus ancien ge\u0301nome humain moderne, remontant a\u0300 45.000 ans. Aussi, depuis trois ans, la femme de Zlaty\u0301 ku\u030an\u030c est conside\u0301re\u0301e comme la plus ancienne repre\u0301sentante de la plus ancienne ligne\u0301e d\u2019humains modernes du territoire europe\u0301en.<\/p>\n<p><b>Le groupe familial de Ranis<\/b><\/p>\n<p>Direction Ranis cette fois. De\u0300s les anne\u0301es 1930, cette grotte nous ga\u0302te d\u2019un type d\u2019outils en pierre taille\u0301e qui se voit associe\u0301 a\u0300 une culture particulie\u0300re: celle du Lincombien-Ranisien-Jerzmanowicien (LRJ), que l\u2019on estime remonter a\u0300 45.000 ans (chaque culture est souvent identifie\u0301e par un style ou une technique spe\u0301cifique de fabrication des outils en pierre, os, ou autres mate\u0301riaux). L\u2019attribution de cette culture a\u0300 Ne\u0301andertal ou a\u0300 Sapiens est de\u0301battue durant des de\u0301cennies. Et pour cause: si un important tas d\u2019ossements accompagnait les outils, celui-ci semblait ne contenir que de la faune. Mais le dicton \u00ab il ne faut jamais se fier aux apparences \u00bb est aussi valable en arche\u0301oanthropologie. \u00ab Il y a quelques anne\u0301es, une analyse biochimique a mis en e\u0301vidence des prote\u0301ines humaines dans la me\u0302le\u0301e, indiquant qu\u2019on avait loupe\u0301 quelque chose \u00bb, raconte He\u0301le\u0300ne Rougier, anthropologue et professeure associe\u0301e a\u0300 l\u2019Universite\u0301 de l\u2019E\u0301tat de Californie, a\u0300 Northridge.<\/p>\n<p>L\u2019experte, qui compte parmi les signataires de l\u2019article de Nature, entame donc un minutieux travail de tri. De leur co\u0302te\u0301, des arche\u0301ologues retournent fouiller a\u0300 Ranis pour e\u0302tre su\u0302rs de ne rien manquer. Au total, 13 petits fragments osseux appartenant a\u0300 au moins six humains modernes et non a\u0300 des Ne\u0301andertaliens sont identifie\u0301s. He\u0301le\u0300ne Rougier parvient a\u0300 savoir que deux de ces individus e\u0301taient \u00ab immatures \u00bb, quand la ge\u0301ne\u0301tique, elle, montre que trois e\u0301taient des femmes, trois des hommes, et qu\u2019ils e\u0301taient parents biologiques. Plus impressionnant encore, l\u2019e\u0301quipe de\u0301duit d\u2019un petit morceau de phalange et d\u2019un fragment de clavicule que le groupe comprenait une me\u0300re (phalange) et sa petite fille en bas a\u0302ge (clavicule).<\/p>\n<p><b>Des liens ge\u0301ne\u0301tiques<\/b><\/p>\n<p>Parmi les 13 fragments, un os \u2013 un bout de fe\u0301mur \u2013 e\u0301tait particulie\u0300rement bien pre\u0301serve\u0301. \u00ab Il est me\u0302me l\u2019os humain moderne ple\u0301istoce\u0300ne le mieux conserve\u0301 que l\u2019on ait jamais eu pour extraire de l\u2019ADN \u00bb, affirme, enthousiaste, He\u0301le\u0300ne Rougier. \u00ab Il nous a permis d\u2019obtenir un ge\u0301nome de haute qualite\u0301 pour cet individu masculin appele\u0301 Ranis13. \u00bb Me\u0302me si elle tient toujours un peu du miracle, une telle qualite\u0301 de conservation n\u2019est pas surprenante dans le nord de l\u2019Europe, et plus particulie\u0300rement dans une grotte ou\u0300 les e\u0301carts de tempe\u0301rature sont limite\u0301s. \u00ab Dans les re\u0301gions d\u2019Afrique qui regorgent de fossiles, il fait si sec qu\u2019il ne reste presque jamais rien de l\u2019ADN \u00bb, regrette He\u0301le\u0300ne Rougier.<\/p>\n<p>Mais alors que nous apprennent les ge\u0301nomes de Ranis et Zlaty\u0301 ku\u030an\u030c? D\u2019abord qu\u2019ils portaient des variants associe\u0301s a\u0300 une couleur de peau et des cheveux fonce\u0301s, ainsi qu\u2019a\u0300 des yeux marrons, refle\u0301tant leur origine africaine re\u0301cente. Ensuite qu\u2019ils avaient l\u2019un et l\u2019autre une proximite\u0301 ge\u0301ne\u0301tique. \u00ab A\u0300 notre grande surprise, nous avons de\u0301couvert une relation ge\u0301ne\u0301tique de cinquie\u0300me ou sixie\u0300me degre\u0301 entre Zlaty\u0301 ku\u030an\u030c et deux individus de Ranis \u00bb, a de\u0301clare\u0301 lors d\u2019une confe\u0301rence de presse Arev Su\u0308mer, auteur principal de l\u2019e\u0301tude. \u00ab Cela signifie que Zlaty\u0301 ku\u030an\u030c faisait ge\u0301ne\u0301tiquement partie de la famille e\u0301largie de Ranis et qu\u2019elle fabriquait probablement aussi des outils de type LRJ. \u00bb<\/p>\n<p><b>Une population a\u0300 part<\/b><\/p>\n<p>Cela veut aussi dire que nous disposons de\u0301sormais de plusieurs fossiles appartenant a\u0300 un me\u0302me groupe: la branche des Homo sapiens anciens qui s\u2019est se\u0301pare\u0301e la premie\u0300re. Car si le ge\u0301nome de la population Zlaty\u0301 ku\u030an\u030c-Ranis montre que cette dernie\u0300re comptait des Ne\u0301andertaliens parmi ses ance\u0302tres re\u0301cents \u2013 re\u0301sultat du fameux e\u0301pisode de me\u0301tissage qui peut e\u0302tre de\u0301tecte\u0301 chez tous les non-Africains actuels -, aucune trace d\u2019une hybridation plus re\u0301cente n\u2019a pu y e\u0302tre de\u0301tecte\u0301e. \u00ab On peut imaginer que la population Zlaty\u0301 ku\u030an\u030c-Ranis a suivi une route diffe\u0301rente en sortant d\u2019Afrique, de sorte qu\u2019elle n\u2019a pas occupe\u0301 aussi largement les re\u0301gions ou\u0300 vivaient les Ne\u0301andertaliens que les autres populations de premiers Hommes modernes d\u2019Europe \u00bb, de\u0301taille He\u0301le\u0300ne Rougier. \u00ab On peut aussi envisager que Sapiens est finalement arrive\u0301 plus tard qu\u2019on ne le pensait en Europe. \u00bb<\/p>\n<p>Pour les chercheurs, la population de Zlaty\u0301 ku\u030an\u030c-Ranis devrait e\u0302tre compose\u0301e tout au plus de quelques centaines d\u2019individus qui ont pu e\u0302tre re\u0301partis sur un territoire plus vaste que celui mis en e\u0301vidence dans l\u2019e\u0301tude. Toutefois, il n\u2019existe a\u0300 ce jour aucune preuve que ce petit groupe d\u2019Hommes modernes anciens ait contribue\u0301 aux Europe\u0301ens plus re\u0301cents ou a\u0300 quelque autre population du monde.<\/p>\n<p><b>Un me\u0301tissage plus tardif entre Sapiens et Ne\u0301andertal<\/b><\/p>\n<p>Jusqu\u2019ici, le tout premier me\u0301tissage entre Sapiens et Ne\u0301andertal e\u0301tait date\u0301 entre 50.000 et 60.000 ans (nous savons par ailleurs que les deux espe\u0300ces ont cohabite\u0301 environ 5000 ans en Europe). Mais en analysant la longueur des segments d\u2019ADN ne\u0301andertalien dans le ge\u0301nome de Ranis13 et en utilisant les dates au radiocarbone obtenues sur cet individu, les chercheurs ont e\u0301tabli qu\u2019il est pluto\u0302t survenu entre 45.000 et 49.000 ans. E\u0301tant donne\u0301 que toutes les populations non-africaines actuelles partagent cette ascendance ne\u0301andertalienne avec Zlaty\u0301 ku\u030an\u030c et Ranis, il faut comprendre qu\u2019il y a environ 45.000 a\u0300 49.000 ans, une population ancestrale non africaine cohe\u0301rente devait encore exister.<\/p>\n<p>Ainsi, \u00ab tout vestige humain moderne trouve\u0301 en dehors d\u2019Afrique et datant de plus de 50.000 ans n\u2019a pas pu faire partie de la population non africaine ancestrale qui s\u2019est hybride\u0301e avec les Ne\u0301andertaliens et dont on trouve aujourd\u2019hui les descendants dans une grande partie du monde \u00bb, conclut Johannes Krause, arche\u0301oge\u0301ne\u0301ticien a\u0300 l\u2019Institut Max-Planck et l\u2019un des auteurs principaux de l\u2019e\u0301tude.<\/p>\n<p>L\u2019e\u0301tude ge\u0301nomique d\u2019une autre e\u0301quipe internationale, parmi lesquels de nombreux chercheurs de l\u2019Institut Max-Planck, sont parus au me\u0302me moment, de fac\u0327on concerte\u0301e, dans la revue Science. Portant sur plus de 334 ge\u0301nomes d\u2019humains modernes, elle de\u0301montre que la grande majorite\u0301 du flux ge\u0301ne\u0301tique ne\u0301andertalien est attribuable a\u0300 une pe\u0301riode unique de flux ge\u0301ne\u0301tique qui s\u2019est probablement produite il y a 50.500 a\u0300 43.500 ans, soit un re\u0301sultat cohe\u0301rent avec ceux obtenus gra\u0302ce aux fossiles de Zlaty\u0301 ku\u030an\u030c et Ranis.<\/p>\n<p><strong>Pour plus d&rsquo;informations et d&rsquo;analyses sur la <span style=\"color: #ff6600\">Senegal<\/span>, suivez <span style=\"color: #ff6600\">Africa-Press<\/span><\/strong><\/p>\n","protected":false},"excerpt":{"rendered":"<p>Africa-Press &#8211; Senegal. Les ge\u0301nomes de Ranis13 et de Zlaty\u0301 ku\u030an\u030c repre\u0301sentent les plus anciens ge\u0301nomes humains modernes de haute qualite\u0301 se\u0301quence\u0301s a\u0300 ce jour. Ils re\u0301ve\u0300lent l\u2019existence d\u2019un petit groupe isole\u0301 re\u0301cemment hybride\u0301 avec les Ne\u0301andertaliens et qui n\u2019a pas laisse\u0301 de descendants actuels. Ils de\u0301calent e\u0301galement dans le temps le tout premier me\u0301tissage [&hellip;]<\/p>\n","protected":false},"author":82,"featured_media":72893,"comment_status":"open","ping_status":"closed","sticky":false,"template":"","format":"standard","meta":{"footnotes":""},"categories":[22,10],"tags":[44],"class_list":["post-72894","post","type-post","status-publish","format-standard","has-post-thumbnail","hentry","category-divers","category-toutes-les-actualites","tag-senegal-2"],"yoast_head":"<!-- This site is optimized with the Yoast SEO Premium plugin v26.1 (Yoast SEO v27.0) - https:\/\/yoast.com\/product\/yoast-seo-premium-wordpress\/ -->\n<title>Anciens G\u00e9nomes R\u00e9\u00e9crivent L\u2019Histoire des Europ\u00e9ens - Senegal<\/title>\n<meta name=\"description\" content=\"Les ge\u0301nomes de Ranis13 et de Zlaty\u0301 ku\u030an\u030c repre\u0301sentent les plus anciens ge\u0301nomes humains modernes de haute qualite\u0301 se ...\" \/>\n<meta name=\"robots\" content=\"index, follow, max-snippet:-1, max-image-preview:large, max-video-preview:-1\" \/>\n<link rel=\"canonical\" href=\"https:\/\/www.africa-press.net\/senegal\/toutes-les-actualites\/anciens-genomes-reecrivent-lhistoire-des-europeens\" \/>\n<meta property=\"og:locale\" content=\"fr_FR\" \/>\n<meta property=\"og:type\" content=\"article\" \/>\n<meta property=\"og:title\" content=\"Anciens G\u00e9nomes R\u00e9\u00e9crivent L\u2019Histoire des Europ\u00e9ens\" \/>\n<meta property=\"og:description\" content=\"Les ge\u0301nomes de Ranis13 et de Zlaty\u0301 ku\u030an\u030c repre\u0301sentent les plus anciens ge\u0301nomes humains modernes de haute qualite\u0301 se ...\" \/>\n<meta property=\"og:url\" content=\"https:\/\/www.africa-press.net\/senegal\/toutes-les-actualites\/anciens-genomes-reecrivent-lhistoire-des-europeens\" \/>\n<meta property=\"og:site_name\" content=\"Senegal\" \/>\n<meta property=\"article:published_time\" content=\"2025-11-24T12:00:00+00:00\" \/>\n<meta property=\"article:modified_time\" content=\"2025-11-25T03:26:05+00:00\" \/>\n<meta property=\"og:image\" content=\"https:\/\/static.africa-press.net\/senegal\/sites\/13\/2025\/11\/sm_1764069721.883568.jpg\" \/>\n\t<meta property=\"og:image:width\" content=\"1280\" \/>\n\t<meta property=\"og:image:height\" content=\"720\" \/>\n\t<meta property=\"og:image:type\" content=\"image\/jpeg\" \/>\n<meta name=\"author\" content=\"cfeditorfr\" \/>\n<meta name=\"twitter:card\" content=\"summary_large_image\" \/>\n<meta name=\"twitter:label1\" content=\"\u00c9crit par\" \/>\n\t<meta name=\"twitter:data1\" content=\"cfeditorfr\" \/>\n\t<meta name=\"twitter:label2\" content=\"Dur\u00e9e de lecture estim\u00e9e\" \/>\n\t<meta name=\"twitter:data2\" content=\"8 minutes\" \/>\n<script type=\"application\/ld+json\" class=\"yoast-schema-graph\">{\"@context\":\"https:\/\/schema.org\",\"@graph\":[{\"@type\":\"Article\",\"@id\":\"https:\/\/www.africa-press.net\/senegal\/toutes-les-actualites\/anciens-genomes-reecrivent-lhistoire-des-europeens#article\",\"isPartOf\":{\"@id\":\"https:\/\/www.africa-press.net\/senegal\/toutes-les-actualites\/anciens-genomes-reecrivent-lhistoire-des-europeens\"},\"author\":{\"name\":\"cfeditorfr\",\"@id\":\"https:\/\/www.africa-press.net\/senegal\/#\/schema\/person\/2b1cf3cd81a31e3cd26889ca66d677f1\"},\"headline\":\"Anciens G\u00e9nomes R\u00e9\u00e9crivent L\u2019Histoire des Europ\u00e9ens\",\"datePublished\":\"2025-11-24T12:00:00+00:00\",\"dateModified\":\"2025-11-25T03:26:05+00:00\",\"mainEntityOfPage\":{\"@id\":\"https:\/\/www.africa-press.net\/senegal\/toutes-les-actualites\/anciens-genomes-reecrivent-lhistoire-des-europeens\"},\"wordCount\":1682,\"commentCount\":0,\"image\":{\"@id\":\"https:\/\/www.africa-press.net\/senegal\/toutes-les-actualites\/anciens-genomes-reecrivent-lhistoire-des-europeens#primaryimage\"},\"thumbnailUrl\":\"https:\/\/static.africa-press.net\/senegal\/sites\/13\/2025\/11\/sm_1764069721.883568.jpg\",\"keywords\":[\"Senegal\"],\"articleSection\":[\"Divers\",\"Toutes les actualit\u00e9s\"],\"inLanguage\":\"fr-FR\",\"potentialAction\":[{\"@type\":\"CommentAction\",\"name\":\"Comment\",\"target\":[\"https:\/\/www.africa-press.net\/senegal\/toutes-les-actualites\/anciens-genomes-reecrivent-lhistoire-des-europeens#respond\"]}]},{\"@type\":\"WebPage\",\"@id\":\"https:\/\/www.africa-press.net\/senegal\/toutes-les-actualites\/anciens-genomes-reecrivent-lhistoire-des-europeens\",\"url\":\"https:\/\/www.africa-press.net\/senegal\/toutes-les-actualites\/anciens-genomes-reecrivent-lhistoire-des-europeens\",\"name\":\"Anciens G\u00e9nomes R\u00e9\u00e9crivent L\u2019Histoire des Europ\u00e9ens - Senegal\",\"isPartOf\":{\"@id\":\"https:\/\/www.africa-press.net\/senegal\/#website\"},\"primaryImageOfPage\":{\"@id\":\"https:\/\/www.africa-press.net\/senegal\/toutes-les-actualites\/anciens-genomes-reecrivent-lhistoire-des-europeens#primaryimage\"},\"image\":{\"@id\":\"https:\/\/www.africa-press.net\/senegal\/toutes-les-actualites\/anciens-genomes-reecrivent-lhistoire-des-europeens#primaryimage\"},\"thumbnailUrl\":\"https:\/\/static.africa-press.net\/senegal\/sites\/13\/2025\/11\/sm_1764069721.883568.jpg\",\"datePublished\":\"2025-11-24T12:00:00+00:00\",\"dateModified\":\"2025-11-25T03:26:05+00:00\",\"author\":{\"@id\":\"https:\/\/www.africa-press.net\/senegal\/#\/schema\/person\/2b1cf3cd81a31e3cd26889ca66d677f1\"},\"description\":\"Les ge\u0301nomes de Ranis13 et de Zlaty\u0301 ku\u030an\u030c repre\u0301sentent les plus anciens ge\u0301nomes humains modernes de haute qualite\u0301 se ...\",\"breadcrumb\":{\"@id\":\"https:\/\/www.africa-press.net\/senegal\/toutes-les-actualites\/anciens-genomes-reecrivent-lhistoire-des-europeens#breadcrumb\"},\"inLanguage\":\"fr-FR\",\"potentialAction\":[{\"@type\":\"ReadAction\",\"target\":[\"https:\/\/www.africa-press.net\/senegal\/toutes-les-actualites\/anciens-genomes-reecrivent-lhistoire-des-europeens\"]}]},{\"@type\":\"ImageObject\",\"inLanguage\":\"fr-FR\",\"@id\":\"https:\/\/www.africa-press.net\/senegal\/toutes-les-actualites\/anciens-genomes-reecrivent-lhistoire-des-europeens#primaryimage\",\"url\":\"https:\/\/static.africa-press.net\/senegal\/sites\/13\/2025\/11\/sm_1764069721.883568.jpg\",\"contentUrl\":\"https:\/\/static.africa-press.net\/senegal\/sites\/13\/2025\/11\/sm_1764069721.883568.jpg\",\"width\":1280,\"height\":720,\"caption\":\"Anciens G\u00e9nomes R\u00e9\u00e9crivent L\u2019Histoire des Europ\u00e9ens\"},{\"@type\":\"BreadcrumbList\",\"@id\":\"https:\/\/www.africa-press.net\/senegal\/toutes-les-actualites\/anciens-genomes-reecrivent-lhistoire-des-europeens#breadcrumb\",\"itemListElement\":[{\"@type\":\"ListItem\",\"position\":1,\"name\":\"Accueil\",\"item\":\"https:\/\/www.africa-press.net\/senegal\/\"},{\"@type\":\"ListItem\",\"position\":2,\"name\":\"Anciens G\u00e9nomes R\u00e9\u00e9crivent L\u2019Histoire des Europ\u00e9ens\"}]},{\"@type\":\"WebSite\",\"@id\":\"https:\/\/www.africa-press.net\/senegal\/#website\",\"url\":\"https:\/\/www.africa-press.net\/senegal\/\",\"name\":\"Africa Press | Senegal | Homepage\",\"description\":\"Just another Africa News Agency Sites site\",\"potentialAction\":[{\"@type\":\"SearchAction\",\"target\":{\"@type\":\"EntryPoint\",\"urlTemplate\":\"https:\/\/www.africa-press.net\/senegal\/?s={search_term_string}\"},\"query-input\":{\"@type\":\"PropertyValueSpecification\",\"valueRequired\":true,\"valueName\":\"search_term_string\"}}],\"inLanguage\":\"fr-FR\"},{\"@type\":\"Person\",\"@id\":\"https:\/\/www.africa-press.net\/senegal\/#\/schema\/person\/2b1cf3cd81a31e3cd26889ca66d677f1\",\"name\":\"cfeditorfr\",\"url\":\"https:\/\/www.africa-press.net\/senegal\/author\/cfeditorfr\"}]}<\/script>\n<!-- \/ Yoast SEO Premium plugin. -->","yoast_head_json":{"title":"Anciens G\u00e9nomes R\u00e9\u00e9crivent L\u2019Histoire des Europ\u00e9ens - Senegal","description":"Les ge\u0301nomes de Ranis13 et de Zlaty\u0301 ku\u030an\u030c repre\u0301sentent les plus anciens ge\u0301nomes humains modernes de haute qualite\u0301 se ...","robots":{"index":"index","follow":"follow","max-snippet":"max-snippet:-1","max-image-preview":"max-image-preview:large","max-video-preview":"max-video-preview:-1"},"canonical":"https:\/\/www.africa-press.net\/senegal\/toutes-les-actualites\/anciens-genomes-reecrivent-lhistoire-des-europeens","og_locale":"fr_FR","og_type":"article","og_title":"Anciens G\u00e9nomes R\u00e9\u00e9crivent L\u2019Histoire des Europ\u00e9ens","og_description":"Les ge\u0301nomes de Ranis13 et de Zlaty\u0301 ku\u030an\u030c repre\u0301sentent les plus anciens ge\u0301nomes humains modernes de haute qualite\u0301 se ...","og_url":"https:\/\/www.africa-press.net\/senegal\/toutes-les-actualites\/anciens-genomes-reecrivent-lhistoire-des-europeens","og_site_name":"Senegal","article_published_time":"2025-11-24T12:00:00+00:00","article_modified_time":"2025-11-25T03:26:05+00:00","og_image":[{"width":1280,"height":720,"url":"https:\/\/static.africa-press.net\/senegal\/sites\/13\/2025\/11\/sm_1764069721.883568.jpg","type":"image\/jpeg"}],"author":"cfeditorfr","twitter_card":"summary_large_image","twitter_misc":{"\u00c9crit par":"cfeditorfr","Dur\u00e9e de lecture estim\u00e9e":"8 minutes"},"schema":{"@context":"https:\/\/schema.org","@graph":[{"@type":"Article","@id":"https:\/\/www.africa-press.net\/senegal\/toutes-les-actualites\/anciens-genomes-reecrivent-lhistoire-des-europeens#article","isPartOf":{"@id":"https:\/\/www.africa-press.net\/senegal\/toutes-les-actualites\/anciens-genomes-reecrivent-lhistoire-des-europeens"},"author":{"name":"cfeditorfr","@id":"https:\/\/www.africa-press.net\/senegal\/#\/schema\/person\/2b1cf3cd81a31e3cd26889ca66d677f1"},"headline":"Anciens G\u00e9nomes R\u00e9\u00e9crivent L\u2019Histoire des Europ\u00e9ens","datePublished":"2025-11-24T12:00:00+00:00","dateModified":"2025-11-25T03:26:05+00:00","mainEntityOfPage":{"@id":"https:\/\/www.africa-press.net\/senegal\/toutes-les-actualites\/anciens-genomes-reecrivent-lhistoire-des-europeens"},"wordCount":1682,"commentCount":0,"image":{"@id":"https:\/\/www.africa-press.net\/senegal\/toutes-les-actualites\/anciens-genomes-reecrivent-lhistoire-des-europeens#primaryimage"},"thumbnailUrl":"https:\/\/static.africa-press.net\/senegal\/sites\/13\/2025\/11\/sm_1764069721.883568.jpg","keywords":["Senegal"],"articleSection":["Divers","Toutes les actualit\u00e9s"],"inLanguage":"fr-FR","potentialAction":[{"@type":"CommentAction","name":"Comment","target":["https:\/\/www.africa-press.net\/senegal\/toutes-les-actualites\/anciens-genomes-reecrivent-lhistoire-des-europeens#respond"]}]},{"@type":"WebPage","@id":"https:\/\/www.africa-press.net\/senegal\/toutes-les-actualites\/anciens-genomes-reecrivent-lhistoire-des-europeens","url":"https:\/\/www.africa-press.net\/senegal\/toutes-les-actualites\/anciens-genomes-reecrivent-lhistoire-des-europeens","name":"Anciens G\u00e9nomes R\u00e9\u00e9crivent L\u2019Histoire des Europ\u00e9ens - Senegal","isPartOf":{"@id":"https:\/\/www.africa-press.net\/senegal\/#website"},"primaryImageOfPage":{"@id":"https:\/\/www.africa-press.net\/senegal\/toutes-les-actualites\/anciens-genomes-reecrivent-lhistoire-des-europeens#primaryimage"},"image":{"@id":"https:\/\/www.africa-press.net\/senegal\/toutes-les-actualites\/anciens-genomes-reecrivent-lhistoire-des-europeens#primaryimage"},"thumbnailUrl":"https:\/\/static.africa-press.net\/senegal\/sites\/13\/2025\/11\/sm_1764069721.883568.jpg","datePublished":"2025-11-24T12:00:00+00:00","dateModified":"2025-11-25T03:26:05+00:00","author":{"@id":"https:\/\/www.africa-press.net\/senegal\/#\/schema\/person\/2b1cf3cd81a31e3cd26889ca66d677f1"},"description":"Les ge\u0301nomes de Ranis13 et de Zlaty\u0301 ku\u030an\u030c repre\u0301sentent les plus anciens ge\u0301nomes humains modernes de haute qualite\u0301 se ...","breadcrumb":{"@id":"https:\/\/www.africa-press.net\/senegal\/toutes-les-actualites\/anciens-genomes-reecrivent-lhistoire-des-europeens#breadcrumb"},"inLanguage":"fr-FR","potentialAction":[{"@type":"ReadAction","target":["https:\/\/www.africa-press.net\/senegal\/toutes-les-actualites\/anciens-genomes-reecrivent-lhistoire-des-europeens"]}]},{"@type":"ImageObject","inLanguage":"fr-FR","@id":"https:\/\/www.africa-press.net\/senegal\/toutes-les-actualites\/anciens-genomes-reecrivent-lhistoire-des-europeens#primaryimage","url":"https:\/\/static.africa-press.net\/senegal\/sites\/13\/2025\/11\/sm_1764069721.883568.jpg","contentUrl":"https:\/\/static.africa-press.net\/senegal\/sites\/13\/2025\/11\/sm_1764069721.883568.jpg","width":1280,"height":720,"caption":"Anciens G\u00e9nomes R\u00e9\u00e9crivent L\u2019Histoire des Europ\u00e9ens"},{"@type":"BreadcrumbList","@id":"https:\/\/www.africa-press.net\/senegal\/toutes-les-actualites\/anciens-genomes-reecrivent-lhistoire-des-europeens#breadcrumb","itemListElement":[{"@type":"ListItem","position":1,"name":"Accueil","item":"https:\/\/www.africa-press.net\/senegal\/"},{"@type":"ListItem","position":2,"name":"Anciens G\u00e9nomes R\u00e9\u00e9crivent L\u2019Histoire des Europ\u00e9ens"}]},{"@type":"WebSite","@id":"https:\/\/www.africa-press.net\/senegal\/#website","url":"https:\/\/www.africa-press.net\/senegal\/","name":"Africa Press | Senegal | Homepage","description":"Just another Africa News Agency Sites site","potentialAction":[{"@type":"SearchAction","target":{"@type":"EntryPoint","urlTemplate":"https:\/\/www.africa-press.net\/senegal\/?s={search_term_string}"},"query-input":{"@type":"PropertyValueSpecification","valueRequired":true,"valueName":"search_term_string"}}],"inLanguage":"fr-FR"},{"@type":"Person","@id":"https:\/\/www.africa-press.net\/senegal\/#\/schema\/person\/2b1cf3cd81a31e3cd26889ca66d677f1","name":"cfeditorfr","url":"https:\/\/www.africa-press.net\/senegal\/author\/cfeditorfr"}]}},"_links":{"self":[{"href":"https:\/\/www.africa-press.net\/senegal\/wp-json\/wp\/v2\/posts\/72894","targetHints":{"allow":["GET"]}}],"collection":[{"href":"https:\/\/www.africa-press.net\/senegal\/wp-json\/wp\/v2\/posts"}],"about":[{"href":"https:\/\/www.africa-press.net\/senegal\/wp-json\/wp\/v2\/types\/post"}],"author":[{"embeddable":true,"href":"https:\/\/www.africa-press.net\/senegal\/wp-json\/wp\/v2\/users\/82"}],"replies":[{"embeddable":true,"href":"https:\/\/www.africa-press.net\/senegal\/wp-json\/wp\/v2\/comments?post=72894"}],"version-history":[{"count":0,"href":"https:\/\/www.africa-press.net\/senegal\/wp-json\/wp\/v2\/posts\/72894\/revisions"}],"wp:featuredmedia":[{"embeddable":true,"href":"https:\/\/www.africa-press.net\/senegal\/wp-json\/wp\/v2\/media\/72893"}],"wp:attachment":[{"href":"https:\/\/www.africa-press.net\/senegal\/wp-json\/wp\/v2\/media?parent=72894"}],"wp:term":[{"taxonomy":"category","embeddable":true,"href":"https:\/\/www.africa-press.net\/senegal\/wp-json\/wp\/v2\/categories?post=72894"},{"taxonomy":"post_tag","embeddable":true,"href":"https:\/\/www.africa-press.net\/senegal\/wp-json\/wp\/v2\/tags?post=72894"}],"curies":[{"name":"wp","href":"https:\/\/api.w.org\/{rel}","templated":true}]}}