{"id":72979,"date":"2025-11-27T14:00:00","date_gmt":"2025-11-27T14:00:00","guid":{"rendered":"https:\/\/www.africa-press.net\/senegal\/politique\/fdr-denonce-comedie-politique-a-lassemblee-nationale"},"modified":"2025-11-27T23:48:29","modified_gmt":"2025-11-27T23:48:29","slug":"fdr-denonce-comedie-politique-a-lassemblee-nationale","status":"publish","type":"post","link":"https:\/\/www.africa-press.net\/senegal\/parties\/fdr-denonce-comedie-politique-a-lassemblee-nationale","title":{"rendered":"FDR D\u00e9nonce Com\u00e9die Politique \u00c0 L&rsquo;Assembl\u00e9e Nationale"},"content":{"rendered":"<p><span style=\"color: #ff6600\"><strong>Africa-Press &#8211; Senegal. <\/strong><\/span>A\u0300 la veille de la se\u0301ance de questions d\u2019actualite\u0301 pre\u0301vue le 28 novembre 2025, le Front pour la de\u0301fense de la de\u0301mocratie et de la Re\u0301publique (FDR) critique cette initiative du gouvernement et apporte son \u00ab soutien total aux de\u0301pute\u0301s de l\u2019opposition \u00bb qui refusent de cautionner ce qu\u2019il qualifie de \u00ab come\u0301die politique \u00bb.<\/p>\n<p>Dans un communique\u0301 rendu public ce jeudi 27 novembre 2025, le FDR souligne que la se\u0301ance convoque\u0301e en urgence \u00ab n\u2019a jamais e\u0301te\u0301 e\u0301voque\u0301e par le Conseil des ministres, comme de tradition \u00bb, une situation qui, selon lui, confirme que le pouvoir tente d\u2019utiliser l\u2019Assemble\u0301e nationale pour \u00ab organiser, dans l\u2019he\u0301micycle me\u0302me, le meeting d\u2019une fraction du parti au pouvoir \u00bb, de\u0301nonc\u0327ant une nouvelle \u00ab forfaiture du Premier ministre \u00bb et une atteinte re\u0301pe\u0301te\u0301e aux institutions.<\/p>\n<p>Par ailleurs, le mouvement de l\u2019opposition interpelle l\u2019exe\u0301cutif sur le silence entourant la publication par l\u2019ANSD du rapport sur le Rebasing Base 2021. Le FDR dit constater \u00ab avec e\u0301tonnement le silence du dernier Conseil des ministres \u00bb au sujet d\u2019un document pourtant juge\u0301 essentiel pour l\u2019e\u0301conomie nationale. Le communique\u0301 estime que ce rapport \u00ab me\u0301rite une large discussion dans le contexte e\u0301conomique et financier catastrophique que traverse actuellement le Se\u0301ne\u0301gal \u00bb et invite le gouvernement a\u0300 justifier \u00ab sa discre\u0301tion surprenante \u00bb.<\/p>\n<p><strong>Pour plus d&rsquo;informations et d&rsquo;analyses sur la <span style=\"color: #ff6600\">Senegal<\/span>, suivez <span style=\"color: #ff6600\">Africa-Press<\/span><\/strong><\/p>\n","protected":false},"excerpt":{"rendered":"<p>Africa-Press &#8211; Senegal. A\u0300 la veille de la se\u0301ance de questions d\u2019actualite\u0301 pre\u0301vue le 28 novembre 2025, le Front pour la de\u0301fense de la de\u0301mocratie et de la Re\u0301publique (FDR) critique cette initiative du gouvernement et apporte son \u00ab soutien total aux de\u0301pute\u0301s de l\u2019opposition \u00bb qui refusent de cautionner ce qu\u2019il qualifie de \u00ab [&hellip;]<\/p>\n","protected":false},"author":82,"featured_media":72978,"comment_status":"open","ping_status":"closed","sticky":false,"template":"","format":"standard","meta":{"footnotes":""},"categories":[4,20,10],"tags":[44],"class_list":["post-72979","post","type-post","status-publish","format-standard","has-post-thumbnail","hentry","category-parties","category-top-nouvelles","category-toutes-les-actualites","tag-senegal-2"],"yoast_head":"<!-- This site is optimized with the Yoast SEO Premium plugin v26.1 (Yoast SEO v27.0) - https:\/\/yoast.com\/product\/yoast-seo-premium-wordpress\/ -->\n<title>FDR D\u00e9nonce Com\u00e9die Politique \u00c0 L&#039;Assembl\u00e9e Nationale - Senegal<\/title>\n<meta name=\"description\" content=\"A\u0300 la veille de la se\u0301ance de questions d\u2019actualite\u0301 pre\u0301vue le 28 novembre 2025, le Front pour la de\u0301fense de la de\u0301moc ...\" \/>\n<meta name=\"robots\" content=\"index, follow, max-snippet:-1, max-image-preview:large, max-video-preview:-1\" \/>\n<link rel=\"canonical\" href=\"https:\/\/www.africa-press.net\/senegal\/parties\/fdr-denonce-comedie-politique-a-lassemblee-nationale\" \/>\n<meta property=\"og:locale\" content=\"fr_FR\" \/>\n<meta property=\"og:type\" content=\"article\" \/>\n<meta property=\"og:title\" content=\"FDR D\u00e9nonce Com\u00e9die Politique \u00c0 L&#039;Assembl\u00e9e Nationale\" \/>\n<meta property=\"og:description\" content=\"A\u0300 la veille de la se\u0301ance de questions d\u2019actualite\u0301 pre\u0301vue le 28 novembre 2025, le Front pour la de\u0301fense de la de\u0301moc ...\" \/>\n<meta property=\"og:url\" content=\"https:\/\/www.africa-press.net\/senegal\/parties\/fdr-denonce-comedie-politique-a-lassemblee-nationale\" \/>\n<meta property=\"og:site_name\" content=\"Senegal\" \/>\n<meta property=\"article:published_time\" content=\"2025-11-27T14:00:00+00:00\" \/>\n<meta property=\"article:modified_time\" content=\"2025-11-27T23:48:29+00:00\" \/>\n<meta property=\"og:image\" content=\"https:\/\/static.africa-press.net\/senegal\/sites\/13\/2025\/11\/sm_1764314534.700886.jpg\" \/>\n\t<meta property=\"og:image:width\" content=\"1280\" \/>\n\t<meta property=\"og:image:height\" content=\"720\" \/>\n\t<meta property=\"og:image:type\" content=\"image\/jpeg\" \/>\n<meta name=\"author\" content=\"cfeditorfr\" \/>\n<meta name=\"twitter:card\" content=\"summary_large_image\" \/>\n<meta name=\"twitter:label1\" content=\"\u00c9crit par\" \/>\n\t<meta name=\"twitter:data1\" content=\"cfeditorfr\" \/>\n\t<meta name=\"twitter:label2\" content=\"Dur\u00e9e de lecture estim\u00e9e\" \/>\n\t<meta name=\"twitter:data2\" content=\"2 minutes\" \/>\n<script type=\"application\/ld+json\" class=\"yoast-schema-graph\">{\"@context\":\"https:\/\/schema.org\",\"@graph\":[{\"@type\":\"Article\",\"@id\":\"https:\/\/www.africa-press.net\/senegal\/parties\/fdr-denonce-comedie-politique-a-lassemblee-nationale#article\",\"isPartOf\":{\"@id\":\"https:\/\/www.africa-press.net\/senegal\/parties\/fdr-denonce-comedie-politique-a-lassemblee-nationale\"},\"author\":{\"name\":\"cfeditorfr\",\"@id\":\"https:\/\/www.africa-press.net\/senegal\/#\/schema\/person\/2b1cf3cd81a31e3cd26889ca66d677f1\"},\"headline\":\"FDR D\u00e9nonce Com\u00e9die Politique \u00c0 L&rsquo;Assembl\u00e9e Nationale\",\"datePublished\":\"2025-11-27T14:00:00+00:00\",\"dateModified\":\"2025-11-27T23:48:29+00:00\",\"mainEntityOfPage\":{\"@id\":\"https:\/\/www.africa-press.net\/senegal\/parties\/fdr-denonce-comedie-politique-a-lassemblee-nationale\"},\"wordCount\":260,\"commentCount\":0,\"image\":{\"@id\":\"https:\/\/www.africa-press.net\/senegal\/parties\/fdr-denonce-comedie-politique-a-lassemblee-nationale#primaryimage\"},\"thumbnailUrl\":\"https:\/\/static.africa-press.net\/senegal\/sites\/13\/2025\/11\/sm_1764314534.700886.jpg\",\"keywords\":[\"Senegal\"],\"articleSection\":[\"Parties\",\"Top Nouvelles\",\"Toutes les actualit\u00e9s\"],\"inLanguage\":\"fr-FR\",\"potentialAction\":[{\"@type\":\"CommentAction\",\"name\":\"Comment\",\"target\":[\"https:\/\/www.africa-press.net\/senegal\/parties\/fdr-denonce-comedie-politique-a-lassemblee-nationale#respond\"]}]},{\"@type\":\"WebPage\",\"@id\":\"https:\/\/www.africa-press.net\/senegal\/parties\/fdr-denonce-comedie-politique-a-lassemblee-nationale\",\"url\":\"https:\/\/www.africa-press.net\/senegal\/parties\/fdr-denonce-comedie-politique-a-lassemblee-nationale\",\"name\":\"FDR D\u00e9nonce Com\u00e9die Politique \u00c0 L'Assembl\u00e9e Nationale - Senegal\",\"isPartOf\":{\"@id\":\"https:\/\/www.africa-press.net\/senegal\/#website\"},\"primaryImageOfPage\":{\"@id\":\"https:\/\/www.africa-press.net\/senegal\/parties\/fdr-denonce-comedie-politique-a-lassemblee-nationale#primaryimage\"},\"image\":{\"@id\":\"https:\/\/www.africa-press.net\/senegal\/parties\/fdr-denonce-comedie-politique-a-lassemblee-nationale#primaryimage\"},\"thumbnailUrl\":\"https:\/\/static.africa-press.net\/senegal\/sites\/13\/2025\/11\/sm_1764314534.700886.jpg\",\"datePublished\":\"2025-11-27T14:00:00+00:00\",\"dateModified\":\"2025-11-27T23:48:29+00:00\",\"author\":{\"@id\":\"https:\/\/www.africa-press.net\/senegal\/#\/schema\/person\/2b1cf3cd81a31e3cd26889ca66d677f1\"},\"description\":\"A\u0300 la veille de la se\u0301ance de questions d\u2019actualite\u0301 pre\u0301vue le 28 novembre 2025, le Front pour la de\u0301fense de la de\u0301moc ...\",\"breadcrumb\":{\"@id\":\"https:\/\/www.africa-press.net\/senegal\/parties\/fdr-denonce-comedie-politique-a-lassemblee-nationale#breadcrumb\"},\"inLanguage\":\"fr-FR\",\"potentialAction\":[{\"@type\":\"ReadAction\",\"target\":[\"https:\/\/www.africa-press.net\/senegal\/parties\/fdr-denonce-comedie-politique-a-lassemblee-nationale\"]}]},{\"@type\":\"ImageObject\",\"inLanguage\":\"fr-FR\",\"@id\":\"https:\/\/www.africa-press.net\/senegal\/parties\/fdr-denonce-comedie-politique-a-lassemblee-nationale#primaryimage\",\"url\":\"https:\/\/static.africa-press.net\/senegal\/sites\/13\/2025\/11\/sm_1764314534.700886.jpg\",\"contentUrl\":\"https:\/\/static.africa-press.net\/senegal\/sites\/13\/2025\/11\/sm_1764314534.700886.jpg\",\"width\":1280,\"height\":720,\"caption\":\"FDR D\u00e9nonce Com\u00e9die Politique \u00c0 L'Assembl\u00e9e Nationale\"},{\"@type\":\"BreadcrumbList\",\"@id\":\"https:\/\/www.africa-press.net\/senegal\/parties\/fdr-denonce-comedie-politique-a-lassemblee-nationale#breadcrumb\",\"itemListElement\":[{\"@type\":\"ListItem\",\"position\":1,\"name\":\"Accueil\",\"item\":\"https:\/\/www.africa-press.net\/senegal\/\"},{\"@type\":\"ListItem\",\"position\":2,\"name\":\"FDR D\u00e9nonce Com\u00e9die Politique \u00c0 L&#8217;Assembl\u00e9e Nationale\"}]},{\"@type\":\"WebSite\",\"@id\":\"https:\/\/www.africa-press.net\/senegal\/#website\",\"url\":\"https:\/\/www.africa-press.net\/senegal\/\",\"name\":\"Africa Press | Senegal | Homepage\",\"description\":\"Just another Africa News Agency Sites site\",\"potentialAction\":[{\"@type\":\"SearchAction\",\"target\":{\"@type\":\"EntryPoint\",\"urlTemplate\":\"https:\/\/www.africa-press.net\/senegal\/?s={search_term_string}\"},\"query-input\":{\"@type\":\"PropertyValueSpecification\",\"valueRequired\":true,\"valueName\":\"search_term_string\"}}],\"inLanguage\":\"fr-FR\"},{\"@type\":\"Person\",\"@id\":\"https:\/\/www.africa-press.net\/senegal\/#\/schema\/person\/2b1cf3cd81a31e3cd26889ca66d677f1\",\"name\":\"cfeditorfr\",\"url\":\"https:\/\/www.africa-press.net\/senegal\/author\/cfeditorfr\"}]}<\/script>\n<!-- \/ Yoast SEO Premium plugin. -->","yoast_head_json":{"title":"FDR D\u00e9nonce Com\u00e9die Politique \u00c0 L'Assembl\u00e9e Nationale - Senegal","description":"A\u0300 la veille de la se\u0301ance de questions d\u2019actualite\u0301 pre\u0301vue le 28 novembre 2025, le Front pour la de\u0301fense de la de\u0301moc ...","robots":{"index":"index","follow":"follow","max-snippet":"max-snippet:-1","max-image-preview":"max-image-preview:large","max-video-preview":"max-video-preview:-1"},"canonical":"https:\/\/www.africa-press.net\/senegal\/parties\/fdr-denonce-comedie-politique-a-lassemblee-nationale","og_locale":"fr_FR","og_type":"article","og_title":"FDR D\u00e9nonce Com\u00e9die Politique \u00c0 L'Assembl\u00e9e Nationale","og_description":"A\u0300 la veille de la se\u0301ance de questions d\u2019actualite\u0301 pre\u0301vue le 28 novembre 2025, le Front pour la de\u0301fense de la de\u0301moc ...","og_url":"https:\/\/www.africa-press.net\/senegal\/parties\/fdr-denonce-comedie-politique-a-lassemblee-nationale","og_site_name":"Senegal","article_published_time":"2025-11-27T14:00:00+00:00","article_modified_time":"2025-11-27T23:48:29+00:00","og_image":[{"width":1280,"height":720,"url":"https:\/\/static.africa-press.net\/senegal\/sites\/13\/2025\/11\/sm_1764314534.700886.jpg","type":"image\/jpeg"}],"author":"cfeditorfr","twitter_card":"summary_large_image","twitter_misc":{"\u00c9crit par":"cfeditorfr","Dur\u00e9e de lecture estim\u00e9e":"2 minutes"},"schema":{"@context":"https:\/\/schema.org","@graph":[{"@type":"Article","@id":"https:\/\/www.africa-press.net\/senegal\/parties\/fdr-denonce-comedie-politique-a-lassemblee-nationale#article","isPartOf":{"@id":"https:\/\/www.africa-press.net\/senegal\/parties\/fdr-denonce-comedie-politique-a-lassemblee-nationale"},"author":{"name":"cfeditorfr","@id":"https:\/\/www.africa-press.net\/senegal\/#\/schema\/person\/2b1cf3cd81a31e3cd26889ca66d677f1"},"headline":"FDR D\u00e9nonce Com\u00e9die Politique \u00c0 L&rsquo;Assembl\u00e9e Nationale","datePublished":"2025-11-27T14:00:00+00:00","dateModified":"2025-11-27T23:48:29+00:00","mainEntityOfPage":{"@id":"https:\/\/www.africa-press.net\/senegal\/parties\/fdr-denonce-comedie-politique-a-lassemblee-nationale"},"wordCount":260,"commentCount":0,"image":{"@id":"https:\/\/www.africa-press.net\/senegal\/parties\/fdr-denonce-comedie-politique-a-lassemblee-nationale#primaryimage"},"thumbnailUrl":"https:\/\/static.africa-press.net\/senegal\/sites\/13\/2025\/11\/sm_1764314534.700886.jpg","keywords":["Senegal"],"articleSection":["Parties","Top Nouvelles","Toutes les actualit\u00e9s"],"inLanguage":"fr-FR","potentialAction":[{"@type":"CommentAction","name":"Comment","target":["https:\/\/www.africa-press.net\/senegal\/parties\/fdr-denonce-comedie-politique-a-lassemblee-nationale#respond"]}]},{"@type":"WebPage","@id":"https:\/\/www.africa-press.net\/senegal\/parties\/fdr-denonce-comedie-politique-a-lassemblee-nationale","url":"https:\/\/www.africa-press.net\/senegal\/parties\/fdr-denonce-comedie-politique-a-lassemblee-nationale","name":"FDR D\u00e9nonce Com\u00e9die Politique \u00c0 L'Assembl\u00e9e Nationale - Senegal","isPartOf":{"@id":"https:\/\/www.africa-press.net\/senegal\/#website"},"primaryImageOfPage":{"@id":"https:\/\/www.africa-press.net\/senegal\/parties\/fdr-denonce-comedie-politique-a-lassemblee-nationale#primaryimage"},"image":{"@id":"https:\/\/www.africa-press.net\/senegal\/parties\/fdr-denonce-comedie-politique-a-lassemblee-nationale#primaryimage"},"thumbnailUrl":"https:\/\/static.africa-press.net\/senegal\/sites\/13\/2025\/11\/sm_1764314534.700886.jpg","datePublished":"2025-11-27T14:00:00+00:00","dateModified":"2025-11-27T23:48:29+00:00","author":{"@id":"https:\/\/www.africa-press.net\/senegal\/#\/schema\/person\/2b1cf3cd81a31e3cd26889ca66d677f1"},"description":"A\u0300 la veille de la se\u0301ance de questions d\u2019actualite\u0301 pre\u0301vue le 28 novembre 2025, le Front pour la de\u0301fense de la de\u0301moc ...","breadcrumb":{"@id":"https:\/\/www.africa-press.net\/senegal\/parties\/fdr-denonce-comedie-politique-a-lassemblee-nationale#breadcrumb"},"inLanguage":"fr-FR","potentialAction":[{"@type":"ReadAction","target":["https:\/\/www.africa-press.net\/senegal\/parties\/fdr-denonce-comedie-politique-a-lassemblee-nationale"]}]},{"@type":"ImageObject","inLanguage":"fr-FR","@id":"https:\/\/www.africa-press.net\/senegal\/parties\/fdr-denonce-comedie-politique-a-lassemblee-nationale#primaryimage","url":"https:\/\/static.africa-press.net\/senegal\/sites\/13\/2025\/11\/sm_1764314534.700886.jpg","contentUrl":"https:\/\/static.africa-press.net\/senegal\/sites\/13\/2025\/11\/sm_1764314534.700886.jpg","width":1280,"height":720,"caption":"FDR D\u00e9nonce Com\u00e9die Politique \u00c0 L'Assembl\u00e9e Nationale"},{"@type":"BreadcrumbList","@id":"https:\/\/www.africa-press.net\/senegal\/parties\/fdr-denonce-comedie-politique-a-lassemblee-nationale#breadcrumb","itemListElement":[{"@type":"ListItem","position":1,"name":"Accueil","item":"https:\/\/www.africa-press.net\/senegal\/"},{"@type":"ListItem","position":2,"name":"FDR D\u00e9nonce Com\u00e9die Politique \u00c0 L&#8217;Assembl\u00e9e Nationale"}]},{"@type":"WebSite","@id":"https:\/\/www.africa-press.net\/senegal\/#website","url":"https:\/\/www.africa-press.net\/senegal\/","name":"Africa Press | Senegal | Homepage","description":"Just another Africa News Agency Sites site","potentialAction":[{"@type":"SearchAction","target":{"@type":"EntryPoint","urlTemplate":"https:\/\/www.africa-press.net\/senegal\/?s={search_term_string}"},"query-input":{"@type":"PropertyValueSpecification","valueRequired":true,"valueName":"search_term_string"}}],"inLanguage":"fr-FR"},{"@type":"Person","@id":"https:\/\/www.africa-press.net\/senegal\/#\/schema\/person\/2b1cf3cd81a31e3cd26889ca66d677f1","name":"cfeditorfr","url":"https:\/\/www.africa-press.net\/senegal\/author\/cfeditorfr"}]}},"_links":{"self":[{"href":"https:\/\/www.africa-press.net\/senegal\/wp-json\/wp\/v2\/posts\/72979","targetHints":{"allow":["GET"]}}],"collection":[{"href":"https:\/\/www.africa-press.net\/senegal\/wp-json\/wp\/v2\/posts"}],"about":[{"href":"https:\/\/www.africa-press.net\/senegal\/wp-json\/wp\/v2\/types\/post"}],"author":[{"embeddable":true,"href":"https:\/\/www.africa-press.net\/senegal\/wp-json\/wp\/v2\/users\/82"}],"replies":[{"embeddable":true,"href":"https:\/\/www.africa-press.net\/senegal\/wp-json\/wp\/v2\/comments?post=72979"}],"version-history":[{"count":0,"href":"https:\/\/www.africa-press.net\/senegal\/wp-json\/wp\/v2\/posts\/72979\/revisions"}],"wp:featuredmedia":[{"embeddable":true,"href":"https:\/\/www.africa-press.net\/senegal\/wp-json\/wp\/v2\/media\/72978"}],"wp:attachment":[{"href":"https:\/\/www.africa-press.net\/senegal\/wp-json\/wp\/v2\/media?parent=72979"}],"wp:term":[{"taxonomy":"category","embeddable":true,"href":"https:\/\/www.africa-press.net\/senegal\/wp-json\/wp\/v2\/categories?post=72979"},{"taxonomy":"post_tag","embeddable":true,"href":"https:\/\/www.africa-press.net\/senegal\/wp-json\/wp\/v2\/tags?post=72979"}],"curies":[{"name":"wp","href":"https:\/\/api.w.org\/{rel}","templated":true}]}}