{"id":72983,"date":"2025-11-27T13:10:00","date_gmt":"2025-11-27T13:10:00","guid":{"rendered":"https:\/\/www.africa-press.net\/senegal\/politique\/decentralisation-en-afrique-un-equilibre-budgetaire"},"modified":"2025-11-27T23:49:28","modified_gmt":"2025-11-27T23:49:28","slug":"decentralisation-en-afrique-un-equilibre-budgetaire","status":"publish","type":"post","link":"https:\/\/www.africa-press.net\/senegal\/economie\/decentralisation-en-afrique-un-equilibre-budgetaire","title":{"rendered":"D\u00e9centralisation en Afrique un \u00c9quilibre Budg\u00e9taire"},"content":{"rendered":"<p><span style=\"color: #ff6600\"><strong>Africa-Press &#8211; Senegal. <\/strong><\/span>Le financement des communes et des re\u0301gions reste l\u2019un des maillons les plus vulne\u0301rables de la de\u0301centralisation budge\u0301taire sur le continent. Dans de nombreux pays, les collectivite\u0301s rec\u0327oivent des compe\u0301tences e\u0301tendues en matie\u0300re d\u2019infrastructures, d\u2019e\u0301ducation, de sante\u0301 ou de planification urbaine, mais leurs ressources restent limite\u0301es. Dans plusieurs E\u0301tats, les collectivite\u0301s ne captent en moyenne qu\u2019environ 3 % des recettes publiques, alors que leurs de\u0301penses repre\u0301sentent pre\u0300s de 8 % ; un e\u0301cart qui illustre la faiblesse structurelle de leur autonomie financie\u0300re. Ces donne\u0301es proviennent notamment des travaux de CGLU publie\u0301s en 2023 sur les finances locales africaines, me\u0302me si les ratios varient selon les pays et les contextes.<\/p>\n<p>Cette situation se traduit par des retards dans l\u2019ame\u0301nagement du territoire, une difficulte\u0301 a\u0300 assurer la continuite\u0301 des services essentiels et une incapacite\u0301 a\u0300 planifier des investissements pluriannuels. Les municipalite\u0301s de\u0301pendent fortement des transferts de l\u2019E\u0301tat, qui repre\u0301sentent ge\u0301ne\u0301ralement entre 70 % et 90 % de leurs ressources totales, avec des diffe\u0301rences notables entre zones urbaines et rurales. Les impo\u0302ts locaux, dont la taxe foncie\u0300re ou les redevances municipales, ne de\u0301passent que rarement 10 % a\u0300 30 % des budgets locaux, ce qui limite leur capacite\u0301 a\u0300 agir de manie\u0300re autonome.<\/p>\n<p>Les conse\u0301quences sont visibles dans la gestion quotidienne. Lorsque les transferts e\u0301tatiques sont retarde\u0301s, certaines communes reportent des projets d\u2019e\u0301clairage public, d\u2019assainissement ou de re\u0301habilitation routie\u0300re. Cette contrainte financie\u0300re renforce les disparite\u0301s territoriales, car les zones rurales, disposant d\u2019une base fiscale plus faible, de\u0301pendent encore plus du niveau central.<\/p>\n<p>Les e\u0301tudes mene\u0301es par ONU-Habitat en 2022 indiquent que plus de la moitie\u0301 des collectivite\u0301s africaines n\u2019atteignent pas leurs pre\u0301visions budge\u0301taires annuelles, faute de revenus suffisants.<\/p>\n<p>Certaines re\u0301formes cherchent a\u0300 renforcer la gouvernance financie\u0300re locale. Plusieurs pays ont engage\u0301 une modernisation de la fiscalite\u0301 foncie\u0300re, un e\u0301largissement de l\u2019assiette des taxes locales ou une meilleure valorisation du patrimoine public. D\u2019autres ont introduit des me\u0301canismes de pe\u0301re\u0301quation destine\u0301s a\u0300 re\u0301duire l\u2019e\u0301cart entre communes riches et communes pauvres.<\/p>\n<p>Toutefois, la mise en \u0153uvre demeure tre\u0300s ine\u0301gale, et les effets restent limite\u0301s tant que les syste\u0300mes d\u2019information fiscale, la transparence budge\u0301taire et la capacite\u0301 administrative locale ne progressent pas simultane\u0301ment.<\/p>\n<p>Une de\u0301centralisation re\u0301ellement fonctionnelle suppose une cohe\u0301rence entre les compe\u0301tences transfe\u0301re\u0301es et les moyens financiers mis a\u0300 disposition. Tant que l\u2019e\u0301cart persistera entre responsabilite\u0301s accrues et ressources limite\u0301es, les collectivite\u0301s locales ne pourront ni ame\u0301liorer durablement les services publics ni soutenir une croissance territoriale e\u0301quilibre\u0301e.<\/p>\n<p><strong>Pour plus d&rsquo;informations et d&rsquo;analyses sur la <span style=\"color: #ff6600\">Senegal<\/span>, suivez <span style=\"color: #ff6600\">Africa-Press<\/span><\/strong><\/p>\n","protected":false},"excerpt":{"rendered":"<p>Africa-Press &#8211; Senegal. Le financement des communes et des re\u0301gions reste l\u2019un des maillons les plus vulne\u0301rables de la de\u0301centralisation budge\u0301taire sur le continent. Dans de nombreux pays, les collectivite\u0301s rec\u0327oivent des compe\u0301tences e\u0301tendues en matie\u0300re d\u2019infrastructures, d\u2019e\u0301ducation, de sante\u0301 ou de planification urbaine, mais leurs ressources restent limite\u0301es. Dans plusieurs E\u0301tats, les collectivite\u0301s ne [&hellip;]<\/p>\n","protected":false},"author":82,"featured_media":72982,"comment_status":"open","ping_status":"closed","sticky":false,"template":"","format":"standard","meta":{"footnotes":""},"categories":[3,10],"tags":[44],"class_list":["post-72983","post","type-post","status-publish","format-standard","has-post-thumbnail","hentry","category-economie","category-toutes-les-actualites","tag-senegal-2"],"yoast_head":"<!-- This site is optimized with the Yoast SEO Premium plugin v26.1 (Yoast SEO v27.0) - https:\/\/yoast.com\/product\/yoast-seo-premium-wordpress\/ -->\n<title>D\u00e9centralisation en Afrique un \u00c9quilibre Budg\u00e9taire - Senegal<\/title>\n<meta name=\"description\" content=\"Le financement des communes et des re\u0301gions reste l\u2019un des maillons les plus vulne\u0301rables de la de\u0301centralisation budge\u0301 ...\" \/>\n<meta name=\"robots\" content=\"index, follow, max-snippet:-1, max-image-preview:large, max-video-preview:-1\" \/>\n<link rel=\"canonical\" href=\"https:\/\/www.africa-press.net\/senegal\/economie\/decentralisation-en-afrique-un-equilibre-budgetaire\" \/>\n<meta property=\"og:locale\" content=\"fr_FR\" \/>\n<meta property=\"og:type\" content=\"article\" \/>\n<meta property=\"og:title\" content=\"D\u00e9centralisation en Afrique un \u00c9quilibre Budg\u00e9taire\" \/>\n<meta property=\"og:description\" content=\"Le financement des communes et des re\u0301gions reste l\u2019un des maillons les plus vulne\u0301rables de la de\u0301centralisation budge\u0301 ...\" \/>\n<meta property=\"og:url\" content=\"https:\/\/www.africa-press.net\/senegal\/economie\/decentralisation-en-afrique-un-equilibre-budgetaire\" \/>\n<meta property=\"og:site_name\" content=\"Senegal\" \/>\n<meta property=\"article:published_time\" content=\"2025-11-27T13:10:00+00:00\" \/>\n<meta property=\"article:modified_time\" content=\"2025-11-27T23:49:28+00:00\" \/>\n<meta property=\"og:image\" content=\"https:\/\/static.africa-press.net\/senegal\/sites\/13\/2025\/11\/sm_1764314646.938154.jpg\" \/>\n\t<meta property=\"og:image:width\" content=\"1280\" \/>\n\t<meta property=\"og:image:height\" content=\"720\" \/>\n\t<meta property=\"og:image:type\" content=\"image\/jpeg\" \/>\n<meta name=\"author\" content=\"cfeditorfr\" \/>\n<meta name=\"twitter:card\" content=\"summary_large_image\" \/>\n<meta name=\"twitter:label1\" content=\"\u00c9crit par\" \/>\n\t<meta name=\"twitter:data1\" content=\"cfeditorfr\" \/>\n\t<meta name=\"twitter:label2\" content=\"Dur\u00e9e de lecture estim\u00e9e\" \/>\n\t<meta name=\"twitter:data2\" content=\"2 minutes\" \/>\n<script type=\"application\/ld+json\" class=\"yoast-schema-graph\">{\"@context\":\"https:\/\/schema.org\",\"@graph\":[{\"@type\":\"Article\",\"@id\":\"https:\/\/www.africa-press.net\/senegal\/economie\/decentralisation-en-afrique-un-equilibre-budgetaire#article\",\"isPartOf\":{\"@id\":\"https:\/\/www.africa-press.net\/senegal\/economie\/decentralisation-en-afrique-un-equilibre-budgetaire\"},\"author\":{\"name\":\"cfeditorfr\",\"@id\":\"https:\/\/www.africa-press.net\/senegal\/#\/schema\/person\/2b1cf3cd81a31e3cd26889ca66d677f1\"},\"headline\":\"D\u00e9centralisation en Afrique un \u00c9quilibre Budg\u00e9taire\",\"datePublished\":\"2025-11-27T13:10:00+00:00\",\"dateModified\":\"2025-11-27T23:49:28+00:00\",\"mainEntityOfPage\":{\"@id\":\"https:\/\/www.africa-press.net\/senegal\/economie\/decentralisation-en-afrique-un-equilibre-budgetaire\"},\"wordCount\":500,\"commentCount\":0,\"image\":{\"@id\":\"https:\/\/www.africa-press.net\/senegal\/economie\/decentralisation-en-afrique-un-equilibre-budgetaire#primaryimage\"},\"thumbnailUrl\":\"https:\/\/static.africa-press.net\/senegal\/sites\/13\/2025\/11\/sm_1764314646.938154.jpg\",\"keywords\":[\"Senegal\"],\"articleSection\":[\"\u00c9conomie\",\"Toutes les actualit\u00e9s\"],\"inLanguage\":\"fr-FR\",\"potentialAction\":[{\"@type\":\"CommentAction\",\"name\":\"Comment\",\"target\":[\"https:\/\/www.africa-press.net\/senegal\/economie\/decentralisation-en-afrique-un-equilibre-budgetaire#respond\"]}]},{\"@type\":\"WebPage\",\"@id\":\"https:\/\/www.africa-press.net\/senegal\/economie\/decentralisation-en-afrique-un-equilibre-budgetaire\",\"url\":\"https:\/\/www.africa-press.net\/senegal\/economie\/decentralisation-en-afrique-un-equilibre-budgetaire\",\"name\":\"D\u00e9centralisation en Afrique un \u00c9quilibre Budg\u00e9taire - Senegal\",\"isPartOf\":{\"@id\":\"https:\/\/www.africa-press.net\/senegal\/#website\"},\"primaryImageOfPage\":{\"@id\":\"https:\/\/www.africa-press.net\/senegal\/economie\/decentralisation-en-afrique-un-equilibre-budgetaire#primaryimage\"},\"image\":{\"@id\":\"https:\/\/www.africa-press.net\/senegal\/economie\/decentralisation-en-afrique-un-equilibre-budgetaire#primaryimage\"},\"thumbnailUrl\":\"https:\/\/static.africa-press.net\/senegal\/sites\/13\/2025\/11\/sm_1764314646.938154.jpg\",\"datePublished\":\"2025-11-27T13:10:00+00:00\",\"dateModified\":\"2025-11-27T23:49:28+00:00\",\"author\":{\"@id\":\"https:\/\/www.africa-press.net\/senegal\/#\/schema\/person\/2b1cf3cd81a31e3cd26889ca66d677f1\"},\"description\":\"Le financement des communes et des re\u0301gions reste l\u2019un des maillons les plus vulne\u0301rables de la de\u0301centralisation budge\u0301 ...\",\"breadcrumb\":{\"@id\":\"https:\/\/www.africa-press.net\/senegal\/economie\/decentralisation-en-afrique-un-equilibre-budgetaire#breadcrumb\"},\"inLanguage\":\"fr-FR\",\"potentialAction\":[{\"@type\":\"ReadAction\",\"target\":[\"https:\/\/www.africa-press.net\/senegal\/economie\/decentralisation-en-afrique-un-equilibre-budgetaire\"]}]},{\"@type\":\"ImageObject\",\"inLanguage\":\"fr-FR\",\"@id\":\"https:\/\/www.africa-press.net\/senegal\/economie\/decentralisation-en-afrique-un-equilibre-budgetaire#primaryimage\",\"url\":\"https:\/\/static.africa-press.net\/senegal\/sites\/13\/2025\/11\/sm_1764314646.938154.jpg\",\"contentUrl\":\"https:\/\/static.africa-press.net\/senegal\/sites\/13\/2025\/11\/sm_1764314646.938154.jpg\",\"width\":1280,\"height\":720,\"caption\":\"D\u00e9centralisation en Afrique un \u00c9quilibre Budg\u00e9taire\"},{\"@type\":\"BreadcrumbList\",\"@id\":\"https:\/\/www.africa-press.net\/senegal\/economie\/decentralisation-en-afrique-un-equilibre-budgetaire#breadcrumb\",\"itemListElement\":[{\"@type\":\"ListItem\",\"position\":1,\"name\":\"Accueil\",\"item\":\"https:\/\/www.africa-press.net\/senegal\/\"},{\"@type\":\"ListItem\",\"position\":2,\"name\":\"D\u00e9centralisation en Afrique un \u00c9quilibre Budg\u00e9taire\"}]},{\"@type\":\"WebSite\",\"@id\":\"https:\/\/www.africa-press.net\/senegal\/#website\",\"url\":\"https:\/\/www.africa-press.net\/senegal\/\",\"name\":\"Africa Press | Senegal | Homepage\",\"description\":\"Just another Africa News Agency Sites site\",\"potentialAction\":[{\"@type\":\"SearchAction\",\"target\":{\"@type\":\"EntryPoint\",\"urlTemplate\":\"https:\/\/www.africa-press.net\/senegal\/?s={search_term_string}\"},\"query-input\":{\"@type\":\"PropertyValueSpecification\",\"valueRequired\":true,\"valueName\":\"search_term_string\"}}],\"inLanguage\":\"fr-FR\"},{\"@type\":\"Person\",\"@id\":\"https:\/\/www.africa-press.net\/senegal\/#\/schema\/person\/2b1cf3cd81a31e3cd26889ca66d677f1\",\"name\":\"cfeditorfr\",\"url\":\"https:\/\/www.africa-press.net\/senegal\/author\/cfeditorfr\"}]}<\/script>\n<!-- \/ Yoast SEO Premium plugin. -->","yoast_head_json":{"title":"D\u00e9centralisation en Afrique un \u00c9quilibre Budg\u00e9taire - Senegal","description":"Le financement des communes et des re\u0301gions reste l\u2019un des maillons les plus vulne\u0301rables de la de\u0301centralisation budge\u0301 ...","robots":{"index":"index","follow":"follow","max-snippet":"max-snippet:-1","max-image-preview":"max-image-preview:large","max-video-preview":"max-video-preview:-1"},"canonical":"https:\/\/www.africa-press.net\/senegal\/economie\/decentralisation-en-afrique-un-equilibre-budgetaire","og_locale":"fr_FR","og_type":"article","og_title":"D\u00e9centralisation en Afrique un \u00c9quilibre Budg\u00e9taire","og_description":"Le financement des communes et des re\u0301gions reste l\u2019un des maillons les plus vulne\u0301rables de la de\u0301centralisation budge\u0301 ...","og_url":"https:\/\/www.africa-press.net\/senegal\/economie\/decentralisation-en-afrique-un-equilibre-budgetaire","og_site_name":"Senegal","article_published_time":"2025-11-27T13:10:00+00:00","article_modified_time":"2025-11-27T23:49:28+00:00","og_image":[{"width":1280,"height":720,"url":"https:\/\/static.africa-press.net\/senegal\/sites\/13\/2025\/11\/sm_1764314646.938154.jpg","type":"image\/jpeg"}],"author":"cfeditorfr","twitter_card":"summary_large_image","twitter_misc":{"\u00c9crit par":"cfeditorfr","Dur\u00e9e de lecture estim\u00e9e":"2 minutes"},"schema":{"@context":"https:\/\/schema.org","@graph":[{"@type":"Article","@id":"https:\/\/www.africa-press.net\/senegal\/economie\/decentralisation-en-afrique-un-equilibre-budgetaire#article","isPartOf":{"@id":"https:\/\/www.africa-press.net\/senegal\/economie\/decentralisation-en-afrique-un-equilibre-budgetaire"},"author":{"name":"cfeditorfr","@id":"https:\/\/www.africa-press.net\/senegal\/#\/schema\/person\/2b1cf3cd81a31e3cd26889ca66d677f1"},"headline":"D\u00e9centralisation en Afrique un \u00c9quilibre Budg\u00e9taire","datePublished":"2025-11-27T13:10:00+00:00","dateModified":"2025-11-27T23:49:28+00:00","mainEntityOfPage":{"@id":"https:\/\/www.africa-press.net\/senegal\/economie\/decentralisation-en-afrique-un-equilibre-budgetaire"},"wordCount":500,"commentCount":0,"image":{"@id":"https:\/\/www.africa-press.net\/senegal\/economie\/decentralisation-en-afrique-un-equilibre-budgetaire#primaryimage"},"thumbnailUrl":"https:\/\/static.africa-press.net\/senegal\/sites\/13\/2025\/11\/sm_1764314646.938154.jpg","keywords":["Senegal"],"articleSection":["\u00c9conomie","Toutes les actualit\u00e9s"],"inLanguage":"fr-FR","potentialAction":[{"@type":"CommentAction","name":"Comment","target":["https:\/\/www.africa-press.net\/senegal\/economie\/decentralisation-en-afrique-un-equilibre-budgetaire#respond"]}]},{"@type":"WebPage","@id":"https:\/\/www.africa-press.net\/senegal\/economie\/decentralisation-en-afrique-un-equilibre-budgetaire","url":"https:\/\/www.africa-press.net\/senegal\/economie\/decentralisation-en-afrique-un-equilibre-budgetaire","name":"D\u00e9centralisation en Afrique un \u00c9quilibre Budg\u00e9taire - Senegal","isPartOf":{"@id":"https:\/\/www.africa-press.net\/senegal\/#website"},"primaryImageOfPage":{"@id":"https:\/\/www.africa-press.net\/senegal\/economie\/decentralisation-en-afrique-un-equilibre-budgetaire#primaryimage"},"image":{"@id":"https:\/\/www.africa-press.net\/senegal\/economie\/decentralisation-en-afrique-un-equilibre-budgetaire#primaryimage"},"thumbnailUrl":"https:\/\/static.africa-press.net\/senegal\/sites\/13\/2025\/11\/sm_1764314646.938154.jpg","datePublished":"2025-11-27T13:10:00+00:00","dateModified":"2025-11-27T23:49:28+00:00","author":{"@id":"https:\/\/www.africa-press.net\/senegal\/#\/schema\/person\/2b1cf3cd81a31e3cd26889ca66d677f1"},"description":"Le financement des communes et des re\u0301gions reste l\u2019un des maillons les plus vulne\u0301rables de la de\u0301centralisation budge\u0301 ...","breadcrumb":{"@id":"https:\/\/www.africa-press.net\/senegal\/economie\/decentralisation-en-afrique-un-equilibre-budgetaire#breadcrumb"},"inLanguage":"fr-FR","potentialAction":[{"@type":"ReadAction","target":["https:\/\/www.africa-press.net\/senegal\/economie\/decentralisation-en-afrique-un-equilibre-budgetaire"]}]},{"@type":"ImageObject","inLanguage":"fr-FR","@id":"https:\/\/www.africa-press.net\/senegal\/economie\/decentralisation-en-afrique-un-equilibre-budgetaire#primaryimage","url":"https:\/\/static.africa-press.net\/senegal\/sites\/13\/2025\/11\/sm_1764314646.938154.jpg","contentUrl":"https:\/\/static.africa-press.net\/senegal\/sites\/13\/2025\/11\/sm_1764314646.938154.jpg","width":1280,"height":720,"caption":"D\u00e9centralisation en Afrique un \u00c9quilibre Budg\u00e9taire"},{"@type":"BreadcrumbList","@id":"https:\/\/www.africa-press.net\/senegal\/economie\/decentralisation-en-afrique-un-equilibre-budgetaire#breadcrumb","itemListElement":[{"@type":"ListItem","position":1,"name":"Accueil","item":"https:\/\/www.africa-press.net\/senegal\/"},{"@type":"ListItem","position":2,"name":"D\u00e9centralisation en Afrique un \u00c9quilibre Budg\u00e9taire"}]},{"@type":"WebSite","@id":"https:\/\/www.africa-press.net\/senegal\/#website","url":"https:\/\/www.africa-press.net\/senegal\/","name":"Africa Press | Senegal | Homepage","description":"Just another Africa News Agency Sites site","potentialAction":[{"@type":"SearchAction","target":{"@type":"EntryPoint","urlTemplate":"https:\/\/www.africa-press.net\/senegal\/?s={search_term_string}"},"query-input":{"@type":"PropertyValueSpecification","valueRequired":true,"valueName":"search_term_string"}}],"inLanguage":"fr-FR"},{"@type":"Person","@id":"https:\/\/www.africa-press.net\/senegal\/#\/schema\/person\/2b1cf3cd81a31e3cd26889ca66d677f1","name":"cfeditorfr","url":"https:\/\/www.africa-press.net\/senegal\/author\/cfeditorfr"}]}},"_links":{"self":[{"href":"https:\/\/www.africa-press.net\/senegal\/wp-json\/wp\/v2\/posts\/72983","targetHints":{"allow":["GET"]}}],"collection":[{"href":"https:\/\/www.africa-press.net\/senegal\/wp-json\/wp\/v2\/posts"}],"about":[{"href":"https:\/\/www.africa-press.net\/senegal\/wp-json\/wp\/v2\/types\/post"}],"author":[{"embeddable":true,"href":"https:\/\/www.africa-press.net\/senegal\/wp-json\/wp\/v2\/users\/82"}],"replies":[{"embeddable":true,"href":"https:\/\/www.africa-press.net\/senegal\/wp-json\/wp\/v2\/comments?post=72983"}],"version-history":[{"count":0,"href":"https:\/\/www.africa-press.net\/senegal\/wp-json\/wp\/v2\/posts\/72983\/revisions"}],"wp:featuredmedia":[{"embeddable":true,"href":"https:\/\/www.africa-press.net\/senegal\/wp-json\/wp\/v2\/media\/72982"}],"wp:attachment":[{"href":"https:\/\/www.africa-press.net\/senegal\/wp-json\/wp\/v2\/media?parent=72983"}],"wp:term":[{"taxonomy":"category","embeddable":true,"href":"https:\/\/www.africa-press.net\/senegal\/wp-json\/wp\/v2\/categories?post=72983"},{"taxonomy":"post_tag","embeddable":true,"href":"https:\/\/www.africa-press.net\/senegal\/wp-json\/wp\/v2\/tags?post=72983"}],"curies":[{"name":"wp","href":"https:\/\/api.w.org\/{rel}","templated":true}]}}