{"id":72991,"date":"2025-11-27T13:00:00","date_gmt":"2025-11-27T13:00:00","guid":{"rendered":"https:\/\/www.africa-press.net\/senegal\/politique\/port-de-dakar-annule-trois-mois-de-frais-de-surestarie"},"modified":"2025-11-28T12:07:38","modified_gmt":"2025-11-28T12:07:38","slug":"port-de-dakar-annule-trois-mois-de-frais-de-surestarie","status":"publish","type":"post","link":"https:\/\/www.africa-press.net\/senegal\/economie\/port-de-dakar-annule-trois-mois-de-frais-de-surestarie","title":{"rendered":"Port de Dakar Annule Trois Mois de Frais de Surestarie"},"content":{"rendered":"<p><span style=\"color: #ff6600\"><strong>Africa-Press &#8211; Senegal. <\/strong><\/span>Le Port Autonome de Dakar a accorde\u0301 une de\u0301rogation exceptionnelle pour faciliter l&rsquo;e\u0301vacuation des marchandises maliennes bloque\u0301es dans ses installations. Le Conseil Malien des Chargeurs (CMC) a rendu public un communique\u0301 ce mercredi 26 novembre 2025, annonc\u0327ant des mesures financie\u0300res majeures en faveur des ope\u0301rateurs e\u0301conomiques maliens.<\/p>\n<p>Cette de\u0301cision fait suite a\u0300 une re\u0301union ministe\u0301rielle conjointe tenue du 18 au 20 novembre 2025 entre le Ministre des Transports et des Infrastructures du Mali et ses homologues se\u0301ne\u0301galais.<\/p>\n<p><b>Annulation totale des frais pour trois mois<\/b><\/p>\n<p>Dans une circulaire date\u0301e du 25 novembre 2025, le Port Autonome de Dakar a formellement demande\u0301 aux compagnies maritimes et aux socie\u0301te\u0301s de manutention d\u2019annuler inte\u0301gralement les frais de surestarie, de magasinage et de de\u0301tention applicables aux marchandises maliennes en souffrance.<\/p>\n<p><b>Cette de\u0301rogation exceptionnelle, visant a\u0300 de\u0301sengorger le port et a\u0300 acce\u0301le\u0301rer l\u2019enle\u0300vement des conteneurs, est soumise a\u0300 des conditions strictes:<\/b><\/p>\n<p>-Pe\u0301riode d&rsquo;application: La mesure est valable pour une dure\u0301e limite\u0301e de trois (03) mois.<\/p>\n<p>-Marchandises concerne\u0301es: Elle s\u2019applique exclusivement aux marchandises en transit a\u0300 destination du Mali dont la pe\u0301riode de franchise e\u0301tait de\u0301ja\u0300 de\u0301passe\u0301e a\u0300 la date de signature de la circulaire.<\/p>\n<p>-Non-renouvellement: Le communique\u0301 du CMC souligne que ce de\u0301lai est strict et non renouvelable.<\/p>\n<p><b>Appel aux ope\u0301rateurs pour une e\u0301vacuation rapide<\/b><\/p>\n<p>Le Pre\u0301sident du CMC exhorte l\u2019ensemble des exportateurs, importateurs et transitaires maliens a\u0300 prendre sans de\u0301lai les dispositions requises pour e\u0301vacuer les conteneurs concerne\u0301s dans cette fene\u0302tre de trois mois.<\/p>\n<p>Il rappelle e\u0301galement aux ope\u0301rateurs l\u2019importance de respecter les de\u0301lais de franchise pour les conteneurs non encore pe\u0301nalise\u0301s, afin d\u2019e\u0301viter de futures sanctions a\u0300 l\u2019expiration de cette mesure de soutien.<\/p>\n<p><strong>Pour plus d&rsquo;informations et d&rsquo;analyses sur la <span style=\"color: #ff6600\">Senegal<\/span>, suivez <span style=\"color: #ff6600\">Africa-Press<\/span><\/strong><\/p>\n","protected":false},"excerpt":{"rendered":"<p>Africa-Press &#8211; Senegal. Le Port Autonome de Dakar a accorde\u0301 une de\u0301rogation exceptionnelle pour faciliter l&rsquo;e\u0301vacuation des marchandises maliennes bloque\u0301es dans ses installations. Le Conseil Malien des Chargeurs (CMC) a rendu public un communique\u0301 ce mercredi 26 novembre 2025, annonc\u0327ant des mesures financie\u0300res majeures en faveur des ope\u0301rateurs e\u0301conomiques maliens. Cette de\u0301cision fait suite a\u0300 [&hellip;]<\/p>\n","protected":false},"author":82,"featured_media":72990,"comment_status":"open","ping_status":"closed","sticky":false,"template":"","format":"standard","meta":{"footnotes":""},"categories":[3,20,10],"tags":[44],"class_list":["post-72991","post","type-post","status-publish","format-standard","has-post-thumbnail","hentry","category-economie","category-top-nouvelles","category-toutes-les-actualites","tag-senegal-2"],"yoast_head":"<!-- This site is optimized with the Yoast SEO Premium plugin v26.1 (Yoast SEO v27.0) - https:\/\/yoast.com\/product\/yoast-seo-premium-wordpress\/ -->\n<title>Port de Dakar Annule Trois Mois de Frais de Surestarie - Senegal<\/title>\n<meta name=\"description\" content=\"Le Port Autonome de Dakar a accorde\u0301 une de\u0301rogation exceptionnelle pour faciliter l&#039;e\u0301vacuation des marchandises malien ...\" \/>\n<meta name=\"robots\" content=\"index, follow, max-snippet:-1, max-image-preview:large, max-video-preview:-1\" \/>\n<link rel=\"canonical\" href=\"https:\/\/www.africa-press.net\/senegal\/economie\/port-de-dakar-annule-trois-mois-de-frais-de-surestarie\" \/>\n<meta property=\"og:locale\" content=\"fr_FR\" \/>\n<meta property=\"og:type\" content=\"article\" \/>\n<meta property=\"og:title\" content=\"Port de Dakar Annule Trois Mois de Frais de Surestarie\" \/>\n<meta property=\"og:description\" content=\"Le Port Autonome de Dakar a accorde\u0301 une de\u0301rogation exceptionnelle pour faciliter l&#039;e\u0301vacuation des marchandises malien ...\" \/>\n<meta property=\"og:url\" content=\"https:\/\/www.africa-press.net\/senegal\/economie\/port-de-dakar-annule-trois-mois-de-frais-de-surestarie\" \/>\n<meta property=\"og:site_name\" content=\"Senegal\" \/>\n<meta property=\"article:published_time\" content=\"2025-11-27T13:00:00+00:00\" \/>\n<meta property=\"article:modified_time\" content=\"2025-11-28T12:07:38+00:00\" \/>\n<meta property=\"og:image\" content=\"https:\/\/static.africa-press.net\/senegal\/sites\/13\/2025\/11\/sm_1764315926.834281.jpg\" \/>\n\t<meta property=\"og:image:width\" content=\"976\" \/>\n\t<meta property=\"og:image:height\" content=\"549\" \/>\n\t<meta property=\"og:image:type\" content=\"image\/jpeg\" \/>\n<meta name=\"author\" content=\"cfeditorfr\" \/>\n<meta name=\"twitter:card\" content=\"summary_large_image\" \/>\n<meta name=\"twitter:label1\" content=\"\u00c9crit par\" \/>\n\t<meta name=\"twitter:data1\" content=\"cfeditorfr\" \/>\n\t<meta name=\"twitter:label2\" content=\"Dur\u00e9e de lecture estim\u00e9e\" \/>\n\t<meta name=\"twitter:data2\" content=\"2 minutes\" \/>\n<script type=\"application\/ld+json\" class=\"yoast-schema-graph\">{\"@context\":\"https:\/\/schema.org\",\"@graph\":[{\"@type\":\"Article\",\"@id\":\"https:\/\/www.africa-press.net\/senegal\/economie\/port-de-dakar-annule-trois-mois-de-frais-de-surestarie#article\",\"isPartOf\":{\"@id\":\"https:\/\/www.africa-press.net\/senegal\/economie\/port-de-dakar-annule-trois-mois-de-frais-de-surestarie\"},\"author\":{\"name\":\"cfeditorfr\",\"@id\":\"https:\/\/www.africa-press.net\/senegal\/#\/schema\/person\/2b1cf3cd81a31e3cd26889ca66d677f1\"},\"headline\":\"Port de Dakar Annule Trois Mois de Frais de Surestarie\",\"datePublished\":\"2025-11-27T13:00:00+00:00\",\"dateModified\":\"2025-11-28T12:07:38+00:00\",\"mainEntityOfPage\":{\"@id\":\"https:\/\/www.africa-press.net\/senegal\/economie\/port-de-dakar-annule-trois-mois-de-frais-de-surestarie\"},\"wordCount\":340,\"commentCount\":0,\"image\":{\"@id\":\"https:\/\/www.africa-press.net\/senegal\/economie\/port-de-dakar-annule-trois-mois-de-frais-de-surestarie#primaryimage\"},\"thumbnailUrl\":\"https:\/\/static.africa-press.net\/senegal\/sites\/13\/2025\/11\/sm_1764315926.834281.jpg\",\"keywords\":[\"Senegal\"],\"articleSection\":[\"\u00c9conomie\",\"Top Nouvelles\",\"Toutes les actualit\u00e9s\"],\"inLanguage\":\"fr-FR\",\"potentialAction\":[{\"@type\":\"CommentAction\",\"name\":\"Comment\",\"target\":[\"https:\/\/www.africa-press.net\/senegal\/economie\/port-de-dakar-annule-trois-mois-de-frais-de-surestarie#respond\"]}]},{\"@type\":\"WebPage\",\"@id\":\"https:\/\/www.africa-press.net\/senegal\/economie\/port-de-dakar-annule-trois-mois-de-frais-de-surestarie\",\"url\":\"https:\/\/www.africa-press.net\/senegal\/economie\/port-de-dakar-annule-trois-mois-de-frais-de-surestarie\",\"name\":\"Port de Dakar Annule Trois Mois de Frais de Surestarie - Senegal\",\"isPartOf\":{\"@id\":\"https:\/\/www.africa-press.net\/senegal\/#website\"},\"primaryImageOfPage\":{\"@id\":\"https:\/\/www.africa-press.net\/senegal\/economie\/port-de-dakar-annule-trois-mois-de-frais-de-surestarie#primaryimage\"},\"image\":{\"@id\":\"https:\/\/www.africa-press.net\/senegal\/economie\/port-de-dakar-annule-trois-mois-de-frais-de-surestarie#primaryimage\"},\"thumbnailUrl\":\"https:\/\/static.africa-press.net\/senegal\/sites\/13\/2025\/11\/sm_1764315926.834281.jpg\",\"datePublished\":\"2025-11-27T13:00:00+00:00\",\"dateModified\":\"2025-11-28T12:07:38+00:00\",\"author\":{\"@id\":\"https:\/\/www.africa-press.net\/senegal\/#\/schema\/person\/2b1cf3cd81a31e3cd26889ca66d677f1\"},\"description\":\"Le Port Autonome de Dakar a accorde\u0301 une de\u0301rogation exceptionnelle pour faciliter l'e\u0301vacuation des marchandises malien ...\",\"breadcrumb\":{\"@id\":\"https:\/\/www.africa-press.net\/senegal\/economie\/port-de-dakar-annule-trois-mois-de-frais-de-surestarie#breadcrumb\"},\"inLanguage\":\"fr-FR\",\"potentialAction\":[{\"@type\":\"ReadAction\",\"target\":[\"https:\/\/www.africa-press.net\/senegal\/economie\/port-de-dakar-annule-trois-mois-de-frais-de-surestarie\"]}]},{\"@type\":\"ImageObject\",\"inLanguage\":\"fr-FR\",\"@id\":\"https:\/\/www.africa-press.net\/senegal\/economie\/port-de-dakar-annule-trois-mois-de-frais-de-surestarie#primaryimage\",\"url\":\"https:\/\/static.africa-press.net\/senegal\/sites\/13\/2025\/11\/sm_1764315926.834281.jpg\",\"contentUrl\":\"https:\/\/static.africa-press.net\/senegal\/sites\/13\/2025\/11\/sm_1764315926.834281.jpg\",\"width\":976,\"height\":549,\"caption\":\"Port de Dakar Annule Trois Mois de Frais de Surestarie\"},{\"@type\":\"BreadcrumbList\",\"@id\":\"https:\/\/www.africa-press.net\/senegal\/economie\/port-de-dakar-annule-trois-mois-de-frais-de-surestarie#breadcrumb\",\"itemListElement\":[{\"@type\":\"ListItem\",\"position\":1,\"name\":\"Accueil\",\"item\":\"https:\/\/www.africa-press.net\/senegal\/\"},{\"@type\":\"ListItem\",\"position\":2,\"name\":\"Port de Dakar Annule Trois Mois de Frais de Surestarie\"}]},{\"@type\":\"WebSite\",\"@id\":\"https:\/\/www.africa-press.net\/senegal\/#website\",\"url\":\"https:\/\/www.africa-press.net\/senegal\/\",\"name\":\"Africa Press | Senegal | Homepage\",\"description\":\"Just another Africa News Agency Sites site\",\"potentialAction\":[{\"@type\":\"SearchAction\",\"target\":{\"@type\":\"EntryPoint\",\"urlTemplate\":\"https:\/\/www.africa-press.net\/senegal\/?s={search_term_string}\"},\"query-input\":{\"@type\":\"PropertyValueSpecification\",\"valueRequired\":true,\"valueName\":\"search_term_string\"}}],\"inLanguage\":\"fr-FR\"},{\"@type\":\"Person\",\"@id\":\"https:\/\/www.africa-press.net\/senegal\/#\/schema\/person\/2b1cf3cd81a31e3cd26889ca66d677f1\",\"name\":\"cfeditorfr\",\"url\":\"https:\/\/www.africa-press.net\/senegal\/author\/cfeditorfr\"}]}<\/script>\n<!-- \/ Yoast SEO Premium plugin. -->","yoast_head_json":{"title":"Port de Dakar Annule Trois Mois de Frais de Surestarie - Senegal","description":"Le Port Autonome de Dakar a accorde\u0301 une de\u0301rogation exceptionnelle pour faciliter l'e\u0301vacuation des marchandises malien ...","robots":{"index":"index","follow":"follow","max-snippet":"max-snippet:-1","max-image-preview":"max-image-preview:large","max-video-preview":"max-video-preview:-1"},"canonical":"https:\/\/www.africa-press.net\/senegal\/economie\/port-de-dakar-annule-trois-mois-de-frais-de-surestarie","og_locale":"fr_FR","og_type":"article","og_title":"Port de Dakar Annule Trois Mois de Frais de Surestarie","og_description":"Le Port Autonome de Dakar a accorde\u0301 une de\u0301rogation exceptionnelle pour faciliter l'e\u0301vacuation des marchandises malien ...","og_url":"https:\/\/www.africa-press.net\/senegal\/economie\/port-de-dakar-annule-trois-mois-de-frais-de-surestarie","og_site_name":"Senegal","article_published_time":"2025-11-27T13:00:00+00:00","article_modified_time":"2025-11-28T12:07:38+00:00","og_image":[{"width":976,"height":549,"url":"https:\/\/static.africa-press.net\/senegal\/sites\/13\/2025\/11\/sm_1764315926.834281.jpg","type":"image\/jpeg"}],"author":"cfeditorfr","twitter_card":"summary_large_image","twitter_misc":{"\u00c9crit par":"cfeditorfr","Dur\u00e9e de lecture estim\u00e9e":"2 minutes"},"schema":{"@context":"https:\/\/schema.org","@graph":[{"@type":"Article","@id":"https:\/\/www.africa-press.net\/senegal\/economie\/port-de-dakar-annule-trois-mois-de-frais-de-surestarie#article","isPartOf":{"@id":"https:\/\/www.africa-press.net\/senegal\/economie\/port-de-dakar-annule-trois-mois-de-frais-de-surestarie"},"author":{"name":"cfeditorfr","@id":"https:\/\/www.africa-press.net\/senegal\/#\/schema\/person\/2b1cf3cd81a31e3cd26889ca66d677f1"},"headline":"Port de Dakar Annule Trois Mois de Frais de Surestarie","datePublished":"2025-11-27T13:00:00+00:00","dateModified":"2025-11-28T12:07:38+00:00","mainEntityOfPage":{"@id":"https:\/\/www.africa-press.net\/senegal\/economie\/port-de-dakar-annule-trois-mois-de-frais-de-surestarie"},"wordCount":340,"commentCount":0,"image":{"@id":"https:\/\/www.africa-press.net\/senegal\/economie\/port-de-dakar-annule-trois-mois-de-frais-de-surestarie#primaryimage"},"thumbnailUrl":"https:\/\/static.africa-press.net\/senegal\/sites\/13\/2025\/11\/sm_1764315926.834281.jpg","keywords":["Senegal"],"articleSection":["\u00c9conomie","Top Nouvelles","Toutes les actualit\u00e9s"],"inLanguage":"fr-FR","potentialAction":[{"@type":"CommentAction","name":"Comment","target":["https:\/\/www.africa-press.net\/senegal\/economie\/port-de-dakar-annule-trois-mois-de-frais-de-surestarie#respond"]}]},{"@type":"WebPage","@id":"https:\/\/www.africa-press.net\/senegal\/economie\/port-de-dakar-annule-trois-mois-de-frais-de-surestarie","url":"https:\/\/www.africa-press.net\/senegal\/economie\/port-de-dakar-annule-trois-mois-de-frais-de-surestarie","name":"Port de Dakar Annule Trois Mois de Frais de Surestarie - Senegal","isPartOf":{"@id":"https:\/\/www.africa-press.net\/senegal\/#website"},"primaryImageOfPage":{"@id":"https:\/\/www.africa-press.net\/senegal\/economie\/port-de-dakar-annule-trois-mois-de-frais-de-surestarie#primaryimage"},"image":{"@id":"https:\/\/www.africa-press.net\/senegal\/economie\/port-de-dakar-annule-trois-mois-de-frais-de-surestarie#primaryimage"},"thumbnailUrl":"https:\/\/static.africa-press.net\/senegal\/sites\/13\/2025\/11\/sm_1764315926.834281.jpg","datePublished":"2025-11-27T13:00:00+00:00","dateModified":"2025-11-28T12:07:38+00:00","author":{"@id":"https:\/\/www.africa-press.net\/senegal\/#\/schema\/person\/2b1cf3cd81a31e3cd26889ca66d677f1"},"description":"Le Port Autonome de Dakar a accorde\u0301 une de\u0301rogation exceptionnelle pour faciliter l'e\u0301vacuation des marchandises malien ...","breadcrumb":{"@id":"https:\/\/www.africa-press.net\/senegal\/economie\/port-de-dakar-annule-trois-mois-de-frais-de-surestarie#breadcrumb"},"inLanguage":"fr-FR","potentialAction":[{"@type":"ReadAction","target":["https:\/\/www.africa-press.net\/senegal\/economie\/port-de-dakar-annule-trois-mois-de-frais-de-surestarie"]}]},{"@type":"ImageObject","inLanguage":"fr-FR","@id":"https:\/\/www.africa-press.net\/senegal\/economie\/port-de-dakar-annule-trois-mois-de-frais-de-surestarie#primaryimage","url":"https:\/\/static.africa-press.net\/senegal\/sites\/13\/2025\/11\/sm_1764315926.834281.jpg","contentUrl":"https:\/\/static.africa-press.net\/senegal\/sites\/13\/2025\/11\/sm_1764315926.834281.jpg","width":976,"height":549,"caption":"Port de Dakar Annule Trois Mois de Frais de Surestarie"},{"@type":"BreadcrumbList","@id":"https:\/\/www.africa-press.net\/senegal\/economie\/port-de-dakar-annule-trois-mois-de-frais-de-surestarie#breadcrumb","itemListElement":[{"@type":"ListItem","position":1,"name":"Accueil","item":"https:\/\/www.africa-press.net\/senegal\/"},{"@type":"ListItem","position":2,"name":"Port de Dakar Annule Trois Mois de Frais de Surestarie"}]},{"@type":"WebSite","@id":"https:\/\/www.africa-press.net\/senegal\/#website","url":"https:\/\/www.africa-press.net\/senegal\/","name":"Africa Press | Senegal | Homepage","description":"Just another Africa News Agency Sites site","potentialAction":[{"@type":"SearchAction","target":{"@type":"EntryPoint","urlTemplate":"https:\/\/www.africa-press.net\/senegal\/?s={search_term_string}"},"query-input":{"@type":"PropertyValueSpecification","valueRequired":true,"valueName":"search_term_string"}}],"inLanguage":"fr-FR"},{"@type":"Person","@id":"https:\/\/www.africa-press.net\/senegal\/#\/schema\/person\/2b1cf3cd81a31e3cd26889ca66d677f1","name":"cfeditorfr","url":"https:\/\/www.africa-press.net\/senegal\/author\/cfeditorfr"}]}},"_links":{"self":[{"href":"https:\/\/www.africa-press.net\/senegal\/wp-json\/wp\/v2\/posts\/72991","targetHints":{"allow":["GET"]}}],"collection":[{"href":"https:\/\/www.africa-press.net\/senegal\/wp-json\/wp\/v2\/posts"}],"about":[{"href":"https:\/\/www.africa-press.net\/senegal\/wp-json\/wp\/v2\/types\/post"}],"author":[{"embeddable":true,"href":"https:\/\/www.africa-press.net\/senegal\/wp-json\/wp\/v2\/users\/82"}],"replies":[{"embeddable":true,"href":"https:\/\/www.africa-press.net\/senegal\/wp-json\/wp\/v2\/comments?post=72991"}],"version-history":[{"count":0,"href":"https:\/\/www.africa-press.net\/senegal\/wp-json\/wp\/v2\/posts\/72991\/revisions"}],"wp:featuredmedia":[{"embeddable":true,"href":"https:\/\/www.africa-press.net\/senegal\/wp-json\/wp\/v2\/media\/72990"}],"wp:attachment":[{"href":"https:\/\/www.africa-press.net\/senegal\/wp-json\/wp\/v2\/media?parent=72991"}],"wp:term":[{"taxonomy":"category","embeddable":true,"href":"https:\/\/www.africa-press.net\/senegal\/wp-json\/wp\/v2\/categories?post=72991"},{"taxonomy":"post_tag","embeddable":true,"href":"https:\/\/www.africa-press.net\/senegal\/wp-json\/wp\/v2\/tags?post=72991"}],"curies":[{"name":"wp","href":"https:\/\/api.w.org\/{rel}","templated":true}]}}