{"id":73071,"date":"2025-11-30T14:00:00","date_gmt":"2025-11-30T14:00:00","guid":{"rendered":"https:\/\/www.africa-press.net\/senegal\/politique\/il-faut-regler-les-divergences-en-interne"},"modified":"2025-11-30T17:45:04","modified_gmt":"2025-11-30T17:45:04","slug":"il-faut-regler-les-divergences-en-interne","status":"publish","type":"post","link":"https:\/\/www.africa-press.net\/senegal\/politique\/il-faut-regler-les-divergences-en-interne","title":{"rendered":"Il Faut R\u00e9gler les Divergences en Interne"},"content":{"rendered":"<p><span style=\"color: #ff6600\"><strong>Africa-Press &#8211; Senegal. <\/strong><\/span>La gouvernance se\u0301ne\u0301galaise traverse une pe\u0301riode de crispations palpables. Pour l\u2019invite\u0301 du \u00ab\u00a0Grand Jury\u00a0\u00bb de la RFM de ce dimanche 30 novembre, Daouda Tall, pre\u0301sident du think thank Ide\u0301es Se\u0301ne\u0301gal, les tensions qui agitent l\u2019exe\u0301cutif sont les signes d\u2019un fonctionnement bouscule\u0301.<\/p>\n<p>Parlant de \u00ab divergences claires et nettes dans l\u2019exercice du pouvoir \u00bb, M. Tall affirme que ces divergences sont perceptibles autant au sein du gouvernement qu\u2019au niveau de la majorite\u0301.<\/p>\n<p>\u00ab On observe de plus en plus de voix qui s\u2019alignent contre certaines de\u0301cisions du pre\u0301sident de la Re\u0301publique \u00bb, dit-il, en re\u0301fe\u0301rence aux sorties de quelques de\u0301pute\u0301s et responsables du parti au pouvoir, le Pastef.<\/p>\n<p>Pour lui, les tensions devraient e\u0302tre ge\u0301re\u0301es en interne, avant qu\u2019elles n\u2019alimentent le de\u0301bat public. \u00ab Il faut re\u0301gler les divergences au sein du gouvernement avant qu\u2019elles ne deviennent publiques \u00bb, dit-il.<\/p>\n<p>E\u0301voquant l\u2019affaire visant le ministre de l\u2019Environnement, Abdourahmane Diouf, Daouda Tall estime que l\u2019e\u0301pisode refle\u0300te un manque d\u2019anticipation et d\u2019arbitrage interne. \u00ab Lorsqu\u2019on accuse un ministre de malversation, il va falloir re\u0301gler le proble\u0300me avant que c\u0327a n\u2019arrive au public \u00bb, souligne-t-il.<\/p>\n<p>Si des divergences de politique publique ne sont \u00ab pas ge\u0302nantes \u00bb, il conside\u0300re, en revanche, qu\u2019une accusation touchant a\u0300 la probite\u0301 d\u2019un ministre exige une re\u0301action rapide et ferme. Faute de quoi, la cohe\u0301sion au sein du gouvernement en pa\u0302tit.<\/p>\n<p>Daouda met e\u0301galement en garde contre les conse\u0301quences exte\u0301rieures de cette situation. \u00ab Un pre\u0301sident affaibli a\u0300 l\u2019inte\u0301rieur n\u2019est pas tre\u0300s fort a\u0300 l\u2019international \u00bb, affirme-t-il, rappelant que les partenaires et les investisseurs e\u0301trangers e\u0301valuent en permanence les signaux politiques envoye\u0301s par le pays.<\/p>\n<p>\u00ab Les acteurs internationaux lisent la politique, l\u2019e\u0301conomie, la stabilite\u0301&#8230; Tout cela compte dans la notation d\u2019un pays \u00bb, insiste-t-il.<\/p>\n<p><strong>Pour plus d&rsquo;informations et d&rsquo;analyses sur la <span style=\"color: #ff6600\">Senegal<\/span>, suivez <span style=\"color: #ff6600\">Africa-Press<\/span><\/strong><\/p>\n","protected":false},"excerpt":{"rendered":"<p>Africa-Press &#8211; Senegal. La gouvernance se\u0301ne\u0301galaise traverse une pe\u0301riode de crispations palpables. Pour l\u2019invite\u0301 du \u00ab\u00a0Grand Jury\u00a0\u00bb de la RFM de ce dimanche 30 novembre, Daouda Tall, pre\u0301sident du think thank Ide\u0301es Se\u0301ne\u0301gal, les tensions qui agitent l\u2019exe\u0301cutif sont les signes d\u2019un fonctionnement bouscule\u0301. Parlant de \u00ab divergences claires et nettes dans l\u2019exercice du pouvoir [&hellip;]<\/p>\n","protected":false},"author":82,"featured_media":73069,"comment_status":"open","ping_status":"closed","sticky":false,"template":"","format":"standard","meta":{"footnotes":""},"categories":[2,49,20,10],"tags":[44],"class_list":["post-73071","post","type-post","status-publish","format-standard","has-post-thumbnail","hentry","category-politique","category-to-homepage","category-top-nouvelles","category-toutes-les-actualites","tag-senegal-2"],"yoast_head":"<!-- This site is optimized with the Yoast SEO Premium plugin v26.1 (Yoast SEO v27.0) - https:\/\/yoast.com\/product\/yoast-seo-premium-wordpress\/ -->\n<title>Il Faut R\u00e9gler les Divergences en Interne - Senegal<\/title>\n<meta name=\"description\" content=\"La gouvernance se\u0301ne\u0301galaise traverse une pe\u0301riode de crispations palpables. Pour l\u2019invite\u0301 du &quot;Grand Jury&quot; de la RFM de ...\" \/>\n<meta name=\"robots\" content=\"index, follow, max-snippet:-1, max-image-preview:large, max-video-preview:-1\" \/>\n<link rel=\"canonical\" href=\"https:\/\/www.africa-press.net\/senegal\/politique\/il-faut-regler-les-divergences-en-interne\" \/>\n<meta property=\"og:locale\" content=\"fr_FR\" \/>\n<meta property=\"og:type\" content=\"article\" \/>\n<meta property=\"og:title\" content=\"Il Faut R\u00e9gler les Divergences en Interne\" \/>\n<meta property=\"og:description\" content=\"La gouvernance se\u0301ne\u0301galaise traverse une pe\u0301riode de crispations palpables. Pour l\u2019invite\u0301 du &quot;Grand Jury&quot; de la RFM de ...\" \/>\n<meta property=\"og:url\" content=\"https:\/\/www.africa-press.net\/senegal\/politique\/il-faut-regler-les-divergences-en-interne\" \/>\n<meta property=\"og:site_name\" content=\"Senegal\" \/>\n<meta property=\"article:published_time\" content=\"2025-11-30T14:00:00+00:00\" \/>\n<meta property=\"article:modified_time\" content=\"2025-11-30T17:45:04+00:00\" \/>\n<meta property=\"og:image\" content=\"https:\/\/static.africa-press.net\/senegal\/sites\/13\/2025\/11\/sm_1764552783.552198.jpg\" \/>\n\t<meta property=\"og:image:width\" content=\"1280\" \/>\n\t<meta property=\"og:image:height\" content=\"720\" \/>\n\t<meta property=\"og:image:type\" content=\"image\/jpeg\" \/>\n<meta name=\"author\" content=\"cfeditorfr\" \/>\n<meta name=\"twitter:card\" content=\"summary_large_image\" \/>\n<meta name=\"twitter:label1\" content=\"\u00c9crit par\" \/>\n\t<meta name=\"twitter:data1\" content=\"cfeditorfr\" \/>\n\t<meta name=\"twitter:label2\" content=\"Dur\u00e9e de lecture estim\u00e9e\" \/>\n\t<meta name=\"twitter:data2\" content=\"2 minutes\" \/>\n<script type=\"application\/ld+json\" class=\"yoast-schema-graph\">{\"@context\":\"https:\/\/schema.org\",\"@graph\":[{\"@type\":\"Article\",\"@id\":\"https:\/\/www.africa-press.net\/senegal\/politique\/il-faut-regler-les-divergences-en-interne#article\",\"isPartOf\":{\"@id\":\"https:\/\/www.africa-press.net\/senegal\/politique\/il-faut-regler-les-divergences-en-interne\"},\"author\":{\"name\":\"cfeditorfr\",\"@id\":\"https:\/\/www.africa-press.net\/senegal\/#\/schema\/person\/2b1cf3cd81a31e3cd26889ca66d677f1\"},\"headline\":\"Il Faut R\u00e9gler les Divergences en Interne\",\"datePublished\":\"2025-11-30T14:00:00+00:00\",\"dateModified\":\"2025-11-30T17:45:04+00:00\",\"mainEntityOfPage\":{\"@id\":\"https:\/\/www.africa-press.net\/senegal\/politique\/il-faut-regler-les-divergences-en-interne\"},\"wordCount\":358,\"commentCount\":0,\"image\":{\"@id\":\"https:\/\/www.africa-press.net\/senegal\/politique\/il-faut-regler-les-divergences-en-interne#primaryimage\"},\"thumbnailUrl\":\"https:\/\/static.africa-press.net\/senegal\/sites\/13\/2025\/11\/sm_1764552783.552198.jpg\",\"keywords\":[\"Senegal\"],\"articleSection\":[\"Politique\",\"to-homepage\",\"Top Nouvelles\",\"Toutes les actualit\u00e9s\"],\"inLanguage\":\"fr-FR\",\"potentialAction\":[{\"@type\":\"CommentAction\",\"name\":\"Comment\",\"target\":[\"https:\/\/www.africa-press.net\/senegal\/politique\/il-faut-regler-les-divergences-en-interne#respond\"]}]},{\"@type\":\"WebPage\",\"@id\":\"https:\/\/www.africa-press.net\/senegal\/politique\/il-faut-regler-les-divergences-en-interne\",\"url\":\"https:\/\/www.africa-press.net\/senegal\/politique\/il-faut-regler-les-divergences-en-interne\",\"name\":\"Il Faut R\u00e9gler les Divergences en Interne - Senegal\",\"isPartOf\":{\"@id\":\"https:\/\/www.africa-press.net\/senegal\/#website\"},\"primaryImageOfPage\":{\"@id\":\"https:\/\/www.africa-press.net\/senegal\/politique\/il-faut-regler-les-divergences-en-interne#primaryimage\"},\"image\":{\"@id\":\"https:\/\/www.africa-press.net\/senegal\/politique\/il-faut-regler-les-divergences-en-interne#primaryimage\"},\"thumbnailUrl\":\"https:\/\/static.africa-press.net\/senegal\/sites\/13\/2025\/11\/sm_1764552783.552198.jpg\",\"datePublished\":\"2025-11-30T14:00:00+00:00\",\"dateModified\":\"2025-11-30T17:45:04+00:00\",\"author\":{\"@id\":\"https:\/\/www.africa-press.net\/senegal\/#\/schema\/person\/2b1cf3cd81a31e3cd26889ca66d677f1\"},\"description\":\"La gouvernance se\u0301ne\u0301galaise traverse une pe\u0301riode de crispations palpables. Pour l\u2019invite\u0301 du \\\"Grand Jury\\\" de la RFM de ...\",\"breadcrumb\":{\"@id\":\"https:\/\/www.africa-press.net\/senegal\/politique\/il-faut-regler-les-divergences-en-interne#breadcrumb\"},\"inLanguage\":\"fr-FR\",\"potentialAction\":[{\"@type\":\"ReadAction\",\"target\":[\"https:\/\/www.africa-press.net\/senegal\/politique\/il-faut-regler-les-divergences-en-interne\"]}]},{\"@type\":\"ImageObject\",\"inLanguage\":\"fr-FR\",\"@id\":\"https:\/\/www.africa-press.net\/senegal\/politique\/il-faut-regler-les-divergences-en-interne#primaryimage\",\"url\":\"https:\/\/static.africa-press.net\/senegal\/sites\/13\/2025\/11\/sm_1764552783.552198.jpg\",\"contentUrl\":\"https:\/\/static.africa-press.net\/senegal\/sites\/13\/2025\/11\/sm_1764552783.552198.jpg\",\"width\":1280,\"height\":720,\"caption\":\"Il Faut R\u00e9gler les Divergences en Interne\"},{\"@type\":\"BreadcrumbList\",\"@id\":\"https:\/\/www.africa-press.net\/senegal\/politique\/il-faut-regler-les-divergences-en-interne#breadcrumb\",\"itemListElement\":[{\"@type\":\"ListItem\",\"position\":1,\"name\":\"Accueil\",\"item\":\"https:\/\/www.africa-press.net\/senegal\/\"},{\"@type\":\"ListItem\",\"position\":2,\"name\":\"Il Faut R\u00e9gler les Divergences en Interne\"}]},{\"@type\":\"WebSite\",\"@id\":\"https:\/\/www.africa-press.net\/senegal\/#website\",\"url\":\"https:\/\/www.africa-press.net\/senegal\/\",\"name\":\"Africa Press | Senegal | Homepage\",\"description\":\"Just another Africa News Agency Sites site\",\"potentialAction\":[{\"@type\":\"SearchAction\",\"target\":{\"@type\":\"EntryPoint\",\"urlTemplate\":\"https:\/\/www.africa-press.net\/senegal\/?s={search_term_string}\"},\"query-input\":{\"@type\":\"PropertyValueSpecification\",\"valueRequired\":true,\"valueName\":\"search_term_string\"}}],\"inLanguage\":\"fr-FR\"},{\"@type\":\"Person\",\"@id\":\"https:\/\/www.africa-press.net\/senegal\/#\/schema\/person\/2b1cf3cd81a31e3cd26889ca66d677f1\",\"name\":\"cfeditorfr\",\"url\":\"https:\/\/www.africa-press.net\/senegal\/author\/cfeditorfr\"}]}<\/script>\n<!-- \/ Yoast SEO Premium plugin. -->","yoast_head_json":{"title":"Il Faut R\u00e9gler les Divergences en Interne - Senegal","description":"La gouvernance se\u0301ne\u0301galaise traverse une pe\u0301riode de crispations palpables. Pour l\u2019invite\u0301 du \"Grand Jury\" de la RFM de ...","robots":{"index":"index","follow":"follow","max-snippet":"max-snippet:-1","max-image-preview":"max-image-preview:large","max-video-preview":"max-video-preview:-1"},"canonical":"https:\/\/www.africa-press.net\/senegal\/politique\/il-faut-regler-les-divergences-en-interne","og_locale":"fr_FR","og_type":"article","og_title":"Il Faut R\u00e9gler les Divergences en Interne","og_description":"La gouvernance se\u0301ne\u0301galaise traverse une pe\u0301riode de crispations palpables. Pour l\u2019invite\u0301 du \"Grand Jury\" de la RFM de ...","og_url":"https:\/\/www.africa-press.net\/senegal\/politique\/il-faut-regler-les-divergences-en-interne","og_site_name":"Senegal","article_published_time":"2025-11-30T14:00:00+00:00","article_modified_time":"2025-11-30T17:45:04+00:00","og_image":[{"width":1280,"height":720,"url":"https:\/\/static.africa-press.net\/senegal\/sites\/13\/2025\/11\/sm_1764552783.552198.jpg","type":"image\/jpeg"}],"author":"cfeditorfr","twitter_card":"summary_large_image","twitter_misc":{"\u00c9crit par":"cfeditorfr","Dur\u00e9e de lecture estim\u00e9e":"2 minutes"},"schema":{"@context":"https:\/\/schema.org","@graph":[{"@type":"Article","@id":"https:\/\/www.africa-press.net\/senegal\/politique\/il-faut-regler-les-divergences-en-interne#article","isPartOf":{"@id":"https:\/\/www.africa-press.net\/senegal\/politique\/il-faut-regler-les-divergences-en-interne"},"author":{"name":"cfeditorfr","@id":"https:\/\/www.africa-press.net\/senegal\/#\/schema\/person\/2b1cf3cd81a31e3cd26889ca66d677f1"},"headline":"Il Faut R\u00e9gler les Divergences en Interne","datePublished":"2025-11-30T14:00:00+00:00","dateModified":"2025-11-30T17:45:04+00:00","mainEntityOfPage":{"@id":"https:\/\/www.africa-press.net\/senegal\/politique\/il-faut-regler-les-divergences-en-interne"},"wordCount":358,"commentCount":0,"image":{"@id":"https:\/\/www.africa-press.net\/senegal\/politique\/il-faut-regler-les-divergences-en-interne#primaryimage"},"thumbnailUrl":"https:\/\/static.africa-press.net\/senegal\/sites\/13\/2025\/11\/sm_1764552783.552198.jpg","keywords":["Senegal"],"articleSection":["Politique","to-homepage","Top Nouvelles","Toutes les actualit\u00e9s"],"inLanguage":"fr-FR","potentialAction":[{"@type":"CommentAction","name":"Comment","target":["https:\/\/www.africa-press.net\/senegal\/politique\/il-faut-regler-les-divergences-en-interne#respond"]}]},{"@type":"WebPage","@id":"https:\/\/www.africa-press.net\/senegal\/politique\/il-faut-regler-les-divergences-en-interne","url":"https:\/\/www.africa-press.net\/senegal\/politique\/il-faut-regler-les-divergences-en-interne","name":"Il Faut R\u00e9gler les Divergences en Interne - Senegal","isPartOf":{"@id":"https:\/\/www.africa-press.net\/senegal\/#website"},"primaryImageOfPage":{"@id":"https:\/\/www.africa-press.net\/senegal\/politique\/il-faut-regler-les-divergences-en-interne#primaryimage"},"image":{"@id":"https:\/\/www.africa-press.net\/senegal\/politique\/il-faut-regler-les-divergences-en-interne#primaryimage"},"thumbnailUrl":"https:\/\/static.africa-press.net\/senegal\/sites\/13\/2025\/11\/sm_1764552783.552198.jpg","datePublished":"2025-11-30T14:00:00+00:00","dateModified":"2025-11-30T17:45:04+00:00","author":{"@id":"https:\/\/www.africa-press.net\/senegal\/#\/schema\/person\/2b1cf3cd81a31e3cd26889ca66d677f1"},"description":"La gouvernance se\u0301ne\u0301galaise traverse une pe\u0301riode de crispations palpables. Pour l\u2019invite\u0301 du \"Grand Jury\" de la RFM de ...","breadcrumb":{"@id":"https:\/\/www.africa-press.net\/senegal\/politique\/il-faut-regler-les-divergences-en-interne#breadcrumb"},"inLanguage":"fr-FR","potentialAction":[{"@type":"ReadAction","target":["https:\/\/www.africa-press.net\/senegal\/politique\/il-faut-regler-les-divergences-en-interne"]}]},{"@type":"ImageObject","inLanguage":"fr-FR","@id":"https:\/\/www.africa-press.net\/senegal\/politique\/il-faut-regler-les-divergences-en-interne#primaryimage","url":"https:\/\/static.africa-press.net\/senegal\/sites\/13\/2025\/11\/sm_1764552783.552198.jpg","contentUrl":"https:\/\/static.africa-press.net\/senegal\/sites\/13\/2025\/11\/sm_1764552783.552198.jpg","width":1280,"height":720,"caption":"Il Faut R\u00e9gler les Divergences en Interne"},{"@type":"BreadcrumbList","@id":"https:\/\/www.africa-press.net\/senegal\/politique\/il-faut-regler-les-divergences-en-interne#breadcrumb","itemListElement":[{"@type":"ListItem","position":1,"name":"Accueil","item":"https:\/\/www.africa-press.net\/senegal\/"},{"@type":"ListItem","position":2,"name":"Il Faut R\u00e9gler les Divergences en Interne"}]},{"@type":"WebSite","@id":"https:\/\/www.africa-press.net\/senegal\/#website","url":"https:\/\/www.africa-press.net\/senegal\/","name":"Africa Press | Senegal | Homepage","description":"Just another Africa News Agency Sites site","potentialAction":[{"@type":"SearchAction","target":{"@type":"EntryPoint","urlTemplate":"https:\/\/www.africa-press.net\/senegal\/?s={search_term_string}"},"query-input":{"@type":"PropertyValueSpecification","valueRequired":true,"valueName":"search_term_string"}}],"inLanguage":"fr-FR"},{"@type":"Person","@id":"https:\/\/www.africa-press.net\/senegal\/#\/schema\/person\/2b1cf3cd81a31e3cd26889ca66d677f1","name":"cfeditorfr","url":"https:\/\/www.africa-press.net\/senegal\/author\/cfeditorfr"}]}},"_links":{"self":[{"href":"https:\/\/www.africa-press.net\/senegal\/wp-json\/wp\/v2\/posts\/73071","targetHints":{"allow":["GET"]}}],"collection":[{"href":"https:\/\/www.africa-press.net\/senegal\/wp-json\/wp\/v2\/posts"}],"about":[{"href":"https:\/\/www.africa-press.net\/senegal\/wp-json\/wp\/v2\/types\/post"}],"author":[{"embeddable":true,"href":"https:\/\/www.africa-press.net\/senegal\/wp-json\/wp\/v2\/users\/82"}],"replies":[{"embeddable":true,"href":"https:\/\/www.africa-press.net\/senegal\/wp-json\/wp\/v2\/comments?post=73071"}],"version-history":[{"count":0,"href":"https:\/\/www.africa-press.net\/senegal\/wp-json\/wp\/v2\/posts\/73071\/revisions"}],"wp:featuredmedia":[{"embeddable":true,"href":"https:\/\/www.africa-press.net\/senegal\/wp-json\/wp\/v2\/media\/73069"}],"wp:attachment":[{"href":"https:\/\/www.africa-press.net\/senegal\/wp-json\/wp\/v2\/media?parent=73071"}],"wp:term":[{"taxonomy":"category","embeddable":true,"href":"https:\/\/www.africa-press.net\/senegal\/wp-json\/wp\/v2\/categories?post=73071"},{"taxonomy":"post_tag","embeddable":true,"href":"https:\/\/www.africa-press.net\/senegal\/wp-json\/wp\/v2\/tags?post=73071"}],"curies":[{"name":"wp","href":"https:\/\/api.w.org\/{rel}","templated":true}]}}