{"id":73120,"date":"2025-12-02T14:10:00","date_gmt":"2025-12-02T14:10:00","guid":{"rendered":"https:\/\/www.africa-press.net\/senegal\/politique\/budget-2026-adopte-par-le-ministere-de-lindustrie"},"modified":"2025-12-02T21:00:13","modified_gmt":"2025-12-02T21:00:13","slug":"budget-2026-adopte-par-le-ministere-de-lindustrie","status":"publish","type":"post","link":"https:\/\/www.africa-press.net\/senegal\/economie\/budget-2026-adopte-par-le-ministere-de-lindustrie","title":{"rendered":"Budget 2026 Adopt\u00e9 par le Minist\u00e8re de L\u2019Industrie"},"content":{"rendered":"<p><span style=\"color: #ff6600\"><strong>Africa-Press &#8211; Senegal. <\/strong><\/span>Les de\u0301pute\u0301s ont adopte\u0301, ce mardi 2 de\u0301cembre 2025, le budget 2026 du ministe\u0300re de l\u2019Industrie et du Commerce. Sur les 165 parlementaires inscrits, 135 ont participe\u0301 au vote: 128 ont vote\u0301 pour, 7 se sont abstenus et aucun n\u2019a vote\u0301 contre.<\/p>\n<p>Pour en revenir au budget, il s\u2019e\u0301le\u0300ve a\u0300 355,93 milliards F CFA en autorisations d\u2019engagement (AE) et 150,13 milliards F CFA en cre\u0301dits de paiement (CP) re\u0301partis sur cinq programmes principaux. Il s\u2019agit de l\u2019accessibilite\u0301 des produits et services, de la lutte contre la vie che\u0300re et la modernisation du commerce: 33,49 milliards F CFA (AE) ; de l\u2019accompagnement et du financement des PME-PMI: 3,29 milliards F CFA (AE) ; de la de\u0301pense commerciale et du renforcement du positionnement du Se\u0301ne\u0301gal sur les marche\u0301s exte\u0301rieurs: 2,29 milliards F CFA (AE) ; du de\u0301veloppement des po\u0302les et des filie\u0300res industrielles compe\u0301titives: 314,42 milliards F CFA (AE) ; et du pilotage, coordination et gestion administrative: 2,45 milliards F CFA (AE).<\/p>\n<p>Le budget met l\u2019accent sur la modernisation du commerce, la lutte contre la vie che\u0300re, le soutien aux PME-PMI et le renforcement des filie\u0300res industrielles compe\u0301titives. Il pre\u0301voit e\u0301galement des investissements pour ame\u0301liorer le positionnement du Se\u0301ne\u0301gal sur les marche\u0301s exte\u0301rieurs et renforcer la gestion administrative du ministe\u0300re.<\/p>\n<p>Le ministre de l\u2019Industrie et du Commerce a salue\u0301 l\u2019adoption de ce budget, qu\u2019il a qualifie\u0301 d\u2019ambitieux et re\u0301aliste, soulignant son ro\u0302le pour soutenir la croissance e\u0301conomique et la compe\u0301titivite\u0301 des entreprises.<\/p>\n<p>\u00ab Ce budget nous permettra de consolider nos re\u0301formes, d\u2019accompagner les entreprises et d\u2019investir dans l\u2019industrialisation du pays \u00bb, a-t-il de\u0301clare\u0301.<\/p>\n<p><strong>Pour plus d&rsquo;informations et d&rsquo;analyses sur la <span style=\"color: #ff6600\">Senegal<\/span>, suivez <span style=\"color: #ff6600\">Africa-Press<\/span><\/strong><\/p>\n","protected":false},"excerpt":{"rendered":"<p>Africa-Press &#8211; Senegal. Les de\u0301pute\u0301s ont adopte\u0301, ce mardi 2 de\u0301cembre 2025, le budget 2026 du ministe\u0300re de l\u2019Industrie et du Commerce. Sur les 165 parlementaires inscrits, 135 ont participe\u0301 au vote: 128 ont vote\u0301 pour, 7 se sont abstenus et aucun n\u2019a vote\u0301 contre. Pour en revenir au budget, il s\u2019e\u0301le\u0300ve a\u0300 355,93 milliards [&hellip;]<\/p>\n","protected":false},"author":82,"featured_media":73119,"comment_status":"open","ping_status":"closed","sticky":false,"template":"","format":"standard","meta":{"footnotes":""},"categories":[3,49,20,10],"tags":[44],"class_list":["post-73120","post","type-post","status-publish","format-standard","has-post-thumbnail","hentry","category-economie","category-to-homepage","category-top-nouvelles","category-toutes-les-actualites","tag-senegal-2"],"yoast_head":"<!-- This site is optimized with the Yoast SEO Premium plugin v26.1 (Yoast SEO v27.0) - https:\/\/yoast.com\/product\/yoast-seo-premium-wordpress\/ -->\n<title>Budget 2026 Adopt\u00e9 par le Minist\u00e8re de L\u2019Industrie - Senegal<\/title>\n<meta name=\"description\" content=\"Les de\u0301pute\u0301s ont adopte\u0301, ce mardi 2 de\u0301cembre 2025, le budget 2026 du ministe\u0300re de l\u2019Industrie et du Commerce. Sur le ...\" \/>\n<meta name=\"robots\" content=\"index, follow, max-snippet:-1, max-image-preview:large, max-video-preview:-1\" \/>\n<link rel=\"canonical\" href=\"https:\/\/www.africa-press.net\/senegal\/economie\/budget-2026-adopte-par-le-ministere-de-lindustrie\" \/>\n<meta property=\"og:locale\" content=\"fr_FR\" \/>\n<meta property=\"og:type\" content=\"article\" \/>\n<meta property=\"og:title\" content=\"Budget 2026 Adopt\u00e9 par le Minist\u00e8re de L\u2019Industrie\" \/>\n<meta property=\"og:description\" content=\"Les de\u0301pute\u0301s ont adopte\u0301, ce mardi 2 de\u0301cembre 2025, le budget 2026 du ministe\u0300re de l\u2019Industrie et du Commerce. Sur le ...\" \/>\n<meta property=\"og:url\" content=\"https:\/\/www.africa-press.net\/senegal\/economie\/budget-2026-adopte-par-le-ministere-de-lindustrie\" \/>\n<meta property=\"og:site_name\" content=\"Senegal\" \/>\n<meta property=\"article:published_time\" content=\"2025-12-02T14:10:00+00:00\" \/>\n<meta property=\"article:modified_time\" content=\"2025-12-02T21:00:13+00:00\" \/>\n<meta property=\"og:image\" content=\"https:\/\/static.africa-press.net\/senegal\/sites\/13\/2025\/12\/sm_1764737989.454699.jpg\" \/>\n\t<meta property=\"og:image:width\" content=\"1280\" \/>\n\t<meta property=\"og:image:height\" content=\"720\" \/>\n\t<meta property=\"og:image:type\" content=\"image\/jpeg\" \/>\n<meta name=\"author\" content=\"cfeditorfr\" \/>\n<meta name=\"twitter:card\" content=\"summary_large_image\" \/>\n<meta name=\"twitter:label1\" content=\"\u00c9crit par\" \/>\n\t<meta name=\"twitter:data1\" content=\"cfeditorfr\" \/>\n\t<meta name=\"twitter:label2\" content=\"Dur\u00e9e de lecture estim\u00e9e\" \/>\n\t<meta name=\"twitter:data2\" content=\"2 minutes\" \/>\n<script type=\"application\/ld+json\" class=\"yoast-schema-graph\">{\"@context\":\"https:\/\/schema.org\",\"@graph\":[{\"@type\":\"Article\",\"@id\":\"https:\/\/www.africa-press.net\/senegal\/economie\/budget-2026-adopte-par-le-ministere-de-lindustrie#article\",\"isPartOf\":{\"@id\":\"https:\/\/www.africa-press.net\/senegal\/economie\/budget-2026-adopte-par-le-ministere-de-lindustrie\"},\"author\":{\"name\":\"cfeditorfr\",\"@id\":\"https:\/\/www.africa-press.net\/senegal\/#\/schema\/person\/2b1cf3cd81a31e3cd26889ca66d677f1\"},\"headline\":\"Budget 2026 Adopt\u00e9 par le Minist\u00e8re de L\u2019Industrie\",\"datePublished\":\"2025-12-02T14:10:00+00:00\",\"dateModified\":\"2025-12-02T21:00:13+00:00\",\"mainEntityOfPage\":{\"@id\":\"https:\/\/www.africa-press.net\/senegal\/economie\/budget-2026-adopte-par-le-ministere-de-lindustrie\"},\"wordCount\":315,\"commentCount\":0,\"image\":{\"@id\":\"https:\/\/www.africa-press.net\/senegal\/economie\/budget-2026-adopte-par-le-ministere-de-lindustrie#primaryimage\"},\"thumbnailUrl\":\"https:\/\/static.africa-press.net\/senegal\/sites\/13\/2025\/12\/sm_1764737989.454699.jpg\",\"keywords\":[\"Senegal\"],\"articleSection\":[\"\u00c9conomie\",\"to-homepage\",\"Top Nouvelles\",\"Toutes les actualit\u00e9s\"],\"inLanguage\":\"fr-FR\",\"potentialAction\":[{\"@type\":\"CommentAction\",\"name\":\"Comment\",\"target\":[\"https:\/\/www.africa-press.net\/senegal\/economie\/budget-2026-adopte-par-le-ministere-de-lindustrie#respond\"]}]},{\"@type\":\"WebPage\",\"@id\":\"https:\/\/www.africa-press.net\/senegal\/economie\/budget-2026-adopte-par-le-ministere-de-lindustrie\",\"url\":\"https:\/\/www.africa-press.net\/senegal\/economie\/budget-2026-adopte-par-le-ministere-de-lindustrie\",\"name\":\"Budget 2026 Adopt\u00e9 par le Minist\u00e8re de L\u2019Industrie - Senegal\",\"isPartOf\":{\"@id\":\"https:\/\/www.africa-press.net\/senegal\/#website\"},\"primaryImageOfPage\":{\"@id\":\"https:\/\/www.africa-press.net\/senegal\/economie\/budget-2026-adopte-par-le-ministere-de-lindustrie#primaryimage\"},\"image\":{\"@id\":\"https:\/\/www.africa-press.net\/senegal\/economie\/budget-2026-adopte-par-le-ministere-de-lindustrie#primaryimage\"},\"thumbnailUrl\":\"https:\/\/static.africa-press.net\/senegal\/sites\/13\/2025\/12\/sm_1764737989.454699.jpg\",\"datePublished\":\"2025-12-02T14:10:00+00:00\",\"dateModified\":\"2025-12-02T21:00:13+00:00\",\"author\":{\"@id\":\"https:\/\/www.africa-press.net\/senegal\/#\/schema\/person\/2b1cf3cd81a31e3cd26889ca66d677f1\"},\"description\":\"Les de\u0301pute\u0301s ont adopte\u0301, ce mardi 2 de\u0301cembre 2025, le budget 2026 du ministe\u0300re de l\u2019Industrie et du Commerce. Sur le ...\",\"breadcrumb\":{\"@id\":\"https:\/\/www.africa-press.net\/senegal\/economie\/budget-2026-adopte-par-le-ministere-de-lindustrie#breadcrumb\"},\"inLanguage\":\"fr-FR\",\"potentialAction\":[{\"@type\":\"ReadAction\",\"target\":[\"https:\/\/www.africa-press.net\/senegal\/economie\/budget-2026-adopte-par-le-ministere-de-lindustrie\"]}]},{\"@type\":\"ImageObject\",\"inLanguage\":\"fr-FR\",\"@id\":\"https:\/\/www.africa-press.net\/senegal\/economie\/budget-2026-adopte-par-le-ministere-de-lindustrie#primaryimage\",\"url\":\"https:\/\/static.africa-press.net\/senegal\/sites\/13\/2025\/12\/sm_1764737989.454699.jpg\",\"contentUrl\":\"https:\/\/static.africa-press.net\/senegal\/sites\/13\/2025\/12\/sm_1764737989.454699.jpg\",\"width\":1280,\"height\":720,\"caption\":\"Budget 2026 Adopt\u00e9 par le Minist\u00e8re de L\u2019Industrie\"},{\"@type\":\"BreadcrumbList\",\"@id\":\"https:\/\/www.africa-press.net\/senegal\/economie\/budget-2026-adopte-par-le-ministere-de-lindustrie#breadcrumb\",\"itemListElement\":[{\"@type\":\"ListItem\",\"position\":1,\"name\":\"Accueil\",\"item\":\"https:\/\/www.africa-press.net\/senegal\/\"},{\"@type\":\"ListItem\",\"position\":2,\"name\":\"Budget 2026 Adopt\u00e9 par le Minist\u00e8re de L\u2019Industrie\"}]},{\"@type\":\"WebSite\",\"@id\":\"https:\/\/www.africa-press.net\/senegal\/#website\",\"url\":\"https:\/\/www.africa-press.net\/senegal\/\",\"name\":\"Africa Press | Senegal | Homepage\",\"description\":\"Just another Africa News Agency Sites site\",\"potentialAction\":[{\"@type\":\"SearchAction\",\"target\":{\"@type\":\"EntryPoint\",\"urlTemplate\":\"https:\/\/www.africa-press.net\/senegal\/?s={search_term_string}\"},\"query-input\":{\"@type\":\"PropertyValueSpecification\",\"valueRequired\":true,\"valueName\":\"search_term_string\"}}],\"inLanguage\":\"fr-FR\"},{\"@type\":\"Person\",\"@id\":\"https:\/\/www.africa-press.net\/senegal\/#\/schema\/person\/2b1cf3cd81a31e3cd26889ca66d677f1\",\"name\":\"cfeditorfr\",\"url\":\"https:\/\/www.africa-press.net\/senegal\/author\/cfeditorfr\"}]}<\/script>\n<!-- \/ Yoast SEO Premium plugin. -->","yoast_head_json":{"title":"Budget 2026 Adopt\u00e9 par le Minist\u00e8re de L\u2019Industrie - Senegal","description":"Les de\u0301pute\u0301s ont adopte\u0301, ce mardi 2 de\u0301cembre 2025, le budget 2026 du ministe\u0300re de l\u2019Industrie et du Commerce. Sur le ...","robots":{"index":"index","follow":"follow","max-snippet":"max-snippet:-1","max-image-preview":"max-image-preview:large","max-video-preview":"max-video-preview:-1"},"canonical":"https:\/\/www.africa-press.net\/senegal\/economie\/budget-2026-adopte-par-le-ministere-de-lindustrie","og_locale":"fr_FR","og_type":"article","og_title":"Budget 2026 Adopt\u00e9 par le Minist\u00e8re de L\u2019Industrie","og_description":"Les de\u0301pute\u0301s ont adopte\u0301, ce mardi 2 de\u0301cembre 2025, le budget 2026 du ministe\u0300re de l\u2019Industrie et du Commerce. Sur le ...","og_url":"https:\/\/www.africa-press.net\/senegal\/economie\/budget-2026-adopte-par-le-ministere-de-lindustrie","og_site_name":"Senegal","article_published_time":"2025-12-02T14:10:00+00:00","article_modified_time":"2025-12-02T21:00:13+00:00","og_image":[{"width":1280,"height":720,"url":"https:\/\/static.africa-press.net\/senegal\/sites\/13\/2025\/12\/sm_1764737989.454699.jpg","type":"image\/jpeg"}],"author":"cfeditorfr","twitter_card":"summary_large_image","twitter_misc":{"\u00c9crit par":"cfeditorfr","Dur\u00e9e de lecture estim\u00e9e":"2 minutes"},"schema":{"@context":"https:\/\/schema.org","@graph":[{"@type":"Article","@id":"https:\/\/www.africa-press.net\/senegal\/economie\/budget-2026-adopte-par-le-ministere-de-lindustrie#article","isPartOf":{"@id":"https:\/\/www.africa-press.net\/senegal\/economie\/budget-2026-adopte-par-le-ministere-de-lindustrie"},"author":{"name":"cfeditorfr","@id":"https:\/\/www.africa-press.net\/senegal\/#\/schema\/person\/2b1cf3cd81a31e3cd26889ca66d677f1"},"headline":"Budget 2026 Adopt\u00e9 par le Minist\u00e8re de L\u2019Industrie","datePublished":"2025-12-02T14:10:00+00:00","dateModified":"2025-12-02T21:00:13+00:00","mainEntityOfPage":{"@id":"https:\/\/www.africa-press.net\/senegal\/economie\/budget-2026-adopte-par-le-ministere-de-lindustrie"},"wordCount":315,"commentCount":0,"image":{"@id":"https:\/\/www.africa-press.net\/senegal\/economie\/budget-2026-adopte-par-le-ministere-de-lindustrie#primaryimage"},"thumbnailUrl":"https:\/\/static.africa-press.net\/senegal\/sites\/13\/2025\/12\/sm_1764737989.454699.jpg","keywords":["Senegal"],"articleSection":["\u00c9conomie","to-homepage","Top Nouvelles","Toutes les actualit\u00e9s"],"inLanguage":"fr-FR","potentialAction":[{"@type":"CommentAction","name":"Comment","target":["https:\/\/www.africa-press.net\/senegal\/economie\/budget-2026-adopte-par-le-ministere-de-lindustrie#respond"]}]},{"@type":"WebPage","@id":"https:\/\/www.africa-press.net\/senegal\/economie\/budget-2026-adopte-par-le-ministere-de-lindustrie","url":"https:\/\/www.africa-press.net\/senegal\/economie\/budget-2026-adopte-par-le-ministere-de-lindustrie","name":"Budget 2026 Adopt\u00e9 par le Minist\u00e8re de L\u2019Industrie - Senegal","isPartOf":{"@id":"https:\/\/www.africa-press.net\/senegal\/#website"},"primaryImageOfPage":{"@id":"https:\/\/www.africa-press.net\/senegal\/economie\/budget-2026-adopte-par-le-ministere-de-lindustrie#primaryimage"},"image":{"@id":"https:\/\/www.africa-press.net\/senegal\/economie\/budget-2026-adopte-par-le-ministere-de-lindustrie#primaryimage"},"thumbnailUrl":"https:\/\/static.africa-press.net\/senegal\/sites\/13\/2025\/12\/sm_1764737989.454699.jpg","datePublished":"2025-12-02T14:10:00+00:00","dateModified":"2025-12-02T21:00:13+00:00","author":{"@id":"https:\/\/www.africa-press.net\/senegal\/#\/schema\/person\/2b1cf3cd81a31e3cd26889ca66d677f1"},"description":"Les de\u0301pute\u0301s ont adopte\u0301, ce mardi 2 de\u0301cembre 2025, le budget 2026 du ministe\u0300re de l\u2019Industrie et du Commerce. Sur le ...","breadcrumb":{"@id":"https:\/\/www.africa-press.net\/senegal\/economie\/budget-2026-adopte-par-le-ministere-de-lindustrie#breadcrumb"},"inLanguage":"fr-FR","potentialAction":[{"@type":"ReadAction","target":["https:\/\/www.africa-press.net\/senegal\/economie\/budget-2026-adopte-par-le-ministere-de-lindustrie"]}]},{"@type":"ImageObject","inLanguage":"fr-FR","@id":"https:\/\/www.africa-press.net\/senegal\/economie\/budget-2026-adopte-par-le-ministere-de-lindustrie#primaryimage","url":"https:\/\/static.africa-press.net\/senegal\/sites\/13\/2025\/12\/sm_1764737989.454699.jpg","contentUrl":"https:\/\/static.africa-press.net\/senegal\/sites\/13\/2025\/12\/sm_1764737989.454699.jpg","width":1280,"height":720,"caption":"Budget 2026 Adopt\u00e9 par le Minist\u00e8re de L\u2019Industrie"},{"@type":"BreadcrumbList","@id":"https:\/\/www.africa-press.net\/senegal\/economie\/budget-2026-adopte-par-le-ministere-de-lindustrie#breadcrumb","itemListElement":[{"@type":"ListItem","position":1,"name":"Accueil","item":"https:\/\/www.africa-press.net\/senegal\/"},{"@type":"ListItem","position":2,"name":"Budget 2026 Adopt\u00e9 par le Minist\u00e8re de L\u2019Industrie"}]},{"@type":"WebSite","@id":"https:\/\/www.africa-press.net\/senegal\/#website","url":"https:\/\/www.africa-press.net\/senegal\/","name":"Africa Press | Senegal | Homepage","description":"Just another Africa News Agency Sites site","potentialAction":[{"@type":"SearchAction","target":{"@type":"EntryPoint","urlTemplate":"https:\/\/www.africa-press.net\/senegal\/?s={search_term_string}"},"query-input":{"@type":"PropertyValueSpecification","valueRequired":true,"valueName":"search_term_string"}}],"inLanguage":"fr-FR"},{"@type":"Person","@id":"https:\/\/www.africa-press.net\/senegal\/#\/schema\/person\/2b1cf3cd81a31e3cd26889ca66d677f1","name":"cfeditorfr","url":"https:\/\/www.africa-press.net\/senegal\/author\/cfeditorfr"}]}},"_links":{"self":[{"href":"https:\/\/www.africa-press.net\/senegal\/wp-json\/wp\/v2\/posts\/73120","targetHints":{"allow":["GET"]}}],"collection":[{"href":"https:\/\/www.africa-press.net\/senegal\/wp-json\/wp\/v2\/posts"}],"about":[{"href":"https:\/\/www.africa-press.net\/senegal\/wp-json\/wp\/v2\/types\/post"}],"author":[{"embeddable":true,"href":"https:\/\/www.africa-press.net\/senegal\/wp-json\/wp\/v2\/users\/82"}],"replies":[{"embeddable":true,"href":"https:\/\/www.africa-press.net\/senegal\/wp-json\/wp\/v2\/comments?post=73120"}],"version-history":[{"count":0,"href":"https:\/\/www.africa-press.net\/senegal\/wp-json\/wp\/v2\/posts\/73120\/revisions"}],"wp:featuredmedia":[{"embeddable":true,"href":"https:\/\/www.africa-press.net\/senegal\/wp-json\/wp\/v2\/media\/73119"}],"wp:attachment":[{"href":"https:\/\/www.africa-press.net\/senegal\/wp-json\/wp\/v2\/media?parent=73120"}],"wp:term":[{"taxonomy":"category","embeddable":true,"href":"https:\/\/www.africa-press.net\/senegal\/wp-json\/wp\/v2\/categories?post=73120"},{"taxonomy":"post_tag","embeddable":true,"href":"https:\/\/www.africa-press.net\/senegal\/wp-json\/wp\/v2\/tags?post=73120"}],"curies":[{"name":"wp","href":"https:\/\/api.w.org\/{rel}","templated":true}]}}