{"id":73155,"date":"2025-12-03T12:10:00","date_gmt":"2025-12-03T12:10:00","guid":{"rendered":"https:\/\/www.africa-press.net\/senegal\/politique\/crise-universitaire-le-fdr-accuse-sonko"},"modified":"2025-12-03T12:39:13","modified_gmt":"2025-12-03T12:39:13","slug":"crise-universitaire-le-fdr-accuse-sonko","status":"publish","type":"post","link":"https:\/\/www.africa-press.net\/senegal\/parties\/crise-universitaire-le-fdr-accuse-sonko","title":{"rendered":"Crise Universitaire: le FDR Accuse Sonko"},"content":{"rendered":"<p><span style=\"color: #ff6600\"><strong>Africa-Press &#8211; Senegal. <\/strong><\/span>Au moment ou\u0300 les universite\u0301s se\u0301ne\u0301galaises sont secoue\u0301es depuis plusieurs jours par des manifestations estudiantines et une intervention muscle\u0301e des forces de l\u2019ordre, le Front pour la De\u0301fense de la Re\u0301publique (FDR) pointe la responsabilite\u0301 du gouvernement. Le Front apporte aussi son soutien sans condition aux e\u0301tudiants mobilise\u0301s pour le paiement de leurs bourses.<\/p>\n<p>\u00ab Ces revendications, tout a\u0300 fait le\u0301gitimes, ne trouvent malheureusement pas de re\u0301ponse ade\u0301quate aupre\u0300s du gouvernement PASTEF, qui semble incapable d\u2019apporter une solution a\u0300 la hauteur de la situation. Or, celle-ci risque de de\u0301ge\u0301ne\u0301rer si une issue idoine n\u2019est pas rapidement trouve\u0301e \u00bb, lit-on dans leur communique\u0301.<\/p>\n<p>Pour le FDR, l\u2019impasse actuelle de\u0301coule directement de la crise financie\u0300re engendre\u0301e par ce que la coalition qualifie de \u00ab dette cache\u0301e \u00bb, un dossier explosif de\u0301ja\u0300 au c\u0153ur du de\u0301bat politique national.<\/p>\n<p>\u00ab Le FDR conside\u0300re que le blocage actuel des universite\u0301s est l\u2019une des conse\u0301quences directes de la catastrophe financie\u0300re provoque\u0301e par la gestion hasardeuse de la dette cache\u0301e. Il faudra bien que le Premier ministre re\u0301ponde de cette forfaiture inqualifiable, susceptible d&rsquo;engendrer des de\u0301ga\u0302ts encore plus graves que ceux constate\u0301s aujourd\u2019hui dans l\u2019espace universitaire ! \u00bb, de\u0301nonce le Front.<\/p>\n<p>Le Front appelle ne\u0301anmoins les e\u0301tudiants et leurs organisations a\u0300 e\u0301viter la violence et a\u0300 privile\u0301gier des formes de lutte plus approprie\u0301es, susceptibles de mobiliser massivement la population autour de leurs justes revendications.<\/p>\n<p>Le FDR exige du gouvernement qu\u2019il mette fin a\u0300 l\u2019impasse, a\u0300 la re\u0301pression policie\u0300re et aux annonces manipulatrices. Ces me\u0301thodes, qu\u2019il semble privile\u0301gier, ne feront qu\u2019aggraver la crise.<\/p>\n<p>Le FDR engage enfin le gouvernement a\u0300 ouvrir imme\u0301diatement des ne\u0301gociations se\u0301rieuses avec les e\u0301tudiants et leurs organisations afin de trouver des solutions propices a\u0300 l\u2019apaisement de l\u2019espace universitaire.<\/p>\n<p><strong>Pour plus d&rsquo;informations et d&rsquo;analyses sur la <span style=\"color: #ff6600\">Senegal<\/span>, suivez <span style=\"color: #ff6600\">Africa-Press<\/span><\/strong><\/p>\n","protected":false},"excerpt":{"rendered":"<p>Africa-Press &#8211; Senegal. Au moment ou\u0300 les universite\u0301s se\u0301ne\u0301galaises sont secoue\u0301es depuis plusieurs jours par des manifestations estudiantines et une intervention muscle\u0301e des forces de l\u2019ordre, le Front pour la De\u0301fense de la Re\u0301publique (FDR) pointe la responsabilite\u0301 du gouvernement. Le Front apporte aussi son soutien sans condition aux e\u0301tudiants mobilise\u0301s pour le paiement de [&hellip;]<\/p>\n","protected":false},"author":82,"featured_media":73154,"comment_status":"open","ping_status":"closed","sticky":false,"template":"","format":"standard","meta":{"footnotes":""},"categories":[4,10],"tags":[44],"class_list":["post-73155","post","type-post","status-publish","format-standard","has-post-thumbnail","hentry","category-parties","category-toutes-les-actualites","tag-senegal-2"],"yoast_head":"<!-- This site is optimized with the Yoast SEO Premium plugin v26.1 (Yoast SEO v27.0) - https:\/\/yoast.com\/product\/yoast-seo-premium-wordpress\/ -->\n<title>Crise Universitaire: le FDR Accuse Sonko - Senegal<\/title>\n<meta name=\"description\" content=\"Au moment ou\u0300 les universite\u0301s se\u0301ne\u0301galaises sont secoue\u0301es depuis plusieurs jours par des manifestations estudiantines ...\" \/>\n<meta name=\"robots\" content=\"index, follow, max-snippet:-1, max-image-preview:large, max-video-preview:-1\" \/>\n<link rel=\"canonical\" href=\"https:\/\/www.africa-press.net\/senegal\/parties\/crise-universitaire-le-fdr-accuse-sonko\" \/>\n<meta property=\"og:locale\" content=\"fr_FR\" \/>\n<meta property=\"og:type\" content=\"article\" \/>\n<meta property=\"og:title\" content=\"Crise Universitaire: le FDR Accuse Sonko\" \/>\n<meta property=\"og:description\" content=\"Au moment ou\u0300 les universite\u0301s se\u0301ne\u0301galaises sont secoue\u0301es depuis plusieurs jours par des manifestations estudiantines ...\" \/>\n<meta property=\"og:url\" content=\"https:\/\/www.africa-press.net\/senegal\/parties\/crise-universitaire-le-fdr-accuse-sonko\" \/>\n<meta property=\"og:site_name\" content=\"Senegal\" \/>\n<meta property=\"article:published_time\" content=\"2025-12-03T12:10:00+00:00\" \/>\n<meta property=\"article:modified_time\" content=\"2025-12-03T12:39:13+00:00\" \/>\n<meta property=\"og:image\" content=\"https:\/\/static.africa-press.net\/senegal\/sites\/13\/2025\/12\/sm_1764794063.277145.jpg\" \/>\n\t<meta property=\"og:image:width\" content=\"1280\" \/>\n\t<meta property=\"og:image:height\" content=\"720\" \/>\n\t<meta property=\"og:image:type\" content=\"image\/jpeg\" \/>\n<meta name=\"author\" content=\"cfeditorfr\" \/>\n<meta name=\"twitter:card\" content=\"summary_large_image\" \/>\n<meta name=\"twitter:label1\" content=\"\u00c9crit par\" \/>\n\t<meta name=\"twitter:data1\" content=\"cfeditorfr\" \/>\n\t<meta name=\"twitter:label2\" content=\"Dur\u00e9e de lecture estim\u00e9e\" \/>\n\t<meta name=\"twitter:data2\" content=\"2 minutes\" \/>\n<script type=\"application\/ld+json\" class=\"yoast-schema-graph\">{\"@context\":\"https:\/\/schema.org\",\"@graph\":[{\"@type\":\"Article\",\"@id\":\"https:\/\/www.africa-press.net\/senegal\/parties\/crise-universitaire-le-fdr-accuse-sonko#article\",\"isPartOf\":{\"@id\":\"https:\/\/www.africa-press.net\/senegal\/parties\/crise-universitaire-le-fdr-accuse-sonko\"},\"author\":{\"name\":\"cfeditorfr\",\"@id\":\"https:\/\/www.africa-press.net\/senegal\/#\/schema\/person\/2b1cf3cd81a31e3cd26889ca66d677f1\"},\"headline\":\"Crise Universitaire: le FDR Accuse Sonko\",\"datePublished\":\"2025-12-03T12:10:00+00:00\",\"dateModified\":\"2025-12-03T12:39:13+00:00\",\"mainEntityOfPage\":{\"@id\":\"https:\/\/www.africa-press.net\/senegal\/parties\/crise-universitaire-le-fdr-accuse-sonko\"},\"wordCount\":360,\"commentCount\":0,\"image\":{\"@id\":\"https:\/\/www.africa-press.net\/senegal\/parties\/crise-universitaire-le-fdr-accuse-sonko#primaryimage\"},\"thumbnailUrl\":\"https:\/\/static.africa-press.net\/senegal\/sites\/13\/2025\/12\/sm_1764794063.277145.jpg\",\"keywords\":[\"Senegal\"],\"articleSection\":[\"Parties\",\"Toutes les actualit\u00e9s\"],\"inLanguage\":\"fr-FR\",\"potentialAction\":[{\"@type\":\"CommentAction\",\"name\":\"Comment\",\"target\":[\"https:\/\/www.africa-press.net\/senegal\/parties\/crise-universitaire-le-fdr-accuse-sonko#respond\"]}]},{\"@type\":\"WebPage\",\"@id\":\"https:\/\/www.africa-press.net\/senegal\/parties\/crise-universitaire-le-fdr-accuse-sonko\",\"url\":\"https:\/\/www.africa-press.net\/senegal\/parties\/crise-universitaire-le-fdr-accuse-sonko\",\"name\":\"Crise Universitaire: le FDR Accuse Sonko - Senegal\",\"isPartOf\":{\"@id\":\"https:\/\/www.africa-press.net\/senegal\/#website\"},\"primaryImageOfPage\":{\"@id\":\"https:\/\/www.africa-press.net\/senegal\/parties\/crise-universitaire-le-fdr-accuse-sonko#primaryimage\"},\"image\":{\"@id\":\"https:\/\/www.africa-press.net\/senegal\/parties\/crise-universitaire-le-fdr-accuse-sonko#primaryimage\"},\"thumbnailUrl\":\"https:\/\/static.africa-press.net\/senegal\/sites\/13\/2025\/12\/sm_1764794063.277145.jpg\",\"datePublished\":\"2025-12-03T12:10:00+00:00\",\"dateModified\":\"2025-12-03T12:39:13+00:00\",\"author\":{\"@id\":\"https:\/\/www.africa-press.net\/senegal\/#\/schema\/person\/2b1cf3cd81a31e3cd26889ca66d677f1\"},\"description\":\"Au moment ou\u0300 les universite\u0301s se\u0301ne\u0301galaises sont secoue\u0301es depuis plusieurs jours par des manifestations estudiantines ...\",\"breadcrumb\":{\"@id\":\"https:\/\/www.africa-press.net\/senegal\/parties\/crise-universitaire-le-fdr-accuse-sonko#breadcrumb\"},\"inLanguage\":\"fr-FR\",\"potentialAction\":[{\"@type\":\"ReadAction\",\"target\":[\"https:\/\/www.africa-press.net\/senegal\/parties\/crise-universitaire-le-fdr-accuse-sonko\"]}]},{\"@type\":\"ImageObject\",\"inLanguage\":\"fr-FR\",\"@id\":\"https:\/\/www.africa-press.net\/senegal\/parties\/crise-universitaire-le-fdr-accuse-sonko#primaryimage\",\"url\":\"https:\/\/static.africa-press.net\/senegal\/sites\/13\/2025\/12\/sm_1764794063.277145.jpg\",\"contentUrl\":\"https:\/\/static.africa-press.net\/senegal\/sites\/13\/2025\/12\/sm_1764794063.277145.jpg\",\"width\":1280,\"height\":720,\"caption\":\"Crise Universitaire: le FDR Accuse Sonko\"},{\"@type\":\"BreadcrumbList\",\"@id\":\"https:\/\/www.africa-press.net\/senegal\/parties\/crise-universitaire-le-fdr-accuse-sonko#breadcrumb\",\"itemListElement\":[{\"@type\":\"ListItem\",\"position\":1,\"name\":\"Accueil\",\"item\":\"https:\/\/www.africa-press.net\/senegal\/\"},{\"@type\":\"ListItem\",\"position\":2,\"name\":\"Crise Universitaire: le FDR Accuse Sonko\"}]},{\"@type\":\"WebSite\",\"@id\":\"https:\/\/www.africa-press.net\/senegal\/#website\",\"url\":\"https:\/\/www.africa-press.net\/senegal\/\",\"name\":\"Africa Press | Senegal | Homepage\",\"description\":\"Just another Africa News Agency Sites site\",\"potentialAction\":[{\"@type\":\"SearchAction\",\"target\":{\"@type\":\"EntryPoint\",\"urlTemplate\":\"https:\/\/www.africa-press.net\/senegal\/?s={search_term_string}\"},\"query-input\":{\"@type\":\"PropertyValueSpecification\",\"valueRequired\":true,\"valueName\":\"search_term_string\"}}],\"inLanguage\":\"fr-FR\"},{\"@type\":\"Person\",\"@id\":\"https:\/\/www.africa-press.net\/senegal\/#\/schema\/person\/2b1cf3cd81a31e3cd26889ca66d677f1\",\"name\":\"cfeditorfr\",\"url\":\"https:\/\/www.africa-press.net\/senegal\/author\/cfeditorfr\"}]}<\/script>\n<!-- \/ Yoast SEO Premium plugin. -->","yoast_head_json":{"title":"Crise Universitaire: le FDR Accuse Sonko - Senegal","description":"Au moment ou\u0300 les universite\u0301s se\u0301ne\u0301galaises sont secoue\u0301es depuis plusieurs jours par des manifestations estudiantines ...","robots":{"index":"index","follow":"follow","max-snippet":"max-snippet:-1","max-image-preview":"max-image-preview:large","max-video-preview":"max-video-preview:-1"},"canonical":"https:\/\/www.africa-press.net\/senegal\/parties\/crise-universitaire-le-fdr-accuse-sonko","og_locale":"fr_FR","og_type":"article","og_title":"Crise Universitaire: le FDR Accuse Sonko","og_description":"Au moment ou\u0300 les universite\u0301s se\u0301ne\u0301galaises sont secoue\u0301es depuis plusieurs jours par des manifestations estudiantines ...","og_url":"https:\/\/www.africa-press.net\/senegal\/parties\/crise-universitaire-le-fdr-accuse-sonko","og_site_name":"Senegal","article_published_time":"2025-12-03T12:10:00+00:00","article_modified_time":"2025-12-03T12:39:13+00:00","og_image":[{"width":1280,"height":720,"url":"https:\/\/static.africa-press.net\/senegal\/sites\/13\/2025\/12\/sm_1764794063.277145.jpg","type":"image\/jpeg"}],"author":"cfeditorfr","twitter_card":"summary_large_image","twitter_misc":{"\u00c9crit par":"cfeditorfr","Dur\u00e9e de lecture estim\u00e9e":"2 minutes"},"schema":{"@context":"https:\/\/schema.org","@graph":[{"@type":"Article","@id":"https:\/\/www.africa-press.net\/senegal\/parties\/crise-universitaire-le-fdr-accuse-sonko#article","isPartOf":{"@id":"https:\/\/www.africa-press.net\/senegal\/parties\/crise-universitaire-le-fdr-accuse-sonko"},"author":{"name":"cfeditorfr","@id":"https:\/\/www.africa-press.net\/senegal\/#\/schema\/person\/2b1cf3cd81a31e3cd26889ca66d677f1"},"headline":"Crise Universitaire: le FDR Accuse Sonko","datePublished":"2025-12-03T12:10:00+00:00","dateModified":"2025-12-03T12:39:13+00:00","mainEntityOfPage":{"@id":"https:\/\/www.africa-press.net\/senegal\/parties\/crise-universitaire-le-fdr-accuse-sonko"},"wordCount":360,"commentCount":0,"image":{"@id":"https:\/\/www.africa-press.net\/senegal\/parties\/crise-universitaire-le-fdr-accuse-sonko#primaryimage"},"thumbnailUrl":"https:\/\/static.africa-press.net\/senegal\/sites\/13\/2025\/12\/sm_1764794063.277145.jpg","keywords":["Senegal"],"articleSection":["Parties","Toutes les actualit\u00e9s"],"inLanguage":"fr-FR","potentialAction":[{"@type":"CommentAction","name":"Comment","target":["https:\/\/www.africa-press.net\/senegal\/parties\/crise-universitaire-le-fdr-accuse-sonko#respond"]}]},{"@type":"WebPage","@id":"https:\/\/www.africa-press.net\/senegal\/parties\/crise-universitaire-le-fdr-accuse-sonko","url":"https:\/\/www.africa-press.net\/senegal\/parties\/crise-universitaire-le-fdr-accuse-sonko","name":"Crise Universitaire: le FDR Accuse Sonko - Senegal","isPartOf":{"@id":"https:\/\/www.africa-press.net\/senegal\/#website"},"primaryImageOfPage":{"@id":"https:\/\/www.africa-press.net\/senegal\/parties\/crise-universitaire-le-fdr-accuse-sonko#primaryimage"},"image":{"@id":"https:\/\/www.africa-press.net\/senegal\/parties\/crise-universitaire-le-fdr-accuse-sonko#primaryimage"},"thumbnailUrl":"https:\/\/static.africa-press.net\/senegal\/sites\/13\/2025\/12\/sm_1764794063.277145.jpg","datePublished":"2025-12-03T12:10:00+00:00","dateModified":"2025-12-03T12:39:13+00:00","author":{"@id":"https:\/\/www.africa-press.net\/senegal\/#\/schema\/person\/2b1cf3cd81a31e3cd26889ca66d677f1"},"description":"Au moment ou\u0300 les universite\u0301s se\u0301ne\u0301galaises sont secoue\u0301es depuis plusieurs jours par des manifestations estudiantines ...","breadcrumb":{"@id":"https:\/\/www.africa-press.net\/senegal\/parties\/crise-universitaire-le-fdr-accuse-sonko#breadcrumb"},"inLanguage":"fr-FR","potentialAction":[{"@type":"ReadAction","target":["https:\/\/www.africa-press.net\/senegal\/parties\/crise-universitaire-le-fdr-accuse-sonko"]}]},{"@type":"ImageObject","inLanguage":"fr-FR","@id":"https:\/\/www.africa-press.net\/senegal\/parties\/crise-universitaire-le-fdr-accuse-sonko#primaryimage","url":"https:\/\/static.africa-press.net\/senegal\/sites\/13\/2025\/12\/sm_1764794063.277145.jpg","contentUrl":"https:\/\/static.africa-press.net\/senegal\/sites\/13\/2025\/12\/sm_1764794063.277145.jpg","width":1280,"height":720,"caption":"Crise Universitaire: le FDR Accuse Sonko"},{"@type":"BreadcrumbList","@id":"https:\/\/www.africa-press.net\/senegal\/parties\/crise-universitaire-le-fdr-accuse-sonko#breadcrumb","itemListElement":[{"@type":"ListItem","position":1,"name":"Accueil","item":"https:\/\/www.africa-press.net\/senegal\/"},{"@type":"ListItem","position":2,"name":"Crise Universitaire: le FDR Accuse Sonko"}]},{"@type":"WebSite","@id":"https:\/\/www.africa-press.net\/senegal\/#website","url":"https:\/\/www.africa-press.net\/senegal\/","name":"Africa Press | Senegal | Homepage","description":"Just another Africa News Agency Sites site","potentialAction":[{"@type":"SearchAction","target":{"@type":"EntryPoint","urlTemplate":"https:\/\/www.africa-press.net\/senegal\/?s={search_term_string}"},"query-input":{"@type":"PropertyValueSpecification","valueRequired":true,"valueName":"search_term_string"}}],"inLanguage":"fr-FR"},{"@type":"Person","@id":"https:\/\/www.africa-press.net\/senegal\/#\/schema\/person\/2b1cf3cd81a31e3cd26889ca66d677f1","name":"cfeditorfr","url":"https:\/\/www.africa-press.net\/senegal\/author\/cfeditorfr"}]}},"_links":{"self":[{"href":"https:\/\/www.africa-press.net\/senegal\/wp-json\/wp\/v2\/posts\/73155","targetHints":{"allow":["GET"]}}],"collection":[{"href":"https:\/\/www.africa-press.net\/senegal\/wp-json\/wp\/v2\/posts"}],"about":[{"href":"https:\/\/www.africa-press.net\/senegal\/wp-json\/wp\/v2\/types\/post"}],"author":[{"embeddable":true,"href":"https:\/\/www.africa-press.net\/senegal\/wp-json\/wp\/v2\/users\/82"}],"replies":[{"embeddable":true,"href":"https:\/\/www.africa-press.net\/senegal\/wp-json\/wp\/v2\/comments?post=73155"}],"version-history":[{"count":0,"href":"https:\/\/www.africa-press.net\/senegal\/wp-json\/wp\/v2\/posts\/73155\/revisions"}],"wp:featuredmedia":[{"embeddable":true,"href":"https:\/\/www.africa-press.net\/senegal\/wp-json\/wp\/v2\/media\/73154"}],"wp:attachment":[{"href":"https:\/\/www.africa-press.net\/senegal\/wp-json\/wp\/v2\/media?parent=73155"}],"wp:term":[{"taxonomy":"category","embeddable":true,"href":"https:\/\/www.africa-press.net\/senegal\/wp-json\/wp\/v2\/categories?post=73155"},{"taxonomy":"post_tag","embeddable":true,"href":"https:\/\/www.africa-press.net\/senegal\/wp-json\/wp\/v2\/tags?post=73155"}],"curies":[{"name":"wp","href":"https:\/\/api.w.org\/{rel}","templated":true}]}}