{"id":73159,"date":"2025-12-03T12:10:00","date_gmt":"2025-12-03T12:10:00","guid":{"rendered":"https:\/\/www.africa-press.net\/senegal\/politique\/coupe-du-monde-2026-annonce-du-calendrier-prochain"},"modified":"2025-12-03T13:59:05","modified_gmt":"2025-12-03T13:59:05","slug":"coupe-du-monde-2026-annonce-du-calendrier-prochain","status":"publish","type":"post","link":"https:\/\/www.africa-press.net\/senegal\/sports\/coupe-du-monde-2026-annonce-du-calendrier-prochain","title":{"rendered":"Coupe du Monde 2026 Annonce du Calendrier Prochain"},"content":{"rendered":"<p><span style=\"color: #ff6600\"><strong>Africa-Press &#8211; Senegal. <\/strong><\/span>Le tirage au sort de la Coupe du Monde 2026 aura lieu le vendredi 5 de\u0301cembre. Les e\u0301quipes nationales africaines qualifie\u0301es connai\u0302tront alors leurs adversaires pour la phase de groupes. Le calendrier des matchs, incluant les dates, les lieux et les horaires, sera communique\u0301 ulte\u0301rieurement.<\/p>\n<p>Lors du tirage au sort du 5 de\u0301cembre, les 42 pays qualifie\u0301s et les six e\u0301quipes encore en lice pour les barrages seront re\u0301partis en douze groupes de quatre. Les pays connai\u0302tront alors leurs adversaires, mais le calendrier des matchs ne sera annonce\u0301 que le lendemain.<\/p>\n<p><b>Le calendrier de la Coupe du monde 2026 annonce\u0301 le 6 de\u0301cembre<\/b><\/p>\n<p>Cet e\u0301ve\u0301nement aura lieu le samedi 6 de\u0301cembre, lors d\u2019une ce\u0301re\u0301monie spe\u0301ciale de la FIFA. Il de\u0301butera a\u0300 17h00, heure GMT. Les pays seront informe\u0301s a\u0300 cette occasion des matchs qu\u2019ils disputeront, ainsi que de la date, de l\u2019heure et du lieu de chaque rencontre.<\/p>\n<p>L\u2019e\u0301ve\u0301nement sera diffuse\u0301 en direct sur FIFA.com. Le pre\u0301sident de la FIFA, Gianni Infantino, et plusieurs \u00ab le\u0301gendes de la FIFA \u00bb, comme les appelle l\u2019instance dirigeante du football mondial, analyseront brie\u0300vement diffe\u0301rents matchs.<\/p>\n<p><strong>Pour plus d&rsquo;informations et d&rsquo;analyses sur la <span style=\"color: #ff6600\">Senegal<\/span>, suivez <span style=\"color: #ff6600\">Africa-Press<\/span><\/strong><\/p>\n","protected":false},"excerpt":{"rendered":"<p>Africa-Press &#8211; Senegal. Le tirage au sort de la Coupe du Monde 2026 aura lieu le vendredi 5 de\u0301cembre. Les e\u0301quipes nationales africaines qualifie\u0301es connai\u0302tront alors leurs adversaires pour la phase de groupes. Le calendrier des matchs, incluant les dates, les lieux et les horaires, sera communique\u0301 ulte\u0301rieurement. Lors du tirage au sort du 5 [&hellip;]<\/p>\n","protected":false},"author":82,"featured_media":73158,"comment_status":"open","ping_status":"closed","sticky":false,"template":"","format":"standard","meta":{"footnotes":""},"categories":[6,10],"tags":[44],"class_list":["post-73159","post","type-post","status-publish","format-standard","has-post-thumbnail","hentry","category-sports","category-toutes-les-actualites","tag-senegal-2"],"yoast_head":"<!-- This site is optimized with the Yoast SEO Premium plugin v26.1 (Yoast SEO v27.0) - https:\/\/yoast.com\/product\/yoast-seo-premium-wordpress\/ -->\n<title>Coupe du Monde 2026 Annonce du Calendrier Prochain - Senegal<\/title>\n<meta name=\"description\" content=\"Le tirage au sort de la Coupe du Monde 2026 aura lieu le vendredi 5 de\u0301cembre. Les e\u0301quipes nationales africaines qualif ...\" \/>\n<meta name=\"robots\" content=\"index, follow, max-snippet:-1, max-image-preview:large, max-video-preview:-1\" \/>\n<link rel=\"canonical\" href=\"https:\/\/www.africa-press.net\/senegal\/sports\/coupe-du-monde-2026-annonce-du-calendrier-prochain\" \/>\n<meta property=\"og:locale\" content=\"fr_FR\" \/>\n<meta property=\"og:type\" content=\"article\" \/>\n<meta property=\"og:title\" content=\"Coupe du Monde 2026 Annonce du Calendrier Prochain\" \/>\n<meta property=\"og:description\" content=\"Le tirage au sort de la Coupe du Monde 2026 aura lieu le vendredi 5 de\u0301cembre. Les e\u0301quipes nationales africaines qualif ...\" \/>\n<meta property=\"og:url\" content=\"https:\/\/www.africa-press.net\/senegal\/sports\/coupe-du-monde-2026-annonce-du-calendrier-prochain\" \/>\n<meta property=\"og:site_name\" content=\"Senegal\" \/>\n<meta property=\"article:published_time\" content=\"2025-12-03T12:10:00+00:00\" \/>\n<meta property=\"article:modified_time\" content=\"2025-12-03T13:59:05+00:00\" \/>\n<meta property=\"og:image\" content=\"https:\/\/static.africa-press.net\/senegal\/sites\/13\/2025\/12\/sm_1764799124.922825.jpg\" \/>\n\t<meta property=\"og:image:width\" content=\"1280\" \/>\n\t<meta property=\"og:image:height\" content=\"720\" \/>\n\t<meta property=\"og:image:type\" content=\"image\/jpeg\" \/>\n<meta name=\"author\" content=\"cfeditorfr\" \/>\n<meta name=\"twitter:card\" content=\"summary_large_image\" \/>\n<meta name=\"twitter:label1\" content=\"\u00c9crit par\" \/>\n\t<meta name=\"twitter:data1\" content=\"cfeditorfr\" \/>\n\t<meta name=\"twitter:label2\" content=\"Dur\u00e9e de lecture estim\u00e9e\" \/>\n\t<meta name=\"twitter:data2\" content=\"2 minutes\" \/>\n<script type=\"application\/ld+json\" class=\"yoast-schema-graph\">{\"@context\":\"https:\/\/schema.org\",\"@graph\":[{\"@type\":\"Article\",\"@id\":\"https:\/\/www.africa-press.net\/senegal\/sports\/coupe-du-monde-2026-annonce-du-calendrier-prochain#article\",\"isPartOf\":{\"@id\":\"https:\/\/www.africa-press.net\/senegal\/sports\/coupe-du-monde-2026-annonce-du-calendrier-prochain\"},\"author\":{\"name\":\"cfeditorfr\",\"@id\":\"https:\/\/www.africa-press.net\/senegal\/#\/schema\/person\/2b1cf3cd81a31e3cd26889ca66d677f1\"},\"headline\":\"Coupe du Monde 2026 Annonce du Calendrier Prochain\",\"datePublished\":\"2025-12-03T12:10:00+00:00\",\"dateModified\":\"2025-12-03T13:59:05+00:00\",\"mainEntityOfPage\":{\"@id\":\"https:\/\/www.africa-press.net\/senegal\/sports\/coupe-du-monde-2026-annonce-du-calendrier-prochain\"},\"wordCount\":226,\"commentCount\":0,\"image\":{\"@id\":\"https:\/\/www.africa-press.net\/senegal\/sports\/coupe-du-monde-2026-annonce-du-calendrier-prochain#primaryimage\"},\"thumbnailUrl\":\"https:\/\/static.africa-press.net\/senegal\/sites\/13\/2025\/12\/sm_1764799124.922825.jpg\",\"keywords\":[\"Senegal\"],\"articleSection\":[\"Sports\",\"Toutes les actualit\u00e9s\"],\"inLanguage\":\"fr-FR\",\"potentialAction\":[{\"@type\":\"CommentAction\",\"name\":\"Comment\",\"target\":[\"https:\/\/www.africa-press.net\/senegal\/sports\/coupe-du-monde-2026-annonce-du-calendrier-prochain#respond\"]}]},{\"@type\":\"WebPage\",\"@id\":\"https:\/\/www.africa-press.net\/senegal\/sports\/coupe-du-monde-2026-annonce-du-calendrier-prochain\",\"url\":\"https:\/\/www.africa-press.net\/senegal\/sports\/coupe-du-monde-2026-annonce-du-calendrier-prochain\",\"name\":\"Coupe du Monde 2026 Annonce du Calendrier Prochain - Senegal\",\"isPartOf\":{\"@id\":\"https:\/\/www.africa-press.net\/senegal\/#website\"},\"primaryImageOfPage\":{\"@id\":\"https:\/\/www.africa-press.net\/senegal\/sports\/coupe-du-monde-2026-annonce-du-calendrier-prochain#primaryimage\"},\"image\":{\"@id\":\"https:\/\/www.africa-press.net\/senegal\/sports\/coupe-du-monde-2026-annonce-du-calendrier-prochain#primaryimage\"},\"thumbnailUrl\":\"https:\/\/static.africa-press.net\/senegal\/sites\/13\/2025\/12\/sm_1764799124.922825.jpg\",\"datePublished\":\"2025-12-03T12:10:00+00:00\",\"dateModified\":\"2025-12-03T13:59:05+00:00\",\"author\":{\"@id\":\"https:\/\/www.africa-press.net\/senegal\/#\/schema\/person\/2b1cf3cd81a31e3cd26889ca66d677f1\"},\"description\":\"Le tirage au sort de la Coupe du Monde 2026 aura lieu le vendredi 5 de\u0301cembre. Les e\u0301quipes nationales africaines qualif ...\",\"breadcrumb\":{\"@id\":\"https:\/\/www.africa-press.net\/senegal\/sports\/coupe-du-monde-2026-annonce-du-calendrier-prochain#breadcrumb\"},\"inLanguage\":\"fr-FR\",\"potentialAction\":[{\"@type\":\"ReadAction\",\"target\":[\"https:\/\/www.africa-press.net\/senegal\/sports\/coupe-du-monde-2026-annonce-du-calendrier-prochain\"]}]},{\"@type\":\"ImageObject\",\"inLanguage\":\"fr-FR\",\"@id\":\"https:\/\/www.africa-press.net\/senegal\/sports\/coupe-du-monde-2026-annonce-du-calendrier-prochain#primaryimage\",\"url\":\"https:\/\/static.africa-press.net\/senegal\/sites\/13\/2025\/12\/sm_1764799124.922825.jpg\",\"contentUrl\":\"https:\/\/static.africa-press.net\/senegal\/sites\/13\/2025\/12\/sm_1764799124.922825.jpg\",\"width\":1280,\"height\":720,\"caption\":\"Coupe du Monde 2026 Annonce du Calendrier Prochain\"},{\"@type\":\"BreadcrumbList\",\"@id\":\"https:\/\/www.africa-press.net\/senegal\/sports\/coupe-du-monde-2026-annonce-du-calendrier-prochain#breadcrumb\",\"itemListElement\":[{\"@type\":\"ListItem\",\"position\":1,\"name\":\"Accueil\",\"item\":\"https:\/\/www.africa-press.net\/senegal\/\"},{\"@type\":\"ListItem\",\"position\":2,\"name\":\"Coupe du Monde 2026 Annonce du Calendrier Prochain\"}]},{\"@type\":\"WebSite\",\"@id\":\"https:\/\/www.africa-press.net\/senegal\/#website\",\"url\":\"https:\/\/www.africa-press.net\/senegal\/\",\"name\":\"Africa Press | Senegal | Homepage\",\"description\":\"Just another Africa News Agency Sites site\",\"potentialAction\":[{\"@type\":\"SearchAction\",\"target\":{\"@type\":\"EntryPoint\",\"urlTemplate\":\"https:\/\/www.africa-press.net\/senegal\/?s={search_term_string}\"},\"query-input\":{\"@type\":\"PropertyValueSpecification\",\"valueRequired\":true,\"valueName\":\"search_term_string\"}}],\"inLanguage\":\"fr-FR\"},{\"@type\":\"Person\",\"@id\":\"https:\/\/www.africa-press.net\/senegal\/#\/schema\/person\/2b1cf3cd81a31e3cd26889ca66d677f1\",\"name\":\"cfeditorfr\",\"url\":\"https:\/\/www.africa-press.net\/senegal\/author\/cfeditorfr\"}]}<\/script>\n<!-- \/ Yoast SEO Premium plugin. -->","yoast_head_json":{"title":"Coupe du Monde 2026 Annonce du Calendrier Prochain - Senegal","description":"Le tirage au sort de la Coupe du Monde 2026 aura lieu le vendredi 5 de\u0301cembre. Les e\u0301quipes nationales africaines qualif ...","robots":{"index":"index","follow":"follow","max-snippet":"max-snippet:-1","max-image-preview":"max-image-preview:large","max-video-preview":"max-video-preview:-1"},"canonical":"https:\/\/www.africa-press.net\/senegal\/sports\/coupe-du-monde-2026-annonce-du-calendrier-prochain","og_locale":"fr_FR","og_type":"article","og_title":"Coupe du Monde 2026 Annonce du Calendrier Prochain","og_description":"Le tirage au sort de la Coupe du Monde 2026 aura lieu le vendredi 5 de\u0301cembre. Les e\u0301quipes nationales africaines qualif ...","og_url":"https:\/\/www.africa-press.net\/senegal\/sports\/coupe-du-monde-2026-annonce-du-calendrier-prochain","og_site_name":"Senegal","article_published_time":"2025-12-03T12:10:00+00:00","article_modified_time":"2025-12-03T13:59:05+00:00","og_image":[{"width":1280,"height":720,"url":"https:\/\/static.africa-press.net\/senegal\/sites\/13\/2025\/12\/sm_1764799124.922825.jpg","type":"image\/jpeg"}],"author":"cfeditorfr","twitter_card":"summary_large_image","twitter_misc":{"\u00c9crit par":"cfeditorfr","Dur\u00e9e de lecture estim\u00e9e":"2 minutes"},"schema":{"@context":"https:\/\/schema.org","@graph":[{"@type":"Article","@id":"https:\/\/www.africa-press.net\/senegal\/sports\/coupe-du-monde-2026-annonce-du-calendrier-prochain#article","isPartOf":{"@id":"https:\/\/www.africa-press.net\/senegal\/sports\/coupe-du-monde-2026-annonce-du-calendrier-prochain"},"author":{"name":"cfeditorfr","@id":"https:\/\/www.africa-press.net\/senegal\/#\/schema\/person\/2b1cf3cd81a31e3cd26889ca66d677f1"},"headline":"Coupe du Monde 2026 Annonce du Calendrier Prochain","datePublished":"2025-12-03T12:10:00+00:00","dateModified":"2025-12-03T13:59:05+00:00","mainEntityOfPage":{"@id":"https:\/\/www.africa-press.net\/senegal\/sports\/coupe-du-monde-2026-annonce-du-calendrier-prochain"},"wordCount":226,"commentCount":0,"image":{"@id":"https:\/\/www.africa-press.net\/senegal\/sports\/coupe-du-monde-2026-annonce-du-calendrier-prochain#primaryimage"},"thumbnailUrl":"https:\/\/static.africa-press.net\/senegal\/sites\/13\/2025\/12\/sm_1764799124.922825.jpg","keywords":["Senegal"],"articleSection":["Sports","Toutes les actualit\u00e9s"],"inLanguage":"fr-FR","potentialAction":[{"@type":"CommentAction","name":"Comment","target":["https:\/\/www.africa-press.net\/senegal\/sports\/coupe-du-monde-2026-annonce-du-calendrier-prochain#respond"]}]},{"@type":"WebPage","@id":"https:\/\/www.africa-press.net\/senegal\/sports\/coupe-du-monde-2026-annonce-du-calendrier-prochain","url":"https:\/\/www.africa-press.net\/senegal\/sports\/coupe-du-monde-2026-annonce-du-calendrier-prochain","name":"Coupe du Monde 2026 Annonce du Calendrier Prochain - Senegal","isPartOf":{"@id":"https:\/\/www.africa-press.net\/senegal\/#website"},"primaryImageOfPage":{"@id":"https:\/\/www.africa-press.net\/senegal\/sports\/coupe-du-monde-2026-annonce-du-calendrier-prochain#primaryimage"},"image":{"@id":"https:\/\/www.africa-press.net\/senegal\/sports\/coupe-du-monde-2026-annonce-du-calendrier-prochain#primaryimage"},"thumbnailUrl":"https:\/\/static.africa-press.net\/senegal\/sites\/13\/2025\/12\/sm_1764799124.922825.jpg","datePublished":"2025-12-03T12:10:00+00:00","dateModified":"2025-12-03T13:59:05+00:00","author":{"@id":"https:\/\/www.africa-press.net\/senegal\/#\/schema\/person\/2b1cf3cd81a31e3cd26889ca66d677f1"},"description":"Le tirage au sort de la Coupe du Monde 2026 aura lieu le vendredi 5 de\u0301cembre. Les e\u0301quipes nationales africaines qualif ...","breadcrumb":{"@id":"https:\/\/www.africa-press.net\/senegal\/sports\/coupe-du-monde-2026-annonce-du-calendrier-prochain#breadcrumb"},"inLanguage":"fr-FR","potentialAction":[{"@type":"ReadAction","target":["https:\/\/www.africa-press.net\/senegal\/sports\/coupe-du-monde-2026-annonce-du-calendrier-prochain"]}]},{"@type":"ImageObject","inLanguage":"fr-FR","@id":"https:\/\/www.africa-press.net\/senegal\/sports\/coupe-du-monde-2026-annonce-du-calendrier-prochain#primaryimage","url":"https:\/\/static.africa-press.net\/senegal\/sites\/13\/2025\/12\/sm_1764799124.922825.jpg","contentUrl":"https:\/\/static.africa-press.net\/senegal\/sites\/13\/2025\/12\/sm_1764799124.922825.jpg","width":1280,"height":720,"caption":"Coupe du Monde 2026 Annonce du Calendrier Prochain"},{"@type":"BreadcrumbList","@id":"https:\/\/www.africa-press.net\/senegal\/sports\/coupe-du-monde-2026-annonce-du-calendrier-prochain#breadcrumb","itemListElement":[{"@type":"ListItem","position":1,"name":"Accueil","item":"https:\/\/www.africa-press.net\/senegal\/"},{"@type":"ListItem","position":2,"name":"Coupe du Monde 2026 Annonce du Calendrier Prochain"}]},{"@type":"WebSite","@id":"https:\/\/www.africa-press.net\/senegal\/#website","url":"https:\/\/www.africa-press.net\/senegal\/","name":"Africa Press | Senegal | Homepage","description":"Just another Africa News Agency Sites site","potentialAction":[{"@type":"SearchAction","target":{"@type":"EntryPoint","urlTemplate":"https:\/\/www.africa-press.net\/senegal\/?s={search_term_string}"},"query-input":{"@type":"PropertyValueSpecification","valueRequired":true,"valueName":"search_term_string"}}],"inLanguage":"fr-FR"},{"@type":"Person","@id":"https:\/\/www.africa-press.net\/senegal\/#\/schema\/person\/2b1cf3cd81a31e3cd26889ca66d677f1","name":"cfeditorfr","url":"https:\/\/www.africa-press.net\/senegal\/author\/cfeditorfr"}]}},"_links":{"self":[{"href":"https:\/\/www.africa-press.net\/senegal\/wp-json\/wp\/v2\/posts\/73159","targetHints":{"allow":["GET"]}}],"collection":[{"href":"https:\/\/www.africa-press.net\/senegal\/wp-json\/wp\/v2\/posts"}],"about":[{"href":"https:\/\/www.africa-press.net\/senegal\/wp-json\/wp\/v2\/types\/post"}],"author":[{"embeddable":true,"href":"https:\/\/www.africa-press.net\/senegal\/wp-json\/wp\/v2\/users\/82"}],"replies":[{"embeddable":true,"href":"https:\/\/www.africa-press.net\/senegal\/wp-json\/wp\/v2\/comments?post=73159"}],"version-history":[{"count":0,"href":"https:\/\/www.africa-press.net\/senegal\/wp-json\/wp\/v2\/posts\/73159\/revisions"}],"wp:featuredmedia":[{"embeddable":true,"href":"https:\/\/www.africa-press.net\/senegal\/wp-json\/wp\/v2\/media\/73158"}],"wp:attachment":[{"href":"https:\/\/www.africa-press.net\/senegal\/wp-json\/wp\/v2\/media?parent=73159"}],"wp:term":[{"taxonomy":"category","embeddable":true,"href":"https:\/\/www.africa-press.net\/senegal\/wp-json\/wp\/v2\/categories?post=73159"},{"taxonomy":"post_tag","embeddable":true,"href":"https:\/\/www.africa-press.net\/senegal\/wp-json\/wp\/v2\/tags?post=73159"}],"curies":[{"name":"wp","href":"https:\/\/api.w.org\/{rel}","templated":true}]}}